{"id":109565,"date":"2025-09-30T19:58:00","date_gmt":"2025-09-30T22:58:00","guid":{"rendered":"https:\/\/www.em.com.br\/emfoco\/?p=109565"},"modified":"2025-09-29T13:25:05","modified_gmt":"2025-09-29T16:25:05","slug":"aromas-caseiros-que-deixam-qualquer-lar-aconchegante-e-relaxante","status":"publish","type":"post","link":"https:\/\/www.em.com.br\/emfoco\/2025\/09\/30\/aromas-caseiros-que-deixam-qualquer-lar-aconchegante-e-relaxante\/","title":{"rendered":"Aromas caseiros que deixam qualquer lar aconchegante e relaxante"},"content":{"rendered":"\n<p>Quer que sua casa esteja sempre acolhedora e cheirosa? Usando ingredientes simples como <strong>cravo<\/strong> e <strong>canela<\/strong>, voc\u00ea pode criar um ambiente agrad\u00e1vel e convidativo. Descubra como esses elementos naturais podem transformar o aroma do seu lar, garantindo frescor sem precisar de &nbsp;outros aromatizadores industrializados.<\/p>\n\n\n\n<ul class=\"wp-block-list\">\n<li>Elimine odores indesejados naturalmente.<\/li>\n\n\n\n<li>Prolongue o efeito refrescante com t\u00e9cnicas caseiras.<\/li>\n\n\n\n<li>Crie uma atmosfera relaxante e confort\u00e1vel.<\/li>\n<\/ul>\n\n\n\n<h2 class=\"wp-block-heading\">Quais os benef\u00edcios do cravo e da canela para o ambiente?<\/h2>\n\n\n\n<p>O cravo tem propriedades <strong>antiss\u00e9pticas<\/strong> e ajuda a <strong>neutralizar<\/strong> odores. A canela, al\u00e9m do aroma agrad\u00e1vel, promove sensa\u00e7\u00e3o de conforto e bem-estar. Vale lembrar que culturas como <strong>\u00cdndia<\/strong> e <strong>Marrocos<\/strong> j\u00e1 utilizam essas especiarias h\u00e1 gera\u00e7\u00f5es para perfumar ambientes e espantar insetos.<\/p>\n\n\n\n<iframe loading=\"lazy\" src=\"https:\/\/assets.pinterest.com\/ext\/embed.html?id=68749114829\" height=\"518\" width=\"345\" frameborder=\"0\" scrolling=\"no\" ><\/iframe>\n\n\n\n\n\n<h2 class=\"wp-block-heading\">Como preparar um aromatizador natural com cravo e canela?<\/h2>\n\n\n\n<p>Insira em uma panela 1 litro de \u00e1gua, algumas unidades de cravo e paus de canela. Deixe ferver em fogo baixo para liberar aromas. Se desejar, pode acrescentar rodelas de laranja para obter uma fragr\u00e2ncia c\u00edtrica, como sugere <strong>Martha Stewart<\/strong> em seus conselhos dom\u00e9sticos nos <strong>Estados Unidos<\/strong>.<\/p>\n\n\n\n<h2 class=\"wp-block-heading\">\u00c9 poss\u00edvel manter a casa cheirosa sem usar produtos qu\u00edmicos?<\/h2>\n\n\n\n<p>Sim, o uso de ingredientes naturais como cravo e canela garante uma fragr\u00e2ncia duradoura e sem toxicidade. Feiras como a <strong>Naturaltech<\/strong>, em <strong>S\u00e3o Paulo<\/strong>, incentivam pr\u00e1ticas caseiras e o consumo consciente de ingredientes naturais ao inv\u00e9s de sint\u00e9ticos para limpar a casa.<\/p>\n\n\n\n<h2 class=\"wp-block-heading\">Dica r\u00e1pida: como manter o aroma por mais tempo?<\/h2>\n\n\n\n<p>Aumente a durabilidade do perfume colocando uma bacia com cravos e canela mo\u00edda nos cantos dos ambientes. Troque a cada 15 dias. Outra dica recomendada na plataforma <strong>Pinterest<\/strong> \u00e9 acrescentar algumas gotas de \u00f3leo essencial de lavanda para potencializar o aroma e aumentar o relaxamento.<\/p>\n\n\n\n<p>Leia tamb\u00e9m: <a href=\"https:\/\/www.em.com.br\/emfoco\/2025\/09\/26\/8-aromas-naturais-que-afastam-mosquitos-e-deixam-o-ar-leve\/\" target=\"_blank\" rel=\"noopener\">8 aromas naturais que afastam mosquitos e deixam o ar leve<\/a><\/p>\n\n\n\n<iframe loading=\"lazy\" src=\"https:\/\/assets.pinterest.com\/ext\/embed.html?id=3588874697867298\" height=\"618\" width=\"345\" frameborder=\"0\" scrolling=\"no\" ><\/iframe>\n\n\n\n\n\n<h2 class=\"wp-block-heading\">Por que escolher ingredientes naturais?<\/h2>\n\n\n\n<p>Optar por elementos naturais reduz riscos \u00e0 sa\u00fade e \u00e9 <strong>economicamente vi\u00e1vel<\/strong>. Al\u00e9m disso, promove um ciclo de sustentabilidade em casa. O\u00a0uso consciente de produtos naturais diminui <a href=\"https:\/\/www.msdmanuals.com\/pt\/casa\/doen%C3%A7as-imunol%C3%B3gicas\/rea%C3%A7%C3%B5es-al%C3%A9rgicas-e-outras-doen%C3%A7as-relacionadas-%C3%A0-hipersensibilidade\/considera%C3%A7%C3%B5es-gerais-sobre-rea%C3%A7%C3%B5es-al%C3%A9rgicas\" target=\"_blank\" rel=\"noreferrer noopener\">rea\u00e7\u00f5es al\u00e9rgicas<\/a> e impactos ambientais causados por res\u00edduos de produtos industrializados.<\/p>\n\n\n\n<h2 class=\"wp-block-heading\">Como aproveitar o poder arom\u00e1tico do cravo e da canela?<\/h2>\n\n\n\n<ul class=\"wp-block-list\">\n<li>Os aromas atuam como barricadas naturais contra insetos indesej\u00e1veis.<\/li>\n\n\n\n<li>Podem ser combinados com \u00f3leos essenciais para efeitos variados.<\/li>\n\n\n\n<li>Cravo e canela s\u00e3o facilmente encontrados em qualquer mercado.<\/li>\n<\/ul>\n\n\n\n<p>Leia tamb\u00e9m: <a href=\"https:\/\/www.em.com.br\/emfoco\/2025\/09\/25\/aprenda-a-criar-velas-aromaticas-com-ervas-e-perfumar-sua-casa\/\" target=\"_blank\" rel=\"noopener\">Aprenda a criar velas arom\u00e1ticas com ervas e perfumar sua casa<\/a><\/p>\n\n\n\n<h2 class=\"wp-block-heading\">Como transformar o ambiente de forma simples e pr\u00e1tica?<\/h2>\n\n\n\n<ul class=\"wp-block-list\">\n<li>Utilize cravo e canela para um frescor prolongado.<\/li>\n\n\n\n<li>Propague um aroma natural e saud\u00e1vel pela casa.<\/li>\n\n\n\n<li>Fomente um ambiente acolhedor e convidativo.<\/li>\n<\/ul>\n","protected":false},"excerpt":{"rendered":"<p>Quer que sua casa esteja sempre acolhedora e cheirosa? Usando ingredientes simples como cravo e canela, voc\u00ea pode criar um ambiente agrad\u00e1vel e convidativo. Descubra como esses elementos naturais podem transformar o aroma do seu lar, garantindo frescor sem precisar de &nbsp;outros aromatizadores industrializados. Quais os benef\u00edcios do cravo e da canela para o ambiente? [&hellip;]<\/p>\n","protected":false},"author":9,"featured_media":101876,"comment_status":"open","ping_status":"open","sticky":false,"template":"","format":"standard","meta":{"jnews-multi-image_gallery":[],"jnews_single_post":{"format":"standard"},"jnews_primary_category":[],"jnews_social_meta":[],"jnews_override_counter":[],"footnotes":""},"categories":[8819,1],"tags":[5204,14042,5423],"class_list":["post-109565","post","type-post","status-publish","format-standard","has-post-thumbnail","hentry","category-curiosidades","category-noticias","tag-canela","tag-casa-perfumada","tag-cravo"],"yoast_head":"<!-- This site is optimized with the Yoast SEO plugin v23.8 - https:\/\/yoast.com\/wordpress\/plugins\/seo\/ -->\n<title>Aromas caseiros que deixam qualquer lar aconchegante e relaxante<\/title>\n<meta name=\"description\" content=\"Aprenda a usar cravo e canela para aromatizar sua casa naturalmente, eliminando odores e criando um ambiente acolhedor e saud\u00e1vel.\" \/>\n<meta name=\"robots\" content=\"index, follow, max-snippet:-1, max-image-preview:large, max-video-preview:-1\" \/>\n<link rel=\"canonical\" href=\"https:\/\/www.em.com.br\/emfoco\/2025\/09\/30\/aromas-caseiros-que-deixam-qualquer-lar-aconchegante-e-relaxante\/\" \/>\n<meta property=\"og:locale\" content=\"pt_BR\" \/>\n<meta property=\"og:type\" content=\"article\" \/>\n<meta property=\"og:title\" content=\"Aromas caseiros que deixam qualquer lar aconchegante e relaxante\" \/>\n<meta property=\"og:description\" content=\"Aprenda a usar cravo e canela para aromatizar sua casa naturalmente, eliminando odores e criando um ambiente acolhedor e saud\u00e1vel.\" \/>\n<meta property=\"og:url\" content=\"https:\/\/www.em.com.br\/emfoco\/2025\/09\/30\/aromas-caseiros-que-deixam-qualquer-lar-aconchegante-e-relaxante\/\" \/>\n<meta property=\"og:site_name\" content=\"Estado de Minas - Em foco\" \/>\n<meta property=\"article:published_time\" content=\"2025-09-30T22:58:00+00:00\" \/>\n<meta property=\"article:modified_time\" content=\"2025-09-29T16:25:05+00:00\" \/>\n<meta property=\"og:image\" content=\"https:\/\/www.em.com.br\/emfoco\/wp-content\/uploads\/2025\/09\/casa-perfumada_1757346407215.jpg\" \/>\n\t<meta property=\"og:image:width\" content=\"1280\" \/>\n\t<meta property=\"og:image:height\" content=\"720\" \/>\n\t<meta property=\"og:image:type\" content=\"image\/jpeg\" \/>\n<meta name=\"author\" content=\"Daniely Cardoso\" \/>\n<meta name=\"twitter:card\" content=\"summary_large_image\" \/>\n<meta name=\"twitter:label1\" content=\"Escrito por\" \/>\n\t<meta name=\"twitter:data1\" content=\"Daniely Cardoso\" \/>\n\t<meta name=\"twitter:label2\" content=\"Est. tempo de leitura\" \/>\n\t<meta name=\"twitter:data2\" content=\"3 minutos\" \/>\n<!-- \/ Yoast SEO plugin. -->","yoast_head_json":{"title":"Aromas caseiros que deixam qualquer lar aconchegante e relaxante","description":"Aprenda a usar cravo e canela para aromatizar sua casa naturalmente, eliminando odores e criando um ambiente acolhedor e saud\u00e1vel.","robots":{"index":"index","follow":"follow","max-snippet":"max-snippet:-1","max-image-preview":"max-image-preview:large","max-video-preview":"max-video-preview:-1"},"canonical":"https:\/\/www.em.com.br\/emfoco\/2025\/09\/30\/aromas-caseiros-que-deixam-qualquer-lar-aconchegante-e-relaxante\/","og_locale":"pt_BR","og_type":"article","og_title":"Aromas caseiros que deixam qualquer lar aconchegante e relaxante","og_description":"Aprenda a usar cravo e canela para aromatizar sua casa naturalmente, eliminando odores e criando um ambiente acolhedor e saud\u00e1vel.","og_url":"https:\/\/www.em.com.br\/emfoco\/2025\/09\/30\/aromas-caseiros-que-deixam-qualquer-lar-aconchegante-e-relaxante\/","og_site_name":"Estado de Minas - Em foco","article_published_time":"2025-09-30T22:58:00+00:00","article_modified_time":"2025-09-29T16:25:05+00:00","og_image":[{"width":1280,"height":720,"url":"https:\/\/www.em.com.br\/emfoco\/wp-content\/uploads\/2025\/09\/casa-perfumada_1757346407215.jpg","type":"image\/jpeg"}],"author":"Daniely Cardoso","twitter_card":"summary_large_image","twitter_misc":{"Escrito por":"Daniely Cardoso","Est. tempo de leitura":"3 minutos"},"schema":{"@context":"https:\/\/schema.org","@graph":[{"@type":"WebPage","@id":"https:\/\/www.em.com.br\/emfoco\/2025\/09\/30\/aromas-caseiros-que-deixam-qualquer-lar-aconchegante-e-relaxante\/","url":"https:\/\/www.em.com.br\/emfoco\/2025\/09\/30\/aromas-caseiros-que-deixam-qualquer-lar-aconchegante-e-relaxante\/","name":"Aromas caseiros que deixam qualquer lar aconchegante e relaxante","isPartOf":{"@id":"https:\/\/www.em.com.br\/emfoco\/#website"},"primaryImageOfPage":{"@id":"https:\/\/www.em.com.br\/emfoco\/2025\/09\/30\/aromas-caseiros-que-deixam-qualquer-lar-aconchegante-e-relaxante\/#primaryimage"},"image":{"@id":"https:\/\/www.em.com.br\/emfoco\/2025\/09\/30\/aromas-caseiros-que-deixam-qualquer-lar-aconchegante-e-relaxante\/#primaryimage"},"thumbnailUrl":"https:\/\/www.em.com.br\/emfoco\/wp-content\/uploads\/2025\/09\/casa-perfumada_1757346407215.jpg","datePublished":"2025-09-30T22:58:00+00:00","dateModified":"2025-09-29T16:25:05+00:00","author":{"@id":"https:\/\/www.em.com.br\/emfoco\/#\/schema\/person\/0a8186d72f2c3a5c6276d90b41f271a0"},"description":"Aprenda a usar cravo e canela para aromatizar sua casa naturalmente, eliminando odores e criando um ambiente acolhedor e saud\u00e1vel.","breadcrumb":{"@id":"https:\/\/www.em.com.br\/emfoco\/2025\/09\/30\/aromas-caseiros-que-deixam-qualquer-lar-aconchegante-e-relaxante\/#breadcrumb"},"inLanguage":"pt-BR","potentialAction":[{"@type":"ReadAction","target":["https:\/\/www.em.com.br\/emfoco\/2025\/09\/30\/aromas-caseiros-que-deixam-qualquer-lar-aconchegante-e-relaxante\/"]}]},{"@type":"ImageObject","inLanguage":"pt-BR","@id":"https:\/\/www.em.com.br\/emfoco\/2025\/09\/30\/aromas-caseiros-que-deixam-qualquer-lar-aconchegante-e-relaxante\/#primaryimage","url":"https:\/\/www.em.com.br\/emfoco\/wp-content\/uploads\/2025\/09\/casa-perfumada_1757346407215.jpg","contentUrl":"https:\/\/www.em.com.br\/emfoco\/wp-content\/uploads\/2025\/09\/casa-perfumada_1757346407215.jpg","width":1280,"height":720,"caption":"Casa perfumada - Cr\u00e9ditos: depositphotos.com \/ HayDmitriy"},{"@type":"BreadcrumbList","@id":"https:\/\/www.em.com.br\/emfoco\/2025\/09\/30\/aromas-caseiros-que-deixam-qualquer-lar-aconchegante-e-relaxante\/#breadcrumb","itemListElement":[{"@type":"ListItem","position":1,"name":"In\u00edcio","item":"https:\/\/www.em.com.br\/emfoco\/"},{"@type":"ListItem","position":2,"name":"Aromas caseiros que deixam qualquer lar aconchegante e relaxante"}]},{"@type":"WebSite","@id":"https:\/\/www.em.com.br\/emfoco\/#website","url":"https:\/\/www.em.com.br\/emfoco\/","name":"Estado de Minas - Em foco","description":"Acompanhe as \u00faltimas not\u00edcias e fique bem informado sobre tudo o que acontece em Minas Gerais, Brasil e no mundo.","potentialAction":[{"@type":"SearchAction","target":{"@type":"EntryPoint","urlTemplate":"https:\/\/www.em.com.br\/emfoco\/?s={search_term_string}"},"query-input":{"@type":"PropertyValueSpecification","valueRequired":true,"valueName":"search_term_string"}}],"inLanguage":"pt-BR"},{"@type":"Person","@id":"https:\/\/www.em.com.br\/emfoco\/#\/schema\/person\/0a8186d72f2c3a5c6276d90b41f271a0","name":"Daniely Cardoso","image":{"@type":"ImageObject","inLanguage":"pt-BR","@id":"https:\/\/www.em.com.br\/emfoco\/#\/schema\/person\/image\/","url":"https:\/\/secure.gravatar.com\/avatar\/4b80ddbd124d1f071b626d52d62e5dff?s=96&d=mm&r=g","contentUrl":"https:\/\/secure.gravatar.com\/avatar\/4b80ddbd124d1f071b626d52d62e5dff?s=96&d=mm&r=g","caption":"Daniely Cardoso"},"url":"https:\/\/www.em.com.br\/emfoco\/author\/danielymyth\/"}]}},"_links":{"self":[{"href":"https:\/\/www.em.com.br\/emfoco\/wp-json\/wp\/v2\/posts\/109565","targetHints":{"allow":["GET"]}}],"collection":[{"href":"https:\/\/www.em.com.br\/emfoco\/wp-json\/wp\/v2\/posts"}],"about":[{"href":"https:\/\/www.em.com.br\/emfoco\/wp-json\/wp\/v2\/types\/post"}],"author":[{"embeddable":true,"href":"https:\/\/www.em.com.br\/emfoco\/wp-json\/wp\/v2\/users\/9"}],"replies":[{"embeddable":true,"href":"https:\/\/www.em.com.br\/emfoco\/wp-json\/wp\/v2\/comments?post=109565"}],"version-history":[{"count":2,"href":"https:\/\/www.em.com.br\/emfoco\/wp-json\/wp\/v2\/posts\/109565\/revisions"}],"predecessor-version":[{"id":109586,"href":"https:\/\/www.em.com.br\/emfoco\/wp-json\/wp\/v2\/posts\/109565\/revisions\/109586"}],"wp:featuredmedia":[{"embeddable":true,"href":"https:\/\/www.em.com.br\/emfoco\/wp-json\/wp\/v2\/media\/101876"}],"wp:attachment":[{"href":"https:\/\/www.em.com.br\/emfoco\/wp-json\/wp\/v2\/media?parent=109565"}],"wp:term":[{"taxonomy":"category","embeddable":true,"href":"https:\/\/www.em.com.br\/emfoco\/wp-json\/wp\/v2\/categories?post=109565"},{"taxonomy":"post_tag","embeddable":true,"href":"https:\/\/www.em.com.br\/emfoco\/wp-json\/wp\/v2\/tags?post=109565"}],"curies":[{"name":"wp","href":"https:\/\/api.w.org\/{rel}","templated":true}]}}