{"id":109545,"date":"2025-09-30T14:48:21","date_gmt":"2025-09-30T17:48:21","guid":{"rendered":"https:\/\/www.em.com.br\/emfoco\/?p=109545"},"modified":"2025-09-29T12:57:30","modified_gmt":"2025-09-29T15:57:30","slug":"a-condicao-invisivel-que-afeta-cada-vez-mais-as-mulheres-jovens","status":"publish","type":"post","link":"https:\/\/www.em.com.br\/emfoco\/2025\/09\/30\/a-condicao-invisivel-que-afeta-cada-vez-mais-as-mulheres-jovens\/","title":{"rendered":"A condi\u00e7\u00e3o invis\u00edvel que afeta cada vez mais as mulheres jovens"},"content":{"rendered":"\n<p>A c<strong>ondi\u00e7\u00e3o de incontin\u00eancia urin\u00e1ria est\u00e1 longe de ser apenas um problema enfrentado na terceira idade<\/strong> ou restrito aos consult\u00f3rios m\u00e9dicos. Atualmente, um n\u00famero crescente de mulheres jovens relata conviver com epis\u00f3dios de perda involunt\u00e1ria de urina. Essa condi\u00e7\u00e3o n\u00e3o escolhe v\u00edtimas: desde profissionais, estudantes, atletas at\u00e9 m\u00e3es de primeira viagem, todas podem enfrentar o desconforto de atos cotidianos, como rir, praticar exerc\u00edcios ou espirrar.&nbsp;<\/p>\n\n\n\n<p><a href=\"https:\/\/www.ics.org\/committees\/standardisation\/terminologydiscussions\/sui#:~:text=A%20incontin%C3%AAncia%20urin%C3%A1ria%20de%20esfor%C3%A7o,ou%20tossir%E2%80%9D%20%5B1%5D.\" target=\"_blank\" rel=\"noopener\">A incontin\u00eancia urin\u00e1ria \u00e9 definida pela Sociedade Internacional de Contin\u00eancia<\/a> como a perda involunt\u00e1ria de urina que afeta o bem-estar social ou higi\u00eanico do paciente. Existem diversas formas dessa condi\u00e7\u00e3o, incluindo a incontin\u00eancia por esfor\u00e7o, que \u00e9 a mais comum. Esta ocorre devido ao aumento da press\u00e3o intra-abdominal durante atividades como tosse, espirro ou atividade f\u00edsica. Segundo a <strong>Dra. Claudia Scalise<\/strong>, cerca de 50% das mulheres passar\u00e3o por essa experi\u00eancia ao longo da vida, com as chances aumentando ap\u00f3s a menopausa.<\/p>\n\n\n\n<h2 class=\"wp-block-heading\">Quais s\u00e3o os tipos mais prevalentes de incontin\u00eancia urin\u00e1ria?<\/h2>\n\n\n\n<p>Os <strong>tipos de incontin\u00eancia mais comuns s\u00e3o a incontin\u00eancia de esfor\u00e7o e a mista<\/strong>. Ao buscar um diagn\u00f3stico, \u00e9 crucial um bom levantamento dos antecedentes m\u00e9dicos do paciente, incluindo fatores de risco e medica\u00e7\u00f5es. Para complementa\u00e7\u00e3o, podem ser solicitados exames como uroculturas e ultrassonografias renais e vesicais. Al\u00e9m disso, estudos recentes apontam que fatores como <strong>hist\u00f3rico familiar, doen\u00e7as neurol\u00f3gicas<\/strong> e at\u00e9 o <strong>tabagismo<\/strong> podem aumentar o risco de desenvolver algum tipo da condi\u00e7\u00e3o.<\/p>\n\n\n\n<figure class=\"wp-block-image aligncenter size-large\"><img loading=\"lazy\" decoding=\"async\" width=\"1024\" height=\"576\" src=\"https:\/\/www.em.com.br\/emfoco\/wp-content\/uploads\/2025\/09\/Incontinencia-urinaria-_1759161375504-1024x576.jpg\" alt=\"A condi\u00e7\u00e3o invis\u00edvel que afeta cada vez mais as mulheres jovens\n\n\" class=\"wp-image-109550\" srcset=\"https:\/\/www.em.com.br\/emfoco\/wp-content\/uploads\/2025\/09\/Incontinencia-urinaria-_1759161375504-1024x576.jpg 1024w, https:\/\/www.em.com.br\/emfoco\/wp-content\/uploads\/2025\/09\/Incontinencia-urinaria-_1759161375504-300x169.jpg 300w, https:\/\/www.em.com.br\/emfoco\/wp-content\/uploads\/2025\/09\/Incontinencia-urinaria-_1759161375504-768x432.jpg 768w, https:\/\/www.em.com.br\/emfoco\/wp-content\/uploads\/2025\/09\/Incontinencia-urinaria-_1759161375504-750x422.jpg 750w, https:\/\/www.em.com.br\/emfoco\/wp-content\/uploads\/2025\/09\/Incontinencia-urinaria-_1759161375504-1140x641.jpg 1140w, https:\/\/www.em.com.br\/emfoco\/wp-content\/uploads\/2025\/09\/Incontinencia-urinaria-_1759161375504.jpg 1280w\" sizes=\"auto, (max-width: 1024px) 100vw, 1024px\" \/><figcaption class=\"wp-element-caption\">Atualmente, um n\u00famero crescente de mulheres jovens relata conviver com epis\u00f3dios de perda involunt\u00e1ria de urina &#8211; Cr\u00e9ditos: depositphotos.com \/ mraoraor<\/figcaption><\/figure>\n\n\n\n<h2 class=\"wp-block-heading\">Como \u00e9 feito o diagn\u00f3stico da incontin\u00eancia urin\u00e1ria?<\/h2>\n\n\n\n<p>O diagn\u00f3stico da incontin\u00eancia urin\u00e1ria \u00e9 <strong>multifacetado,<\/strong> englobando uma s\u00e9rie de abordagens al\u00e9m da avalia\u00e7\u00e3o da hist\u00f3ria cl\u00ednica. Exames f\u00edsicos s\u00e3o fundamentais para observar a <strong>perda de urina em a\u00e7\u00e3o e verificar eventuais patologias ginecol\u00f3gicas concomitantes<\/strong>. Em alguns casos, exames complementares como cultura de urina e ultrassonografias s\u00e3o indicados. Em centros especializados, pode-se ainda recorrer ao exame urodin\u00e2mico para determinar a real causa da perda urin\u00e1ria.<\/p>\n\n\n\n<h2 class=\"wp-block-heading\">Qual \u00e9 o tratamento mais eficaz para a incontin\u00eancia urin\u00e1ria?<\/h2>\n\n\n\n<p>Os tratamentos variam conforme o tipo e a gravidade da incontin\u00eancia. Altera\u00e7\u00f5es no <strong>estilo de<\/strong>&nbsp;<strong>vida, como evitar bebidas que estimulam a bexiga,<\/strong>&nbsp;<a href=\"https:\/\/www.em.com.br\/emfoco\/2025\/09\/24\/nova-tendencia-usa-borra-de-cafe-e-promete-revolucionar-o-futuro\/\" target=\"_blank\" rel=\"noopener\">caf\u00e9<\/a>, ch\u00e1 e \u00e1lcool, s\u00e3o recomendadas inicialmente. A perda de peso e exerc\u00edcios que fortalecem os m\u00fasculos do assoalho p\u00e9lvico, como os <em>exerc\u00edcios de Kegel<\/em>, s\u00e3o decisivos. Em casos de incontin\u00eancia de esfor\u00e7o, a cirurgia \u00e9 considerada uma solu\u00e7\u00e3o definitiva, sendo a t\u00e9cnica de sling uma das mais realizadas no <strong>Brasil<\/strong> atualmente.<\/p>\n\n\n\n<p>Apesar das op\u00e7\u00f5es invasivas, a utiliza\u00e7\u00e3o de medicamentos, como os antimuscar\u00ednicos, \u00e9 comum na incontin\u00eancia de urg\u00eancia, ainda que os efeitos colaterais devam ser cuidadosamente considerados. <strong>Dra. Claudia Scalise<\/strong> observa que terapias modernas, como as regenerativas, ainda carecem de respaldo acad\u00eamico suficiente para recomenda\u00e7\u00e3o geral. Assim, a incontin\u00eancia urin\u00e1ria, apesar de inc\u00f4moda, apresenta diversas op\u00e7\u00f5es de tratamento para melhorar a qualidade de vida dos pacientes afetados. <strong>A orienta\u00e7\u00e3o m\u00e9dica adequada e o acesso a informa\u00e7\u00f5es confi\u00e1veis<\/strong>, s\u00e3o essenciais para que cada mulher encontre o tratamento mais indicado ao seu caso.<\/p>\n","protected":false},"excerpt":{"rendered":"<p>A condi\u00e7\u00e3o de incontin\u00eancia urin\u00e1ria est\u00e1 longe de ser apenas um problema enfrentado na terceira idade ou restrito aos consult\u00f3rios m\u00e9dicos. Atualmente, um n\u00famero crescente de mulheres jovens relata conviver com epis\u00f3dios de perda involunt\u00e1ria de urina. Essa condi\u00e7\u00e3o n\u00e3o escolhe v\u00edtimas: desde profissionais, estudantes, atletas at\u00e9 m\u00e3es de primeira viagem, todas podem enfrentar o [&hellip;]<\/p>\n","protected":false},"author":9,"featured_media":109549,"comment_status":"open","ping_status":"open","sticky":false,"template":"","format":"standard","meta":{"jnews-multi-image_gallery":[],"jnews_single_post":{"format":"standard"},"jnews_primary_category":[],"jnews_social_meta":[],"jnews_override_counter":[],"footnotes":""},"categories":[1,9053],"tags":[16764,1056,4892],"class_list":["post-109545","post","type-post","status-publish","format-standard","has-post-thumbnail","hentry","category-noticias","category-saude","tag-bexiga","tag-jovens","tag-mulheres"],"yoast_head":"<!-- This site is optimized with the Yoast SEO plugin v23.8 - https:\/\/yoast.com\/wordpress\/plugins\/seo\/ -->\n<title>A condi\u00e7\u00e3o invis\u00edvel que afeta cada vez mais as mulheres jovens<\/title>\n<meta name=\"description\" content=\"Incontin\u00eancia urin\u00e1ria feminina afeta jovens e idosas, mas h\u00e1 tratamentos eficazes que melhoram a qualidade de vida e bem-estar.\" \/>\n<meta name=\"robots\" content=\"index, follow, max-snippet:-1, max-image-preview:large, max-video-preview:-1\" \/>\n<link rel=\"canonical\" href=\"https:\/\/www.em.com.br\/emfoco\/2025\/09\/30\/a-condicao-invisivel-que-afeta-cada-vez-mais-as-mulheres-jovens\/\" \/>\n<meta property=\"og:locale\" content=\"pt_BR\" \/>\n<meta property=\"og:type\" content=\"article\" \/>\n<meta property=\"og:title\" content=\"A condi\u00e7\u00e3o invis\u00edvel que afeta cada vez mais as mulheres jovens\" \/>\n<meta property=\"og:description\" content=\"Incontin\u00eancia urin\u00e1ria feminina afeta jovens e idosas, mas h\u00e1 tratamentos eficazes que melhoram a qualidade de vida e bem-estar.\" \/>\n<meta property=\"og:url\" content=\"https:\/\/www.em.com.br\/emfoco\/2025\/09\/30\/a-condicao-invisivel-que-afeta-cada-vez-mais-as-mulheres-jovens\/\" \/>\n<meta property=\"og:site_name\" content=\"Estado de Minas - Em foco\" \/>\n<meta property=\"article:published_time\" content=\"2025-09-30T17:48:21+00:00\" \/>\n<meta property=\"article:modified_time\" content=\"2025-09-29T15:57:30+00:00\" \/>\n<meta property=\"og:image\" content=\"https:\/\/www.em.com.br\/emfoco\/wp-content\/uploads\/2025\/09\/Incontinencia-urinaria-_1759161325818.jpg\" \/>\n\t<meta property=\"og:image:width\" content=\"1280\" \/>\n\t<meta property=\"og:image:height\" content=\"720\" \/>\n\t<meta property=\"og:image:type\" content=\"image\/jpeg\" \/>\n<meta name=\"author\" content=\"Daniely Cardoso\" \/>\n<meta name=\"twitter:card\" content=\"summary_large_image\" \/>\n<meta name=\"twitter:label1\" content=\"Escrito por\" \/>\n\t<meta name=\"twitter:data1\" content=\"Daniely Cardoso\" \/>\n\t<meta name=\"twitter:label2\" content=\"Est. tempo de leitura\" \/>\n\t<meta name=\"twitter:data2\" content=\"4 minutos\" \/>\n<!-- \/ Yoast SEO plugin. -->","yoast_head_json":{"title":"A condi\u00e7\u00e3o invis\u00edvel que afeta cada vez mais as mulheres jovens","description":"Incontin\u00eancia urin\u00e1ria feminina afeta jovens e idosas, mas h\u00e1 tratamentos eficazes que melhoram a qualidade de vida e bem-estar.","robots":{"index":"index","follow":"follow","max-snippet":"max-snippet:-1","max-image-preview":"max-image-preview:large","max-video-preview":"max-video-preview:-1"},"canonical":"https:\/\/www.em.com.br\/emfoco\/2025\/09\/30\/a-condicao-invisivel-que-afeta-cada-vez-mais-as-mulheres-jovens\/","og_locale":"pt_BR","og_type":"article","og_title":"A condi\u00e7\u00e3o invis\u00edvel que afeta cada vez mais as mulheres jovens","og_description":"Incontin\u00eancia urin\u00e1ria feminina afeta jovens e idosas, mas h\u00e1 tratamentos eficazes que melhoram a qualidade de vida e bem-estar.","og_url":"https:\/\/www.em.com.br\/emfoco\/2025\/09\/30\/a-condicao-invisivel-que-afeta-cada-vez-mais-as-mulheres-jovens\/","og_site_name":"Estado de Minas - Em foco","article_published_time":"2025-09-30T17:48:21+00:00","article_modified_time":"2025-09-29T15:57:30+00:00","og_image":[{"width":1280,"height":720,"url":"https:\/\/www.em.com.br\/emfoco\/wp-content\/uploads\/2025\/09\/Incontinencia-urinaria-_1759161325818.jpg","type":"image\/jpeg"}],"author":"Daniely Cardoso","twitter_card":"summary_large_image","twitter_misc":{"Escrito por":"Daniely Cardoso","Est. tempo de leitura":"4 minutos"},"schema":{"@context":"https:\/\/schema.org","@graph":[{"@type":"WebPage","@id":"https:\/\/www.em.com.br\/emfoco\/2025\/09\/30\/a-condicao-invisivel-que-afeta-cada-vez-mais-as-mulheres-jovens\/","url":"https:\/\/www.em.com.br\/emfoco\/2025\/09\/30\/a-condicao-invisivel-que-afeta-cada-vez-mais-as-mulheres-jovens\/","name":"A condi\u00e7\u00e3o invis\u00edvel que afeta cada vez mais as mulheres jovens","isPartOf":{"@id":"https:\/\/www.em.com.br\/emfoco\/#website"},"primaryImageOfPage":{"@id":"https:\/\/www.em.com.br\/emfoco\/2025\/09\/30\/a-condicao-invisivel-que-afeta-cada-vez-mais-as-mulheres-jovens\/#primaryimage"},"image":{"@id":"https:\/\/www.em.com.br\/emfoco\/2025\/09\/30\/a-condicao-invisivel-que-afeta-cada-vez-mais-as-mulheres-jovens\/#primaryimage"},"thumbnailUrl":"https:\/\/www.em.com.br\/emfoco\/wp-content\/uploads\/2025\/09\/Incontinencia-urinaria-_1759161325818.jpg","datePublished":"2025-09-30T17:48:21+00:00","dateModified":"2025-09-29T15:57:30+00:00","author":{"@id":"https:\/\/www.em.com.br\/emfoco\/#\/schema\/person\/0a8186d72f2c3a5c6276d90b41f271a0"},"description":"Incontin\u00eancia urin\u00e1ria feminina afeta jovens e idosas, mas h\u00e1 tratamentos eficazes que melhoram a qualidade de vida e bem-estar.","breadcrumb":{"@id":"https:\/\/www.em.com.br\/emfoco\/2025\/09\/30\/a-condicao-invisivel-que-afeta-cada-vez-mais-as-mulheres-jovens\/#breadcrumb"},"inLanguage":"pt-BR","potentialAction":[{"@type":"ReadAction","target":["https:\/\/www.em.com.br\/emfoco\/2025\/09\/30\/a-condicao-invisivel-que-afeta-cada-vez-mais-as-mulheres-jovens\/"]}]},{"@type":"ImageObject","inLanguage":"pt-BR","@id":"https:\/\/www.em.com.br\/emfoco\/2025\/09\/30\/a-condicao-invisivel-que-afeta-cada-vez-mais-as-mulheres-jovens\/#primaryimage","url":"https:\/\/www.em.com.br\/emfoco\/wp-content\/uploads\/2025\/09\/Incontinencia-urinaria-_1759161325818.jpg","contentUrl":"https:\/\/www.em.com.br\/emfoco\/wp-content\/uploads\/2025\/09\/Incontinencia-urinaria-_1759161325818.jpg","width":1280,"height":720,"caption":"Os tipos de incontin\u00eancia mais comuns s\u00e3o a incontin\u00eancia de esfor\u00e7o e a mista - Cr\u00e9ditos: depositphotos.com \/ Chai2523"},{"@type":"BreadcrumbList","@id":"https:\/\/www.em.com.br\/emfoco\/2025\/09\/30\/a-condicao-invisivel-que-afeta-cada-vez-mais-as-mulheres-jovens\/#breadcrumb","itemListElement":[{"@type":"ListItem","position":1,"name":"In\u00edcio","item":"https:\/\/www.em.com.br\/emfoco\/"},{"@type":"ListItem","position":2,"name":"A condi\u00e7\u00e3o invis\u00edvel que afeta cada vez mais as mulheres jovens"}]},{"@type":"WebSite","@id":"https:\/\/www.em.com.br\/emfoco\/#website","url":"https:\/\/www.em.com.br\/emfoco\/","name":"Estado de Minas - Em foco","description":"Acompanhe as \u00faltimas not\u00edcias e fique bem informado sobre tudo o que acontece em Minas Gerais, Brasil e no mundo.","potentialAction":[{"@type":"SearchAction","target":{"@type":"EntryPoint","urlTemplate":"https:\/\/www.em.com.br\/emfoco\/?s={search_term_string}"},"query-input":{"@type":"PropertyValueSpecification","valueRequired":true,"valueName":"search_term_string"}}],"inLanguage":"pt-BR"},{"@type":"Person","@id":"https:\/\/www.em.com.br\/emfoco\/#\/schema\/person\/0a8186d72f2c3a5c6276d90b41f271a0","name":"Daniely Cardoso","image":{"@type":"ImageObject","inLanguage":"pt-BR","@id":"https:\/\/www.em.com.br\/emfoco\/#\/schema\/person\/image\/","url":"https:\/\/secure.gravatar.com\/avatar\/4b80ddbd124d1f071b626d52d62e5dff?s=96&d=mm&r=g","contentUrl":"https:\/\/secure.gravatar.com\/avatar\/4b80ddbd124d1f071b626d52d62e5dff?s=96&d=mm&r=g","caption":"Daniely Cardoso"},"url":"https:\/\/www.em.com.br\/emfoco\/author\/danielymyth\/"}]}},"_links":{"self":[{"href":"https:\/\/www.em.com.br\/emfoco\/wp-json\/wp\/v2\/posts\/109545","targetHints":{"allow":["GET"]}}],"collection":[{"href":"https:\/\/www.em.com.br\/emfoco\/wp-json\/wp\/v2\/posts"}],"about":[{"href":"https:\/\/www.em.com.br\/emfoco\/wp-json\/wp\/v2\/types\/post"}],"author":[{"embeddable":true,"href":"https:\/\/www.em.com.br\/emfoco\/wp-json\/wp\/v2\/users\/9"}],"replies":[{"embeddable":true,"href":"https:\/\/www.em.com.br\/emfoco\/wp-json\/wp\/v2\/comments?post=109545"}],"version-history":[{"count":3,"href":"https:\/\/www.em.com.br\/emfoco\/wp-json\/wp\/v2\/posts\/109545\/revisions"}],"predecessor-version":[{"id":109552,"href":"https:\/\/www.em.com.br\/emfoco\/wp-json\/wp\/v2\/posts\/109545\/revisions\/109552"}],"wp:featuredmedia":[{"embeddable":true,"href":"https:\/\/www.em.com.br\/emfoco\/wp-json\/wp\/v2\/media\/109549"}],"wp:attachment":[{"href":"https:\/\/www.em.com.br\/emfoco\/wp-json\/wp\/v2\/media?parent=109545"}],"wp:term":[{"taxonomy":"category","embeddable":true,"href":"https:\/\/www.em.com.br\/emfoco\/wp-json\/wp\/v2\/categories?post=109545"},{"taxonomy":"post_tag","embeddable":true,"href":"https:\/\/www.em.com.br\/emfoco\/wp-json\/wp\/v2\/tags?post=109545"}],"curies":[{"name":"wp","href":"https:\/\/api.w.org\/{rel}","templated":true}]}}