{"id":109473,"date":"2025-09-30T06:28:00","date_gmt":"2025-09-30T09:28:00","guid":{"rendered":"https:\/\/www.em.com.br\/emfoco\/?p=109473"},"modified":"2025-09-29T12:14:11","modified_gmt":"2025-09-29T15:14:11","slug":"clima-extremo-pode-afetar-a-rotina-em-varias-regioes-nessa-terca-feira","status":"publish","type":"post","link":"https:\/\/www.em.com.br\/emfoco\/2025\/09\/30\/clima-extremo-pode-afetar-a-rotina-em-varias-regioes-nessa-terca-feira\/","title":{"rendered":"Clima extremo pode afetar a rotina em v\u00e1rias regi\u00f5es nessa ter\u00e7a-feira"},"content":{"rendered":"\n<p>Nesta ter\u00e7a-feira, as condi\u00e7\u00f5es clim\u00e1ticas no&nbsp;<strong>Brasil<\/strong>&nbsp;variam de acordo com as regi\u00f5es, com temporais no&nbsp;<strong>Sul<\/strong>, pancadas de chuva no&nbsp;<strong>Norte<\/strong>&nbsp;e tempo seco no&nbsp;<strong>Centro-Oeste<\/strong>&nbsp;e&nbsp;<strong>Sudeste<\/strong>. Veja como o tempo se comportar\u00e1 em cada parte do pa\u00eds.<\/p>\n\n\n\n<ul class=\"wp-block-list\">\n<li>O Sul enfrentar\u00e1 temporais com raios e vento forte.<\/li>\n\n\n\n<li>O Centro-Oeste e Sudeste ter\u00e3o calor intenso e baixa umidade.<\/li>\n\n\n\n<li>O Norte ter\u00e1 chuvas expressivas, especialmente no\u00a0<strong>Amazonas<\/strong>\u00a0e\u00a0<strong>Acre<\/strong>.<\/li>\n<\/ul>\n\n\n\n<h2 class=\"wp-block-heading\">O que esperar das tempestades e chuvas no sul do Brasil?<\/h2>\n\n\n\n<p>No Sul, a presen\u00e7a de uma \u00e1rea de baixa press\u00e3o e um cavado meteorol\u00f3gico vai&nbsp;<strong>refor\u00e7ar as instabilidades clim\u00e1ticas<\/strong>. Isso gera tempestades com raios e rajadas de vento no&nbsp;<strong>Rio Grande do Sul<\/strong>,&nbsp;<strong>Santa Catarina<\/strong>&nbsp;e no sudoeste do&nbsp;<strong>Paran\u00e1<\/strong>. No litoral paranaense, as chuvas variam de fracas a moderadas, podendo causar pontos de alagamento em cidades com drenagem mais vulner\u00e1vel.<\/p>\n\n\n\n<p>Em algumas \u00e1reas do&nbsp;<strong>norte paranaense<\/strong>, o calor ser\u00e1 mais expressivo e as chuvas ser\u00e3o apenas pontuais e isoladas.<\/p>\n\n\n\n<h2 class=\"wp-block-heading\">Como ficam o calor e a umidade no Centro-Oeste e Sudeste?<\/h2>\n\n\n\n<p>O\u00a0<strong>calor extremo<\/strong>\u00a0e a baixa umidade persistem no Centro-Oeste e Sudeste. As condi\u00e7\u00f5es favorecem pancadas de <a href=\"https:\/\/www.em.com.br\/emfoco\/2025\/09\/21\/fenomeno-climatico-chega-no-inicio-dessa-semana-provocando-fortes-chuvas-e-frio\/\" target=\"_blank\" rel=\"noreferrer noopener\">chuva fortes<\/a> no noroeste de\u00a0<strong>Mato Grosso<\/strong>\u00a0e parte de\u00a0<strong>Mato Grosso do Sul<\/strong>. Entretanto, nas \u00e1reas restantes, o destaque ser\u00e1 o tempo seco com umidade relativa do ar atingindo n\u00edveis cr\u00edticos.<\/p>\n\n\n\n<figure class=\"wp-block-image\"><img decoding=\"async\" src=\"https:\/\/www.em.com.br\/emfoco\/wp-content\/uploads\/2025\/04\/Clima-sol-ou-chuva_1745256516839-1024x576.jpg\" alt=\"\"\/><figcaption class=\"wp-element-caption\">Clima &#8211; Cr\u00e9ditos: depositphotos.com \/ pongsuwan<\/figcaption><\/figure>\n\n\n\n<p>Regi\u00f5es como o&nbsp;<strong>tri\u00e2ngulo mineiro<\/strong>&nbsp;enfrentar\u00e3o umidade menor que 12%, o que \u00e9&nbsp;<strong>preocupante<\/strong>&nbsp;durante as horas mais quentes. Segundo o&nbsp;<strong>Instituto Nacional de Meteorologia<\/strong>, recomenda-se hidrata\u00e7\u00e3o constante e evitar exerc\u00edcios ao ar livre nessas condi\u00e7\u00f5es.<\/p>\n\n\n\n<h2 class=\"wp-block-heading\">O que muda com as pancadas de chuva no nordeste?<\/h2>\n\n\n\n<p>No Nordeste, a circula\u00e7\u00e3o dos ventos oce\u00e2nicos mant\u00e9m a&nbsp;<strong>entrada de umidade<\/strong>, incentivando pancadas de chuva na costa leste, principalmente entre&nbsp;<strong>Macei\u00f3<\/strong>&nbsp;e&nbsp;<strong>Recife<\/strong>, onde as chuvas podem ser mais intensas, com risco de transtornos moment\u00e2neos no tr\u00e2nsito das cidades.<\/p>\n\n\n\n<p>O interior da regi\u00e3o continuar\u00e1 seco e quente, com<a href=\"https:\/\/mundoeducacao.uol.com.br\/saude-bem-estar\/problemas-decorrentes-baixa-umidade-ar.htm\" target=\"_blank\" rel=\"noreferrer noopener\">\u00a0<strong>baixa umidade<\/strong><\/a>\u00a0\u00e0 tarde, enquanto os ventos podem chegar at\u00e9 50 km\/h em rajadas.<\/p>\n\n\n\n<h2 class=\"wp-block-heading\">Por que as chuvas no norte s\u00e3o t\u00e3o inst\u00e1veis nesta ter\u00e7a-feira?<\/h2>\n\n\n\n<p>No Norte, a combina\u00e7\u00e3o de calor e umidade promove instabilidade, especialmente no&nbsp;<strong>Amazonas<\/strong>,&nbsp;<strong>Acre<\/strong>,&nbsp;<strong>Rond\u00f4nia<\/strong>&nbsp;e&nbsp;<strong>Roraima<\/strong>, com risco de temporais. J\u00e1 o&nbsp;<strong>Amap\u00e1<\/strong>&nbsp;e norte do&nbsp;<strong>Par\u00e1<\/strong>&nbsp;ter\u00e3o chuvas isoladas sem previs\u00e3o de fortes pancadas.<\/p>\n\n\n\n<p>O&nbsp;<strong>Tocantins<\/strong>&nbsp;segue com tempo seco e alerta para a baixa umidade durante as horas mais quentes, o que pode impactar a sa\u00fade da popula\u00e7\u00e3o e aumentar o risco de queimadas. Recomenda-se acompanhar boletins atualizados pelo&nbsp;<strong>Instituto Nacional de Meteorologia<\/strong>.<\/p>\n\n\n\n<h2 class=\"wp-block-heading\">Quais os principais insights clim\u00e1ticos do dia?<\/h2>\n\n\n\n<ul class=\"wp-block-list\">\n<li>Previs\u00f5es indicam\u00a0<strong>temporais severos<\/strong>\u00a0no Sul do Brasil.<\/li>\n\n\n\n<li>Calor intenso e \u00edndices cr\u00edticos de umidade no Centro-Oeste e Sudeste.<\/li>\n\n\n\n<li>Chuvas cont\u00ednuas no Norte favorecem instabilidades expressivas.<\/li>\n<\/ul>\n","protected":false},"excerpt":{"rendered":"<p>Nesta ter\u00e7a-feira, as condi\u00e7\u00f5es clim\u00e1ticas no&nbsp;Brasil&nbsp;variam de acordo com as regi\u00f5es, com temporais no&nbsp;Sul, pancadas de chuva no&nbsp;Norte&nbsp;e tempo seco no&nbsp;Centro-Oeste&nbsp;e&nbsp;Sudeste. Veja como o tempo se comportar\u00e1 em cada parte do pa\u00eds. O que esperar das tempestades e chuvas no sul do Brasil? No Sul, a presen\u00e7a de uma \u00e1rea de baixa press\u00e3o e um [&hellip;]<\/p>\n","protected":false},"author":11,"featured_media":73817,"comment_status":"open","ping_status":"open","sticky":false,"template":"","format":"standard","meta":{"jnews-multi-image_gallery":[],"jnews_single_post":{"format":"standard"},"jnews_primary_category":[],"jnews_social_meta":[],"jnews_override_counter":[],"footnotes":""},"categories":[30,1],"tags":[158,152,251,1192],"class_list":["post-109473","post","type-post","status-publish","format-standard","has-post-thumbnail","hentry","category-clima","category-noticias","tag-brasil","tag-clima","tag-previsao-do-tempo","tag-sudeste"],"yoast_head":"<!-- This site is optimized with the Yoast SEO plugin v23.8 - https:\/\/yoast.com\/wordpress\/plugins\/seo\/ -->\n<title>Clima extremo pode afetar a rotina em v\u00e1rias regi\u00f5es nessa ter\u00e7a-feira - Estado de Minas - Em foco<\/title>\n<meta name=\"description\" content=\"O Brasil enfrenta extremos clim\u00e1ticos: temporais no Sul e calor recorde no Sudeste. Veja como o tempo vai afetar cada regi\u00e3o.\" \/>\n<meta name=\"robots\" content=\"index, follow, max-snippet:-1, max-image-preview:large, max-video-preview:-1\" \/>\n<link rel=\"canonical\" href=\"https:\/\/www.em.com.br\/emfoco\/2025\/09\/30\/clima-extremo-pode-afetar-a-rotina-em-varias-regioes-nessa-terca-feira\/\" \/>\n<meta property=\"og:locale\" content=\"pt_BR\" \/>\n<meta property=\"og:type\" content=\"article\" \/>\n<meta property=\"og:title\" content=\"Clima extremo pode afetar a rotina em v\u00e1rias regi\u00f5es nessa ter\u00e7a-feira - Estado de Minas - Em foco\" \/>\n<meta property=\"og:description\" content=\"O Brasil enfrenta extremos clim\u00e1ticos: temporais no Sul e calor recorde no Sudeste. Veja como o tempo vai afetar cada regi\u00e3o.\" \/>\n<meta property=\"og:url\" content=\"https:\/\/www.em.com.br\/emfoco\/2025\/09\/30\/clima-extremo-pode-afetar-a-rotina-em-varias-regioes-nessa-terca-feira\/\" \/>\n<meta property=\"og:site_name\" content=\"Estado de Minas - Em foco\" \/>\n<meta property=\"article:published_time\" content=\"2025-09-30T09:28:00+00:00\" \/>\n<meta property=\"article:modified_time\" content=\"2025-09-29T15:14:11+00:00\" \/>\n<meta property=\"og:image\" content=\"https:\/\/www.em.com.br\/emfoco\/wp-content\/uploads\/2025\/07\/olhando-o-clima_1752154385637.jpg\" \/>\n\t<meta property=\"og:image:width\" content=\"1280\" \/>\n\t<meta property=\"og:image:height\" content=\"720\" \/>\n\t<meta property=\"og:image:type\" content=\"image\/jpeg\" \/>\n<meta name=\"author\" content=\"Andre\u0301 Rangel\u00a0\" \/>\n<meta name=\"twitter:card\" content=\"summary_large_image\" \/>\n<meta name=\"twitter:label1\" content=\"Escrito por\" \/>\n\t<meta name=\"twitter:data1\" content=\"Andre\u0301 Rangel\u00a0\" \/>\n\t<meta name=\"twitter:label2\" content=\"Est. tempo de leitura\" \/>\n\t<meta name=\"twitter:data2\" content=\"3 minutos\" \/>\n<!-- \/ Yoast SEO plugin. -->","yoast_head_json":{"title":"Clima extremo pode afetar a rotina em v\u00e1rias regi\u00f5es nessa ter\u00e7a-feira - Estado de Minas - Em foco","description":"O Brasil enfrenta extremos clim\u00e1ticos: temporais no Sul e calor recorde no Sudeste. Veja como o tempo vai afetar cada regi\u00e3o.","robots":{"index":"index","follow":"follow","max-snippet":"max-snippet:-1","max-image-preview":"max-image-preview:large","max-video-preview":"max-video-preview:-1"},"canonical":"https:\/\/www.em.com.br\/emfoco\/2025\/09\/30\/clima-extremo-pode-afetar-a-rotina-em-varias-regioes-nessa-terca-feira\/","og_locale":"pt_BR","og_type":"article","og_title":"Clima extremo pode afetar a rotina em v\u00e1rias regi\u00f5es nessa ter\u00e7a-feira - Estado de Minas - Em foco","og_description":"O Brasil enfrenta extremos clim\u00e1ticos: temporais no Sul e calor recorde no Sudeste. Veja como o tempo vai afetar cada regi\u00e3o.","og_url":"https:\/\/www.em.com.br\/emfoco\/2025\/09\/30\/clima-extremo-pode-afetar-a-rotina-em-varias-regioes-nessa-terca-feira\/","og_site_name":"Estado de Minas - Em foco","article_published_time":"2025-09-30T09:28:00+00:00","article_modified_time":"2025-09-29T15:14:11+00:00","og_image":[{"width":1280,"height":720,"url":"https:\/\/www.em.com.br\/emfoco\/wp-content\/uploads\/2025\/07\/olhando-o-clima_1752154385637.jpg","type":"image\/jpeg"}],"author":"Andre\u0301 Rangel\u00a0","twitter_card":"summary_large_image","twitter_misc":{"Escrito por":"Andre\u0301 Rangel\u00a0","Est. tempo de leitura":"3 minutos"},"schema":{"@context":"https:\/\/schema.org","@graph":[{"@type":"WebPage","@id":"https:\/\/www.em.com.br\/emfoco\/2025\/09\/30\/clima-extremo-pode-afetar-a-rotina-em-varias-regioes-nessa-terca-feira\/","url":"https:\/\/www.em.com.br\/emfoco\/2025\/09\/30\/clima-extremo-pode-afetar-a-rotina-em-varias-regioes-nessa-terca-feira\/","name":"Clima extremo pode afetar a rotina em v\u00e1rias regi\u00f5es nessa ter\u00e7a-feira - Estado de Minas - Em foco","isPartOf":{"@id":"https:\/\/www.em.com.br\/emfoco\/#website"},"primaryImageOfPage":{"@id":"https:\/\/www.em.com.br\/emfoco\/2025\/09\/30\/clima-extremo-pode-afetar-a-rotina-em-varias-regioes-nessa-terca-feira\/#primaryimage"},"image":{"@id":"https:\/\/www.em.com.br\/emfoco\/2025\/09\/30\/clima-extremo-pode-afetar-a-rotina-em-varias-regioes-nessa-terca-feira\/#primaryimage"},"thumbnailUrl":"https:\/\/www.em.com.br\/emfoco\/wp-content\/uploads\/2025\/07\/olhando-o-clima_1752154385637.jpg","datePublished":"2025-09-30T09:28:00+00:00","dateModified":"2025-09-29T15:14:11+00:00","author":{"@id":"https:\/\/www.em.com.br\/emfoco\/#\/schema\/person\/60eda09c1fedf0d6891f4cef4b60b8b8"},"description":"O Brasil enfrenta extremos clim\u00e1ticos: temporais no Sul e calor recorde no Sudeste. Veja como o tempo vai afetar cada regi\u00e3o.","breadcrumb":{"@id":"https:\/\/www.em.com.br\/emfoco\/2025\/09\/30\/clima-extremo-pode-afetar-a-rotina-em-varias-regioes-nessa-terca-feira\/#breadcrumb"},"inLanguage":"pt-BR","potentialAction":[{"@type":"ReadAction","target":["https:\/\/www.em.com.br\/emfoco\/2025\/09\/30\/clima-extremo-pode-afetar-a-rotina-em-varias-regioes-nessa-terca-feira\/"]}]},{"@type":"ImageObject","inLanguage":"pt-BR","@id":"https:\/\/www.em.com.br\/emfoco\/2025\/09\/30\/clima-extremo-pode-afetar-a-rotina-em-varias-regioes-nessa-terca-feira\/#primaryimage","url":"https:\/\/www.em.com.br\/emfoco\/wp-content\/uploads\/2025\/07\/olhando-o-clima_1752154385637.jpg","contentUrl":"https:\/\/www.em.com.br\/emfoco\/wp-content\/uploads\/2025\/07\/olhando-o-clima_1752154385637.jpg","width":1280,"height":720,"caption":"Conferindo se est[a chovendo - Cr\u00e9ditos: depositphotos.com \/ romikmk"},{"@type":"BreadcrumbList","@id":"https:\/\/www.em.com.br\/emfoco\/2025\/09\/30\/clima-extremo-pode-afetar-a-rotina-em-varias-regioes-nessa-terca-feira\/#breadcrumb","itemListElement":[{"@type":"ListItem","position":1,"name":"In\u00edcio","item":"https:\/\/www.em.com.br\/emfoco\/"},{"@type":"ListItem","position":2,"name":"Clima extremo pode afetar a rotina em v\u00e1rias regi\u00f5es nessa ter\u00e7a-feira"}]},{"@type":"WebSite","@id":"https:\/\/www.em.com.br\/emfoco\/#website","url":"https:\/\/www.em.com.br\/emfoco\/","name":"Estado de Minas - Em foco","description":"Acompanhe as \u00faltimas not\u00edcias e fique bem informado sobre tudo o que acontece em Minas Gerais, Brasil e no mundo.","potentialAction":[{"@type":"SearchAction","target":{"@type":"EntryPoint","urlTemplate":"https:\/\/www.em.com.br\/emfoco\/?s={search_term_string}"},"query-input":{"@type":"PropertyValueSpecification","valueRequired":true,"valueName":"search_term_string"}}],"inLanguage":"pt-BR"},{"@type":"Person","@id":"https:\/\/www.em.com.br\/emfoco\/#\/schema\/person\/60eda09c1fedf0d6891f4cef4b60b8b8","name":"Andre\u0301 Rangel\u00a0","image":{"@type":"ImageObject","inLanguage":"pt-BR","@id":"https:\/\/www.em.com.br\/emfoco\/#\/schema\/person\/image\/","url":"https:\/\/secure.gravatar.com\/avatar\/6234dc814c77c8ef6d8bba622c787efc?s=96&d=mm&r=g","contentUrl":"https:\/\/secure.gravatar.com\/avatar\/6234dc814c77c8ef6d8bba622c787efc?s=96&d=mm&r=g","caption":"Andre\u0301 Rangel\u00a0"},"url":"https:\/\/www.em.com.br\/emfoco\/author\/luizmyth\/"}]}},"_links":{"self":[{"href":"https:\/\/www.em.com.br\/emfoco\/wp-json\/wp\/v2\/posts\/109473","targetHints":{"allow":["GET"]}}],"collection":[{"href":"https:\/\/www.em.com.br\/emfoco\/wp-json\/wp\/v2\/posts"}],"about":[{"href":"https:\/\/www.em.com.br\/emfoco\/wp-json\/wp\/v2\/types\/post"}],"author":[{"embeddable":true,"href":"https:\/\/www.em.com.br\/emfoco\/wp-json\/wp\/v2\/users\/11"}],"replies":[{"embeddable":true,"href":"https:\/\/www.em.com.br\/emfoco\/wp-json\/wp\/v2\/comments?post=109473"}],"version-history":[{"count":4,"href":"https:\/\/www.em.com.br\/emfoco\/wp-json\/wp\/v2\/posts\/109473\/revisions"}],"predecessor-version":[{"id":109506,"href":"https:\/\/www.em.com.br\/emfoco\/wp-json\/wp\/v2\/posts\/109473\/revisions\/109506"}],"wp:featuredmedia":[{"embeddable":true,"href":"https:\/\/www.em.com.br\/emfoco\/wp-json\/wp\/v2\/media\/73817"}],"wp:attachment":[{"href":"https:\/\/www.em.com.br\/emfoco\/wp-json\/wp\/v2\/media?parent=109473"}],"wp:term":[{"taxonomy":"category","embeddable":true,"href":"https:\/\/www.em.com.br\/emfoco\/wp-json\/wp\/v2\/categories?post=109473"},{"taxonomy":"post_tag","embeddable":true,"href":"https:\/\/www.em.com.br\/emfoco\/wp-json\/wp\/v2\/tags?post=109473"}],"curies":[{"name":"wp","href":"https:\/\/api.w.org\/{rel}","templated":true}]}}