{"id":109220,"date":"2025-09-30T10:38:00","date_gmt":"2025-09-30T13:38:00","guid":{"rendered":"https:\/\/www.em.com.br\/emfoco\/?p=109220"},"modified":"2025-09-28T21:58:30","modified_gmt":"2025-09-29T00:58:30","slug":"saiba-como-aliviar-picadas-de-insetos-em-menos-de-um-minuto","status":"publish","type":"post","link":"https:\/\/www.em.com.br\/emfoco\/2025\/09\/30\/saiba-como-aliviar-picadas-de-insetos-em-menos-de-um-minuto\/","title":{"rendered":"Saiba como aliviar picadas de insetos em menos de um minuto"},"content":{"rendered":"\n<p>Aliviar o inc\u00f4modo de uma&nbsp;<strong>picada<\/strong>&nbsp;agora \u00e9 poss\u00edvel gra\u00e7as \u00e0 aplica\u00e7\u00e3o de um&nbsp;<strong>rem\u00e9dio caseiro<\/strong>. A presen\u00e7a de diferentes&nbsp;<strong>insetos<\/strong>&nbsp;em casa pode provocar v\u00e1rios tipos de picadas, gerando desconforto e uma intensa coceira. Por sorte, existe um m\u00e9todo caseiro eficaz para tratar esses inc\u00f4modos.<\/p>\n\n\n\n<ul class=\"wp-block-list\">\n<li>Causas comuns de picadas em casa<\/li>\n\n\n\n<li>Rem\u00e9dios naturais eficazes<\/li>\n\n\n\n<li>Dicas para evitar picadas no futuro<\/li>\n<\/ul>\n\n\n\n<h2 class=\"wp-block-heading\">Como prevenir a presen\u00e7a de pragas em casa?<\/h2>\n\n\n\n<p>As\u00a0<strong>pragas em casa<\/strong>, como mosquitos, baratas e aranhas, podem causar picadas s\u00e9rias. Essas picadas causam\u00a0<a href=\"https:\/\/nav.dasa.com.br\/blog\/coceira-no-corpo\" target=\"_blank\" rel=\"noreferrer noopener\"><strong>coceira<\/strong>\u00a0<\/a>e vermelhid\u00e3o, sendo bem inc\u00f4modas. Evitar co\u00e7ar e buscar aten\u00e7\u00e3o m\u00e9dica se necess\u00e1rio \u00e9 fundamental.<\/p>\n\n\n\n<p>Para prevenir essas pragas, mantenha a casa limpa e bem ventilada. Use repelentes naturais como \u00f3leos essenciais para afastar os insetos.<\/p>\n\n\n\n<h2 class=\"wp-block-heading\">Qual \u00e9 o rem\u00e9dio caseiro mais eficaz para picadas?<\/h2>\n\n\n\n<p>Em caso de uma picada,&nbsp;<strong>aplicar gelo<\/strong>&nbsp;pode ser um truque simples e eficiente. O frio alivia a coceira e diminui a inflama\u00e7\u00e3o.<\/p>\n\n\n\n<p><strong>Aten\u00e7\u00e3o:<\/strong>&nbsp;Evite o contato direto do gelo com a pele para prevenir&nbsp;<strong>queimaduras<\/strong>. Envolva o gelo em um pano antes de aplicar.<\/p>\n\n\n\n<figure class=\"wp-block-image size-large\"><img loading=\"lazy\" decoding=\"async\" width=\"1024\" height=\"576\" src=\"https:\/\/www.em.com.br\/emfoco\/wp-content\/uploads\/2025\/09\/picadas-de-insetos_1759110066415-1024x576.jpg\" alt=\"\" class=\"wp-image-109274\" srcset=\"https:\/\/www.em.com.br\/emfoco\/wp-content\/uploads\/2025\/09\/picadas-de-insetos_1759110066415-1024x576.jpg 1024w, https:\/\/www.em.com.br\/emfoco\/wp-content\/uploads\/2025\/09\/picadas-de-insetos_1759110066415-300x169.jpg 300w, https:\/\/www.em.com.br\/emfoco\/wp-content\/uploads\/2025\/09\/picadas-de-insetos_1759110066415-768x432.jpg 768w, https:\/\/www.em.com.br\/emfoco\/wp-content\/uploads\/2025\/09\/picadas-de-insetos_1759110066415-750x422.jpg 750w, https:\/\/www.em.com.br\/emfoco\/wp-content\/uploads\/2025\/09\/picadas-de-insetos_1759110066415-1140x641.jpg 1140w, https:\/\/www.em.com.br\/emfoco\/wp-content\/uploads\/2025\/09\/picadas-de-insetos_1759110066415.jpg 1280w\" sizes=\"auto, (max-width: 1024px) 100vw, 1024px\" \/><figcaption class=\"wp-element-caption\">M\u00e9todos naturais aliviam a coceira &#8211; Cr\u00e9ditos: depositphotos.com \/ Dimid_86<\/figcaption><\/figure>\n\n\n\n<h2 class=\"wp-block-heading\">Quais outros m\u00e9todos naturais aliviam a coceira?<\/h2>\n\n\n\n<p>Al\u00e9m do&nbsp;<strong>gelo<\/strong>, h\u00e1 outras op\u00e7\u00f5es, como passar mel ou bicarbonato de s\u00f3dio na \u00e1rea afetada.<\/p>\n\n\n\n<p>Esses rem\u00e9dios naturais ajudam a acalmar a pele e reduzir a sensa\u00e7\u00e3o de coceira.<\/p>\n\n\n\n<h2 class=\"wp-block-heading\">Como evitar picadas futuras?<\/h2>\n\n\n\n<p>Utilizar mosquiteiros, manter portas e janelas fechadas e usar repelentes podem prevenir futuras picadas de forma eficaz.<\/p>\n\n\n\n<p>Considere tamb\u00e9m o uso de plantas repelentes, como a&nbsp;<strong>manjeric\u00e3o<\/strong>&nbsp;e a&nbsp;<strong>hortel\u00e3<\/strong>, ao redor da casa.<\/p>\n\n\n\n<h2 class=\"wp-block-heading\">Mensagem final: al\u00edvio e preven\u00e7\u00e3o ao seu alcance<\/h2>\n\n\n\n<ul class=\"wp-block-list\">\n<li>Aplicar rem\u00e9dios caseiros, como o gelo, traz um al\u00edvio r\u00e1pido.<\/li>\n\n\n\n<li>Prevenir picadas com pr\u00e1ticas simples mant\u00e9m o inc\u00f4modo afastado.<\/li>\n\n\n\n<li>Combinar m\u00e9todos caseiros com produtos naturais melhora a prote\u00e7\u00e3o.<\/li>\n<\/ul>\n\n\n\n<p><strong>Veja tamb\u00e9m:<\/strong>\u00a0<a href=\"https:\/\/www.em.com.br\/emfoco\/2025\/09\/28\/dermatologista-alerta-sobre-essas-bolinhas-na-pele-podem-ser-pele-de-galinha\/\" target=\"_blank\" rel=\"noreferrer noopener\">Dermatologista alerta sobre \u201cEssas bolinhas na pele podem ser pele de galinha\u201d<\/a><\/p>\n\n\n\n<p><\/p>\n","protected":false},"excerpt":{"rendered":"<p>Aliviar o inc\u00f4modo de uma&nbsp;picada&nbsp;agora \u00e9 poss\u00edvel gra\u00e7as \u00e0 aplica\u00e7\u00e3o de um&nbsp;rem\u00e9dio caseiro. A presen\u00e7a de diferentes&nbsp;insetos&nbsp;em casa pode provocar v\u00e1rios tipos de picadas, gerando desconforto e uma intensa coceira. Por sorte, existe um m\u00e9todo caseiro eficaz para tratar esses inc\u00f4modos. Como prevenir a presen\u00e7a de pragas em casa? As\u00a0pragas em casa, como mosquitos, baratas [&hellip;]<\/p>\n","protected":false},"author":11,"featured_media":109275,"comment_status":"open","ping_status":"open","sticky":false,"template":"","format":"standard","meta":{"jnews-multi-image_gallery":[],"jnews_single_post":{"format":"standard"},"jnews_primary_category":[],"jnews_social_meta":[],"jnews_override_counter":[],"footnotes":""},"categories":[8819,1],"tags":[15962,4898,16729,16226],"class_list":["post-109220","post","type-post","status-publish","format-standard","has-post-thumbnail","hentry","category-curiosidades","category-noticias","tag-coceira","tag-insetos","tag-picada","tag-picada-de-inseto"],"yoast_head":"<!-- This site is optimized with the Yoast SEO plugin v23.8 - https:\/\/yoast.com\/wordpress\/plugins\/seo\/ -->\n<title>Saiba como aliviar picadas de insetos em menos de um minuto - Estado de Minas - Em foco<\/title>\n<meta name=\"description\" content=\"Alivie a coceira da picada com um rem\u00e9dio simples e natural que est\u00e1 na sua casa. Saiba o que usar e como prevenir novas picadas.\" \/>\n<meta name=\"robots\" content=\"index, follow, max-snippet:-1, max-image-preview:large, max-video-preview:-1\" \/>\n<link rel=\"canonical\" href=\"https:\/\/www.em.com.br\/emfoco\/2025\/09\/30\/saiba-como-aliviar-picadas-de-insetos-em-menos-de-um-minuto\/\" \/>\n<meta property=\"og:locale\" content=\"pt_BR\" \/>\n<meta property=\"og:type\" content=\"article\" \/>\n<meta property=\"og:title\" content=\"Saiba como aliviar picadas de insetos em menos de um minuto - Estado de Minas - Em foco\" \/>\n<meta property=\"og:description\" content=\"Alivie a coceira da picada com um rem\u00e9dio simples e natural que est\u00e1 na sua casa. Saiba o que usar e como prevenir novas picadas.\" \/>\n<meta property=\"og:url\" content=\"https:\/\/www.em.com.br\/emfoco\/2025\/09\/30\/saiba-como-aliviar-picadas-de-insetos-em-menos-de-um-minuto\/\" \/>\n<meta property=\"og:site_name\" content=\"Estado de Minas - Em foco\" \/>\n<meta property=\"article:published_time\" content=\"2025-09-30T13:38:00+00:00\" \/>\n<meta property=\"article:modified_time\" content=\"2025-09-29T00:58:30+00:00\" \/>\n<meta property=\"og:image\" content=\"https:\/\/www.em.com.br\/emfoco\/wp-content\/uploads\/2025\/09\/picadas-de-insetos_1759110123557.jpg\" \/>\n\t<meta property=\"og:image:width\" content=\"1280\" \/>\n\t<meta property=\"og:image:height\" content=\"720\" \/>\n\t<meta property=\"og:image:type\" content=\"image\/jpeg\" \/>\n<meta name=\"author\" content=\"Andre\u0301 Rangel\u00a0\" \/>\n<meta name=\"twitter:card\" content=\"summary_large_image\" \/>\n<meta name=\"twitter:label1\" content=\"Escrito por\" \/>\n\t<meta name=\"twitter:data1\" content=\"Andre\u0301 Rangel\u00a0\" \/>\n\t<meta name=\"twitter:label2\" content=\"Est. tempo de leitura\" \/>\n\t<meta name=\"twitter:data2\" content=\"3 minutos\" \/>\n<!-- \/ Yoast SEO plugin. -->","yoast_head_json":{"title":"Saiba como aliviar picadas de insetos em menos de um minuto - Estado de Minas - Em foco","description":"Alivie a coceira da picada com um rem\u00e9dio simples e natural que est\u00e1 na sua casa. Saiba o que usar e como prevenir novas picadas.","robots":{"index":"index","follow":"follow","max-snippet":"max-snippet:-1","max-image-preview":"max-image-preview:large","max-video-preview":"max-video-preview:-1"},"canonical":"https:\/\/www.em.com.br\/emfoco\/2025\/09\/30\/saiba-como-aliviar-picadas-de-insetos-em-menos-de-um-minuto\/","og_locale":"pt_BR","og_type":"article","og_title":"Saiba como aliviar picadas de insetos em menos de um minuto - Estado de Minas - Em foco","og_description":"Alivie a coceira da picada com um rem\u00e9dio simples e natural que est\u00e1 na sua casa. Saiba o que usar e como prevenir novas picadas.","og_url":"https:\/\/www.em.com.br\/emfoco\/2025\/09\/30\/saiba-como-aliviar-picadas-de-insetos-em-menos-de-um-minuto\/","og_site_name":"Estado de Minas - Em foco","article_published_time":"2025-09-30T13:38:00+00:00","article_modified_time":"2025-09-29T00:58:30+00:00","og_image":[{"width":1280,"height":720,"url":"https:\/\/www.em.com.br\/emfoco\/wp-content\/uploads\/2025\/09\/picadas-de-insetos_1759110123557.jpg","type":"image\/jpeg"}],"author":"Andre\u0301 Rangel\u00a0","twitter_card":"summary_large_image","twitter_misc":{"Escrito por":"Andre\u0301 Rangel\u00a0","Est. tempo de leitura":"3 minutos"},"schema":{"@context":"https:\/\/schema.org","@graph":[{"@type":"WebPage","@id":"https:\/\/www.em.com.br\/emfoco\/2025\/09\/30\/saiba-como-aliviar-picadas-de-insetos-em-menos-de-um-minuto\/","url":"https:\/\/www.em.com.br\/emfoco\/2025\/09\/30\/saiba-como-aliviar-picadas-de-insetos-em-menos-de-um-minuto\/","name":"Saiba como aliviar picadas de insetos em menos de um minuto - Estado de Minas - Em foco","isPartOf":{"@id":"https:\/\/www.em.com.br\/emfoco\/#website"},"primaryImageOfPage":{"@id":"https:\/\/www.em.com.br\/emfoco\/2025\/09\/30\/saiba-como-aliviar-picadas-de-insetos-em-menos-de-um-minuto\/#primaryimage"},"image":{"@id":"https:\/\/www.em.com.br\/emfoco\/2025\/09\/30\/saiba-como-aliviar-picadas-de-insetos-em-menos-de-um-minuto\/#primaryimage"},"thumbnailUrl":"https:\/\/www.em.com.br\/emfoco\/wp-content\/uploads\/2025\/09\/picadas-de-insetos_1759110123557.jpg","datePublished":"2025-09-30T13:38:00+00:00","dateModified":"2025-09-29T00:58:30+00:00","author":{"@id":"https:\/\/www.em.com.br\/emfoco\/#\/schema\/person\/60eda09c1fedf0d6891f4cef4b60b8b8"},"description":"Alivie a coceira da picada com um rem\u00e9dio simples e natural que est\u00e1 na sua casa. Saiba o que usar e como prevenir novas picadas.","breadcrumb":{"@id":"https:\/\/www.em.com.br\/emfoco\/2025\/09\/30\/saiba-como-aliviar-picadas-de-insetos-em-menos-de-um-minuto\/#breadcrumb"},"inLanguage":"pt-BR","potentialAction":[{"@type":"ReadAction","target":["https:\/\/www.em.com.br\/emfoco\/2025\/09\/30\/saiba-como-aliviar-picadas-de-insetos-em-menos-de-um-minuto\/"]}]},{"@type":"ImageObject","inLanguage":"pt-BR","@id":"https:\/\/www.em.com.br\/emfoco\/2025\/09\/30\/saiba-como-aliviar-picadas-de-insetos-em-menos-de-um-minuto\/#primaryimage","url":"https:\/\/www.em.com.br\/emfoco\/wp-content\/uploads\/2025\/09\/picadas-de-insetos_1759110123557.jpg","contentUrl":"https:\/\/www.em.com.br\/emfoco\/wp-content\/uploads\/2025\/09\/picadas-de-insetos_1759110123557.jpg","width":1280,"height":720,"caption":"M\u00e9todos naturais aliviam a coceira - Cr\u00e9ditos: depositphotos.com \/ zoeytoja"},{"@type":"BreadcrumbList","@id":"https:\/\/www.em.com.br\/emfoco\/2025\/09\/30\/saiba-como-aliviar-picadas-de-insetos-em-menos-de-um-minuto\/#breadcrumb","itemListElement":[{"@type":"ListItem","position":1,"name":"In\u00edcio","item":"https:\/\/www.em.com.br\/emfoco\/"},{"@type":"ListItem","position":2,"name":"Saiba como aliviar picadas de insetos em menos de um minuto"}]},{"@type":"WebSite","@id":"https:\/\/www.em.com.br\/emfoco\/#website","url":"https:\/\/www.em.com.br\/emfoco\/","name":"Estado de Minas - Em foco","description":"Acompanhe as \u00faltimas not\u00edcias e fique bem informado sobre tudo o que acontece em Minas Gerais, Brasil e no mundo.","potentialAction":[{"@type":"SearchAction","target":{"@type":"EntryPoint","urlTemplate":"https:\/\/www.em.com.br\/emfoco\/?s={search_term_string}"},"query-input":{"@type":"PropertyValueSpecification","valueRequired":true,"valueName":"search_term_string"}}],"inLanguage":"pt-BR"},{"@type":"Person","@id":"https:\/\/www.em.com.br\/emfoco\/#\/schema\/person\/60eda09c1fedf0d6891f4cef4b60b8b8","name":"Andre\u0301 Rangel\u00a0","image":{"@type":"ImageObject","inLanguage":"pt-BR","@id":"https:\/\/www.em.com.br\/emfoco\/#\/schema\/person\/image\/","url":"https:\/\/secure.gravatar.com\/avatar\/6234dc814c77c8ef6d8bba622c787efc?s=96&d=mm&r=g","contentUrl":"https:\/\/secure.gravatar.com\/avatar\/6234dc814c77c8ef6d8bba622c787efc?s=96&d=mm&r=g","caption":"Andre\u0301 Rangel\u00a0"},"url":"https:\/\/www.em.com.br\/emfoco\/author\/luizmyth\/"}]}},"_links":{"self":[{"href":"https:\/\/www.em.com.br\/emfoco\/wp-json\/wp\/v2\/posts\/109220","targetHints":{"allow":["GET"]}}],"collection":[{"href":"https:\/\/www.em.com.br\/emfoco\/wp-json\/wp\/v2\/posts"}],"about":[{"href":"https:\/\/www.em.com.br\/emfoco\/wp-json\/wp\/v2\/types\/post"}],"author":[{"embeddable":true,"href":"https:\/\/www.em.com.br\/emfoco\/wp-json\/wp\/v2\/users\/11"}],"replies":[{"embeddable":true,"href":"https:\/\/www.em.com.br\/emfoco\/wp-json\/wp\/v2\/comments?post=109220"}],"version-history":[{"count":5,"href":"https:\/\/www.em.com.br\/emfoco\/wp-json\/wp\/v2\/posts\/109220\/revisions"}],"predecessor-version":[{"id":109276,"href":"https:\/\/www.em.com.br\/emfoco\/wp-json\/wp\/v2\/posts\/109220\/revisions\/109276"}],"wp:featuredmedia":[{"embeddable":true,"href":"https:\/\/www.em.com.br\/emfoco\/wp-json\/wp\/v2\/media\/109275"}],"wp:attachment":[{"href":"https:\/\/www.em.com.br\/emfoco\/wp-json\/wp\/v2\/media?parent=109220"}],"wp:term":[{"taxonomy":"category","embeddable":true,"href":"https:\/\/www.em.com.br\/emfoco\/wp-json\/wp\/v2\/categories?post=109220"},{"taxonomy":"post_tag","embeddable":true,"href":"https:\/\/www.em.com.br\/emfoco\/wp-json\/wp\/v2\/tags?post=109220"}],"curies":[{"name":"wp","href":"https:\/\/api.w.org\/{rel}","templated":true}]}}