{"id":109098,"date":"2025-09-28T06:28:00","date_gmt":"2025-09-28T09:28:00","guid":{"rendered":"https:\/\/www.em.com.br\/emfoco\/?p=109098"},"modified":"2025-09-27T16:04:26","modified_gmt":"2025-09-27T19:04:26","slug":"instabilidade-no-clima-do-sudeste-pode-afetar-a-rotina-fechando-escolas-e-bancos","status":"publish","type":"post","link":"https:\/\/www.em.com.br\/emfoco\/2025\/09\/28\/instabilidade-no-clima-do-sudeste-pode-afetar-a-rotina-fechando-escolas-e-bancos\/","title":{"rendered":"Instabilidade no clima do Sudeste pode afetar a rotina, fechando escolas e bancos"},"content":{"rendered":"\n<p><strong>As mudan\u00e7as clim\u00e1ticas<\/strong>&nbsp;est\u00e3o transformando a regi\u00e3o Sudeste do Brasil, trazendo \u00e0 tona previs\u00f5es importantes para os pr\u00f3ximos dias. Este artigo desbrava as&nbsp;<strong>implica\u00e7\u00f5es clim\u00e1ticas<\/strong>&nbsp;dessas transforma\u00e7\u00f5es.<\/p>\n\n\n\n<ul class=\"wp-block-list\">\n<li>Temperaturas previstas para\u00a0<strong>Belo Horizonte<\/strong>\u00a0e outras cidades de\u00a0<strong>Minas Gerais<\/strong>.<\/li>\n\n\n\n<li>Influ\u00eancia das frentes frias e possibilidade de chuvas na regi\u00e3o Sudeste.<\/li>\n\n\n\n<li>Impacto nas atividades di\u00e1rias das popula\u00e7\u00f5es locais, com destaque para escolas e bancos.<\/li>\n<\/ul>\n\n\n\n<h2 class=\"wp-block-heading\">Como ser\u00e1 o clima nos dias 28 e 29 de setembro de 2025 no Brasil?<\/h2>\n\n\n\n<p>Para os dias&nbsp;<strong>28 e 29 de setembro de 2025<\/strong>, a previs\u00e3o aponta para&nbsp;<strong>instabilidade<\/strong>&nbsp;clim\u00e1tica no&nbsp;<strong>Brasil<\/strong>, com possibilidade de temporais em v\u00e1rias regi\u00f5es. A chegada da primavera traz mudan\u00e7as significativas, como aumento das temperaturas e chuvas isoladas. Essas condi\u00e7\u00f5es adversas podem gerar impactos no funcionamento de&nbsp;<strong>escolas<\/strong>&nbsp;e&nbsp;<strong>bancos<\/strong>&nbsp;nas cidades mais afetadas, principalmente devido a alagamentos, quedas de \u00e1rvores, ventos fortes e at\u00e9 interrup\u00e7\u00e3o de energia el\u00e9trica.<\/p>\n\n\n\n<p>Veja um panorama simplificado:<\/p>\n\n\n\n<ul class=\"wp-block-list\">\n<li><strong>Regi\u00e3o Sul<\/strong>: Chuvas fortes no\u00a0<strong>Rio Grande do Sul<\/strong>.<\/li>\n\n\n\n<li><strong>Regi\u00e3o Sudeste<\/strong>: Risco de ventania no litoral paulista e chuvas no sul de\u00a0<strong>Minas Gerais<\/strong>.<\/li>\n\n\n\n<li><strong>Regi\u00e3o Centro-Oeste<\/strong>: Intensidade de chuvas e ventos fortes.<\/li>\n\n\n\n<li><strong>Regi\u00e3o Norte<\/strong>: Poss\u00edveis tempestades isoladas.<\/li>\n\n\n\n<li><strong>Regi\u00e3o Nordeste<\/strong>: Chuvas ocasionais no litoral.<\/li>\n<\/ul>\n\n\n\n<p><em>Aten\u00e7\u00e3o<\/em>: Mantenha-se informado com alertas do&nbsp;<strong>Instituto Nacional de Meteorologia<\/strong>&nbsp;(Inmet) e da&nbsp;<strong>Defesa Civil<\/strong>&nbsp;para evitar contratempos e fique atento ao funcionamento de servi\u00e7os essenciais, como escolas e bancos, que podem ser afetados.<\/p>\n\n\n\n<figure class=\"wp-block-image\"><img decoding=\"async\" src=\"https:\/\/www.em.com.br\/emfoco\/wp-content\/uploads\/2025\/05\/clima-chuva-brasil_1746555174577-1024x576.jpg\" alt=\"\"\/><figcaption class=\"wp-element-caption\">Clima de chuva &#8211; Cr\u00e9ditos: depositphotos.com \/ luizsouza<\/figcaption><\/figure>\n\n\n\n<h2 class=\"wp-block-heading\">Quais s\u00e3o as temperaturas m\u00e1ximas e m\u00ednimas no Sudeste em 28 e 29\/09\/2025?<\/h2>\n\n\n\n<p>A<a href=\"https:\/\/brasilescola.uol.com.br\/brasil\/clima-da-regiao-sudeste.htm\" target=\"_blank\" rel=\"noreferrer noopener\">\u00a0<strong>regi\u00e3o Sudeste<\/strong><\/a>\u00a0enfrentar\u00e1 varia\u00e7\u00e3o nas\u00a0<strong>temperaturas<\/strong>\u00a0para os pr\u00f3ximos dias:<\/p>\n\n\n\n<ul class=\"wp-block-list\">\n<li><strong>S\u00e3o Paulo<\/strong>: M\u00e1xima de 28\u00b0C, m\u00ednima de 15\u00b0C.<\/li>\n\n\n\n<li><strong>Rio de Janeiro<\/strong>: M\u00e1xima de 30\u00b0C, m\u00ednima de 18\u00b0C.<\/li>\n\n\n\n<li><strong>Esp\u00edrito Santo<\/strong>: M\u00e1xima de 27\u00b0C, m\u00ednima de 19\u00b0C.<\/li>\n\n\n\n<li><strong>Minas Gerais<\/strong>: M\u00e1xima de 26\u00b0C, m\u00ednima de 14\u00b0C.<\/li>\n<\/ul>\n\n\n\n<h2 class=\"wp-block-heading\">O que esperar da previs\u00e3o em Belo Horizonte para 28 e 29\/09\/2025?<\/h2>\n\n\n\n<p>Para&nbsp;<strong>Belo Horizonte<\/strong>, as temperaturas esperadas nos dias 28 e 29 de setembro s\u00e3o:<\/p>\n\n\n\n<ul class=\"wp-block-list\">\n<li>M\u00e1xima de 26\u00b0C, m\u00ednima de 16\u00b0C.<\/li>\n<\/ul>\n\n\n\n<h2 class=\"wp-block-heading\">Como ser\u00e1 o clima em outras cidades de Minas Gerais?<\/h2>\n\n\n\n<p>Diversas&nbsp;<strong>cidades mineiras<\/strong>&nbsp;ter\u00e3o climas distintos:<\/p>\n\n\n\n<ul class=\"wp-block-list\">\n<li><strong>Uberl\u00e2ndia<\/strong>: M\u00e1xima de 27\u00b0C, m\u00ednima de 15\u00b0C.<\/li>\n\n\n\n<li><strong>Juiz de Fora<\/strong>: M\u00e1xima de 25\u00b0C, m\u00ednima de 13\u00b0C.<\/li>\n\n\n\n<li><strong>Montes Claros<\/strong>: M\u00e1xima de 28\u00b0C, m\u00ednima de 17\u00b0C.<\/li>\n<\/ul>\n\n\n\n<h2 class=\"wp-block-heading\">De que forma as frentes frias influenciam o clima do Sudeste?<\/h2>\n\n\n\n<p>Uma\u00a0<strong><a href=\"https:\/\/www.em.com.br\/emfoco\/2025\/09\/26\/alerta-em-minas-gerais-o-que-a-sua-familia-precisa-saber-sobre-a-frente-fria\/\" target=\"_blank\" rel=\"noreferrer noopener\">frente fria<\/a><\/strong>\u00a0avan\u00e7a sobre o Sudeste com impactos variados:<\/p>\n\n\n\n<ul class=\"wp-block-list\">\n<li>S\u00e3o Paulo: 60% de chance de chuva.<\/li>\n\n\n\n<li>Rio de Janeiro: 40% de chuvas isoladas.<\/li>\n\n\n\n<li>Esp\u00edrito Santo: Tempo mais est\u00e1vel.<\/li>\n\n\n\n<li>Minas Gerais: 50% de chance de chuva, especialmente na Zona da Mata.<\/li>\n<\/ul>\n\n\n\n<figure class=\"wp-block-image\"><img decoding=\"async\" src=\"https:\/\/www.em.com.br\/emfoco\/wp-content\/uploads\/2025\/09\/escola_1756819464156-1024x576.jpg\" alt=\"\"\/><figcaption class=\"wp-element-caption\">Medidas rigorosas em escolas &#8211; Cr\u00e9ditos: depositphotos.com \/ ArturVerkhovetskiy<\/figcaption><\/figure>\n\n\n\n<h2 class=\"wp-block-heading\">Quais cidades ser\u00e3o mais frias nos pr\u00f3ximos dias?<\/h2>\n\n\n\n<p>Ranking das cidades com&nbsp;<strong>temperaturas mais baixas<\/strong>:<\/p>\n\n\n\n<ul class=\"wp-block-list\">\n<li><strong>Campos do Jord\u00e3o<\/strong>: 12\u00b0C<\/li>\n\n\n\n<li><strong>Petr\u00f3polis<\/strong>: 13\u00b0C<\/li>\n\n\n\n<li><strong>Monte Verde<\/strong>: 14\u00b0C<\/li>\n<\/ul>\n\n\n\n<h2 class=\"wp-block-heading\">Qual ser\u00e1 o impacto clim\u00e1tico nas atividades em Minas Gerais?<\/h2>\n\n\n\n<p>O clima poder\u00e1 afetar&nbsp;<strong>escolas<\/strong>&nbsp;e&nbsp;<strong>bancos<\/strong>&nbsp;em Minas Gerais e em outras \u00e1reas do Sudeste. As fortes chuvas podem causar atrasos, cancelamentos e at\u00e9 suspens\u00f5es tempor\u00e1rias das aulas e do atendimento banc\u00e1rio, principalmente em cidades com previs\u00e3o de tempestades.<\/p>\n\n\n\n<ul class=\"wp-block-list\">\n<li><strong>Suspens\u00e3o de aulas:<\/strong>\u00a0Escolas podem suspender as aulas por precau\u00e7\u00e3o, protegendo alunos e funcion\u00e1rios, especialmente em caso de alagamentos, ventos fortes ou riscos de queda de \u00e1rvores.<\/li>\n\n\n\n<li><strong>Fechamento de ag\u00eancias banc\u00e1rias:<\/strong>\u00a0Bancos podem ter o funcionamento prejudicado por bloqueios vi\u00e1rios, alagamentos ou falta de energia, levando ao fechamento tempor\u00e1rio ou \u00e0 redu\u00e7\u00e3o do hor\u00e1rio de atendimento.<\/li>\n\n\n\n<li><strong>Dificuldades de acesso:<\/strong>\u00a0O tr\u00e2nsito pode ser afetado, dificultando o deslocamento para escolas e bancos.<\/li>\n<\/ul>\n\n\n\n<p><strong>O que fazer:<\/strong><\/p>\n\n\n\n<ul class=\"wp-block-list\">\n<li><strong>Acompanhe as not\u00edcias:<\/strong>\u00a0Fique atento aos comunicados oficiais das\u00a0<strong>prefeituras<\/strong>, Defesa Civil, Secretarias Municipais e dos pr\u00f3prios estabelecimentos sobre poss\u00edveis altera\u00e7\u00f5es de funcionamento.<\/li>\n\n\n\n<li><strong>Utilize canais digitais:<\/strong>\u00a0Caso haja interrup\u00e7\u00e3o de servi\u00e7os presenciais, utilize internet banking, aplicativos e portais das escolas para transa\u00e7\u00f5es, pagamentos e informa\u00e7\u00f5es.<\/li>\n\n\n\n<li><strong>Programe-se:<\/strong>\u00a0Antes de sair de casa, verifique as condi\u00e7\u00f5es locais, a confirma\u00e7\u00e3o do funcionamento e, se poss\u00edvel, adie compromissos n\u00e3o essenciais durante tempestades.<\/li>\n<\/ul>\n\n\n\n<p>Lembre-se: as decis\u00f5es sobre o funcionamento de escolas e bancos ser\u00e3o tomadas localmente, conforme a intensidade das chuvas e os riscos de cada regi\u00e3o.<\/p>\n\n\n\n<h2 class=\"wp-block-heading\">Como interpretar a previs\u00e3o do tempo corretamente?<\/h2>\n\n\n\n<p>Para n\u00e3o errar ao verificar a&nbsp;<strong>previs\u00e3o do tempo<\/strong>:<\/p>\n\n\n\n<ul class=\"wp-block-list\">\n<li>Confirme em diferentes fontes meteorol\u00f3gicas.<\/li>\n\n\n\n<li>Priorize\u00a0<strong>apps<\/strong>\u00a0confi\u00e1veis.<\/li>\n\n\n\n<li>Entenda os\u00a0<strong>gr\u00e1ficos clim\u00e1ticos<\/strong>.<\/li>\n<\/ul>\n\n\n\n<h2 class=\"wp-block-heading\">Quais os principais insights da previs\u00e3o clim\u00e1tica para o Sudeste?<\/h2>\n\n\n\n<ul class=\"wp-block-list\">\n<li>As temperaturas variam significativamente no Sudeste, com previs\u00e3o de chuvas em v\u00e1rias \u00e1reas.<\/li>\n\n\n\n<li>Os impactos nos servi\u00e7os locais exigem maior aten\u00e7\u00e3o por parte da popula\u00e7\u00e3o, sobretudo em escolas e bancos durante os temporais.<\/li>\n\n\n\n<li>Compreender a previs\u00e3o do tempo pode direcionar melhor o planejamento di\u00e1rio e evitar contratempos em dias de tempo inst\u00e1vel.<\/li>\n<\/ul>\n","protected":false},"excerpt":{"rendered":"<p>As mudan\u00e7as clim\u00e1ticas&nbsp;est\u00e3o transformando a regi\u00e3o Sudeste do Brasil, trazendo \u00e0 tona previs\u00f5es importantes para os pr\u00f3ximos dias. Este artigo desbrava as&nbsp;implica\u00e7\u00f5es clim\u00e1ticas&nbsp;dessas transforma\u00e7\u00f5es. Como ser\u00e1 o clima nos dias 28 e 29 de setembro de 2025 no Brasil? Para os dias&nbsp;28 e 29 de setembro de 2025, a previs\u00e3o aponta para&nbsp;instabilidade&nbsp;clim\u00e1tica no&nbsp;Brasil, com possibilidade [&hellip;]<\/p>\n","protected":false},"author":11,"featured_media":41980,"comment_status":"open","ping_status":"open","sticky":false,"template":"","format":"standard","meta":{"jnews-multi-image_gallery":[],"jnews_single_post":{"format":"standard"},"jnews_primary_category":[],"jnews_social_meta":[],"jnews_override_counter":[],"footnotes":""},"categories":[30,1],"tags":[442,152,1192],"class_list":["post-109098","post","type-post","status-publish","format-standard","has-post-thumbnail","hentry","category-clima","category-noticias","tag-chuvas","tag-clima","tag-sudeste"],"yoast_head":"<!-- This site is optimized with the Yoast SEO plugin v23.8 - https:\/\/yoast.com\/wordpress\/plugins\/seo\/ -->\n<title>Instabilidade no clima do Sudeste pode afetar a rotina, fechando escolas e bancos - Estado de Minas - Em foco<\/title>\n<meta name=\"description\" content=\"O Sudeste ter\u00e1 dias de instabilidade com risco de chuvas fortes, ventos e cancelamentos em escolas e bancos. Veja o que esperar da previs\u00e3o.\" \/>\n<meta name=\"robots\" content=\"index, follow, max-snippet:-1, max-image-preview:large, max-video-preview:-1\" \/>\n<link rel=\"canonical\" href=\"https:\/\/www.em.com.br\/emfoco\/2025\/09\/28\/instabilidade-no-clima-do-sudeste-pode-afetar-a-rotina-fechando-escolas-e-bancos\/\" \/>\n<meta property=\"og:locale\" content=\"pt_BR\" \/>\n<meta property=\"og:type\" content=\"article\" \/>\n<meta property=\"og:title\" content=\"Instabilidade no clima do Sudeste pode afetar a rotina, fechando escolas e bancos - Estado de Minas - Em foco\" \/>\n<meta property=\"og:description\" content=\"O Sudeste ter\u00e1 dias de instabilidade com risco de chuvas fortes, ventos e cancelamentos em escolas e bancos. Veja o que esperar da previs\u00e3o.\" \/>\n<meta property=\"og:url\" content=\"https:\/\/www.em.com.br\/emfoco\/2025\/09\/28\/instabilidade-no-clima-do-sudeste-pode-afetar-a-rotina-fechando-escolas-e-bancos\/\" \/>\n<meta property=\"og:site_name\" content=\"Estado de Minas - Em foco\" \/>\n<meta property=\"article:published_time\" content=\"2025-09-28T09:28:00+00:00\" \/>\n<meta property=\"article:modified_time\" content=\"2025-09-27T19:04:26+00:00\" \/>\n<meta property=\"og:image\" content=\"https:\/\/www.em.com.br\/emfoco\/wp-content\/uploads\/2025\/04\/26348021921_62b9093fa4_b.jpg\" \/>\n\t<meta property=\"og:image:width\" content=\"1280\" \/>\n\t<meta property=\"og:image:height\" content=\"720\" \/>\n\t<meta property=\"og:image:type\" content=\"image\/jpeg\" \/>\n<meta name=\"author\" content=\"Andre\u0301 Rangel\u00a0\" \/>\n<meta name=\"twitter:card\" content=\"summary_large_image\" \/>\n<meta name=\"twitter:label1\" content=\"Escrito por\" \/>\n\t<meta name=\"twitter:data1\" content=\"Andre\u0301 Rangel\u00a0\" \/>\n\t<meta name=\"twitter:label2\" content=\"Est. tempo de leitura\" \/>\n\t<meta name=\"twitter:data2\" content=\"5 minutos\" \/>\n<!-- \/ Yoast SEO plugin. -->","yoast_head_json":{"title":"Instabilidade no clima do Sudeste pode afetar a rotina, fechando escolas e bancos - Estado de Minas - Em foco","description":"O Sudeste ter\u00e1 dias de instabilidade com risco de chuvas fortes, ventos e cancelamentos em escolas e bancos. Veja o que esperar da previs\u00e3o.","robots":{"index":"index","follow":"follow","max-snippet":"max-snippet:-1","max-image-preview":"max-image-preview:large","max-video-preview":"max-video-preview:-1"},"canonical":"https:\/\/www.em.com.br\/emfoco\/2025\/09\/28\/instabilidade-no-clima-do-sudeste-pode-afetar-a-rotina-fechando-escolas-e-bancos\/","og_locale":"pt_BR","og_type":"article","og_title":"Instabilidade no clima do Sudeste pode afetar a rotina, fechando escolas e bancos - Estado de Minas - Em foco","og_description":"O Sudeste ter\u00e1 dias de instabilidade com risco de chuvas fortes, ventos e cancelamentos em escolas e bancos. Veja o que esperar da previs\u00e3o.","og_url":"https:\/\/www.em.com.br\/emfoco\/2025\/09\/28\/instabilidade-no-clima-do-sudeste-pode-afetar-a-rotina-fechando-escolas-e-bancos\/","og_site_name":"Estado de Minas - Em foco","article_published_time":"2025-09-28T09:28:00+00:00","article_modified_time":"2025-09-27T19:04:26+00:00","og_image":[{"width":1280,"height":720,"url":"https:\/\/www.em.com.br\/emfoco\/wp-content\/uploads\/2025\/04\/26348021921_62b9093fa4_b.jpg","type":"image\/jpeg"}],"author":"Andre\u0301 Rangel\u00a0","twitter_card":"summary_large_image","twitter_misc":{"Escrito por":"Andre\u0301 Rangel\u00a0","Est. tempo de leitura":"5 minutos"},"schema":{"@context":"https:\/\/schema.org","@graph":[{"@type":"WebPage","@id":"https:\/\/www.em.com.br\/emfoco\/2025\/09\/28\/instabilidade-no-clima-do-sudeste-pode-afetar-a-rotina-fechando-escolas-e-bancos\/","url":"https:\/\/www.em.com.br\/emfoco\/2025\/09\/28\/instabilidade-no-clima-do-sudeste-pode-afetar-a-rotina-fechando-escolas-e-bancos\/","name":"Instabilidade no clima do Sudeste pode afetar a rotina, fechando escolas e bancos - Estado de Minas - Em foco","isPartOf":{"@id":"https:\/\/www.em.com.br\/emfoco\/#website"},"primaryImageOfPage":{"@id":"https:\/\/www.em.com.br\/emfoco\/2025\/09\/28\/instabilidade-no-clima-do-sudeste-pode-afetar-a-rotina-fechando-escolas-e-bancos\/#primaryimage"},"image":{"@id":"https:\/\/www.em.com.br\/emfoco\/2025\/09\/28\/instabilidade-no-clima-do-sudeste-pode-afetar-a-rotina-fechando-escolas-e-bancos\/#primaryimage"},"thumbnailUrl":"https:\/\/www.em.com.br\/emfoco\/wp-content\/uploads\/2025\/04\/26348021921_62b9093fa4_b.jpg","datePublished":"2025-09-28T09:28:00+00:00","dateModified":"2025-09-27T19:04:26+00:00","author":{"@id":"https:\/\/www.em.com.br\/emfoco\/#\/schema\/person\/60eda09c1fedf0d6891f4cef4b60b8b8"},"description":"O Sudeste ter\u00e1 dias de instabilidade com risco de chuvas fortes, ventos e cancelamentos em escolas e bancos. Veja o que esperar da previs\u00e3o.","breadcrumb":{"@id":"https:\/\/www.em.com.br\/emfoco\/2025\/09\/28\/instabilidade-no-clima-do-sudeste-pode-afetar-a-rotina-fechando-escolas-e-bancos\/#breadcrumb"},"inLanguage":"pt-BR","potentialAction":[{"@type":"ReadAction","target":["https:\/\/www.em.com.br\/emfoco\/2025\/09\/28\/instabilidade-no-clima-do-sudeste-pode-afetar-a-rotina-fechando-escolas-e-bancos\/"]}]},{"@type":"ImageObject","inLanguage":"pt-BR","@id":"https:\/\/www.em.com.br\/emfoco\/2025\/09\/28\/instabilidade-no-clima-do-sudeste-pode-afetar-a-rotina-fechando-escolas-e-bancos\/#primaryimage","url":"https:\/\/www.em.com.br\/emfoco\/wp-content\/uploads\/2025\/04\/26348021921_62b9093fa4_b.jpg","contentUrl":"https:\/\/www.em.com.br\/emfoco\/wp-content\/uploads\/2025\/04\/26348021921_62b9093fa4_b.jpg","width":1280,"height":720,"caption":"Clima com chuva - Cr\u00e9ditos: Divulga\u00e7\u00e3o\/Flickr"},{"@type":"BreadcrumbList","@id":"https:\/\/www.em.com.br\/emfoco\/2025\/09\/28\/instabilidade-no-clima-do-sudeste-pode-afetar-a-rotina-fechando-escolas-e-bancos\/#breadcrumb","itemListElement":[{"@type":"ListItem","position":1,"name":"In\u00edcio","item":"https:\/\/www.em.com.br\/emfoco\/"},{"@type":"ListItem","position":2,"name":"Instabilidade no clima do Sudeste pode afetar a rotina, fechando escolas e bancos"}]},{"@type":"WebSite","@id":"https:\/\/www.em.com.br\/emfoco\/#website","url":"https:\/\/www.em.com.br\/emfoco\/","name":"Estado de Minas - Em foco","description":"Acompanhe as \u00faltimas not\u00edcias e fique bem informado sobre tudo o que acontece em Minas Gerais, Brasil e no mundo.","potentialAction":[{"@type":"SearchAction","target":{"@type":"EntryPoint","urlTemplate":"https:\/\/www.em.com.br\/emfoco\/?s={search_term_string}"},"query-input":{"@type":"PropertyValueSpecification","valueRequired":true,"valueName":"search_term_string"}}],"inLanguage":"pt-BR"},{"@type":"Person","@id":"https:\/\/www.em.com.br\/emfoco\/#\/schema\/person\/60eda09c1fedf0d6891f4cef4b60b8b8","name":"Andre\u0301 Rangel\u00a0","image":{"@type":"ImageObject","inLanguage":"pt-BR","@id":"https:\/\/www.em.com.br\/emfoco\/#\/schema\/person\/image\/","url":"https:\/\/secure.gravatar.com\/avatar\/6234dc814c77c8ef6d8bba622c787efc?s=96&d=mm&r=g","contentUrl":"https:\/\/secure.gravatar.com\/avatar\/6234dc814c77c8ef6d8bba622c787efc?s=96&d=mm&r=g","caption":"Andre\u0301 Rangel\u00a0"},"url":"https:\/\/www.em.com.br\/emfoco\/author\/luizmyth\/"}]}},"_links":{"self":[{"href":"https:\/\/www.em.com.br\/emfoco\/wp-json\/wp\/v2\/posts\/109098","targetHints":{"allow":["GET"]}}],"collection":[{"href":"https:\/\/www.em.com.br\/emfoco\/wp-json\/wp\/v2\/posts"}],"about":[{"href":"https:\/\/www.em.com.br\/emfoco\/wp-json\/wp\/v2\/types\/post"}],"author":[{"embeddable":true,"href":"https:\/\/www.em.com.br\/emfoco\/wp-json\/wp\/v2\/users\/11"}],"replies":[{"embeddable":true,"href":"https:\/\/www.em.com.br\/emfoco\/wp-json\/wp\/v2\/comments?post=109098"}],"version-history":[{"count":2,"href":"https:\/\/www.em.com.br\/emfoco\/wp-json\/wp\/v2\/posts\/109098\/revisions"}],"predecessor-version":[{"id":109101,"href":"https:\/\/www.em.com.br\/emfoco\/wp-json\/wp\/v2\/posts\/109098\/revisions\/109101"}],"wp:featuredmedia":[{"embeddable":true,"href":"https:\/\/www.em.com.br\/emfoco\/wp-json\/wp\/v2\/media\/41980"}],"wp:attachment":[{"href":"https:\/\/www.em.com.br\/emfoco\/wp-json\/wp\/v2\/media?parent=109098"}],"wp:term":[{"taxonomy":"category","embeddable":true,"href":"https:\/\/www.em.com.br\/emfoco\/wp-json\/wp\/v2\/categories?post=109098"},{"taxonomy":"post_tag","embeddable":true,"href":"https:\/\/www.em.com.br\/emfoco\/wp-json\/wp\/v2\/tags?post=109098"}],"curies":[{"name":"wp","href":"https:\/\/api.w.org\/{rel}","templated":true}]}}