{"id":109062,"date":"2025-09-28T20:28:00","date_gmt":"2025-09-28T23:28:00","guid":{"rendered":"https:\/\/www.em.com.br\/emfoco\/?p=109062"},"modified":"2025-09-27T15:36:23","modified_gmt":"2025-09-27T18:36:23","slug":"melhores-destinos-em-minas-gerais-que-toda-crianca-ama-visitar","status":"publish","type":"post","link":"https:\/\/www.em.com.br\/emfoco\/2025\/09\/28\/melhores-destinos-em-minas-gerais-que-toda-crianca-ama-visitar\/","title":{"rendered":"Melhores destinos em Minas Gerais que toda crian\u00e7a ama visitar"},"content":{"rendered":"\n<p><strong>Minas Gerais<\/strong>&nbsp;\u00e9 um estado rico em cultura, gastronomia e belezas naturais, tornando-se um destino ideal para viagens em fam\u00edlia. Com uma variedade de experi\u00eancias que v\u00e3o desde passeios culturais at\u00e9 aventuras ao ar livre, h\u00e1 sempre algo para todos os gostos. Conhe\u00e7a agora tr\u00eas dos destinos mais fascinantes de Minas Gerais:<\/p>\n\n\n\n<ul class=\"wp-block-list\">\n<li>Explora\u00e7\u00e3o cultural e\u00a0<strong>art\u00edstica em\u00a0Inhotim<\/strong><\/li>\n\n\n\n<li>Conex\u00e3o com a\u00a0<strong>natureza em\u00a0Monte Verde<\/strong><\/li>\n\n\n\n<li>Imers\u00e3o hist\u00f3rica nas cidades\u00a0<strong>barrocas<\/strong><\/li>\n<\/ul>\n\n\n\n<h2 class=\"wp-block-heading\">Qual \u00e9 o papel de Inhotim na cultura mineira?<\/h2>\n\n\n\n<p>A capital mineira,\u00a0<strong>Belo Horizonte<\/strong>, reserva surpresas inesquec\u00edveis. Entre elas, a visita ao\u00a0<strong>maior museu a c\u00e9u aberto do mundo<\/strong>\u00a0&#8211;\u00a0<strong>Inhotim<\/strong>. Este espa\u00e7o singular combina arte contempor\u00e2nea e paisagismo em um ambiente que integra a natureza \u00e0s obras de arte. \u00c9 um destino perfeito para estimular a criatividade e a curiosidade das crian\u00e7as, permitindo que toda a fam\u00edlia viva uma experi\u00eancia educativa e prazerosa. Al\u00e9m disso,\u00a0<a href=\"https:\/\/www.inhotim.org.br\/\" target=\"_blank\" rel=\"noreferrer noopener\"><strong>Inhotim<\/strong>\u00a0<\/a>abriga cole\u00e7\u00f5es de artistas renomados nacional e internacionalmente, tornando-se refer\u00eancia para apreciadores de arte e pesquisadores do Brasil e de outros pa\u00edses.<\/p>\n\n\n\n<figure class=\"wp-block-image\"><img decoding=\"async\" src=\"https:\/\/www.em.com.br\/emfoco\/wp-content\/uploads\/2025\/03\/Inhotim-brasil_1743196653159-1024x576.jpg\" alt=\"\"\/><figcaption class=\"wp-element-caption\">Brumadinho &#8211; Cr\u00e9ditos: depositphotos.com \/ paulobaqueta<\/figcaption><\/figure>\n\n\n\n<h2 class=\"wp-block-heading\">Por que Monte Verde \u00e9 um destino perfeito para relaxar?<\/h2>\n\n\n\n<p><strong>Monte Verde<\/strong>&nbsp;\u00e9 a personifica\u00e7\u00e3o do aconchego de&nbsp;<strong>Minas Gerais<\/strong>. A cidade \u00e9 famosa por suas paisagens deslumbrantes e experi\u00eancias ao ar livre, como trilhas, cachoeiras e passeios de quadriciclo. Aqui, sua fam\u00edlia pode desconectar da tecnologia e se reconectar com a natureza, aproveitando os melhores hot\u00e9is fazenda da regi\u00e3o. Essa escapada oferece um momento de tranquilidade e lazer, essencial para recarregar as energias. Para quem visita durante o inverno, o clima ameno e as op\u00e7\u00f5es de fondue tamb\u00e9m tornam&nbsp;<strong>Monte Verde<\/strong>&nbsp;ainda mais especial.<\/p>\n\n\n\n<h2 class=\"wp-block-heading\">O que faz das cidades hist\u00f3ricas uma aula pr\u00e1tica de hist\u00f3ria?<\/h2>\n\n\n\n<p>As&nbsp;<strong>cidades hist\u00f3ricas<\/strong>&nbsp;mineiras s\u00e3o verdadeiros museus a c\u00e9u aberto da arquitetura e da arte barroca. Ao visitar&nbsp;<strong>Tiradentes<\/strong>,&nbsp;<strong>Mariana<\/strong>&nbsp;e&nbsp;<strong>Ouro Preto<\/strong>, sua fam\u00edlia tem a oportunidade de mergulhar na hist\u00f3ria do&nbsp;<strong>Brasil<\/strong>. Este \u00e9 o destino certo para aqueles que desejam entender e valorizar a preserva\u00e7\u00e3o hist\u00f3rica e cultural, enquanto desfrutam de paisagens incr\u00edveis e da culin\u00e1ria local de&nbsp;<strong>Minas Gerais<\/strong>. N\u00e3o deixe de explorar museus, igrejas centen\u00e1rias e festas tradicionais que acontecem ao longo do ano, como a Semana Santa e o Festival de Gastronomia.<\/p>\n\n\n\n<p>Leia tamb\u00e9m: <a href=\"https:\/\/www.em.com.br\/emfoco\/2025\/09\/27\/7-cidades-brasileiras-ideais-para-aposentadoria-tranquila-e-acessivel\/\" target=\"_blank\" rel=\"noreferrer noopener\">Cinco cidades brasileiras ideais para aposentadoria tranquila e acess\u00edvel<\/a><\/p>\n\n\n\n<h2 class=\"wp-block-heading\">Quais s\u00e3o os principais motivos para conhecer Minas Gerais em fam\u00edlia?<\/h2>\n\n\n\n<ul class=\"wp-block-list\">\n<li>Vivencie experi\u00eancias culturais \u00fanicas, como em\u00a0<strong>Inhotim<\/strong><\/li>\n\n\n\n<li>Relaxe em meio \u00e0 natureza acolhedora de\u00a0<strong>Monte Verde<\/strong><\/li>\n\n\n\n<li>Se encante com a rica hist\u00f3ria e arquitetura das cidades barrocas<\/li>\n<\/ul>\n\n\n\n<p>N\u00e3o importa o destino que escolher,&nbsp;<strong>Minas Gerais<\/strong>&nbsp;proporciona uma experi\u00eancia inesquec\u00edvel, cheia de aprendizado e divers\u00e3o para toda a fam\u00edlia. Deixe-se envolver pela calorosa hospitalidade mineira e crie mem\u00f3rias que permanecer\u00e3o para sempre.<\/p>\n\n\n\n<p><\/p>\n","protected":false},"excerpt":{"rendered":"<p>Minas Gerais&nbsp;\u00e9 um estado rico em cultura, gastronomia e belezas naturais, tornando-se um destino ideal para viagens em fam\u00edlia. Com uma variedade de experi\u00eancias que v\u00e3o desde passeios culturais at\u00e9 aventuras ao ar livre, h\u00e1 sempre algo para todos os gostos. Conhe\u00e7a agora tr\u00eas dos destinos mais fascinantes de Minas Gerais: Qual \u00e9 o papel [&hellip;]<\/p>\n","protected":false},"author":11,"featured_media":33451,"comment_status":"open","ping_status":"open","sticky":false,"template":"","format":"standard","meta":{"jnews-multi-image_gallery":[],"jnews_single_post":{"format":"standard"},"jnews_primary_category":[],"jnews_social_meta":[],"jnews_override_counter":[],"footnotes":""},"categories":[26,1],"tags":[372,4495,1860,1473],"class_list":["post-109062","post","type-post","status-publish","format-standard","has-post-thumbnail","hentry","category-cidades","category-noticias","tag-atracoes","tag-atracoes-turisticas","tag-bh","tag-criancas"],"yoast_head":"<!-- This site is optimized with the Yoast SEO plugin v23.8 - https:\/\/yoast.com\/wordpress\/plugins\/seo\/ -->\n<title>Melhores destinos em Minas Gerais que toda crian\u00e7a ama visitar - Estado de Minas - Em foco<\/title>\n<meta name=\"description\" content=\"A capital mineira re\u00fane atra\u00e7\u00f5es incr\u00edveis para crian\u00e7as de todas as idades, com muita cultura, lazer e natureza.\" \/>\n<meta name=\"robots\" content=\"index, follow, max-snippet:-1, max-image-preview:large, max-video-preview:-1\" \/>\n<link rel=\"canonical\" href=\"https:\/\/www.em.com.br\/emfoco\/2025\/09\/28\/melhores-destinos-em-minas-gerais-que-toda-crianca-ama-visitar\/\" \/>\n<meta property=\"og:locale\" content=\"pt_BR\" \/>\n<meta property=\"og:type\" content=\"article\" \/>\n<meta property=\"og:title\" content=\"Melhores destinos em Minas Gerais que toda crian\u00e7a ama visitar - Estado de Minas - Em foco\" \/>\n<meta property=\"og:description\" content=\"A capital mineira re\u00fane atra\u00e7\u00f5es incr\u00edveis para crian\u00e7as de todas as idades, com muita cultura, lazer e natureza.\" \/>\n<meta property=\"og:url\" content=\"https:\/\/www.em.com.br\/emfoco\/2025\/09\/28\/melhores-destinos-em-minas-gerais-que-toda-crianca-ama-visitar\/\" \/>\n<meta property=\"og:site_name\" content=\"Estado de Minas - Em foco\" \/>\n<meta property=\"article:published_time\" content=\"2025-09-28T23:28:00+00:00\" \/>\n<meta property=\"article:modified_time\" content=\"2025-09-27T18:36:23+00:00\" \/>\n<meta property=\"og:image\" content=\"https:\/\/www.em.com.br\/emfoco\/wp-content\/uploads\/2025\/03\/Inhotim-brasil_1743196689520.jpg\" \/>\n\t<meta property=\"og:image:width\" content=\"1280\" \/>\n\t<meta property=\"og:image:height\" content=\"720\" \/>\n\t<meta property=\"og:image:type\" content=\"image\/jpeg\" \/>\n<meta name=\"author\" content=\"Andre\u0301 Rangel\u00a0\" \/>\n<meta name=\"twitter:card\" content=\"summary_large_image\" \/>\n<meta name=\"twitter:label1\" content=\"Escrito por\" \/>\n\t<meta name=\"twitter:data1\" content=\"Andre\u0301 Rangel\u00a0\" \/>\n\t<meta name=\"twitter:label2\" content=\"Est. tempo de leitura\" \/>\n\t<meta name=\"twitter:data2\" content=\"3 minutos\" \/>\n<!-- \/ Yoast SEO plugin. -->","yoast_head_json":{"title":"Melhores destinos em Minas Gerais que toda crian\u00e7a ama visitar - Estado de Minas - Em foco","description":"A capital mineira re\u00fane atra\u00e7\u00f5es incr\u00edveis para crian\u00e7as de todas as idades, com muita cultura, lazer e natureza.","robots":{"index":"index","follow":"follow","max-snippet":"max-snippet:-1","max-image-preview":"max-image-preview:large","max-video-preview":"max-video-preview:-1"},"canonical":"https:\/\/www.em.com.br\/emfoco\/2025\/09\/28\/melhores-destinos-em-minas-gerais-que-toda-crianca-ama-visitar\/","og_locale":"pt_BR","og_type":"article","og_title":"Melhores destinos em Minas Gerais que toda crian\u00e7a ama visitar - Estado de Minas - Em foco","og_description":"A capital mineira re\u00fane atra\u00e7\u00f5es incr\u00edveis para crian\u00e7as de todas as idades, com muita cultura, lazer e natureza.","og_url":"https:\/\/www.em.com.br\/emfoco\/2025\/09\/28\/melhores-destinos-em-minas-gerais-que-toda-crianca-ama-visitar\/","og_site_name":"Estado de Minas - Em foco","article_published_time":"2025-09-28T23:28:00+00:00","article_modified_time":"2025-09-27T18:36:23+00:00","og_image":[{"width":1280,"height":720,"url":"https:\/\/www.em.com.br\/emfoco\/wp-content\/uploads\/2025\/03\/Inhotim-brasil_1743196689520.jpg","type":"image\/jpeg"}],"author":"Andre\u0301 Rangel\u00a0","twitter_card":"summary_large_image","twitter_misc":{"Escrito por":"Andre\u0301 Rangel\u00a0","Est. tempo de leitura":"3 minutos"},"schema":{"@context":"https:\/\/schema.org","@graph":[{"@type":"WebPage","@id":"https:\/\/www.em.com.br\/emfoco\/2025\/09\/28\/melhores-destinos-em-minas-gerais-que-toda-crianca-ama-visitar\/","url":"https:\/\/www.em.com.br\/emfoco\/2025\/09\/28\/melhores-destinos-em-minas-gerais-que-toda-crianca-ama-visitar\/","name":"Melhores destinos em Minas Gerais que toda crian\u00e7a ama visitar - Estado de Minas - Em foco","isPartOf":{"@id":"https:\/\/www.em.com.br\/emfoco\/#website"},"primaryImageOfPage":{"@id":"https:\/\/www.em.com.br\/emfoco\/2025\/09\/28\/melhores-destinos-em-minas-gerais-que-toda-crianca-ama-visitar\/#primaryimage"},"image":{"@id":"https:\/\/www.em.com.br\/emfoco\/2025\/09\/28\/melhores-destinos-em-minas-gerais-que-toda-crianca-ama-visitar\/#primaryimage"},"thumbnailUrl":"https:\/\/www.em.com.br\/emfoco\/wp-content\/uploads\/2025\/03\/Inhotim-brasil_1743196689520.jpg","datePublished":"2025-09-28T23:28:00+00:00","dateModified":"2025-09-27T18:36:23+00:00","author":{"@id":"https:\/\/www.em.com.br\/emfoco\/#\/schema\/person\/60eda09c1fedf0d6891f4cef4b60b8b8"},"description":"A capital mineira re\u00fane atra\u00e7\u00f5es incr\u00edveis para crian\u00e7as de todas as idades, com muita cultura, lazer e natureza.","breadcrumb":{"@id":"https:\/\/www.em.com.br\/emfoco\/2025\/09\/28\/melhores-destinos-em-minas-gerais-que-toda-crianca-ama-visitar\/#breadcrumb"},"inLanguage":"pt-BR","potentialAction":[{"@type":"ReadAction","target":["https:\/\/www.em.com.br\/emfoco\/2025\/09\/28\/melhores-destinos-em-minas-gerais-que-toda-crianca-ama-visitar\/"]}]},{"@type":"ImageObject","inLanguage":"pt-BR","@id":"https:\/\/www.em.com.br\/emfoco\/2025\/09\/28\/melhores-destinos-em-minas-gerais-que-toda-crianca-ama-visitar\/#primaryimage","url":"https:\/\/www.em.com.br\/emfoco\/wp-content\/uploads\/2025\/03\/Inhotim-brasil_1743196689520.jpg","contentUrl":"https:\/\/www.em.com.br\/emfoco\/wp-content\/uploads\/2025\/03\/Inhotim-brasil_1743196689520.jpg","width":1280,"height":720,"caption":"Jardins de Inhotim - Cr\u00e9ditos: depositphotos.com \/ diegograndi"},{"@type":"BreadcrumbList","@id":"https:\/\/www.em.com.br\/emfoco\/2025\/09\/28\/melhores-destinos-em-minas-gerais-que-toda-crianca-ama-visitar\/#breadcrumb","itemListElement":[{"@type":"ListItem","position":1,"name":"In\u00edcio","item":"https:\/\/www.em.com.br\/emfoco\/"},{"@type":"ListItem","position":2,"name":"Melhores destinos em Minas Gerais que toda crian\u00e7a ama visitar"}]},{"@type":"WebSite","@id":"https:\/\/www.em.com.br\/emfoco\/#website","url":"https:\/\/www.em.com.br\/emfoco\/","name":"Estado de Minas - Em foco","description":"Acompanhe as \u00faltimas not\u00edcias e fique bem informado sobre tudo o que acontece em Minas Gerais, Brasil e no mundo.","potentialAction":[{"@type":"SearchAction","target":{"@type":"EntryPoint","urlTemplate":"https:\/\/www.em.com.br\/emfoco\/?s={search_term_string}"},"query-input":{"@type":"PropertyValueSpecification","valueRequired":true,"valueName":"search_term_string"}}],"inLanguage":"pt-BR"},{"@type":"Person","@id":"https:\/\/www.em.com.br\/emfoco\/#\/schema\/person\/60eda09c1fedf0d6891f4cef4b60b8b8","name":"Andre\u0301 Rangel\u00a0","image":{"@type":"ImageObject","inLanguage":"pt-BR","@id":"https:\/\/www.em.com.br\/emfoco\/#\/schema\/person\/image\/","url":"https:\/\/secure.gravatar.com\/avatar\/6234dc814c77c8ef6d8bba622c787efc?s=96&d=mm&r=g","contentUrl":"https:\/\/secure.gravatar.com\/avatar\/6234dc814c77c8ef6d8bba622c787efc?s=96&d=mm&r=g","caption":"Andre\u0301 Rangel\u00a0"},"url":"https:\/\/www.em.com.br\/emfoco\/author\/luizmyth\/"}]}},"_links":{"self":[{"href":"https:\/\/www.em.com.br\/emfoco\/wp-json\/wp\/v2\/posts\/109062","targetHints":{"allow":["GET"]}}],"collection":[{"href":"https:\/\/www.em.com.br\/emfoco\/wp-json\/wp\/v2\/posts"}],"about":[{"href":"https:\/\/www.em.com.br\/emfoco\/wp-json\/wp\/v2\/types\/post"}],"author":[{"embeddable":true,"href":"https:\/\/www.em.com.br\/emfoco\/wp-json\/wp\/v2\/users\/11"}],"replies":[{"embeddable":true,"href":"https:\/\/www.em.com.br\/emfoco\/wp-json\/wp\/v2\/comments?post=109062"}],"version-history":[{"count":5,"href":"https:\/\/www.em.com.br\/emfoco\/wp-json\/wp\/v2\/posts\/109062\/revisions"}],"predecessor-version":[{"id":109096,"href":"https:\/\/www.em.com.br\/emfoco\/wp-json\/wp\/v2\/posts\/109062\/revisions\/109096"}],"wp:featuredmedia":[{"embeddable":true,"href":"https:\/\/www.em.com.br\/emfoco\/wp-json\/wp\/v2\/media\/33451"}],"wp:attachment":[{"href":"https:\/\/www.em.com.br\/emfoco\/wp-json\/wp\/v2\/media?parent=109062"}],"wp:term":[{"taxonomy":"category","embeddable":true,"href":"https:\/\/www.em.com.br\/emfoco\/wp-json\/wp\/v2\/categories?post=109062"},{"taxonomy":"post_tag","embeddable":true,"href":"https:\/\/www.em.com.br\/emfoco\/wp-json\/wp\/v2\/tags?post=109062"}],"curies":[{"name":"wp","href":"https:\/\/api.w.org\/{rel}","templated":true}]}}