{"id":108990,"date":"2025-09-29T06:28:00","date_gmt":"2025-09-29T09:28:00","guid":{"rendered":"https:\/\/www.em.com.br\/emfoco\/?p=108990"},"modified":"2025-09-27T05:25:30","modified_gmt":"2025-09-27T08:25:30","slug":"semana-se-inicia-com-temperatura-instavel-na-regiao-sudeste","status":"publish","type":"post","link":"https:\/\/www.em.com.br\/emfoco\/2025\/09\/29\/semana-se-inicia-com-temperatura-instavel-na-regiao-sudeste\/","title":{"rendered":"Semana se inicia com temperatura inst\u00e1vel na regi\u00e3o Sudeste"},"content":{"rendered":"\n<p>Confira a <strong>previs\u00e3o do tempo<\/strong> para 29\/09\/2025 em Belo Horizonte e principais munic\u00edpios mineiros. Saiba desde temperaturas at\u00e9 dicas \u00fateis para o dia.<\/p>\n\n\n\n<ul class=\"wp-block-list\">\n<li>Temperaturas esperadas para BH e cidades selecionadas<\/li>\n\n\n\n<li>Influ\u00eancia de mudan\u00e7as clim\u00e1ticas e frentes frias<\/li>\n\n\n\n<li>Dicas para interpretar o clima e ajustar seus planos<\/li>\n<\/ul>\n\n\n\n<h2 class=\"wp-block-heading\">Temperaturas m\u00e1ximas e m\u00ednimas<\/h2>\n\n\n\n<p>A <strong>previs\u00e3o do tempo<\/strong> indica um dia com amplitude t\u00e9rmica moderada em <a href=\"https:\/\/www.em.com.br\/emfoco\/2025\/09\/26\/alerta-em-minas-gerais-o-que-a-sua-familia-precisa-saber-sobre-a-frente-fria\/\" target=\"_blank\" rel=\"noreferrer noopener\">Minas Gerais<\/a>, com calor \u00e0 tarde e noites amenas.<\/p>\n\n\n\n<ul class=\"wp-block-list\">\n<li>Belo Horizonte: m\u00edn. 17 \u00b0C \/ m\u00e1x. 28 \u00b0C<\/li>\n\n\n\n<li>Uberl\u00e2ndia: m\u00edn. 16 \u00b0C \/ m\u00e1x. 30 \u00b0C<\/li>\n\n\n\n<li>Juiz de Fora: m\u00edn. 14 \u00b0C \/ m\u00e1x. 26 \u00b0C<\/li>\n\n\n\n<li>Montes Claros: m\u00edn. 19 \u00b0C \/ m\u00e1x. 31 \u00b0C<\/li>\n\n\n\n<li>Po\u00e7os de Caldas: m\u00edn. 13 \u00b0C \/ m\u00e1x. 23 \u00b0C<\/li>\n<\/ul>\n\n\n\n<figure class=\"wp-block-image size-large\"><img loading=\"lazy\" decoding=\"async\" width=\"1024\" height=\"576\" src=\"https:\/\/www.em.com.br\/emfoco\/wp-content\/uploads\/2025\/09\/Previsao-do-tempo-_1758961242134-1024x576.jpg\" alt=\"Semana se inicia com temperatura inst\u00e1vel na regi\u00e3o Sudeste\" class=\"wp-image-109010\" srcset=\"https:\/\/www.em.com.br\/emfoco\/wp-content\/uploads\/2025\/09\/Previsao-do-tempo-_1758961242134-1024x576.jpg 1024w, https:\/\/www.em.com.br\/emfoco\/wp-content\/uploads\/2025\/09\/Previsao-do-tempo-_1758961242134-300x169.jpg 300w, https:\/\/www.em.com.br\/emfoco\/wp-content\/uploads\/2025\/09\/Previsao-do-tempo-_1758961242134-768x432.jpg 768w, https:\/\/www.em.com.br\/emfoco\/wp-content\/uploads\/2025\/09\/Previsao-do-tempo-_1758961242134-750x422.jpg 750w, https:\/\/www.em.com.br\/emfoco\/wp-content\/uploads\/2025\/09\/Previsao-do-tempo-_1758961242134-1140x641.jpg 1140w, https:\/\/www.em.com.br\/emfoco\/wp-content\/uploads\/2025\/09\/Previsao-do-tempo-_1758961242134.jpg 1280w\" sizes=\"auto, (max-width: 1024px) 100vw, 1024px\" \/><figcaption class=\"wp-element-caption\">Temperaturas amenas pela manh\u00e3 e calor \u00e0 tarde &#8211; Cr\u00e9ditos: depositphotos.com \/ vapm<\/figcaption><\/figure>\n\n\n\n<h2 class=\"wp-block-heading\">Mudan\u00e7as clim\u00e1ticas na regi\u00e3o<\/h2>\n\n\n\n<p>A <strong>previs\u00e3o clim\u00e1tica<\/strong> de longo prazo mostra que Minas Gerais tem sentido padr\u00f5es mais extremos: ver\u00f5es mais quentes e secas mais intensas.<\/p>\n\n\n\n<p>Por exemplo, chuvas concentradas em poucas semanas e estiagens prolongadas t\u00eam exigido adapta\u00e7\u00e3o nos cultivos e na gest\u00e3o h\u00eddrica.<\/p>\n\n\n\n<h2 class=\"wp-block-heading\">Ver\u00e3o e frentes frias<\/h2>\n\n\n\n<p>Apesar de estarmos no final de setembro, a <strong>metereologia<\/strong> aponta que o calor pode se antecipar nos extremos do dia, t\u00edpico do pr\u00e9-ver\u00e3o.<\/p>\n\n\n\n<p>Uma pequena frente fria pode trazer queda de temperatura \u00e0 noite e aumento de nuvens em algumas \u00e1reas. Aten\u00e7\u00e3o \u00e0s varia\u00e7\u00f5es no leste mineiro.<\/p>\n\n\n\n<figure class=\"wp-block-image size-large\"><img loading=\"lazy\" decoding=\"async\" width=\"1024\" height=\"576\" src=\"https:\/\/www.em.com.br\/emfoco\/wp-content\/uploads\/2025\/04\/people-walking_1744374427331-1024x576.jpg\" alt=\"Previs\u00e3o do tempo para regi\u00e3o Sudeste indica varia\u00e7\u00f5es e chegada de frente fria\" class=\"wp-image-37314\" srcset=\"https:\/\/www.em.com.br\/emfoco\/wp-content\/uploads\/2025\/04\/people-walking_1744374427331-1024x576.jpg 1024w, https:\/\/www.em.com.br\/emfoco\/wp-content\/uploads\/2025\/04\/people-walking_1744374427331-300x169.jpg 300w, https:\/\/www.em.com.br\/emfoco\/wp-content\/uploads\/2025\/04\/people-walking_1744374427331-768x432.jpg 768w, https:\/\/www.em.com.br\/emfoco\/wp-content\/uploads\/2025\/04\/people-walking_1744374427331-750x422.jpg 750w, https:\/\/www.em.com.br\/emfoco\/wp-content\/uploads\/2025\/04\/people-walking_1744374427331-1140x641.jpg 1140w, https:\/\/www.em.com.br\/emfoco\/wp-content\/uploads\/2025\/04\/people-walking_1744374427331.jpg 1280w\" sizes=\"auto, (max-width: 1024px) 100vw, 1024px\" \/><figcaption class=\"wp-element-caption\">Pessoas caminhando &#8211; Cr\u00e9ditos: depositphotos.com \/ ints-v<\/figcaption><\/figure>\n\n\n\n<h2 class=\"wp-block-heading\">Previs\u00f5es do Inmet e Climatempo<\/h2>\n\n\n\n<p>Segundo o Inmet, aguarda-se c\u00e9u parcialmente nublado com possibilidade de chuva isolada no fim da tarde em BH e regi\u00e3o. A <strong>previs\u00e3o do tempo<\/strong> oficial estima ventos fracos de leste.<\/p>\n\n\n\n<p>J\u00e1 o <a href=\"https:\/\/www.climatempo.com.br\/\" target=\"_blank\" rel=\"noreferrer noopener\">Climatempo<\/a> aponta chances de pancadas isoladas na zona rural e temperaturas um pouco mais elevadas \u00e0 tarde. H\u00e1 concord\u00e2ncia em nuvens e calor local.<\/p>\n\n\n\n<h2 class=\"wp-block-heading\">Dicas para interpretar previs\u00f5es clim\u00e1ticas<\/h2>\n\n\n\n<p>Usar previs\u00f5es exige aten\u00e7\u00e3o: n\u00e3o leve valores no sentido literal, mas como tend\u00eancia. A <strong>previs\u00e3o do tempo<\/strong> auxilia no planejamento, mas mantenha flexibilidade nos planos.<\/p>\n\n\n\n<p>Compare diferentes boletins e veja contextos locais. Use dados de chuva, vento e umidade juntos para avaliar riscos.<\/p>\n\n\n\n<ul class=\"wp-block-list\">\n<li>Analise o hor\u00e1rio de pico de calor e risco de chuva<\/li>\n\n\n\n<li>Verifique alertas de instabilidade ou frentes frias<\/li>\n\n\n\n<li>Obtenha previs\u00f5es para manh\u00e3, tarde e noite \u2014 n\u00e3o apenas di\u00e1ria<\/li>\n\n\n\n<li>Considere a topografia local (serras, vales) ao interpretar clima<\/li>\n<\/ul>\n\n\n\n<h2 class=\"wp-block-heading\">Resumo das condi\u00e7\u00f5es esperadas<\/h2>\n\n\n\n<figure class=\"wp-block-table\"><table class=\"has-fixed-layout\"><tbody><tr><th>Local<\/th><th>M\u00ednima (\u00b0C)<\/th><th>M\u00e1xima (\u00b0C)<\/th><th>Condi\u00e7\u00e3o esperada<\/th><\/tr><tr><td>Belo Horizonte<\/td><td>17<\/td><td>28<\/td><td>Parcialmente nublado com possibilidade de chuvas isoladas<\/td><\/tr><tr><td>Uberl\u00e2ndia<\/td><td>16<\/td><td>30<\/td><td>Sol com algumas nuvens, calor t\u00edpico<\/td><\/tr><tr><td>Juiz de Fora<\/td><td>14<\/td><td>26<\/td><td>Predom\u00ednio de c\u00e9u claro, sem chuvas previstas<\/td><\/tr><tr><td>Montes Claros<\/td><td>19<\/td><td>31<\/td><td>Dia quente e seco, tempo est\u00e1vel<\/td><\/tr><tr><td>Po\u00e7os de Caldas<\/td><td>13<\/td><td>23<\/td><td>Frio ao amanhecer, calor leve \u00e0 tarde<\/td><\/tr><\/tbody><\/table><\/figure>\n\n\n\n<h2 class=\"wp-block-heading\">Aproveite o clima em Minas<\/h2>\n\n\n\n<p>Com a <strong>previs\u00e3o do tempo<\/strong> em m\u00e3os, voc\u00ea pode ajustar compromissos e tirar melhor proveito das condi\u00e7\u00f5es meteorol\u00f3gicas.<\/p>\n\n\n\n<ul class=\"wp-block-list\">\n<li>Use boletins confi\u00e1veis como Inmet e Climatempo para checagem<\/li>\n\n\n\n<li>Considere varia\u00e7\u00f5es regionais e temporais nos dados<\/li>\n\n\n\n<li>Adapte roupas, passeios e atividades conforme tend\u00eancias<\/li>\n<\/ul>\n\n\n\n<p><\/p>\n","protected":false},"excerpt":{"rendered":"<p>Confira a previs\u00e3o do tempo para 29\/09\/2025 em Belo Horizonte e principais munic\u00edpios mineiros. Saiba desde temperaturas at\u00e9 dicas \u00fateis para o dia. Temperaturas m\u00e1ximas e m\u00ednimas A previs\u00e3o do tempo indica um dia com amplitude t\u00e9rmica moderada em Minas Gerais, com calor \u00e0 tarde e noites amenas. Mudan\u00e7as clim\u00e1ticas na regi\u00e3o A previs\u00e3o clim\u00e1tica [&hellip;]<\/p>\n","protected":false},"author":13,"featured_media":43813,"comment_status":"open","ping_status":"open","sticky":false,"template":"","format":"standard","meta":{"jnews-multi-image_gallery":[],"jnews_single_post":{"format":"standard"},"jnews_primary_category":[],"jnews_social_meta":[],"jnews_override_counter":[],"footnotes":""},"categories":[30],"tags":[207,251,12923],"class_list":["post-108990","post","type-post","status-publish","format-standard","has-post-thumbnail","hentry","category-clima","tag-minas-gerais","tag-previsao-do-tempo","tag-regiao-sudeste"],"yoast_head":"<!-- This site is optimized with the Yoast SEO plugin v23.8 - https:\/\/yoast.com\/wordpress\/plugins\/seo\/ -->\n<title>Semana se inicia com temperatura inst\u00e1vel na regi\u00e3o Sudeste - Estado de Minas - Em foco<\/title>\n<meta name=\"description\" content=\"Veja a previs\u00e3o completa para 29\/09 em BH, Uberl\u00e2ndia, Juiz de Fora e outras cidades mineiras. Temperaturas, nuvens e possibilidade de chuva.\" \/>\n<meta name=\"robots\" content=\"index, follow, max-snippet:-1, max-image-preview:large, max-video-preview:-1\" \/>\n<link rel=\"canonical\" href=\"https:\/\/www.em.com.br\/emfoco\/2025\/09\/29\/semana-se-inicia-com-temperatura-instavel-na-regiao-sudeste\/\" \/>\n<meta property=\"og:locale\" content=\"pt_BR\" \/>\n<meta property=\"og:type\" content=\"article\" \/>\n<meta property=\"og:title\" content=\"Semana se inicia com temperatura inst\u00e1vel na regi\u00e3o Sudeste - Estado de Minas - Em foco\" \/>\n<meta property=\"og:description\" content=\"Veja a previs\u00e3o completa para 29\/09 em BH, Uberl\u00e2ndia, Juiz de Fora e outras cidades mineiras. Temperaturas, nuvens e possibilidade de chuva.\" \/>\n<meta property=\"og:url\" content=\"https:\/\/www.em.com.br\/emfoco\/2025\/09\/29\/semana-se-inicia-com-temperatura-instavel-na-regiao-sudeste\/\" \/>\n<meta property=\"og:site_name\" content=\"Estado de Minas - Em foco\" \/>\n<meta property=\"article:published_time\" content=\"2025-09-29T09:28:00+00:00\" \/>\n<meta property=\"article:modified_time\" content=\"2025-09-27T08:25:30+00:00\" \/>\n<meta property=\"og:image\" content=\"https:\/\/www.em.com.br\/emfoco\/wp-content\/uploads\/2025\/05\/previsao-do-tempo_1746197153724.jpg\" \/>\n\t<meta property=\"og:image:width\" content=\"1280\" \/>\n\t<meta property=\"og:image:height\" content=\"720\" \/>\n\t<meta property=\"og:image:type\" content=\"image\/jpeg\" \/>\n<meta name=\"author\" content=\"Gabriel Martins\" \/>\n<meta name=\"twitter:card\" content=\"summary_large_image\" \/>\n<meta name=\"twitter:label1\" content=\"Escrito por\" \/>\n\t<meta name=\"twitter:data1\" content=\"Gabriel Martins\" \/>\n\t<meta name=\"twitter:label2\" content=\"Est. tempo de leitura\" \/>\n\t<meta name=\"twitter:data2\" content=\"4 minutos\" \/>\n<!-- \/ Yoast SEO plugin. -->","yoast_head_json":{"title":"Semana se inicia com temperatura inst\u00e1vel na regi\u00e3o Sudeste - Estado de Minas - Em foco","description":"Veja a previs\u00e3o completa para 29\/09 em BH, Uberl\u00e2ndia, Juiz de Fora e outras cidades mineiras. Temperaturas, nuvens e possibilidade de chuva.","robots":{"index":"index","follow":"follow","max-snippet":"max-snippet:-1","max-image-preview":"max-image-preview:large","max-video-preview":"max-video-preview:-1"},"canonical":"https:\/\/www.em.com.br\/emfoco\/2025\/09\/29\/semana-se-inicia-com-temperatura-instavel-na-regiao-sudeste\/","og_locale":"pt_BR","og_type":"article","og_title":"Semana se inicia com temperatura inst\u00e1vel na regi\u00e3o Sudeste - Estado de Minas - Em foco","og_description":"Veja a previs\u00e3o completa para 29\/09 em BH, Uberl\u00e2ndia, Juiz de Fora e outras cidades mineiras. Temperaturas, nuvens e possibilidade de chuva.","og_url":"https:\/\/www.em.com.br\/emfoco\/2025\/09\/29\/semana-se-inicia-com-temperatura-instavel-na-regiao-sudeste\/","og_site_name":"Estado de Minas - Em foco","article_published_time":"2025-09-29T09:28:00+00:00","article_modified_time":"2025-09-27T08:25:30+00:00","og_image":[{"width":1280,"height":720,"url":"https:\/\/www.em.com.br\/emfoco\/wp-content\/uploads\/2025\/05\/previsao-do-tempo_1746197153724.jpg","type":"image\/jpeg"}],"author":"Gabriel Martins","twitter_card":"summary_large_image","twitter_misc":{"Escrito por":"Gabriel Martins","Est. tempo de leitura":"4 minutos"},"schema":{"@context":"https:\/\/schema.org","@graph":[{"@type":"WebPage","@id":"https:\/\/www.em.com.br\/emfoco\/2025\/09\/29\/semana-se-inicia-com-temperatura-instavel-na-regiao-sudeste\/","url":"https:\/\/www.em.com.br\/emfoco\/2025\/09\/29\/semana-se-inicia-com-temperatura-instavel-na-regiao-sudeste\/","name":"Semana se inicia com temperatura inst\u00e1vel na regi\u00e3o Sudeste - Estado de Minas - Em foco","isPartOf":{"@id":"https:\/\/www.em.com.br\/emfoco\/#website"},"primaryImageOfPage":{"@id":"https:\/\/www.em.com.br\/emfoco\/2025\/09\/29\/semana-se-inicia-com-temperatura-instavel-na-regiao-sudeste\/#primaryimage"},"image":{"@id":"https:\/\/www.em.com.br\/emfoco\/2025\/09\/29\/semana-se-inicia-com-temperatura-instavel-na-regiao-sudeste\/#primaryimage"},"thumbnailUrl":"https:\/\/www.em.com.br\/emfoco\/wp-content\/uploads\/2025\/05\/previsao-do-tempo_1746197153724.jpg","datePublished":"2025-09-29T09:28:00+00:00","dateModified":"2025-09-27T08:25:30+00:00","author":{"@id":"https:\/\/www.em.com.br\/emfoco\/#\/schema\/person\/1c9ddeab18b98abeffef834667bcf08a"},"description":"Veja a previs\u00e3o completa para 29\/09 em BH, Uberl\u00e2ndia, Juiz de Fora e outras cidades mineiras. Temperaturas, nuvens e possibilidade de chuva.","breadcrumb":{"@id":"https:\/\/www.em.com.br\/emfoco\/2025\/09\/29\/semana-se-inicia-com-temperatura-instavel-na-regiao-sudeste\/#breadcrumb"},"inLanguage":"pt-BR","potentialAction":[{"@type":"ReadAction","target":["https:\/\/www.em.com.br\/emfoco\/2025\/09\/29\/semana-se-inicia-com-temperatura-instavel-na-regiao-sudeste\/"]}]},{"@type":"ImageObject","inLanguage":"pt-BR","@id":"https:\/\/www.em.com.br\/emfoco\/2025\/09\/29\/semana-se-inicia-com-temperatura-instavel-na-regiao-sudeste\/#primaryimage","url":"https:\/\/www.em.com.br\/emfoco\/wp-content\/uploads\/2025\/05\/previsao-do-tempo_1746197153724.jpg","contentUrl":"https:\/\/www.em.com.br\/emfoco\/wp-content\/uploads\/2025\/05\/previsao-do-tempo_1746197153724.jpg","width":1280,"height":720,"caption":"Imagem ilustrativa de previs\u00e3o do tempo - Cr\u00e9ditos: depositphotos.com \/ arvydele.gmail.com"},{"@type":"BreadcrumbList","@id":"https:\/\/www.em.com.br\/emfoco\/2025\/09\/29\/semana-se-inicia-com-temperatura-instavel-na-regiao-sudeste\/#breadcrumb","itemListElement":[{"@type":"ListItem","position":1,"name":"In\u00edcio","item":"https:\/\/www.em.com.br\/emfoco\/"},{"@type":"ListItem","position":2,"name":"Semana se inicia com temperatura inst\u00e1vel na regi\u00e3o Sudeste"}]},{"@type":"WebSite","@id":"https:\/\/www.em.com.br\/emfoco\/#website","url":"https:\/\/www.em.com.br\/emfoco\/","name":"Estado de Minas - Em foco","description":"Acompanhe as \u00faltimas not\u00edcias e fique bem informado sobre tudo o que acontece em Minas Gerais, Brasil e no mundo.","potentialAction":[{"@type":"SearchAction","target":{"@type":"EntryPoint","urlTemplate":"https:\/\/www.em.com.br\/emfoco\/?s={search_term_string}"},"query-input":{"@type":"PropertyValueSpecification","valueRequired":true,"valueName":"search_term_string"}}],"inLanguage":"pt-BR"},{"@type":"Person","@id":"https:\/\/www.em.com.br\/emfoco\/#\/schema\/person\/1c9ddeab18b98abeffef834667bcf08a","name":"Gabriel Martins","image":{"@type":"ImageObject","inLanguage":"pt-BR","@id":"https:\/\/www.em.com.br\/emfoco\/#\/schema\/person\/image\/","url":"https:\/\/secure.gravatar.com\/avatar\/f0f1e2efdfd88f1ad2cb08c5c2731e50?s=96&d=mm&r=g","contentUrl":"https:\/\/secure.gravatar.com\/avatar\/f0f1e2efdfd88f1ad2cb08c5c2731e50?s=96&d=mm&r=g","caption":"Gabriel Martins"},"sameAs":["https:\/\/www.em.com.br\/emfoco\/"],"url":"https:\/\/www.em.com.br\/emfoco\/author\/gabrielmartinsmyth\/"}]}},"_links":{"self":[{"href":"https:\/\/www.em.com.br\/emfoco\/wp-json\/wp\/v2\/posts\/108990","targetHints":{"allow":["GET"]}}],"collection":[{"href":"https:\/\/www.em.com.br\/emfoco\/wp-json\/wp\/v2\/posts"}],"about":[{"href":"https:\/\/www.em.com.br\/emfoco\/wp-json\/wp\/v2\/types\/post"}],"author":[{"embeddable":true,"href":"https:\/\/www.em.com.br\/emfoco\/wp-json\/wp\/v2\/users\/13"}],"replies":[{"embeddable":true,"href":"https:\/\/www.em.com.br\/emfoco\/wp-json\/wp\/v2\/comments?post=108990"}],"version-history":[{"count":1,"href":"https:\/\/www.em.com.br\/emfoco\/wp-json\/wp\/v2\/posts\/108990\/revisions"}],"predecessor-version":[{"id":109011,"href":"https:\/\/www.em.com.br\/emfoco\/wp-json\/wp\/v2\/posts\/108990\/revisions\/109011"}],"wp:featuredmedia":[{"embeddable":true,"href":"https:\/\/www.em.com.br\/emfoco\/wp-json\/wp\/v2\/media\/43813"}],"wp:attachment":[{"href":"https:\/\/www.em.com.br\/emfoco\/wp-json\/wp\/v2\/media?parent=108990"}],"wp:term":[{"taxonomy":"category","embeddable":true,"href":"https:\/\/www.em.com.br\/emfoco\/wp-json\/wp\/v2\/categories?post=108990"},{"taxonomy":"post_tag","embeddable":true,"href":"https:\/\/www.em.com.br\/emfoco\/wp-json\/wp\/v2\/tags?post=108990"}],"curies":[{"name":"wp","href":"https:\/\/api.w.org\/{rel}","templated":true}]}}