{"id":108892,"date":"2025-09-28T22:38:00","date_gmt":"2025-09-29T01:38:00","guid":{"rendered":"https:\/\/www.em.com.br\/emfoco\/?p=108892"},"modified":"2025-09-27T19:25:48","modified_gmt":"2025-09-27T22:25:48","slug":"as-frutas-antioxidantes-pouco-conhecidas-que-fazem-bem-a-saude","status":"publish","type":"post","link":"https:\/\/www.em.com.br\/emfoco\/2025\/09\/28\/as-frutas-antioxidantes-pouco-conhecidas-que-fazem-bem-a-saude\/","title":{"rendered":"As frutas antioxidantes pouco conhecidas que fazem bem \u00e0 sa\u00fade"},"content":{"rendered":"\n<p>As <strong>frutas <\/strong>desempenham um papel importante na sa\u00fade humana devido ao seu alto teor de nutrientes e compostos bioativos. Al\u00e9m de melhorar a <strong>qualidade da dieta<\/strong>, algumas frutas s\u00e3o conhecidas por suas propriedades antioxidantes, que ajudam a combater os radicais livres no organismo. Embora muitas pessoas conhe\u00e7am frutas como <strong>mirtilo<\/strong> e <strong>morango<\/strong> por seus benef\u00edcios antioxidantes, h\u00e1 outras frutas menos conhecidas que oferecem vantagens semelhantes.<\/p>\n\n\n\n<p>O consumo regular de<strong> frutas antioxidantes \u00e9 essencial para a manuten\u00e7\u00e3o da sa\u00fade<\/strong>. Este h\u00e1bito pode auxiliar na preven\u00e7\u00e3o de doen\u00e7as cr\u00f4nicas, melhorando a imunidade e promovendo um envelhecimento saud\u00e1vel. No cen\u00e1rio atual, torna-se crucial explorar diversas op\u00e7\u00f5es frut\u00edferas para diversificar a dieta e potencializar seus benef\u00edcios.<\/p>\n\n\n\n<h2 class=\"wp-block-heading\">Quais s\u00e3o as frutas antioxidantes pouco conhecidas?<\/h2>\n\n\n\n<p>H\u00e1 uma variedade de frutas que, apesar de pouco conhecidas, possuem propriedades antioxidantes significativas. A <strong>cereja \u00e1cida<\/strong>, por exemplo, \u00e9 rica em antocianinas, compostos que diminuem a inflama\u00e7\u00e3o e melhoram a sa\u00fade cardiovascular. Outra fruta que merece destaque \u00e9 o <strong>camu-camu<\/strong>, origin\u00e1rio da <strong>Amaz\u00f4nia<\/strong> e detentor de altos n\u00edveis de vitamina C, contribuindo significativamente para a fun\u00e7\u00e3o imunol\u00f3gica e antioxidante.<\/p>\n\n\n\n<p>O <strong>a\u00e7a\u00ed<\/strong>, embora mais conhecido localmente, ainda \u00e9 subestimado globalmente. Este fruto \u00e9 abundante em antioxidantes como as proantocianidinas, que atuam na prote\u00e7\u00e3o celular. Outras frutas como a <strong>amla<\/strong>, oriunda da <strong>\u00cdndia<\/strong>, tamb\u00e9m t\u00eam notoriedade por sua grande concentra\u00e7\u00e3o de vitamina C e taninos, que auxiliam no combate ao estresse oxidativo. Al\u00e9m delas, tamb\u00e9m \u00e9 interessante mencionar frutas como a <strong>feijoa<\/strong>, muito consumida na <strong>Nova Zel\u00e2ndia<\/strong>, e o <strong>sapoti<\/strong>, t\u00edpico de regi\u00f5es tropicais das <strong>Am\u00e9ricas<\/strong>, que apresentam propriedades antioxidantes relevantes.<\/p>\n\n\n<div class=\"wp-block-image\">\n<figure class=\"aligncenter size-large\"><img loading=\"lazy\" decoding=\"async\" width=\"1024\" height=\"576\" src=\"https:\/\/www.em.com.br\/emfoco\/wp-content\/uploads\/2025\/05\/morango-plantacao_1748531287316-1024x576.jpg\" alt=\"Quais cuidados garantem morangos doces e livres de pragas\" class=\"wp-image-52966\" srcset=\"https:\/\/www.em.com.br\/emfoco\/wp-content\/uploads\/2025\/05\/morango-plantacao_1748531287316-1024x576.jpg 1024w, https:\/\/www.em.com.br\/emfoco\/wp-content\/uploads\/2025\/05\/morango-plantacao_1748531287316-300x169.jpg 300w, https:\/\/www.em.com.br\/emfoco\/wp-content\/uploads\/2025\/05\/morango-plantacao_1748531287316-768x432.jpg 768w, https:\/\/www.em.com.br\/emfoco\/wp-content\/uploads\/2025\/05\/morango-plantacao_1748531287316-750x422.jpg 750w, https:\/\/www.em.com.br\/emfoco\/wp-content\/uploads\/2025\/05\/morango-plantacao_1748531287316-1140x641.jpg 1140w, https:\/\/www.em.com.br\/emfoco\/wp-content\/uploads\/2025\/05\/morango-plantacao_1748531287316.jpg 1280w\" sizes=\"auto, (max-width: 1024px) 100vw, 1024px\" \/><figcaption class=\"wp-element-caption\">Morango planta\u00e7\u00e3o &#8211; Cr\u00e9ditos: depositphotos.com \/ marinagreen<\/figcaption><\/figure><\/div>\n\n\n<h2 class=\"wp-block-heading\">Quais os benef\u00edcios dessas frutas para a sa\u00fade?<\/h2>\n\n\n\n<p>O consumo de frutas antioxidantes fornece uma s\u00e9rie de benef\u00edcios espec\u00edficos para a sa\u00fade. A <strong>cereja \u00e1cida <\/strong>pode auxiliar na recupera\u00e7\u00e3o muscular, sendo bastante procurada por atletas. Al\u00e9m disso, o camu-camu pode ajudar a melhorar o humor e reduzir a ansiedade devido ao seu impacto positivo no c\u00e9rebro e nos n\u00edveis de serotonina.<\/p>\n\n\n\n<p>A ingest\u00e3o de a\u00e7a\u00ed n\u00e3o s\u00f3 melhora o sistema imunol\u00f3gico, mas tamb\u00e9m promove a sa\u00fade cardiovascular, ajudando a baixar os n\u00edveis de colesterol LDL. A amla, por seu turno, auxilia no controle do a\u00e7\u00facar no <strong>sangue <\/strong>e melhora a <strong>digest\u00e3o<\/strong>, sendo altamente valorizada na <a href=\"https:\/\/educacaomedica.afya.com.br\/blog\/medicina-ayurvedica-o-que-e-e-como-funciona\" target=\"_blank\" rel=\"noopener\">medicina ayurv\u00e9dica<\/a>. J\u00e1 o consumo de feijoa pode contribuir para o equil\u00edbrio da flora intestinal, e o sapoti possui compostos fen\u00f3licos que auxiliam na redu\u00e7\u00e3o dos danos celulares.<\/p>\n\n\n\n<p>Leia tamb\u00e9m: <a href=\"https:\/\/www.em.com.br\/emfoco\/2025\/09\/26\/a-melhor-bebida-para-proteger-seu-figado-agora\/\" target=\"_blank\" rel=\"noreferrer noopener\">A melhor bebida para proteger seu f\u00edgado agora<\/a><\/p>\n\n\n\n<h2 class=\"wp-block-heading\">Como incorporar essas frutas na dieta?<\/h2>\n\n\n\n<p>Incorporar essas frutas na dieta di\u00e1ria pode ser simples e prazeroso. Cada uma delas pode ser consumida de diversas maneiras, como <strong>sucos<\/strong>, <strong>smoothies <\/strong>ou como complemento de iogurtes e cereais. O<strong> a\u00e7a\u00ed, por exemplo, \u00e9 popularmente consumido em forma de tigela<\/strong>, combinando com outras <strong>frutas <\/strong>e <strong>granola<\/strong>. J\u00e1 o<strong> camu-camu <\/strong>pode ser adicionado a sucos e bebidas para refor\u00e7ar o teor de vitamina C.<\/p>\n\n\n\n<ul class=\"wp-block-list\">\n<li>Desfrutar de uma tigela de a\u00e7a\u00ed com frutas e mel pela manh\u00e3.<\/li>\n\n\n\n<li>Adicionar camu-camu em p\u00f3 aos sucos de laranja para uma superdose de vitamina C.<\/li>\n\n\n\n<li>Usar cereja \u00e1cida seca como um snack saud\u00e1vel entre as refei\u00e7\u00f5es.<\/li>\n\n\n\n<li>Fazer chutneys ou conservas de amla para acompanhar pratos principais.<\/li>\n\n\n\n<li>Experimentar feijoa fatiada sobre saladas ou misturada em sobremesas tropicais.<\/li>\n\n\n\n<li>Utilizar sapoti em vitaminas ou consumi-lo fresco como sobremesa saborosa.<\/li>\n<\/ul>\n\n\n\n<h2 class=\"wp-block-heading\">Por que dar aten\u00e7\u00e3o \u00e0s frutas antioxidantes menos conhecidas?<\/h2>\n\n\n\n<p>Explora<strong>r frutas antioxidantes<\/strong> menos conhecidas \u00e9 uma oportunidade para diversificar a alimenta\u00e7\u00e3o e descobrir novos sabores enquanto se beneficiam dos seus nutrientes. Essas frutas frequentemente v\u00eam de regi\u00f5es espec\u00edficas, possuindo caracter\u00edsticas \u00fanicas que podem agregar variedade e riqueza ao card\u00e1pio do dia a dia.<\/p>\n\n\n\n<p>Adicionar variedade \u00e0 dieta n\u00e3o s\u00f3 mant\u00e9m o interesse nas escolhas alimentares, mas tamb\u00e9m oferece um amplo conjunto de benef\u00edcios \u00e0 sa\u00fade. Ao buscar essas frutas, fomenta-se um mercado mais sustent\u00e1vel, valorizando produtores locais e preservando biodiversidades regionais, assegurando uma rica gama de op\u00e7\u00f5es nutritivas para as gera\u00e7\u00f5es futuras.<\/p>\n","protected":false},"excerpt":{"rendered":"<p>As frutas desempenham um papel importante na sa\u00fade humana devido ao seu alto teor de nutrientes e compostos bioativos. Al\u00e9m de melhorar a qualidade da dieta, algumas frutas s\u00e3o conhecidas por suas propriedades antioxidantes, que ajudam a combater os radicais livres no organismo. Embora muitas pessoas conhe\u00e7am frutas como mirtilo e morango por seus benef\u00edcios [&hellip;]<\/p>\n","protected":false},"author":9,"featured_media":103492,"comment_status":"open","ping_status":"open","sticky":false,"template":"","format":"standard","meta":{"jnews-multi-image_gallery":[],"jnews_single_post":{"format":"standard"},"jnews_primary_category":[],"jnews_social_meta":[],"jnews_override_counter":[],"footnotes":""},"categories":[8691,1],"tags":[5103,2555,1915,415],"class_list":["post-108892","post","type-post","status-publish","format-standard","has-post-thumbnail","hentry","category-bem-estar","category-noticias","tag-antioxidantes","tag-frutas","tag-nutrientes","tag-saude"],"yoast_head":"<!-- This site is optimized with the Yoast SEO plugin v23.8 - https:\/\/yoast.com\/wordpress\/plugins\/seo\/ -->\n<title>As frutas antioxidantes pouco conhecidas que fazem bem \u00e0 sa\u00fade<\/title>\n<meta name=\"description\" content=\"Al\u00e9m do sabor ex\u00f3tico, essas frutas antioxidantes protegem o organismo contra radicais livres e ainda ajudam no bem-estar geral.\" \/>\n<meta name=\"robots\" content=\"index, follow, max-snippet:-1, max-image-preview:large, max-video-preview:-1\" \/>\n<link rel=\"canonical\" href=\"https:\/\/www.em.com.br\/emfoco\/2025\/09\/28\/as-frutas-antioxidantes-pouco-conhecidas-que-fazem-bem-a-saude\/\" \/>\n<meta property=\"og:locale\" content=\"pt_BR\" \/>\n<meta property=\"og:type\" content=\"article\" \/>\n<meta property=\"og:title\" content=\"As frutas antioxidantes pouco conhecidas que fazem bem \u00e0 sa\u00fade\" \/>\n<meta property=\"og:description\" content=\"Al\u00e9m do sabor ex\u00f3tico, essas frutas antioxidantes protegem o organismo contra radicais livres e ainda ajudam no bem-estar geral.\" \/>\n<meta property=\"og:url\" content=\"https:\/\/www.em.com.br\/emfoco\/2025\/09\/28\/as-frutas-antioxidantes-pouco-conhecidas-que-fazem-bem-a-saude\/\" \/>\n<meta property=\"og:site_name\" content=\"Estado de Minas - Em foco\" \/>\n<meta property=\"article:published_time\" content=\"2025-09-29T01:38:00+00:00\" \/>\n<meta property=\"article:modified_time\" content=\"2025-09-27T22:25:48+00:00\" \/>\n<meta property=\"og:image\" content=\"https:\/\/www.em.com.br\/emfoco\/wp-content\/uploads\/2025\/09\/acai_1757648126342.jpg\" \/>\n\t<meta property=\"og:image:width\" content=\"1280\" \/>\n\t<meta property=\"og:image:height\" content=\"720\" \/>\n\t<meta property=\"og:image:type\" content=\"image\/jpeg\" \/>\n<meta name=\"author\" content=\"Daniely Cardoso\" \/>\n<meta name=\"twitter:card\" content=\"summary_large_image\" \/>\n<meta name=\"twitter:label1\" content=\"Escrito por\" \/>\n\t<meta name=\"twitter:data1\" content=\"Daniely Cardoso\" \/>\n\t<meta name=\"twitter:label2\" content=\"Est. tempo de leitura\" \/>\n\t<meta name=\"twitter:data2\" content=\"4 minutos\" \/>\n<!-- \/ Yoast SEO plugin. -->","yoast_head_json":{"title":"As frutas antioxidantes pouco conhecidas que fazem bem \u00e0 sa\u00fade","description":"Al\u00e9m do sabor ex\u00f3tico, essas frutas antioxidantes protegem o organismo contra radicais livres e ainda ajudam no bem-estar geral.","robots":{"index":"index","follow":"follow","max-snippet":"max-snippet:-1","max-image-preview":"max-image-preview:large","max-video-preview":"max-video-preview:-1"},"canonical":"https:\/\/www.em.com.br\/emfoco\/2025\/09\/28\/as-frutas-antioxidantes-pouco-conhecidas-que-fazem-bem-a-saude\/","og_locale":"pt_BR","og_type":"article","og_title":"As frutas antioxidantes pouco conhecidas que fazem bem \u00e0 sa\u00fade","og_description":"Al\u00e9m do sabor ex\u00f3tico, essas frutas antioxidantes protegem o organismo contra radicais livres e ainda ajudam no bem-estar geral.","og_url":"https:\/\/www.em.com.br\/emfoco\/2025\/09\/28\/as-frutas-antioxidantes-pouco-conhecidas-que-fazem-bem-a-saude\/","og_site_name":"Estado de Minas - Em foco","article_published_time":"2025-09-29T01:38:00+00:00","article_modified_time":"2025-09-27T22:25:48+00:00","og_image":[{"width":1280,"height":720,"url":"https:\/\/www.em.com.br\/emfoco\/wp-content\/uploads\/2025\/09\/acai_1757648126342.jpg","type":"image\/jpeg"}],"author":"Daniely Cardoso","twitter_card":"summary_large_image","twitter_misc":{"Escrito por":"Daniely Cardoso","Est. tempo de leitura":"4 minutos"},"schema":{"@context":"https:\/\/schema.org","@graph":[{"@type":"WebPage","@id":"https:\/\/www.em.com.br\/emfoco\/2025\/09\/28\/as-frutas-antioxidantes-pouco-conhecidas-que-fazem-bem-a-saude\/","url":"https:\/\/www.em.com.br\/emfoco\/2025\/09\/28\/as-frutas-antioxidantes-pouco-conhecidas-que-fazem-bem-a-saude\/","name":"As frutas antioxidantes pouco conhecidas que fazem bem \u00e0 sa\u00fade","isPartOf":{"@id":"https:\/\/www.em.com.br\/emfoco\/#website"},"primaryImageOfPage":{"@id":"https:\/\/www.em.com.br\/emfoco\/2025\/09\/28\/as-frutas-antioxidantes-pouco-conhecidas-que-fazem-bem-a-saude\/#primaryimage"},"image":{"@id":"https:\/\/www.em.com.br\/emfoco\/2025\/09\/28\/as-frutas-antioxidantes-pouco-conhecidas-que-fazem-bem-a-saude\/#primaryimage"},"thumbnailUrl":"https:\/\/www.em.com.br\/emfoco\/wp-content\/uploads\/2025\/09\/acai_1757648126342.jpg","datePublished":"2025-09-29T01:38:00+00:00","dateModified":"2025-09-27T22:25:48+00:00","author":{"@id":"https:\/\/www.em.com.br\/emfoco\/#\/schema\/person\/0a8186d72f2c3a5c6276d90b41f271a0"},"description":"Al\u00e9m do sabor ex\u00f3tico, essas frutas antioxidantes protegem o organismo contra radicais livres e ainda ajudam no bem-estar geral.","breadcrumb":{"@id":"https:\/\/www.em.com.br\/emfoco\/2025\/09\/28\/as-frutas-antioxidantes-pouco-conhecidas-que-fazem-bem-a-saude\/#breadcrumb"},"inLanguage":"pt-BR","potentialAction":[{"@type":"ReadAction","target":["https:\/\/www.em.com.br\/emfoco\/2025\/09\/28\/as-frutas-antioxidantes-pouco-conhecidas-que-fazem-bem-a-saude\/"]}]},{"@type":"ImageObject","inLanguage":"pt-BR","@id":"https:\/\/www.em.com.br\/emfoco\/2025\/09\/28\/as-frutas-antioxidantes-pouco-conhecidas-que-fazem-bem-a-saude\/#primaryimage","url":"https:\/\/www.em.com.br\/emfoco\/wp-content\/uploads\/2025\/09\/acai_1757648126342.jpg","contentUrl":"https:\/\/www.em.com.br\/emfoco\/wp-content\/uploads\/2025\/09\/acai_1757648126342.jpg","width":1280,"height":720,"caption":"A\u00e7a\u00ed - Cr\u00e9ditos: depositphotos.com \/ zstockphotos"},{"@type":"BreadcrumbList","@id":"https:\/\/www.em.com.br\/emfoco\/2025\/09\/28\/as-frutas-antioxidantes-pouco-conhecidas-que-fazem-bem-a-saude\/#breadcrumb","itemListElement":[{"@type":"ListItem","position":1,"name":"In\u00edcio","item":"https:\/\/www.em.com.br\/emfoco\/"},{"@type":"ListItem","position":2,"name":"As frutas antioxidantes pouco conhecidas que fazem bem \u00e0 sa\u00fade"}]},{"@type":"WebSite","@id":"https:\/\/www.em.com.br\/emfoco\/#website","url":"https:\/\/www.em.com.br\/emfoco\/","name":"Estado de Minas - Em foco","description":"Acompanhe as \u00faltimas not\u00edcias e fique bem informado sobre tudo o que acontece em Minas Gerais, Brasil e no mundo.","potentialAction":[{"@type":"SearchAction","target":{"@type":"EntryPoint","urlTemplate":"https:\/\/www.em.com.br\/emfoco\/?s={search_term_string}"},"query-input":{"@type":"PropertyValueSpecification","valueRequired":true,"valueName":"search_term_string"}}],"inLanguage":"pt-BR"},{"@type":"Person","@id":"https:\/\/www.em.com.br\/emfoco\/#\/schema\/person\/0a8186d72f2c3a5c6276d90b41f271a0","name":"Daniely Cardoso","image":{"@type":"ImageObject","inLanguage":"pt-BR","@id":"https:\/\/www.em.com.br\/emfoco\/#\/schema\/person\/image\/","url":"https:\/\/secure.gravatar.com\/avatar\/4b80ddbd124d1f071b626d52d62e5dff?s=96&d=mm&r=g","contentUrl":"https:\/\/secure.gravatar.com\/avatar\/4b80ddbd124d1f071b626d52d62e5dff?s=96&d=mm&r=g","caption":"Daniely Cardoso"},"url":"https:\/\/www.em.com.br\/emfoco\/author\/danielymyth\/"}]}},"_links":{"self":[{"href":"https:\/\/www.em.com.br\/emfoco\/wp-json\/wp\/v2\/posts\/108892","targetHints":{"allow":["GET"]}}],"collection":[{"href":"https:\/\/www.em.com.br\/emfoco\/wp-json\/wp\/v2\/posts"}],"about":[{"href":"https:\/\/www.em.com.br\/emfoco\/wp-json\/wp\/v2\/types\/post"}],"author":[{"embeddable":true,"href":"https:\/\/www.em.com.br\/emfoco\/wp-json\/wp\/v2\/users\/9"}],"replies":[{"embeddable":true,"href":"https:\/\/www.em.com.br\/emfoco\/wp-json\/wp\/v2\/comments?post=108892"}],"version-history":[{"count":2,"href":"https:\/\/www.em.com.br\/emfoco\/wp-json\/wp\/v2\/posts\/108892\/revisions"}],"predecessor-version":[{"id":108901,"href":"https:\/\/www.em.com.br\/emfoco\/wp-json\/wp\/v2\/posts\/108892\/revisions\/108901"}],"wp:featuredmedia":[{"embeddable":true,"href":"https:\/\/www.em.com.br\/emfoco\/wp-json\/wp\/v2\/media\/103492"}],"wp:attachment":[{"href":"https:\/\/www.em.com.br\/emfoco\/wp-json\/wp\/v2\/media?parent=108892"}],"wp:term":[{"taxonomy":"category","embeddable":true,"href":"https:\/\/www.em.com.br\/emfoco\/wp-json\/wp\/v2\/categories?post=108892"},{"taxonomy":"post_tag","embeddable":true,"href":"https:\/\/www.em.com.br\/emfoco\/wp-json\/wp\/v2\/tags?post=108892"}],"curies":[{"name":"wp","href":"https:\/\/api.w.org\/{rel}","templated":true}]}}