{"id":10875,"date":"2025-01-29T22:20:00","date_gmt":"2025-01-30T01:20:00","guid":{"rendered":"https:\/\/www.em.com.br\/emfoco\/?p=10875"},"modified":"2025-01-27T18:39:41","modified_gmt":"2025-01-27T21:39:41","slug":"aviso-para-todos-os-usuarios-de-celular-motorola","status":"publish","type":"post","link":"https:\/\/www.em.com.br\/emfoco\/2025\/01\/29\/aviso-para-todos-os-usuarios-de-celular-motorola\/","title":{"rendered":"Aviso para todos os usu\u00e1rios de celular Motorola!"},"content":{"rendered":"\n<p>A <strong><a href=\"https:\/\/www.motorola.com.br\/?srsltid=AfmBOor2nHwv4TU5L1-VBiUKfFip7UmSwEbwwAK5-GYD1FrhqGNBWQQU\" target=\"_blank\" rel=\"noreferrer noopener\">Motorola<\/a><\/strong> anunciou que, ao longo de 2025, pelo menos 20 de seus celulares receber\u00e3o a atualiza\u00e7\u00e3o para o Android 15. Entre os dispositivos que receber\u00e3o a nova vers\u00e3o do sistema operacional est\u00e3o modelos das linhas Edge, Razr e Moto G. O lan\u00e7amento destaca-se pelas melhorias em <strong><a href=\"https:\/\/www.em.com.br\/emfoco\/2025\/01\/09\/conheca-a-cidade-que-conquistou-um-lugar-de-destaque-no-ranking-de-seguranca\/\" target=\"_blank\" rel=\"noreferrer noopener\">seguran\u00e7a<\/a><\/strong> e novidades em interface que prometem agradar seus usu\u00e1rios.<\/p>\n\n\n\n<p>Os modelos contemplados v\u00e3o desde aparelhos de entrada at\u00e9 smartphones premium, incluindo dispositivos dobr\u00e1veis da linha Razr. A Motorola tem enfatizado esta atualiza\u00e7\u00e3o como um grande marco para a empresa, que busca manter-se competitiva em um mercado cada vez mais avan\u00e7ado tecnologicamente.<\/p>\n\n\n\n<h2 class=\"wp-block-heading\">Quais S\u00e3o as Novidades do Android 15?<\/h2>\n\n\n\n<p>O Android 15 chega com v\u00e1rias inova\u00e7\u00f5es, come\u00e7ando por uma nova gaveta de aplicativos organiza em formato horizontal, facilitando o acesso \u00e0s funcionalidades do aparelho. Al\u00e9m disso, inclui um espa\u00e7o seguro com prote\u00e7\u00e3o biom\u00e9trica para maior seguran\u00e7a do usu\u00e1rio. A intelig\u00eancia artificial tamb\u00e9m desempenha um papel importante na nova vers\u00e3o, ajudando a proteger o dispositivo contra situa\u00e7\u00f5es de roubo.<\/p>\n\n\n\n<p>A fun\u00e7\u00e3o de prote\u00e7\u00e3o contra roubo emprega dispositivos vest\u00edveis para determinar a remo\u00e7\u00e3o abrupta do smartphone, bloqueando-o automaticamente quando necess\u00e1rio. \u00c9 uma tentativa de trazer solu\u00e7\u00f5es antenadas \u00e0s necessidades de seguran\u00e7a cada vez mais exigidas pelos usu\u00e1rios.<\/p>\n\n\n\n<figure class=\"wp-block-image size-large\"><img loading=\"lazy\" decoding=\"async\" width=\"1024\" height=\"576\" src=\"https:\/\/www.em.com.br\/emfoco\/wp-content\/uploads\/2025\/01\/android_1735861933015-1024x576.jpg\" alt=\"One UI 7: A Nova Interface da Samsung Chega com o Android 15 - O que Muda?\" class=\"wp-image-8145\" srcset=\"https:\/\/www.em.com.br\/emfoco\/wp-content\/uploads\/2025\/01\/android_1735861933015-1024x576.jpg 1024w, https:\/\/www.em.com.br\/emfoco\/wp-content\/uploads\/2025\/01\/android_1735861933015-300x169.jpg 300w, https:\/\/www.em.com.br\/emfoco\/wp-content\/uploads\/2025\/01\/android_1735861933015-768x432.jpg 768w, https:\/\/www.em.com.br\/emfoco\/wp-content\/uploads\/2025\/01\/android_1735861933015-750x422.jpg 750w, https:\/\/www.em.com.br\/emfoco\/wp-content\/uploads\/2025\/01\/android_1735861933015-1140x641.jpg 1140w, https:\/\/www.em.com.br\/emfoco\/wp-content\/uploads\/2025\/01\/android_1735861933015.jpg 1280w\" sizes=\"auto, (max-width: 1024px) 100vw, 1024px\" \/><figcaption class=\"wp-element-caption\">Imagem Ilustrativa do Android &#8211; Cr\u00e9ditos: depositphotos.com \/ rafapress<\/figcaption><\/figure>\n\n\n\n<h2 class=\"wp-block-heading\">Quais Dispositivos da Motorola ser\u00e3o Atualizados?<\/h2>\n\n\n\n<p>A lista de aparelhos que receber\u00e3o o Android 15 \u00e9 extensa e cobre v\u00e1rias s\u00e9ries populares da Motorola. Na linha Edge, os aparelhos contemplados incluem o <strong>Edge 30 Ultra<\/strong>, <strong>Edge 40<\/strong>, <strong>Edge 40 Neo<\/strong>, entre outros. J\u00e1 na linha Razr, os modelos <strong>Razr 40<\/strong> e <strong>Razr 50<\/strong> tamb\u00e9m est\u00e3o confirmados para a atualiza\u00e7\u00e3o. No segmento Moto G, ser\u00e3o atualizados dispositivos como <strong>Moto G34 5G<\/strong>, <strong>Moto G54 5G<\/strong>, at\u00e9 o <strong>Moto G85 5G<\/strong>.<\/p>\n\n\n\n<ul class=\"wp-block-list\">\n<li>Edge 50, Edge 50 Pro, Edge 50 Fusion, Edge 50 Ultra<\/li>\n\n\n\n<li>Razr 40 Ultra, Razr 50 Ultra<\/li>\n\n\n\n<li>Moto G35 5G, Moto G55 5G, Moto G75 5G, Moto G84 5G<\/li>\n<\/ul>\n\n\n\n<p>Al\u00e9m disso, o dispositivo <strong>ThinkPhone<\/strong> completa a lista de aparelhos a serem atualizados, destacando a diversidade de dispositivos contemplados pela empresa.<\/p>\n\n\n\n<h2 class=\"wp-block-heading\">Como Est\u00e1 o Desenvolvimento e Distribui\u00e7\u00e3o das Atualiza\u00e7\u00f5es?<\/h2>\n\n\n\n<p>A Motorola planeja implementar a atualiza\u00e7\u00e3o de maneira \u00e1gil, visando amenizar cr\u00edticas passadas referentes \u00e0 demora na entrega de novas vers\u00f5es de sistema. Historicamente, a companhia oferecia suporte por at\u00e9 tr\u00eas anos, enquanto rivais, como algumas fabricantes coreanas, garantem atualiza\u00e7\u00f5es por at\u00e9 sete anos. O novo plano para o Android 15 visa mudar essa percep\u00e7\u00e3o e fortalecer a reputa\u00e7\u00e3o da marca no mercado.<\/p>\n\n\n\n<h2 class=\"wp-block-heading\">Qual o Impacto dessas Atualiza\u00e7\u00f5es para Motorola?<\/h2>\n\n\n\n<p>As atualiza\u00e7\u00f5es do Android 15 devem trazer n\u00e3o s\u00f3 uma melhoria na usabilidade e seguran\u00e7a para os usu\u00e1rios, mas tamb\u00e9m ajudar a Motorola a se destacar frente \u00e0 concorr\u00eancia. Com inova\u00e7\u00f5es cont\u00ednuas e suporte prolongado, a empresa busca conquistar novamente a confian\u00e7a dos consumidores, posicionando-se como l\u00edder no setor de telefonia m\u00f3vel.<\/p>\n","protected":false},"excerpt":{"rendered":"<p>A Motorola anunciou que, ao longo de 2025, pelo menos 20 de seus celulares receber\u00e3o a atualiza\u00e7\u00e3o para o Android 15. Entre os dispositivos que receber\u00e3o a nova vers\u00e3o do sistema operacional est\u00e3o modelos das linhas Edge, Razr e Moto G. O lan\u00e7amento destaca-se pelas melhorias em seguran\u00e7a e novidades em interface que prometem agradar [&hellip;]<\/p>\n","protected":false},"author":5,"featured_media":8527,"comment_status":"open","ping_status":"open","sticky":false,"template":"","format":"standard","meta":{"jnews-multi-image_gallery":[],"jnews_single_post":{"format":"standard"},"jnews_primary_category":[],"jnews_social_meta":[],"jnews_override_counter":[],"footnotes":""},"categories":[29,138,1],"tags":[2950,3515,2949,161],"class_list":["post-10875","post","type-post","status-publish","format-standard","has-post-thumbnail","hentry","category-entretenimento","category-mundo","category-noticias","tag-android-15","tag-android-15-update","tag-motorola","tag-tecnologia"],"yoast_head":"<!-- This site is optimized with the Yoast SEO plugin v23.8 - https:\/\/yoast.com\/wordpress\/plugins\/seo\/ -->\n<title>Aviso para todos os usu\u00e1rios de celular Motorola! - Estado de Minas - Em foco<\/title>\n<meta name=\"description\" content=\"A Motorola est\u00e1 investindo em inova\u00e7\u00e3o para oferecer o melhor para seus usu\u00e1rios. Descubra as novidades do Android 15.\" \/>\n<meta name=\"robots\" content=\"index, follow, max-snippet:-1, max-image-preview:large, max-video-preview:-1\" \/>\n<link rel=\"canonical\" href=\"https:\/\/www.em.com.br\/emfoco\/2025\/01\/29\/aviso-para-todos-os-usuarios-de-celular-motorola\/\" \/>\n<meta property=\"og:locale\" content=\"pt_BR\" \/>\n<meta property=\"og:type\" content=\"article\" \/>\n<meta property=\"og:title\" content=\"Aviso para todos os usu\u00e1rios de celular Motorola! - Estado de Minas - Em foco\" \/>\n<meta property=\"og:description\" content=\"A Motorola est\u00e1 investindo em inova\u00e7\u00e3o para oferecer o melhor para seus usu\u00e1rios. Descubra as novidades do Android 15.\" \/>\n<meta property=\"og:url\" content=\"https:\/\/www.em.com.br\/emfoco\/2025\/01\/29\/aviso-para-todos-os-usuarios-de-celular-motorola\/\" \/>\n<meta property=\"og:site_name\" content=\"Estado de Minas - Em foco\" \/>\n<meta property=\"article:published_time\" content=\"2025-01-30T01:20:00+00:00\" \/>\n<meta property=\"article:modified_time\" content=\"2025-01-27T21:39:41+00:00\" \/>\n<meta property=\"og:image\" content=\"https:\/\/www.em.com.br\/emfoco\/wp-content\/uploads\/2025\/01\/motorola_1735991831223.jpg\" \/>\n\t<meta property=\"og:image:width\" content=\"1280\" \/>\n\t<meta property=\"og:image:height\" content=\"720\" \/>\n\t<meta property=\"og:image:type\" content=\"image\/jpeg\" \/>\n<meta name=\"author\" content=\"N\u00fabia Rangel\" \/>\n<meta name=\"twitter:card\" content=\"summary_large_image\" \/>\n<meta name=\"twitter:label1\" content=\"Escrito por\" \/>\n\t<meta name=\"twitter:data1\" content=\"N\u00fabia Rangel\" \/>\n\t<meta name=\"twitter:label2\" content=\"Est. tempo de leitura\" \/>\n\t<meta name=\"twitter:data2\" content=\"3 minutos\" \/>\n<!-- \/ Yoast SEO plugin. -->","yoast_head_json":{"title":"Aviso para todos os usu\u00e1rios de celular Motorola! - Estado de Minas - Em foco","description":"A Motorola est\u00e1 investindo em inova\u00e7\u00e3o para oferecer o melhor para seus usu\u00e1rios. Descubra as novidades do Android 15.","robots":{"index":"index","follow":"follow","max-snippet":"max-snippet:-1","max-image-preview":"max-image-preview:large","max-video-preview":"max-video-preview:-1"},"canonical":"https:\/\/www.em.com.br\/emfoco\/2025\/01\/29\/aviso-para-todos-os-usuarios-de-celular-motorola\/","og_locale":"pt_BR","og_type":"article","og_title":"Aviso para todos os usu\u00e1rios de celular Motorola! - Estado de Minas - Em foco","og_description":"A Motorola est\u00e1 investindo em inova\u00e7\u00e3o para oferecer o melhor para seus usu\u00e1rios. Descubra as novidades do Android 15.","og_url":"https:\/\/www.em.com.br\/emfoco\/2025\/01\/29\/aviso-para-todos-os-usuarios-de-celular-motorola\/","og_site_name":"Estado de Minas - Em foco","article_published_time":"2025-01-30T01:20:00+00:00","article_modified_time":"2025-01-27T21:39:41+00:00","og_image":[{"width":1280,"height":720,"url":"https:\/\/www.em.com.br\/emfoco\/wp-content\/uploads\/2025\/01\/motorola_1735991831223.jpg","type":"image\/jpeg"}],"author":"N\u00fabia Rangel","twitter_card":"summary_large_image","twitter_misc":{"Escrito por":"N\u00fabia Rangel","Est. tempo de leitura":"3 minutos"},"schema":{"@context":"https:\/\/schema.org","@graph":[{"@type":"WebPage","@id":"https:\/\/www.em.com.br\/emfoco\/2025\/01\/29\/aviso-para-todos-os-usuarios-de-celular-motorola\/","url":"https:\/\/www.em.com.br\/emfoco\/2025\/01\/29\/aviso-para-todos-os-usuarios-de-celular-motorola\/","name":"Aviso para todos os usu\u00e1rios de celular Motorola! - Estado de Minas - Em foco","isPartOf":{"@id":"https:\/\/www.em.com.br\/emfoco\/#website"},"primaryImageOfPage":{"@id":"https:\/\/www.em.com.br\/emfoco\/2025\/01\/29\/aviso-para-todos-os-usuarios-de-celular-motorola\/#primaryimage"},"image":{"@id":"https:\/\/www.em.com.br\/emfoco\/2025\/01\/29\/aviso-para-todos-os-usuarios-de-celular-motorola\/#primaryimage"},"thumbnailUrl":"https:\/\/www.em.com.br\/emfoco\/wp-content\/uploads\/2025\/01\/motorola_1735991831223.jpg","datePublished":"2025-01-30T01:20:00+00:00","dateModified":"2025-01-27T21:39:41+00:00","author":{"@id":"https:\/\/www.em.com.br\/emfoco\/#\/schema\/person\/524437ef54f8a5d32591b143307f2e20"},"description":"A Motorola est\u00e1 investindo em inova\u00e7\u00e3o para oferecer o melhor para seus usu\u00e1rios. Descubra as novidades do Android 15.","breadcrumb":{"@id":"https:\/\/www.em.com.br\/emfoco\/2025\/01\/29\/aviso-para-todos-os-usuarios-de-celular-motorola\/#breadcrumb"},"inLanguage":"pt-BR","potentialAction":[{"@type":"ReadAction","target":["https:\/\/www.em.com.br\/emfoco\/2025\/01\/29\/aviso-para-todos-os-usuarios-de-celular-motorola\/"]}]},{"@type":"ImageObject","inLanguage":"pt-BR","@id":"https:\/\/www.em.com.br\/emfoco\/2025\/01\/29\/aviso-para-todos-os-usuarios-de-celular-motorola\/#primaryimage","url":"https:\/\/www.em.com.br\/emfoco\/wp-content\/uploads\/2025\/01\/motorola_1735991831223.jpg","contentUrl":"https:\/\/www.em.com.br\/emfoco\/wp-content\/uploads\/2025\/01\/motorola_1735991831223.jpg","width":1280,"height":720,"caption":"Imagem Ilustrativa Motorola - Cr\u00e9ditos: depositphotos.com \/ rafapress"},{"@type":"BreadcrumbList","@id":"https:\/\/www.em.com.br\/emfoco\/2025\/01\/29\/aviso-para-todos-os-usuarios-de-celular-motorola\/#breadcrumb","itemListElement":[{"@type":"ListItem","position":1,"name":"In\u00edcio","item":"https:\/\/www.em.com.br\/emfoco\/"},{"@type":"ListItem","position":2,"name":"Aviso para todos os usu\u00e1rios de celular Motorola!"}]},{"@type":"WebSite","@id":"https:\/\/www.em.com.br\/emfoco\/#website","url":"https:\/\/www.em.com.br\/emfoco\/","name":"Estado de Minas - Em foco","description":"Acompanhe as \u00faltimas not\u00edcias e fique bem informado sobre tudo o que acontece em Minas Gerais, Brasil e no mundo.","potentialAction":[{"@type":"SearchAction","target":{"@type":"EntryPoint","urlTemplate":"https:\/\/www.em.com.br\/emfoco\/?s={search_term_string}"},"query-input":{"@type":"PropertyValueSpecification","valueRequired":true,"valueName":"search_term_string"}}],"inLanguage":"pt-BR"},{"@type":"Person","@id":"https:\/\/www.em.com.br\/emfoco\/#\/schema\/person\/524437ef54f8a5d32591b143307f2e20","name":"N\u00fabia Rangel","image":{"@type":"ImageObject","inLanguage":"pt-BR","@id":"https:\/\/www.em.com.br\/emfoco\/#\/schema\/person\/image\/","url":"https:\/\/secure.gravatar.com\/avatar\/47cff2827a5ba23c37e8068c86817ea4?s=96&d=mm&r=g","contentUrl":"https:\/\/secure.gravatar.com\/avatar\/47cff2827a5ba23c37e8068c86817ea4?s=96&d=mm&r=g","caption":"N\u00fabia Rangel"},"sameAs":["https:\/\/www.em.com.br\/emfoco\/"],"url":"https:\/\/www.em.com.br\/emfoco\/author\/nubiamyth\/"}]}},"_links":{"self":[{"href":"https:\/\/www.em.com.br\/emfoco\/wp-json\/wp\/v2\/posts\/10875","targetHints":{"allow":["GET"]}}],"collection":[{"href":"https:\/\/www.em.com.br\/emfoco\/wp-json\/wp\/v2\/posts"}],"about":[{"href":"https:\/\/www.em.com.br\/emfoco\/wp-json\/wp\/v2\/types\/post"}],"author":[{"embeddable":true,"href":"https:\/\/www.em.com.br\/emfoco\/wp-json\/wp\/v2\/users\/5"}],"replies":[{"embeddable":true,"href":"https:\/\/www.em.com.br\/emfoco\/wp-json\/wp\/v2\/comments?post=10875"}],"version-history":[{"count":2,"href":"https:\/\/www.em.com.br\/emfoco\/wp-json\/wp\/v2\/posts\/10875\/revisions"}],"predecessor-version":[{"id":10877,"href":"https:\/\/www.em.com.br\/emfoco\/wp-json\/wp\/v2\/posts\/10875\/revisions\/10877"}],"wp:featuredmedia":[{"embeddable":true,"href":"https:\/\/www.em.com.br\/emfoco\/wp-json\/wp\/v2\/media\/8527"}],"wp:attachment":[{"href":"https:\/\/www.em.com.br\/emfoco\/wp-json\/wp\/v2\/media?parent=10875"}],"wp:term":[{"taxonomy":"category","embeddable":true,"href":"https:\/\/www.em.com.br\/emfoco\/wp-json\/wp\/v2\/categories?post=10875"},{"taxonomy":"post_tag","embeddable":true,"href":"https:\/\/www.em.com.br\/emfoco\/wp-json\/wp\/v2\/tags?post=10875"}],"curies":[{"name":"wp","href":"https:\/\/api.w.org\/{rel}","templated":true}]}}