{"id":108717,"date":"2025-09-29T13:08:00","date_gmt":"2025-09-29T16:08:00","guid":{"rendered":"https:\/\/www.em.com.br\/emfoco\/?p=108717"},"modified":"2025-09-26T14:55:57","modified_gmt":"2025-09-26T17:55:57","slug":"proteja-suas-roupas-contra-tracas-utilizando-somente-um-sache","status":"publish","type":"post","link":"https:\/\/www.em.com.br\/emfoco\/2025\/09\/29\/proteja-suas-roupas-contra-tracas-utilizando-somente-um-sache\/","title":{"rendered":"Proteja suas roupas contra tra\u00e7as utilizando somente um sach\u00ea"},"content":{"rendered":"\n<p>Aprender a preparar sach\u00eas de lavanda \u00e9 uma forma simples, natural e eficaz de afastar tra\u00e7as do guarda-roupa, protegendo roupas delicadas sem recorrer a produtos qu\u00edmicos agressivos.<\/p>\n\n\n\n<ul class=\"wp-block-list\">\n<li>Receita pr\u00e1tica para sach\u00eas caseiros<\/li>\n\n\n\n<li>Benef\u00edcios da lavanda contra tra\u00e7as<\/li>\n\n\n\n<li>Dicas de conserva\u00e7\u00e3o prolongada<\/li>\n<\/ul>\n\n\n\n<h2 class=\"wp-block-heading\">Por que os sach\u00eas de lavanda afastam as tra\u00e7as?<\/h2>\n\n\n\n<p>O aroma da lavanda \u00e9 agrad\u00e1vel para humanos, mas atua como <a href=\"https:\/\/www.tuasaude.com\/repelente-caseiro\/\" target=\"_blank\" rel=\"noreferrer noopener\">repelente natural para insetos<\/a>. <strong>O odor intenso incomoda as tra\u00e7as e impede que se aproximem das roupas<\/strong>, tornando os sach\u00eas uma solu\u00e7\u00e3o eficiente e sustent\u00e1vel.<\/p>\n\n\n\n<p>Al\u00e9m de repelir, a lavanda contribui para manter o ambiente interno mais fresco e com sensa\u00e7\u00e3o de limpeza. Esse duplo efeito torna os sach\u00eas ainda mais \u00fateis em guarda-roupas e gavetas.<\/p>\n\n\n\n<figure class=\"wp-block-image size-large\"><img loading=\"lazy\" decoding=\"async\" width=\"1024\" height=\"576\" src=\"https:\/\/www.em.com.br\/emfoco\/wp-content\/uploads\/2025\/09\/sache-de-lavanda_1758909085978-1024x576.jpg\" alt=\"Proteja suas roupas contra tra\u00e7as utilizando somente um sach\u00ea\" class=\"wp-image-108744\" srcset=\"https:\/\/www.em.com.br\/emfoco\/wp-content\/uploads\/2025\/09\/sache-de-lavanda_1758909085978-1024x576.jpg 1024w, https:\/\/www.em.com.br\/emfoco\/wp-content\/uploads\/2025\/09\/sache-de-lavanda_1758909085978-300x169.jpg 300w, https:\/\/www.em.com.br\/emfoco\/wp-content\/uploads\/2025\/09\/sache-de-lavanda_1758909085978-768x432.jpg 768w, https:\/\/www.em.com.br\/emfoco\/wp-content\/uploads\/2025\/09\/sache-de-lavanda_1758909085978-750x422.jpg 750w, https:\/\/www.em.com.br\/emfoco\/wp-content\/uploads\/2025\/09\/sache-de-lavanda_1758909085978-1140x641.jpg 1140w, https:\/\/www.em.com.br\/emfoco\/wp-content\/uploads\/2025\/09\/sache-de-lavanda_1758909085978.jpg 1280w\" sizes=\"auto, (max-width: 1024px) 100vw, 1024px\" \/><figcaption class=\"wp-element-caption\">Aroma suave que afasta tra\u00e7as sem prejudicar as roupas &#8211; Cr\u00e9ditos: depositphotos.com \/ moussa81<\/figcaption><\/figure>\n\n\n\n<h2 class=\"wp-block-heading\">Como preparar sach\u00eas de lavanda de forma pr\u00e1tica?<\/h2>\n\n\n\n<p>O preparo \u00e9 r\u00e1pido e exige poucos materiais simples de encontrar. Voc\u00ea pode adaptar tamanhos e tecidos de acordo com a quantidade de roupas e espa\u00e7o dispon\u00edvel no guarda-roupa.<\/p>\n\n\n\n<ul class=\"wp-block-list\">\n<li>Separe flores secas de lavanda<\/li>\n\n\n\n<li>Utilize tecidos finos como algod\u00e3o ou tule<\/li>\n\n\n\n<li>Monte pequenos saquinhos e feche com fita<\/li>\n<\/ul>\n\n\n\n<h2 class=\"wp-block-heading\">Qual a melhor forma de usar os sach\u00eas no guarda-roupa?<\/h2>\n\n\n\n<p>Para maior efici\u00eancia, os sach\u00eas devem ser distribu\u00eddos em diferentes pontos. Colocar apenas um pode n\u00e3o ser suficiente para proteger todo o espa\u00e7o.<\/p>\n\n\n\n<p><strong>Distribua os sach\u00eas em prateleiras, cabides e gavetas<\/strong> para criar uma barreira arom\u00e1tica uniforme, garantindo que o efeito repelente alcance todo o interior do arm\u00e1rio.<\/p>\n\n\n\n<figure class=\"wp-block-image size-large\"><img loading=\"lazy\" decoding=\"async\" width=\"1024\" height=\"576\" src=\"https:\/\/www.em.com.br\/emfoco\/wp-content\/uploads\/2025\/09\/sache-de-lavanda_1758909119578-1024x576.jpg\" alt=\"Proteja suas roupas contra tra\u00e7as utilizando somente um sach\u00ea\" class=\"wp-image-108745\" srcset=\"https:\/\/www.em.com.br\/emfoco\/wp-content\/uploads\/2025\/09\/sache-de-lavanda_1758909119578-1024x576.jpg 1024w, https:\/\/www.em.com.br\/emfoco\/wp-content\/uploads\/2025\/09\/sache-de-lavanda_1758909119578-300x169.jpg 300w, https:\/\/www.em.com.br\/emfoco\/wp-content\/uploads\/2025\/09\/sache-de-lavanda_1758909119578-768x432.jpg 768w, https:\/\/www.em.com.br\/emfoco\/wp-content\/uploads\/2025\/09\/sache-de-lavanda_1758909119578-750x422.jpg 750w, https:\/\/www.em.com.br\/emfoco\/wp-content\/uploads\/2025\/09\/sache-de-lavanda_1758909119578-1140x641.jpg 1140w, https:\/\/www.em.com.br\/emfoco\/wp-content\/uploads\/2025\/09\/sache-de-lavanda_1758909119578.jpg 1280w\" sizes=\"auto, (max-width: 1024px) 100vw, 1024px\" \/><figcaption class=\"wp-element-caption\">Solu\u00e7\u00e3o segura e eficaz para roupas delicadas &#8211; Cr\u00e9ditos: depositphotos.com \/ re_bekka<\/figcaption><\/figure>\n\n\n\n<p><em>Leia mais: <a href=\"https:\/\/www.em.com.br\/emfoco\/2025\/09\/25\/coisas-que-voce-guarda-em-casa-e-deve-jogar-fora-agora\/\" target=\"_blank\" rel=\"noreferrer noopener\">Coisas que voc\u00ea guarda em casa e deve jogar fora agora<\/a><\/em><\/p>\n\n\n\n<h2 class=\"wp-block-heading\">Quanto tempo os sach\u00eas de lavanda duram?<\/h2>\n\n\n\n<p>A durabilidade dos sach\u00eas depende da qualidade das flores e das condi\u00e7\u00f5es de uso. Em geral, o aroma tende a permanecer ativo por algumas semanas, mas enfraquece com o tempo.<\/p>\n\n\n\n<p>Para manter a efic\u00e1cia, recomenda-se substituir ou refor\u00e7ar o conte\u00fado a cada 30 a 40 dias. Esse cuidado simples garante prote\u00e7\u00e3o cont\u00ednua contra tra\u00e7as.<\/p>\n\n\n\n<h2 class=\"wp-block-heading\">Quais dicas extras ajudam a potencializar os sach\u00eas?<\/h2>\n\n\n\n<p>Al\u00e9m de usar corretamente, alguns truques podem prolongar o efeito e deixar o ambiente ainda mais agrad\u00e1vel. Esses ajustes fazem diferen\u00e7a no resultado final.<\/p>\n\n\n\n<ul class=\"wp-block-list\">\n<li>Reforce o aroma com algumas gotas de \u00f3leo essencial de lavanda<\/li>\n\n\n\n<li>Guarde roupas limpas, pois res\u00edduos atraem insetos<\/li>\n\n\n\n<li>Troque os sach\u00eas assim que notar perda de fragr\u00e2ncia<\/li>\n<\/ul>\n","protected":false},"excerpt":{"rendered":"<p>Aprender a preparar sach\u00eas de lavanda \u00e9 uma forma simples, natural e eficaz de afastar tra\u00e7as do guarda-roupa, protegendo roupas delicadas sem recorrer a produtos qu\u00edmicos agressivos. Por que os sach\u00eas de lavanda afastam as tra\u00e7as? O aroma da lavanda \u00e9 agrad\u00e1vel para humanos, mas atua como repelente natural para insetos. O odor intenso incomoda [&hellip;]<\/p>\n","protected":false},"author":13,"featured_media":100279,"comment_status":"open","ping_status":"open","sticky":false,"template":"","format":"standard","meta":{"jnews-multi-image_gallery":[],"jnews_single_post":{"format":"standard"},"jnews_primary_category":[],"jnews_social_meta":[],"jnews_override_counter":[],"footnotes":""},"categories":[8819],"tags":[12956,2037,16645,11497],"class_list":["post-108717","post","type-post","status-publish","format-standard","has-post-thumbnail","hentry","category-curiosidades","tag-controle-de-insetos","tag-dicas-caseiras","tag-sache-de-lavanda","tag-tracas"],"yoast_head":"<!-- This site is optimized with the Yoast SEO plugin v23.8 - https:\/\/yoast.com\/wordpress\/plugins\/seo\/ -->\n<title>Proteja suas roupas contra tra\u00e7as utilizando somente um sach\u00ea - Estado de Minas - Em foco<\/title>\n<meta name=\"description\" content=\"Quer roupas livres de tra\u00e7as sem cheiro forte de naftalina? Os sach\u00eas de lavanda s\u00e3o uma alternativa natural e delicadamente perfumada.\" \/>\n<meta name=\"robots\" content=\"index, follow, max-snippet:-1, max-image-preview:large, max-video-preview:-1\" \/>\n<link rel=\"canonical\" href=\"https:\/\/www.em.com.br\/emfoco\/2025\/09\/29\/proteja-suas-roupas-contra-tracas-utilizando-somente-um-sache\/\" \/>\n<meta property=\"og:locale\" content=\"pt_BR\" \/>\n<meta property=\"og:type\" content=\"article\" \/>\n<meta property=\"og:title\" content=\"Proteja suas roupas contra tra\u00e7as utilizando somente um sach\u00ea - Estado de Minas - Em foco\" \/>\n<meta property=\"og:description\" content=\"Quer roupas livres de tra\u00e7as sem cheiro forte de naftalina? Os sach\u00eas de lavanda s\u00e3o uma alternativa natural e delicadamente perfumada.\" \/>\n<meta property=\"og:url\" content=\"https:\/\/www.em.com.br\/emfoco\/2025\/09\/29\/proteja-suas-roupas-contra-tracas-utilizando-somente-um-sache\/\" \/>\n<meta property=\"og:site_name\" content=\"Estado de Minas - Em foco\" \/>\n<meta property=\"article:published_time\" content=\"2025-09-29T16:08:00+00:00\" \/>\n<meta property=\"article:modified_time\" content=\"2025-09-26T17:55:57+00:00\" \/>\n<meta property=\"og:image\" content=\"https:\/\/www.em.com.br\/emfoco\/wp-content\/uploads\/2025\/09\/ad-12.jpg\" \/>\n\t<meta property=\"og:image:width\" content=\"1280\" \/>\n\t<meta property=\"og:image:height\" content=\"720\" \/>\n\t<meta property=\"og:image:type\" content=\"image\/jpeg\" \/>\n<meta name=\"author\" content=\"Gabriel Martins\" \/>\n<meta name=\"twitter:card\" content=\"summary_large_image\" \/>\n<meta name=\"twitter:label1\" content=\"Escrito por\" \/>\n\t<meta name=\"twitter:data1\" content=\"Gabriel Martins\" \/>\n\t<meta name=\"twitter:label2\" content=\"Est. tempo de leitura\" \/>\n\t<meta name=\"twitter:data2\" content=\"3 minutos\" \/>\n<!-- \/ Yoast SEO plugin. -->","yoast_head_json":{"title":"Proteja suas roupas contra tra\u00e7as utilizando somente um sach\u00ea - Estado de Minas - Em foco","description":"Quer roupas livres de tra\u00e7as sem cheiro forte de naftalina? Os sach\u00eas de lavanda s\u00e3o uma alternativa natural e delicadamente perfumada.","robots":{"index":"index","follow":"follow","max-snippet":"max-snippet:-1","max-image-preview":"max-image-preview:large","max-video-preview":"max-video-preview:-1"},"canonical":"https:\/\/www.em.com.br\/emfoco\/2025\/09\/29\/proteja-suas-roupas-contra-tracas-utilizando-somente-um-sache\/","og_locale":"pt_BR","og_type":"article","og_title":"Proteja suas roupas contra tra\u00e7as utilizando somente um sach\u00ea - Estado de Minas - Em foco","og_description":"Quer roupas livres de tra\u00e7as sem cheiro forte de naftalina? Os sach\u00eas de lavanda s\u00e3o uma alternativa natural e delicadamente perfumada.","og_url":"https:\/\/www.em.com.br\/emfoco\/2025\/09\/29\/proteja-suas-roupas-contra-tracas-utilizando-somente-um-sache\/","og_site_name":"Estado de Minas - Em foco","article_published_time":"2025-09-29T16:08:00+00:00","article_modified_time":"2025-09-26T17:55:57+00:00","og_image":[{"width":1280,"height":720,"url":"https:\/\/www.em.com.br\/emfoco\/wp-content\/uploads\/2025\/09\/ad-12.jpg","type":"image\/jpeg"}],"author":"Gabriel Martins","twitter_card":"summary_large_image","twitter_misc":{"Escrito por":"Gabriel Martins","Est. tempo de leitura":"3 minutos"},"schema":{"@context":"https:\/\/schema.org","@graph":[{"@type":"WebPage","@id":"https:\/\/www.em.com.br\/emfoco\/2025\/09\/29\/proteja-suas-roupas-contra-tracas-utilizando-somente-um-sache\/","url":"https:\/\/www.em.com.br\/emfoco\/2025\/09\/29\/proteja-suas-roupas-contra-tracas-utilizando-somente-um-sache\/","name":"Proteja suas roupas contra tra\u00e7as utilizando somente um sach\u00ea - Estado de Minas - Em foco","isPartOf":{"@id":"https:\/\/www.em.com.br\/emfoco\/#website"},"primaryImageOfPage":{"@id":"https:\/\/www.em.com.br\/emfoco\/2025\/09\/29\/proteja-suas-roupas-contra-tracas-utilizando-somente-um-sache\/#primaryimage"},"image":{"@id":"https:\/\/www.em.com.br\/emfoco\/2025\/09\/29\/proteja-suas-roupas-contra-tracas-utilizando-somente-um-sache\/#primaryimage"},"thumbnailUrl":"https:\/\/www.em.com.br\/emfoco\/wp-content\/uploads\/2025\/09\/ad-12.jpg","datePublished":"2025-09-29T16:08:00+00:00","dateModified":"2025-09-26T17:55:57+00:00","author":{"@id":"https:\/\/www.em.com.br\/emfoco\/#\/schema\/person\/1c9ddeab18b98abeffef834667bcf08a"},"description":"Quer roupas livres de tra\u00e7as sem cheiro forte de naftalina? Os sach\u00eas de lavanda s\u00e3o uma alternativa natural e delicadamente perfumada.","breadcrumb":{"@id":"https:\/\/www.em.com.br\/emfoco\/2025\/09\/29\/proteja-suas-roupas-contra-tracas-utilizando-somente-um-sache\/#breadcrumb"},"inLanguage":"pt-BR","potentialAction":[{"@type":"ReadAction","target":["https:\/\/www.em.com.br\/emfoco\/2025\/09\/29\/proteja-suas-roupas-contra-tracas-utilizando-somente-um-sache\/"]}]},{"@type":"ImageObject","inLanguage":"pt-BR","@id":"https:\/\/www.em.com.br\/emfoco\/2025\/09\/29\/proteja-suas-roupas-contra-tracas-utilizando-somente-um-sache\/#primaryimage","url":"https:\/\/www.em.com.br\/emfoco\/wp-content\/uploads\/2025\/09\/ad-12.jpg","contentUrl":"https:\/\/www.em.com.br\/emfoco\/wp-content\/uploads\/2025\/09\/ad-12.jpg","width":1280,"height":720,"caption":"Ajuda a manter arm\u00e1rios mais perfumados e arejados - Cr\u00e9ditos: depositphotos.com \/ ikuko1976"},{"@type":"BreadcrumbList","@id":"https:\/\/www.em.com.br\/emfoco\/2025\/09\/29\/proteja-suas-roupas-contra-tracas-utilizando-somente-um-sache\/#breadcrumb","itemListElement":[{"@type":"ListItem","position":1,"name":"In\u00edcio","item":"https:\/\/www.em.com.br\/emfoco\/"},{"@type":"ListItem","position":2,"name":"Proteja suas roupas contra tra\u00e7as utilizando somente um sach\u00ea"}]},{"@type":"WebSite","@id":"https:\/\/www.em.com.br\/emfoco\/#website","url":"https:\/\/www.em.com.br\/emfoco\/","name":"Estado de Minas - Em foco","description":"Acompanhe as \u00faltimas not\u00edcias e fique bem informado sobre tudo o que acontece em Minas Gerais, Brasil e no mundo.","potentialAction":[{"@type":"SearchAction","target":{"@type":"EntryPoint","urlTemplate":"https:\/\/www.em.com.br\/emfoco\/?s={search_term_string}"},"query-input":{"@type":"PropertyValueSpecification","valueRequired":true,"valueName":"search_term_string"}}],"inLanguage":"pt-BR"},{"@type":"Person","@id":"https:\/\/www.em.com.br\/emfoco\/#\/schema\/person\/1c9ddeab18b98abeffef834667bcf08a","name":"Gabriel Martins","image":{"@type":"ImageObject","inLanguage":"pt-BR","@id":"https:\/\/www.em.com.br\/emfoco\/#\/schema\/person\/image\/","url":"https:\/\/secure.gravatar.com\/avatar\/f0f1e2efdfd88f1ad2cb08c5c2731e50?s=96&d=mm&r=g","contentUrl":"https:\/\/secure.gravatar.com\/avatar\/f0f1e2efdfd88f1ad2cb08c5c2731e50?s=96&d=mm&r=g","caption":"Gabriel Martins"},"sameAs":["https:\/\/www.em.com.br\/emfoco\/"],"url":"https:\/\/www.em.com.br\/emfoco\/author\/gabrielmartinsmyth\/"}]}},"_links":{"self":[{"href":"https:\/\/www.em.com.br\/emfoco\/wp-json\/wp\/v2\/posts\/108717","targetHints":{"allow":["GET"]}}],"collection":[{"href":"https:\/\/www.em.com.br\/emfoco\/wp-json\/wp\/v2\/posts"}],"about":[{"href":"https:\/\/www.em.com.br\/emfoco\/wp-json\/wp\/v2\/types\/post"}],"author":[{"embeddable":true,"href":"https:\/\/www.em.com.br\/emfoco\/wp-json\/wp\/v2\/users\/13"}],"replies":[{"embeddable":true,"href":"https:\/\/www.em.com.br\/emfoco\/wp-json\/wp\/v2\/comments?post=108717"}],"version-history":[{"count":1,"href":"https:\/\/www.em.com.br\/emfoco\/wp-json\/wp\/v2\/posts\/108717\/revisions"}],"predecessor-version":[{"id":108746,"href":"https:\/\/www.em.com.br\/emfoco\/wp-json\/wp\/v2\/posts\/108717\/revisions\/108746"}],"wp:featuredmedia":[{"embeddable":true,"href":"https:\/\/www.em.com.br\/emfoco\/wp-json\/wp\/v2\/media\/100279"}],"wp:attachment":[{"href":"https:\/\/www.em.com.br\/emfoco\/wp-json\/wp\/v2\/media?parent=108717"}],"wp:term":[{"taxonomy":"category","embeddable":true,"href":"https:\/\/www.em.com.br\/emfoco\/wp-json\/wp\/v2\/categories?post=108717"},{"taxonomy":"post_tag","embeddable":true,"href":"https:\/\/www.em.com.br\/emfoco\/wp-json\/wp\/v2\/tags?post=108717"}],"curies":[{"name":"wp","href":"https:\/\/api.w.org\/{rel}","templated":true}]}}