{"id":108525,"date":"2025-09-27T22:38:39","date_gmt":"2025-09-28T01:38:39","guid":{"rendered":"https:\/\/www.em.com.br\/emfoco\/?p=108525"},"modified":"2025-09-26T17:51:44","modified_gmt":"2025-09-26T20:51:44","slug":"essa-e-a-melhor-fruta-para-limpar-o-colon-naturalmente","status":"publish","type":"post","link":"https:\/\/www.em.com.br\/emfoco\/2025\/09\/27\/essa-e-a-melhor-fruta-para-limpar-o-colon-naturalmente\/","title":{"rendered":"Essa \u00e9 a melhor fruta para limpar o c\u00f3lon naturalmente"},"content":{"rendered":"\n<p>O <strong>c\u00f3lon,<\/strong> tamb\u00e9m conhecido como <strong>intestino grosso<\/strong>, \u00e9 uma estrutura essencial dentro do <strong>sistema digestivo humano.<\/strong> Localizado entre o intestino delgado e o reto, <strong>este \u00f3rg\u00e3o \u00e9 respons\u00e1vel por extrair \u00e1gua<\/strong>, armazenar res\u00edduos, manter o equil\u00edbrio de hidrata\u00e7\u00e3o e absorver vitaminas fundamentais para o corpo. Suas se\u00e7\u00f5es, o c\u00f3lon ascendente, <strong>sigmoide,<\/strong> descendente e transverso, comp\u00f5em um sistema complexo que garante uma digest\u00e3o eficiente.<\/p>\n\n\n\n<p>A sa\u00fade do c\u00f3lon \u00e9 crucial para o bem-estar geral, j\u00e1 que desequil\u00edbrios em sua fun\u00e7\u00e3o podem se manifestar em sintomas inc\u00f4modos como constipa\u00e7\u00e3o, diarreia, dor abdominal e, em casos graves, sangue nas fezes. Para diagnosticar condi\u00e7\u00f5es s\u00e9rias como o c\u00e2ncer de c\u00f3lon, a <strong>colonoscopia<\/strong> \u00e9 utilizada como uma ferramenta que permite observar diretamente o interior do \u00f3rg\u00e3o. Nesse contexto, a nutri\u00e7\u00e3o adequada desempenha um papel vital em sua manuten\u00e7\u00e3o ideal.<\/p>\n\n\n\n<h2 class=\"wp-block-heading\">Como o consumo de frutas pode ajudar na sa\u00fade do c\u00f3lon?<\/h2>\n\n\n\n<p><strong>Uma alimenta\u00e7\u00e3o rica em frutas<\/strong> pode ser fundamental para manter o c\u00f3lon em bom estado. Em especial, a <strong>ma\u00e7\u00e3<\/strong> se destaca devido ao seu teor de pectina, uma fibra sol\u00favel que n\u00e3o s\u00f3 reduz a inflama\u00e7\u00e3o da mucosa digestiva, mas tamb\u00e9m modera a absor\u00e7\u00e3o de <a href=\"https:\/\/www.em.com.br\/emfoco\/2025\/08\/29\/o-abacate-e-rico-em-gorduras-saudaveis-e-nutrientes-mas-precisa-ter-atencao\/\" target=\"_blank\" rel=\"noopener\">gorduras<\/a>, como o colesterol. Essa caracter\u00edstica torna a fruta especialmente ben\u00e9fica para quem sofre de colite, s\u00edndrome do intestino irrit\u00e1vel e outros dist\u00farbios intestinais. Al\u00e9m disso, <a href=\"https:\/\/pmc.ncbi.nlm.nih.gov\/articles\/PMC9321083\/#:~:text=3.3.,et%20al.%2C%202019%20).\" target=\"_blank\" rel=\"noopener\">pesquisas recentes<\/a> refor\u00e7am que o consumo regular de ma\u00e7\u00e3s pode contribuir para a preven\u00e7\u00e3o de certas doen\u00e7as cr\u00f4nicas relacionadas ao c\u00f3lon.<\/p>\n\n\n<div class=\"wp-block-image\">\n<figure class=\"aligncenter size-large\"><img loading=\"lazy\" decoding=\"async\" width=\"1024\" height=\"576\" src=\"https:\/\/www.em.com.br\/emfoco\/wp-content\/uploads\/2025\/05\/maca-arvore_1746545800855-1024x576.jpg\" alt=\"\" class=\"wp-image-44939\" srcset=\"https:\/\/www.em.com.br\/emfoco\/wp-content\/uploads\/2025\/05\/maca-arvore_1746545800855-1024x576.jpg 1024w, https:\/\/www.em.com.br\/emfoco\/wp-content\/uploads\/2025\/05\/maca-arvore_1746545800855-300x169.jpg 300w, https:\/\/www.em.com.br\/emfoco\/wp-content\/uploads\/2025\/05\/maca-arvore_1746545800855-768x432.jpg 768w, https:\/\/www.em.com.br\/emfoco\/wp-content\/uploads\/2025\/05\/maca-arvore_1746545800855-750x422.jpg 750w, https:\/\/www.em.com.br\/emfoco\/wp-content\/uploads\/2025\/05\/maca-arvore_1746545800855-1140x641.jpg 1140w, https:\/\/www.em.com.br\/emfoco\/wp-content\/uploads\/2025\/05\/maca-arvore_1746545800855.jpg 1280w\" sizes=\"auto, (max-width: 1024px) 100vw, 1024px\" \/><figcaption class=\"wp-element-caption\">Uma alimenta\u00e7\u00e3o rica em frutas pode ser fundamental para manter o c\u00f3lon em bom estado &#8211; Cr\u00e9ditos: depositphotos.com \/ Goir<\/figcaption><\/figure><\/div>\n\n\n<h2 class=\"wp-block-heading\">Quais s\u00e3o os benef\u00edcios nutricionais da ma\u00e7\u00e3 para o c\u00f3lon?<\/h2>\n\n\n\n<p>As ma\u00e7\u00e3s s\u00e3o frutas com <strong>baixo teor cal\u00f3rico<\/strong>, mas ricas em<strong> fibras e \u00e1gua<\/strong>, elementos que aumentam a sensa\u00e7\u00e3o de saciedade e, consequentemente, ajudam a diminuir o apetite. Isso n\u00e3o s\u00f3 favorece o controle do peso, mas tamb\u00e9m promove o equil\u00edbrio da press\u00e3o arterial ao facilitar a elimina\u00e7\u00e3o do s\u00f3dio pela urina. Ademais, seu baixo \u00edndice glic\u00eamico as torna uma op\u00e7\u00e3o ideal para o consumo antes de dormir, sem afetar o sono.<\/p>\n\n\n\n<h2 class=\"wp-block-heading\">Quais cuidados s\u00e3o necess\u00e1rios ao consumir ma\u00e7\u00e3?<\/h2>\n\n\n\n<p>Curiosamente, as<strong> sementes da ma\u00e7\u00e3<\/strong> cont\u00eam amigdalina, um composto que <strong>pode liberar cianeto<\/strong> <strong>de hidrog\u00eanio<\/strong> quando mastigado ou triturado, embora esse risco seja m\u00ednimo se as sementes forem ingeridas inteiras, pois geralmente passam pelo sistema digestivo sem liberar toxinas. No entanto, essa caracter\u00edstica refor\u00e7a a import\u00e2ncia de um consumo consciente e moderado, especialmente quanto \u00e0 ingest\u00e3o de sementes.<\/p>\n\n\n\n<p>Em resumo, a ma\u00e7\u00e3, ao integrar uma dieta equilibrada, \u00e9 uma aliada poderosa para a<strong> sa\u00fade do c\u00f3lon<\/strong>, promovendo n\u00e3o apenas sua limpeza, como tamb\u00e9m um equil\u00edbrio geral do sistema digestivo. Sem d\u00favida, essa fruta oferece m\u00faltiplos benef\u00edcios que ajudam a manter o bem-estar geral e o funcionamento adequado do organismo.<\/p>\n","protected":false},"excerpt":{"rendered":"<p>O c\u00f3lon, tamb\u00e9m conhecido como intestino grosso, \u00e9 uma estrutura essencial dentro do sistema digestivo humano. Localizado entre o intestino delgado e o reto, este \u00f3rg\u00e3o \u00e9 respons\u00e1vel por extrair \u00e1gua, armazenar res\u00edduos, manter o equil\u00edbrio de hidrata\u00e7\u00e3o e absorver vitaminas fundamentais para o corpo. Suas se\u00e7\u00f5es, o c\u00f3lon ascendente, sigmoide, descendente e transverso, comp\u00f5em [&hellip;]<\/p>\n","protected":false},"author":9,"featured_media":108660,"comment_status":"open","ping_status":"open","sticky":false,"template":"","format":"standard","meta":{"jnews-multi-image_gallery":[],"jnews_single_post":{"format":"standard"},"jnews_primary_category":[],"jnews_social_meta":[],"jnews_override_counter":[],"footnotes":""},"categories":[8691,1,9053],"tags":[9976,1988,16549],"class_list":["post-108525","post","type-post","status-publish","format-standard","has-post-thumbnail","hentry","category-bem-estar","category-noticias","category-saude","tag-colon","tag-fruta","tag-fruta-poderosa"],"yoast_head":"<!-- This site is optimized with the Yoast SEO plugin v23.8 - https:\/\/yoast.com\/wordpress\/plugins\/seo\/ -->\n<title>Essa \u00e9 a melhor fruta para limpar o c\u00f3lon naturalmente<\/title>\n<meta name=\"description\" content=\"Veja como a ma\u00e7\u00e3 protege o c\u00f3lon, melhora a digest\u00e3o e promove equil\u00edbrio intestinal com benef\u00edcios naturais e simples.\" \/>\n<meta name=\"robots\" content=\"index, follow, max-snippet:-1, max-image-preview:large, max-video-preview:-1\" \/>\n<link rel=\"canonical\" href=\"https:\/\/www.em.com.br\/emfoco\/2025\/09\/27\/essa-e-a-melhor-fruta-para-limpar-o-colon-naturalmente\/\" \/>\n<meta property=\"og:locale\" content=\"pt_BR\" \/>\n<meta property=\"og:type\" content=\"article\" \/>\n<meta property=\"og:title\" content=\"Essa \u00e9 a melhor fruta para limpar o c\u00f3lon naturalmente\" \/>\n<meta property=\"og:description\" content=\"Veja como a ma\u00e7\u00e3 protege o c\u00f3lon, melhora a digest\u00e3o e promove equil\u00edbrio intestinal com benef\u00edcios naturais e simples.\" \/>\n<meta property=\"og:url\" content=\"https:\/\/www.em.com.br\/emfoco\/2025\/09\/27\/essa-e-a-melhor-fruta-para-limpar-o-colon-naturalmente\/\" \/>\n<meta property=\"og:site_name\" content=\"Estado de Minas - Em foco\" \/>\n<meta property=\"article:published_time\" content=\"2025-09-28T01:38:39+00:00\" \/>\n<meta property=\"article:modified_time\" content=\"2025-09-26T20:51:44+00:00\" \/>\n<meta property=\"og:image\" content=\"https:\/\/www.em.com.br\/emfoco\/wp-content\/uploads\/2025\/09\/colon_1758892427613.jpg\" \/>\n\t<meta property=\"og:image:width\" content=\"1280\" \/>\n\t<meta property=\"og:image:height\" content=\"720\" \/>\n\t<meta property=\"og:image:type\" content=\"image\/jpeg\" \/>\n<meta name=\"author\" content=\"Daniely Cardoso\" \/>\n<meta name=\"twitter:card\" content=\"summary_large_image\" \/>\n<meta name=\"twitter:label1\" content=\"Escrito por\" \/>\n\t<meta name=\"twitter:data1\" content=\"Daniely Cardoso\" \/>\n\t<meta name=\"twitter:label2\" content=\"Est. tempo de leitura\" \/>\n\t<meta name=\"twitter:data2\" content=\"3 minutos\" \/>\n<!-- \/ Yoast SEO plugin. -->","yoast_head_json":{"title":"Essa \u00e9 a melhor fruta para limpar o c\u00f3lon naturalmente","description":"Veja como a ma\u00e7\u00e3 protege o c\u00f3lon, melhora a digest\u00e3o e promove equil\u00edbrio intestinal com benef\u00edcios naturais e simples.","robots":{"index":"index","follow":"follow","max-snippet":"max-snippet:-1","max-image-preview":"max-image-preview:large","max-video-preview":"max-video-preview:-1"},"canonical":"https:\/\/www.em.com.br\/emfoco\/2025\/09\/27\/essa-e-a-melhor-fruta-para-limpar-o-colon-naturalmente\/","og_locale":"pt_BR","og_type":"article","og_title":"Essa \u00e9 a melhor fruta para limpar o c\u00f3lon naturalmente","og_description":"Veja como a ma\u00e7\u00e3 protege o c\u00f3lon, melhora a digest\u00e3o e promove equil\u00edbrio intestinal com benef\u00edcios naturais e simples.","og_url":"https:\/\/www.em.com.br\/emfoco\/2025\/09\/27\/essa-e-a-melhor-fruta-para-limpar-o-colon-naturalmente\/","og_site_name":"Estado de Minas - Em foco","article_published_time":"2025-09-28T01:38:39+00:00","article_modified_time":"2025-09-26T20:51:44+00:00","og_image":[{"width":1280,"height":720,"url":"https:\/\/www.em.com.br\/emfoco\/wp-content\/uploads\/2025\/09\/colon_1758892427613.jpg","type":"image\/jpeg"}],"author":"Daniely Cardoso","twitter_card":"summary_large_image","twitter_misc":{"Escrito por":"Daniely Cardoso","Est. tempo de leitura":"3 minutos"},"schema":{"@context":"https:\/\/schema.org","@graph":[{"@type":"WebPage","@id":"https:\/\/www.em.com.br\/emfoco\/2025\/09\/27\/essa-e-a-melhor-fruta-para-limpar-o-colon-naturalmente\/","url":"https:\/\/www.em.com.br\/emfoco\/2025\/09\/27\/essa-e-a-melhor-fruta-para-limpar-o-colon-naturalmente\/","name":"Essa \u00e9 a melhor fruta para limpar o c\u00f3lon naturalmente","isPartOf":{"@id":"https:\/\/www.em.com.br\/emfoco\/#website"},"primaryImageOfPage":{"@id":"https:\/\/www.em.com.br\/emfoco\/2025\/09\/27\/essa-e-a-melhor-fruta-para-limpar-o-colon-naturalmente\/#primaryimage"},"image":{"@id":"https:\/\/www.em.com.br\/emfoco\/2025\/09\/27\/essa-e-a-melhor-fruta-para-limpar-o-colon-naturalmente\/#primaryimage"},"thumbnailUrl":"https:\/\/www.em.com.br\/emfoco\/wp-content\/uploads\/2025\/09\/colon_1758892427613.jpg","datePublished":"2025-09-28T01:38:39+00:00","dateModified":"2025-09-26T20:51:44+00:00","author":{"@id":"https:\/\/www.em.com.br\/emfoco\/#\/schema\/person\/0a8186d72f2c3a5c6276d90b41f271a0"},"description":"Veja como a ma\u00e7\u00e3 protege o c\u00f3lon, melhora a digest\u00e3o e promove equil\u00edbrio intestinal com benef\u00edcios naturais e simples.","breadcrumb":{"@id":"https:\/\/www.em.com.br\/emfoco\/2025\/09\/27\/essa-e-a-melhor-fruta-para-limpar-o-colon-naturalmente\/#breadcrumb"},"inLanguage":"pt-BR","potentialAction":[{"@type":"ReadAction","target":["https:\/\/www.em.com.br\/emfoco\/2025\/09\/27\/essa-e-a-melhor-fruta-para-limpar-o-colon-naturalmente\/"]}]},{"@type":"ImageObject","inLanguage":"pt-BR","@id":"https:\/\/www.em.com.br\/emfoco\/2025\/09\/27\/essa-e-a-melhor-fruta-para-limpar-o-colon-naturalmente\/#primaryimage","url":"https:\/\/www.em.com.br\/emfoco\/wp-content\/uploads\/2025\/09\/colon_1758892427613.jpg","contentUrl":"https:\/\/www.em.com.br\/emfoco\/wp-content\/uploads\/2025\/09\/colon_1758892427613.jpg","width":1280,"height":720,"caption":"\u00c9 uma estrutura essencial dentro do sistema digestivo humano - Cr\u00e9ditos: depositphotos.com \/ Tharakorn"},{"@type":"BreadcrumbList","@id":"https:\/\/www.em.com.br\/emfoco\/2025\/09\/27\/essa-e-a-melhor-fruta-para-limpar-o-colon-naturalmente\/#breadcrumb","itemListElement":[{"@type":"ListItem","position":1,"name":"In\u00edcio","item":"https:\/\/www.em.com.br\/emfoco\/"},{"@type":"ListItem","position":2,"name":"Essa \u00e9 a melhor fruta para limpar o c\u00f3lon naturalmente"}]},{"@type":"WebSite","@id":"https:\/\/www.em.com.br\/emfoco\/#website","url":"https:\/\/www.em.com.br\/emfoco\/","name":"Estado de Minas - Em foco","description":"Acompanhe as \u00faltimas not\u00edcias e fique bem informado sobre tudo o que acontece em Minas Gerais, Brasil e no mundo.","potentialAction":[{"@type":"SearchAction","target":{"@type":"EntryPoint","urlTemplate":"https:\/\/www.em.com.br\/emfoco\/?s={search_term_string}"},"query-input":{"@type":"PropertyValueSpecification","valueRequired":true,"valueName":"search_term_string"}}],"inLanguage":"pt-BR"},{"@type":"Person","@id":"https:\/\/www.em.com.br\/emfoco\/#\/schema\/person\/0a8186d72f2c3a5c6276d90b41f271a0","name":"Daniely Cardoso","image":{"@type":"ImageObject","inLanguage":"pt-BR","@id":"https:\/\/www.em.com.br\/emfoco\/#\/schema\/person\/image\/","url":"https:\/\/secure.gravatar.com\/avatar\/4b80ddbd124d1f071b626d52d62e5dff?s=96&d=mm&r=g","contentUrl":"https:\/\/secure.gravatar.com\/avatar\/4b80ddbd124d1f071b626d52d62e5dff?s=96&d=mm&r=g","caption":"Daniely Cardoso"},"url":"https:\/\/www.em.com.br\/emfoco\/author\/danielymyth\/"}]}},"_links":{"self":[{"href":"https:\/\/www.em.com.br\/emfoco\/wp-json\/wp\/v2\/posts\/108525","targetHints":{"allow":["GET"]}}],"collection":[{"href":"https:\/\/www.em.com.br\/emfoco\/wp-json\/wp\/v2\/posts"}],"about":[{"href":"https:\/\/www.em.com.br\/emfoco\/wp-json\/wp\/v2\/types\/post"}],"author":[{"embeddable":true,"href":"https:\/\/www.em.com.br\/emfoco\/wp-json\/wp\/v2\/users\/9"}],"replies":[{"embeddable":true,"href":"https:\/\/www.em.com.br\/emfoco\/wp-json\/wp\/v2\/comments?post=108525"}],"version-history":[{"count":2,"href":"https:\/\/www.em.com.br\/emfoco\/wp-json\/wp\/v2\/posts\/108525\/revisions"}],"predecessor-version":[{"id":108658,"href":"https:\/\/www.em.com.br\/emfoco\/wp-json\/wp\/v2\/posts\/108525\/revisions\/108658"}],"wp:featuredmedia":[{"embeddable":true,"href":"https:\/\/www.em.com.br\/emfoco\/wp-json\/wp\/v2\/media\/108660"}],"wp:attachment":[{"href":"https:\/\/www.em.com.br\/emfoco\/wp-json\/wp\/v2\/media?parent=108525"}],"wp:term":[{"taxonomy":"category","embeddable":true,"href":"https:\/\/www.em.com.br\/emfoco\/wp-json\/wp\/v2\/categories?post=108525"},{"taxonomy":"post_tag","embeddable":true,"href":"https:\/\/www.em.com.br\/emfoco\/wp-json\/wp\/v2\/tags?post=108525"}],"curies":[{"name":"wp","href":"https:\/\/api.w.org\/{rel}","templated":true}]}}