{"id":108474,"date":"2025-09-27T06:38:29","date_gmt":"2025-09-27T09:38:29","guid":{"rendered":"https:\/\/www.em.com.br\/emfoco\/?p=108474"},"modified":"2025-09-26T17:41:55","modified_gmt":"2025-09-26T20:41:55","slug":"as-bolinhas-brancas-no-rosto-que-parecem-acne-mas-nao-sao","status":"publish","type":"post","link":"https:\/\/www.em.com.br\/emfoco\/2025\/09\/27\/as-bolinhas-brancas-no-rosto-que-parecem-acne-mas-nao-sao\/","title":{"rendered":"As bolinhas brancas no rosto que parecem acnes, mas n\u00e3o s\u00e3o"},"content":{"rendered":"\n<p>Os <strong>cistos de milium<\/strong>, aqueles pequenos pontos brancos que aparecem principalmente no rosto ou ao redor dos olhos, s\u00e3o uma preocupa\u00e7\u00e3o comum para muitas pessoas. <strong>Muitas vezes, s\u00e3o confundidos com a acne<\/strong>, mas possuem caracter\u00edsticas distintas que merecem aten\u00e7\u00e3o especial. Esses cistos se formam quando a <strong>queratina<\/strong> \u2014 uma prote\u00edna presente na pele, nos cabelos e nas unhas \u2014 fica presa sob a superf\u00edcie cut\u00e2nea, criando uma apar\u00eancia de caro\u00e7os duros e indolores. Esses cistos podem surgir em pessoas de todas as idades, incluindo rec\u00e9m-nascidos e adultos.<\/p>\n\n\n\n<h2 class=\"wp-block-heading\">O que s\u00e3o exatamente os cistos de milium?<\/h2>\n\n\n\n<p>Diferentemente da <strong>acne comum,<\/strong> os cistos de milium n\u00e3o resultam de inflama\u00e7\u00e3o, infec\u00e7\u00e3o bacteriana ou excesso de <a href=\"https:\/\/www.boticario.com.br\/dicas-de-beleza\/o-que-causa-oleosidade-no-rosto\/\" target=\"_blank\" rel=\"noreferrer noopener\">oleosidade<\/a>. Esses cistos s\u00e3o firmes ao toque e n\u00e3o apresentam vermelhid\u00e3o ou dor, caracter\u00edsticas que os tornam facilmente reconhec\u00edveis. Sua forma\u00e7\u00e3o est\u00e1 relacionada ao aprisionamento de<strong> c\u00e9lulas mortas nos<\/strong> <strong>fol\u00edculos pilosos,<\/strong> o que leva ao <strong>ac\u00famulo de queratina<\/strong> vis\u00edvel atrav\u00e9s da pele. Em alguns casos, fatores como exposi\u00e7\u00e3o solar excessiva e procedimentos cosm\u00e9ticos agressivos tamb\u00e9m podem contribuir para seu surgimento.<\/p>\n\n\n\n<h2 class=\"wp-block-heading\">Como prevenir os cistos de milium?<\/h2>\n\n\n\n<p><strong>Um cuidado adequado com a pele \u00e9 essencial para reduzir o aparecimento desses cistos<\/strong>. Uma rotina de limpeza di\u00e1ria, tanto pela manh\u00e3 quanto \u00e0 noite, \u00e9 fundamental. Al\u00e9m disso, \u00e9 importante realizar esfolia\u00e7\u00f5es regulares para remover as c\u00e9lulas mortas da pele. Isso pode ser conseguido atrav\u00e9s de <a href=\"https:\/\/www.em.com.br\/emfoco\/2025\/09\/15\/como-manter-a-pele-sempre-hidratada-com-esses-esfoliantes-caseiros\/\" target=\"_blank\" rel=\"noopener\">esfoliantes<\/a> <strong>f\u00edsicos ou produtos qu\u00edmicos com ingredientes ativos como o \u00e1cido glic\u00f3lico<\/strong>. \u00c9 vital tamb\u00e9m limitar o uso de cosm\u00e9ticos oleosos ou que possam obstruir os poros, j\u00e1 que esses produtos podem favorecer o aparecimento de milium. O uso de protetor solar, especialmente em cidades com forte radia\u00e7\u00e3o como <strong>Rio de Janeiro<\/strong>, tamb\u00e9m \u00e9 recomendado para proteger a pele.<\/p>\n\n\n\n<iframe loading=\"lazy\" src=\"https:\/\/assets.pinterest.com\/ext\/embed.html?id=728035096085787157\" height=\"714\" width=\"345\" frameborder=\"0\" scrolling=\"no\" ><\/iframe>\n\n\n\n\n<h2 class=\"wp-block-heading\">Qual \u00e9 o tratamento indicado para os cistos de milium?<\/h2>\n\n\n\n<p>Se esses cistos j\u00e1 se formaram, o mais recomend\u00e1vel \u00e9 buscar um profissional da dermatologia. Especialistas podem realizar procedimentos simples e seguros, como a <strong>micropun\u00e7\u00e3o est\u00e9ril,<\/strong> para remov\u00ea-los. Essa t\u00e9cnica garante que os cistos sejam retirados adequadamente, minimizando o risco de cicatrizes ou infec\u00e7\u00f5es que poderiam ocorrer se tentados a extrair em casa. Em cl\u00ednicas dermatol\u00f3gicas de refer\u00eancia em pa\u00edses como o <strong>Brasil<\/strong>, esses tratamentos s\u00e3o feitos de maneira r\u00e1pida e eficiente.<\/p>\n\n\n\n<h2 class=\"wp-block-heading\">Por que \u00e9 importante consultar um dermatologista?<\/h2>\n\n\n\n<p><strong>Consultar um dermatologista n\u00e3o apenas assegura que os cistos de milium<\/strong> ser\u00e3o removidos com seguran\u00e7a, mas tamb\u00e9m permite uma avalia\u00e7\u00e3o completa da sa\u00fade da pele. Um especialista pode identificar outras poss\u00edveis condi\u00e7\u00f5es e oferecer recomenda\u00e7\u00f5es personalizadas para o cuidado cont\u00ednuo da pele, garantindo assim uma pele mais saud\u00e1vel e livre de problemas.<\/p>\n\n\n\n<p>Em resumo, embora os <strong>cistos<\/strong>&nbsp;<strong>de milium sejam inofensivos,<\/strong> seu manejo adequado \u00e9 fundamental para manter a sa\u00fade e a est\u00e9tica da pele. Com uma higiene eficaz e consultando um dermatologista sempre que necess\u00e1rio, \u00e9 poss\u00edvel controlar essa condi\u00e7\u00e3o de maneira eficiente. Procure sempre cl\u00ednicas autorizadas,&nbsp;para obter um diagn\u00f3stico e tratamento adequados.<\/p>\n","protected":false},"excerpt":{"rendered":"<p>Os cistos de milium, aqueles pequenos pontos brancos que aparecem principalmente no rosto ou ao redor dos olhos, s\u00e3o uma preocupa\u00e7\u00e3o comum para muitas pessoas. Muitas vezes, s\u00e3o confundidos com a acne, mas possuem caracter\u00edsticas distintas que merecem aten\u00e7\u00e3o especial. Esses cistos se formam quando a queratina \u2014 uma prote\u00edna presente na pele, nos cabelos [&hellip;]<\/p>\n","protected":false},"author":9,"featured_media":24028,"comment_status":"open","ping_status":"open","sticky":false,"template":"","format":"standard","meta":{"jnews-multi-image_gallery":[],"jnews_single_post":{"format":"standard"},"jnews_primary_category":[],"jnews_social_meta":[],"jnews_override_counter":[],"footnotes":""},"categories":[8691,1],"tags":[6766,6767,16603],"class_list":["post-108474","post","type-post","status-publish","format-standard","has-post-thumbnail","hentry","category-bem-estar","category-noticias","tag-cravos","tag-espinhas","tag-rostos"],"yoast_head":"<!-- This site is optimized with the Yoast SEO plugin v23.8 - https:\/\/yoast.com\/wordpress\/plugins\/seo\/ -->\n<title>As bolinhas brancas no rosto que parecem acnes, mas n\u00e3o s\u00e3o<\/title>\n<meta name=\"description\" content=\"Essas bolinhas brancas ao redor dos olhos n\u00e3o s\u00e3o espinhas. Veja o que \u00e9 o milium e como remover sem riscos.\" \/>\n<meta name=\"robots\" content=\"index, follow, max-snippet:-1, max-image-preview:large, max-video-preview:-1\" \/>\n<link rel=\"canonical\" href=\"https:\/\/www.em.com.br\/emfoco\/2025\/09\/27\/as-bolinhas-brancas-no-rosto-que-parecem-acne-mas-nao-sao\/\" \/>\n<meta property=\"og:locale\" content=\"pt_BR\" \/>\n<meta property=\"og:type\" content=\"article\" \/>\n<meta property=\"og:title\" content=\"As bolinhas brancas no rosto que parecem acnes, mas n\u00e3o s\u00e3o\" \/>\n<meta property=\"og:description\" content=\"Essas bolinhas brancas ao redor dos olhos n\u00e3o s\u00e3o espinhas. Veja o que \u00e9 o milium e como remover sem riscos.\" \/>\n<meta property=\"og:url\" content=\"https:\/\/www.em.com.br\/emfoco\/2025\/09\/27\/as-bolinhas-brancas-no-rosto-que-parecem-acne-mas-nao-sao\/\" \/>\n<meta property=\"og:site_name\" content=\"Estado de Minas - Em foco\" \/>\n<meta property=\"article:published_time\" content=\"2025-09-27T09:38:29+00:00\" \/>\n<meta property=\"article:modified_time\" content=\"2025-09-26T20:41:55+00:00\" \/>\n<meta property=\"og:image\" content=\"https:\/\/www.em.com.br\/emfoco\/wp-content\/uploads\/2025\/03\/espinhas_1740770731639.jpg\" \/>\n\t<meta property=\"og:image:width\" content=\"1280\" \/>\n\t<meta property=\"og:image:height\" content=\"720\" \/>\n\t<meta property=\"og:image:type\" content=\"image\/jpeg\" \/>\n<meta name=\"author\" content=\"Daniely Cardoso\" \/>\n<meta name=\"twitter:card\" content=\"summary_large_image\" \/>\n<meta name=\"twitter:label1\" content=\"Escrito por\" \/>\n\t<meta name=\"twitter:data1\" content=\"Daniely Cardoso\" \/>\n\t<meta name=\"twitter:label2\" content=\"Est. tempo de leitura\" \/>\n\t<meta name=\"twitter:data2\" content=\"3 minutos\" \/>\n<!-- \/ Yoast SEO plugin. -->","yoast_head_json":{"title":"As bolinhas brancas no rosto que parecem acnes, mas n\u00e3o s\u00e3o","description":"Essas bolinhas brancas ao redor dos olhos n\u00e3o s\u00e3o espinhas. Veja o que \u00e9 o milium e como remover sem riscos.","robots":{"index":"index","follow":"follow","max-snippet":"max-snippet:-1","max-image-preview":"max-image-preview:large","max-video-preview":"max-video-preview:-1"},"canonical":"https:\/\/www.em.com.br\/emfoco\/2025\/09\/27\/as-bolinhas-brancas-no-rosto-que-parecem-acne-mas-nao-sao\/","og_locale":"pt_BR","og_type":"article","og_title":"As bolinhas brancas no rosto que parecem acnes, mas n\u00e3o s\u00e3o","og_description":"Essas bolinhas brancas ao redor dos olhos n\u00e3o s\u00e3o espinhas. Veja o que \u00e9 o milium e como remover sem riscos.","og_url":"https:\/\/www.em.com.br\/emfoco\/2025\/09\/27\/as-bolinhas-brancas-no-rosto-que-parecem-acne-mas-nao-sao\/","og_site_name":"Estado de Minas - Em foco","article_published_time":"2025-09-27T09:38:29+00:00","article_modified_time":"2025-09-26T20:41:55+00:00","og_image":[{"width":1280,"height":720,"url":"https:\/\/www.em.com.br\/emfoco\/wp-content\/uploads\/2025\/03\/espinhas_1740770731639.jpg","type":"image\/jpeg"}],"author":"Daniely Cardoso","twitter_card":"summary_large_image","twitter_misc":{"Escrito por":"Daniely Cardoso","Est. tempo de leitura":"3 minutos"},"schema":{"@context":"https:\/\/schema.org","@graph":[{"@type":"WebPage","@id":"https:\/\/www.em.com.br\/emfoco\/2025\/09\/27\/as-bolinhas-brancas-no-rosto-que-parecem-acne-mas-nao-sao\/","url":"https:\/\/www.em.com.br\/emfoco\/2025\/09\/27\/as-bolinhas-brancas-no-rosto-que-parecem-acne-mas-nao-sao\/","name":"As bolinhas brancas no rosto que parecem acnes, mas n\u00e3o s\u00e3o","isPartOf":{"@id":"https:\/\/www.em.com.br\/emfoco\/#website"},"primaryImageOfPage":{"@id":"https:\/\/www.em.com.br\/emfoco\/2025\/09\/27\/as-bolinhas-brancas-no-rosto-que-parecem-acne-mas-nao-sao\/#primaryimage"},"image":{"@id":"https:\/\/www.em.com.br\/emfoco\/2025\/09\/27\/as-bolinhas-brancas-no-rosto-que-parecem-acne-mas-nao-sao\/#primaryimage"},"thumbnailUrl":"https:\/\/www.em.com.br\/emfoco\/wp-content\/uploads\/2025\/03\/espinhas_1740770731639.jpg","datePublished":"2025-09-27T09:38:29+00:00","dateModified":"2025-09-26T20:41:55+00:00","author":{"@id":"https:\/\/www.em.com.br\/emfoco\/#\/schema\/person\/0a8186d72f2c3a5c6276d90b41f271a0"},"description":"Essas bolinhas brancas ao redor dos olhos n\u00e3o s\u00e3o espinhas. Veja o que \u00e9 o milium e como remover sem riscos.","breadcrumb":{"@id":"https:\/\/www.em.com.br\/emfoco\/2025\/09\/27\/as-bolinhas-brancas-no-rosto-que-parecem-acne-mas-nao-sao\/#breadcrumb"},"inLanguage":"pt-BR","potentialAction":[{"@type":"ReadAction","target":["https:\/\/www.em.com.br\/emfoco\/2025\/09\/27\/as-bolinhas-brancas-no-rosto-que-parecem-acne-mas-nao-sao\/"]}]},{"@type":"ImageObject","inLanguage":"pt-BR","@id":"https:\/\/www.em.com.br\/emfoco\/2025\/09\/27\/as-bolinhas-brancas-no-rosto-que-parecem-acne-mas-nao-sao\/#primaryimage","url":"https:\/\/www.em.com.br\/emfoco\/wp-content\/uploads\/2025\/03\/espinhas_1740770731639.jpg","contentUrl":"https:\/\/www.em.com.br\/emfoco\/wp-content\/uploads\/2025\/03\/espinhas_1740770731639.jpg","width":1280,"height":720,"caption":"Espinhas no rosto - Cr\u00e9ditos: depositphotos.com \/ IgorVetushko"},{"@type":"BreadcrumbList","@id":"https:\/\/www.em.com.br\/emfoco\/2025\/09\/27\/as-bolinhas-brancas-no-rosto-que-parecem-acne-mas-nao-sao\/#breadcrumb","itemListElement":[{"@type":"ListItem","position":1,"name":"In\u00edcio","item":"https:\/\/www.em.com.br\/emfoco\/"},{"@type":"ListItem","position":2,"name":"As bolinhas brancas no rosto que parecem acnes, mas n\u00e3o s\u00e3o"}]},{"@type":"WebSite","@id":"https:\/\/www.em.com.br\/emfoco\/#website","url":"https:\/\/www.em.com.br\/emfoco\/","name":"Estado de Minas - Em foco","description":"Acompanhe as \u00faltimas not\u00edcias e fique bem informado sobre tudo o que acontece em Minas Gerais, Brasil e no mundo.","potentialAction":[{"@type":"SearchAction","target":{"@type":"EntryPoint","urlTemplate":"https:\/\/www.em.com.br\/emfoco\/?s={search_term_string}"},"query-input":{"@type":"PropertyValueSpecification","valueRequired":true,"valueName":"search_term_string"}}],"inLanguage":"pt-BR"},{"@type":"Person","@id":"https:\/\/www.em.com.br\/emfoco\/#\/schema\/person\/0a8186d72f2c3a5c6276d90b41f271a0","name":"Daniely Cardoso","image":{"@type":"ImageObject","inLanguage":"pt-BR","@id":"https:\/\/www.em.com.br\/emfoco\/#\/schema\/person\/image\/","url":"https:\/\/secure.gravatar.com\/avatar\/4b80ddbd124d1f071b626d52d62e5dff?s=96&d=mm&r=g","contentUrl":"https:\/\/secure.gravatar.com\/avatar\/4b80ddbd124d1f071b626d52d62e5dff?s=96&d=mm&r=g","caption":"Daniely Cardoso"},"url":"https:\/\/www.em.com.br\/emfoco\/author\/danielymyth\/"}]}},"_links":{"self":[{"href":"https:\/\/www.em.com.br\/emfoco\/wp-json\/wp\/v2\/posts\/108474","targetHints":{"allow":["GET"]}}],"collection":[{"href":"https:\/\/www.em.com.br\/emfoco\/wp-json\/wp\/v2\/posts"}],"about":[{"href":"https:\/\/www.em.com.br\/emfoco\/wp-json\/wp\/v2\/types\/post"}],"author":[{"embeddable":true,"href":"https:\/\/www.em.com.br\/emfoco\/wp-json\/wp\/v2\/users\/9"}],"replies":[{"embeddable":true,"href":"https:\/\/www.em.com.br\/emfoco\/wp-json\/wp\/v2\/comments?post=108474"}],"version-history":[{"count":4,"href":"https:\/\/www.em.com.br\/emfoco\/wp-json\/wp\/v2\/posts\/108474\/revisions"}],"predecessor-version":[{"id":108821,"href":"https:\/\/www.em.com.br\/emfoco\/wp-json\/wp\/v2\/posts\/108474\/revisions\/108821"}],"wp:featuredmedia":[{"embeddable":true,"href":"https:\/\/www.em.com.br\/emfoco\/wp-json\/wp\/v2\/media\/24028"}],"wp:attachment":[{"href":"https:\/\/www.em.com.br\/emfoco\/wp-json\/wp\/v2\/media?parent=108474"}],"wp:term":[{"taxonomy":"category","embeddable":true,"href":"https:\/\/www.em.com.br\/emfoco\/wp-json\/wp\/v2\/categories?post=108474"},{"taxonomy":"post_tag","embeddable":true,"href":"https:\/\/www.em.com.br\/emfoco\/wp-json\/wp\/v2\/tags?post=108474"}],"curies":[{"name":"wp","href":"https:\/\/api.w.org\/{rel}","templated":true}]}}