{"id":108363,"date":"2025-09-29T12:18:00","date_gmt":"2025-09-29T15:18:00","guid":{"rendered":"https:\/\/www.em.com.br\/emfoco\/?p=108363"},"modified":"2025-09-25T17:08:25","modified_gmt":"2025-09-25T20:08:25","slug":"planta-facil-de-cultivar-que-protege-os-ossos-e-melhora-o-bem-estar","status":"publish","type":"post","link":"https:\/\/www.em.com.br\/emfoco\/2025\/09\/29\/planta-facil-de-cultivar-que-protege-os-ossos-e-melhora-o-bem-estar\/","title":{"rendered":"Planta f\u00e1cil de cultivar que protege os ossos e melhora o bem-estar"},"content":{"rendered":"\n<p>O hibisco \u00e9 uma planta que vai muito al\u00e9m do ch\u00e1 refrescante: ele fortalece ossos e articula\u00e7\u00f5es por conter minerais importantes, al\u00e9m de trazer benef\u00edcios para todo o corpo.<\/p>\n\n\n\n<ul class=\"wp-block-list\">\n<li>Fonte de minerais que ajudam na sa\u00fade \u00f3ssea<\/li>\n\n\n\n<li>Auxilia no equil\u00edbrio do organismo<\/li>\n\n\n\n<li>Pode ser cultivado em casa com poucos cuidados<\/li>\n<\/ul>\n\n\n\n<h2 class=\"wp-block-heading\">Por que o hibisco fortalece ossos e articula\u00e7\u00f5es?<\/h2>\n\n\n\n<p><strong>O hibisco fortalece ossos e articula\u00e7\u00f5es porque cont\u00e9m c\u00e1lcio, magn\u00e9sio e ferro<\/strong>, minerais que contribuem diretamente para a estrutura e resist\u00eancia do corpo.<\/p>\n\n\n\n<p>Al\u00e9m disso, o consumo regular pode reduzir o <a href=\"https:\/\/institutosalutesp.com.br\/blog\/5-dicas-para-cuidar-melhor-das-articulacoes-e-prevenir-dores\/\" target=\"_blank\" rel=\"noreferrer noopener\">risco de desgaste das articula\u00e7\u00f5es<\/a> ao longo do tempo, favorecendo a mobilidade e a qualidade de vida de quem adota o h\u00e1bito.<\/p>\n\n\n\n<figure class=\"wp-block-image size-large\"><img loading=\"lazy\" decoding=\"async\" width=\"1024\" height=\"576\" src=\"https:\/\/www.em.com.br\/emfoco\/wp-content\/uploads\/2025\/09\/hibisco-_1758830650611-1024x576.jpg\" alt=\"Planta f\u00e1cil de cultivar que protege os ossos e melhora o bem-estar\" class=\"wp-image-108379\" srcset=\"https:\/\/www.em.com.br\/emfoco\/wp-content\/uploads\/2025\/09\/hibisco-_1758830650611-1024x576.jpg 1024w, https:\/\/www.em.com.br\/emfoco\/wp-content\/uploads\/2025\/09\/hibisco-_1758830650611-300x169.jpg 300w, https:\/\/www.em.com.br\/emfoco\/wp-content\/uploads\/2025\/09\/hibisco-_1758830650611-768x432.jpg 768w, https:\/\/www.em.com.br\/emfoco\/wp-content\/uploads\/2025\/09\/hibisco-_1758830650611-750x422.jpg 750w, https:\/\/www.em.com.br\/emfoco\/wp-content\/uploads\/2025\/09\/hibisco-_1758830650611-1140x641.jpg 1140w, https:\/\/www.em.com.br\/emfoco\/wp-content\/uploads\/2025\/09\/hibisco-_1758830650611.jpg 1280w\" sizes=\"auto, (max-width: 1024px) 100vw, 1024px\" \/><figcaption class=\"wp-element-caption\">Fonte natural de minerais que fortalecem ossos e articula\u00e7\u00f5es &#8211; Cr\u00e9ditos: depositphotos.com \/ MicEnin<\/figcaption><\/figure>\n\n\n\n<h2 class=\"wp-block-heading\">Quais os principais benef\u00edcios do hibisco para a sa\u00fade?<\/h2>\n\n\n\n<p>O hibisco oferece mais do que prote\u00e7\u00e3o \u00f3ssea, trazendo vantagens que impactam todo o organismo. Entre os destaques, est\u00e3o efeitos que equilibram o corpo de forma natural.<\/p>\n\n\n\n<ul class=\"wp-block-list\">\n<li>Auxilia na regula\u00e7\u00e3o da press\u00e3o arterial<\/li>\n\n\n\n<li>Contribui para o controle do colesterol<\/li>\n\n\n\n<li>Apoia a digest\u00e3o e o funcionamento intestinal<\/li>\n<\/ul>\n\n\n\n<p><em>Leia mais: <a href=\"https:\/\/www.em.com.br\/emfoco\/2025\/09\/06\/quais-sao-os-beneficios-de-beber-suco-de-cenoura-e-curcuma-diariamente\/\" target=\"_blank\" rel=\"noreferrer noopener\">Quais s\u00e3o os benef\u00edcios de beber suco de cenoura e c\u00farcuma diariamente?<\/a><\/em><\/p>\n\n\n\n<h2 class=\"wp-block-heading\">Como o consumo de hibisco deve ser feito no dia a dia?<\/h2>\n\n\n\n<p>O consumo do hibisco costuma ocorrer em forma de ch\u00e1, sendo preparado a partir de suas flores secas. A recomenda\u00e7\u00e3o \u00e9 modera\u00e7\u00e3o, j\u00e1 que o excesso pode causar queda da press\u00e3o.<\/p>\n\n\n\n<p>Inserir a bebida na rotina algumas vezes por semana j\u00e1 pode gerar bons resultados. Alternar com outros ch\u00e1s tamb\u00e9m \u00e9 uma pr\u00e1tica saud\u00e1vel para ampliar benef\u00edcios.<\/p>\n\n\n\n<figure class=\"wp-block-image size-large\"><img loading=\"lazy\" decoding=\"async\" width=\"1024\" height=\"576\" src=\"https:\/\/www.em.com.br\/emfoco\/wp-content\/uploads\/2025\/09\/hibisco-_1758830670190-1024x576.jpg\" alt=\"Planta f\u00e1cil de cultivar que protege os ossos e melhora o bem-estar\" class=\"wp-image-108380\" srcset=\"https:\/\/www.em.com.br\/emfoco\/wp-content\/uploads\/2025\/09\/hibisco-_1758830670190-1024x576.jpg 1024w, https:\/\/www.em.com.br\/emfoco\/wp-content\/uploads\/2025\/09\/hibisco-_1758830670190-300x169.jpg 300w, https:\/\/www.em.com.br\/emfoco\/wp-content\/uploads\/2025\/09\/hibisco-_1758830670190-768x432.jpg 768w, https:\/\/www.em.com.br\/emfoco\/wp-content\/uploads\/2025\/09\/hibisco-_1758830670190-750x422.jpg 750w, https:\/\/www.em.com.br\/emfoco\/wp-content\/uploads\/2025\/09\/hibisco-_1758830670190-1140x641.jpg 1140w, https:\/\/www.em.com.br\/emfoco\/wp-content\/uploads\/2025\/09\/hibisco-_1758830670190.jpg 1280w\" sizes=\"auto, (max-width: 1024px) 100vw, 1024px\" \/><figcaption class=\"wp-element-caption\">Est\u00edmulo digestivo que favorece o funcionamento intestinal &#8211; Cr\u00e9ditos: depositphotos.com \/ MicEnin<\/figcaption><\/figure>\n\n\n\n<h2 class=\"wp-block-heading\">\u00c9 f\u00e1cil cultivar hibisco em casa?<\/h2>\n\n\n\n<p>O cultivo de hibisco \u00e9 simples e pode ser feito em jardins ou vasos. A planta se adapta bem a locais ensolarados e requer regas regulares, sem encharcar a terra.<\/p>\n\n\n\n<p>Por ser resistente, o hibisco floresce em diferentes climas, proporcionando beleza ornamental e a possibilidade de colher suas flores para preparo do ch\u00e1 de forma natural.<\/p>\n\n\n\n<h2 class=\"wp-block-heading\">Quais dicas ajudam a aproveitar melhor o hibisco?<\/h2>\n\n\n\n<p>Para potencializar os efeitos do hibisco, algumas dicas simples podem ajudar a tornar seu uso ainda mais eficiente no dia a dia.<\/p>\n\n\n\n<ul class=\"wp-block-list\">\n<li>Prefira flores secas de boa qualidade para preparo<\/li>\n\n\n\n<li>Combine o ch\u00e1 com frutas c\u00edtricas para mais sabor<\/li>\n\n\n\n<li>Plante em casa para garantir um consumo fresco e saud\u00e1vel<\/li>\n<\/ul>\n","protected":false},"excerpt":{"rendered":"<p>O hibisco \u00e9 uma planta que vai muito al\u00e9m do ch\u00e1 refrescante: ele fortalece ossos e articula\u00e7\u00f5es por conter minerais importantes, al\u00e9m de trazer benef\u00edcios para todo o corpo. Por que o hibisco fortalece ossos e articula\u00e7\u00f5es? O hibisco fortalece ossos e articula\u00e7\u00f5es porque cont\u00e9m c\u00e1lcio, magn\u00e9sio e ferro, minerais que contribuem diretamente para a [&hellip;]<\/p>\n","protected":false},"author":13,"featured_media":108378,"comment_status":"open","ping_status":"open","sticky":false,"template":"","format":"standard","meta":{"jnews-multi-image_gallery":[],"jnews_single_post":{"format":"standard"},"jnews_primary_category":[],"jnews_social_meta":[],"jnews_override_counter":[],"footnotes":""},"categories":[8819],"tags":[7472,3358,8026],"class_list":["post-108363","post","type-post","status-publish","format-standard","has-post-thumbnail","hentry","category-curiosidades","tag-hibisco","tag-jardinagem","tag-planta-medicinal"],"yoast_head":"<!-- This site is optimized with the Yoast SEO plugin v23.8 - https:\/\/yoast.com\/wordpress\/plugins\/seo\/ -->\n<title>Planta f\u00e1cil de cultivar que protege os ossos e melhora o bem-estar - Estado de Minas - Em foco<\/title>\n<meta name=\"description\" content=\"Rico em minerais e f\u00e1cil de cultivar, essa planta \u00e9 a aliada ideal para quem busca cuidar do corpo com h\u00e1bitos simples e saud\u00e1veis.\" \/>\n<meta name=\"robots\" content=\"index, follow, max-snippet:-1, max-image-preview:large, max-video-preview:-1\" \/>\n<link rel=\"canonical\" href=\"https:\/\/www.em.com.br\/emfoco\/2025\/09\/29\/planta-facil-de-cultivar-que-protege-os-ossos-e-melhora-o-bem-estar\/\" \/>\n<meta property=\"og:locale\" content=\"pt_BR\" \/>\n<meta property=\"og:type\" content=\"article\" \/>\n<meta property=\"og:title\" content=\"Planta f\u00e1cil de cultivar que protege os ossos e melhora o bem-estar - Estado de Minas - Em foco\" \/>\n<meta property=\"og:description\" content=\"Rico em minerais e f\u00e1cil de cultivar, essa planta \u00e9 a aliada ideal para quem busca cuidar do corpo com h\u00e1bitos simples e saud\u00e1veis.\" \/>\n<meta property=\"og:url\" content=\"https:\/\/www.em.com.br\/emfoco\/2025\/09\/29\/planta-facil-de-cultivar-que-protege-os-ossos-e-melhora-o-bem-estar\/\" \/>\n<meta property=\"og:site_name\" content=\"Estado de Minas - Em foco\" \/>\n<meta property=\"article:published_time\" content=\"2025-09-29T15:18:00+00:00\" \/>\n<meta property=\"article:modified_time\" content=\"2025-09-25T20:08:25+00:00\" \/>\n<meta property=\"og:image\" content=\"https:\/\/www.em.com.br\/emfoco\/wp-content\/uploads\/2025\/09\/hibisco-_1758830612108.jpg\" \/>\n\t<meta property=\"og:image:width\" content=\"1280\" \/>\n\t<meta property=\"og:image:height\" content=\"720\" \/>\n\t<meta property=\"og:image:type\" content=\"image\/jpeg\" \/>\n<meta name=\"author\" content=\"Gabriel Martins\" \/>\n<meta name=\"twitter:card\" content=\"summary_large_image\" \/>\n<meta name=\"twitter:label1\" content=\"Escrito por\" \/>\n\t<meta name=\"twitter:data1\" content=\"Gabriel Martins\" \/>\n\t<meta name=\"twitter:label2\" content=\"Est. tempo de leitura\" \/>\n\t<meta name=\"twitter:data2\" content=\"3 minutos\" \/>\n<!-- \/ Yoast SEO plugin. -->","yoast_head_json":{"title":"Planta f\u00e1cil de cultivar que protege os ossos e melhora o bem-estar - Estado de Minas - Em foco","description":"Rico em minerais e f\u00e1cil de cultivar, essa planta \u00e9 a aliada ideal para quem busca cuidar do corpo com h\u00e1bitos simples e saud\u00e1veis.","robots":{"index":"index","follow":"follow","max-snippet":"max-snippet:-1","max-image-preview":"max-image-preview:large","max-video-preview":"max-video-preview:-1"},"canonical":"https:\/\/www.em.com.br\/emfoco\/2025\/09\/29\/planta-facil-de-cultivar-que-protege-os-ossos-e-melhora-o-bem-estar\/","og_locale":"pt_BR","og_type":"article","og_title":"Planta f\u00e1cil de cultivar que protege os ossos e melhora o bem-estar - Estado de Minas - Em foco","og_description":"Rico em minerais e f\u00e1cil de cultivar, essa planta \u00e9 a aliada ideal para quem busca cuidar do corpo com h\u00e1bitos simples e saud\u00e1veis.","og_url":"https:\/\/www.em.com.br\/emfoco\/2025\/09\/29\/planta-facil-de-cultivar-que-protege-os-ossos-e-melhora-o-bem-estar\/","og_site_name":"Estado de Minas - Em foco","article_published_time":"2025-09-29T15:18:00+00:00","article_modified_time":"2025-09-25T20:08:25+00:00","og_image":[{"width":1280,"height":720,"url":"https:\/\/www.em.com.br\/emfoco\/wp-content\/uploads\/2025\/09\/hibisco-_1758830612108.jpg","type":"image\/jpeg"}],"author":"Gabriel Martins","twitter_card":"summary_large_image","twitter_misc":{"Escrito por":"Gabriel Martins","Est. tempo de leitura":"3 minutos"},"schema":{"@context":"https:\/\/schema.org","@graph":[{"@type":"WebPage","@id":"https:\/\/www.em.com.br\/emfoco\/2025\/09\/29\/planta-facil-de-cultivar-que-protege-os-ossos-e-melhora-o-bem-estar\/","url":"https:\/\/www.em.com.br\/emfoco\/2025\/09\/29\/planta-facil-de-cultivar-que-protege-os-ossos-e-melhora-o-bem-estar\/","name":"Planta f\u00e1cil de cultivar que protege os ossos e melhora o bem-estar - Estado de Minas - Em foco","isPartOf":{"@id":"https:\/\/www.em.com.br\/emfoco\/#website"},"primaryImageOfPage":{"@id":"https:\/\/www.em.com.br\/emfoco\/2025\/09\/29\/planta-facil-de-cultivar-que-protege-os-ossos-e-melhora-o-bem-estar\/#primaryimage"},"image":{"@id":"https:\/\/www.em.com.br\/emfoco\/2025\/09\/29\/planta-facil-de-cultivar-que-protege-os-ossos-e-melhora-o-bem-estar\/#primaryimage"},"thumbnailUrl":"https:\/\/www.em.com.br\/emfoco\/wp-content\/uploads\/2025\/09\/hibisco-_1758830612108.jpg","datePublished":"2025-09-29T15:18:00+00:00","dateModified":"2025-09-25T20:08:25+00:00","author":{"@id":"https:\/\/www.em.com.br\/emfoco\/#\/schema\/person\/1c9ddeab18b98abeffef834667bcf08a"},"description":"Rico em minerais e f\u00e1cil de cultivar, essa planta \u00e9 a aliada ideal para quem busca cuidar do corpo com h\u00e1bitos simples e saud\u00e1veis.","breadcrumb":{"@id":"https:\/\/www.em.com.br\/emfoco\/2025\/09\/29\/planta-facil-de-cultivar-que-protege-os-ossos-e-melhora-o-bem-estar\/#breadcrumb"},"inLanguage":"pt-BR","potentialAction":[{"@type":"ReadAction","target":["https:\/\/www.em.com.br\/emfoco\/2025\/09\/29\/planta-facil-de-cultivar-que-protege-os-ossos-e-melhora-o-bem-estar\/"]}]},{"@type":"ImageObject","inLanguage":"pt-BR","@id":"https:\/\/www.em.com.br\/emfoco\/2025\/09\/29\/planta-facil-de-cultivar-que-protege-os-ossos-e-melhora-o-bem-estar\/#primaryimage","url":"https:\/\/www.em.com.br\/emfoco\/wp-content\/uploads\/2025\/09\/hibisco-_1758830612108.jpg","contentUrl":"https:\/\/www.em.com.br\/emfoco\/wp-content\/uploads\/2025\/09\/hibisco-_1758830612108.jpg","width":1280,"height":720,"caption":"Redu\u00e7\u00e3o natural da press\u00e3o arterial com consumo moderado - Cr\u00e9ditos: depositphotos.com \/ digitalr"},{"@type":"BreadcrumbList","@id":"https:\/\/www.em.com.br\/emfoco\/2025\/09\/29\/planta-facil-de-cultivar-que-protege-os-ossos-e-melhora-o-bem-estar\/#breadcrumb","itemListElement":[{"@type":"ListItem","position":1,"name":"In\u00edcio","item":"https:\/\/www.em.com.br\/emfoco\/"},{"@type":"ListItem","position":2,"name":"Planta f\u00e1cil de cultivar que protege os ossos e melhora o bem-estar"}]},{"@type":"WebSite","@id":"https:\/\/www.em.com.br\/emfoco\/#website","url":"https:\/\/www.em.com.br\/emfoco\/","name":"Estado de Minas - Em foco","description":"Acompanhe as \u00faltimas not\u00edcias e fique bem informado sobre tudo o que acontece em Minas Gerais, Brasil e no mundo.","potentialAction":[{"@type":"SearchAction","target":{"@type":"EntryPoint","urlTemplate":"https:\/\/www.em.com.br\/emfoco\/?s={search_term_string}"},"query-input":{"@type":"PropertyValueSpecification","valueRequired":true,"valueName":"search_term_string"}}],"inLanguage":"pt-BR"},{"@type":"Person","@id":"https:\/\/www.em.com.br\/emfoco\/#\/schema\/person\/1c9ddeab18b98abeffef834667bcf08a","name":"Gabriel Martins","image":{"@type":"ImageObject","inLanguage":"pt-BR","@id":"https:\/\/www.em.com.br\/emfoco\/#\/schema\/person\/image\/","url":"https:\/\/secure.gravatar.com\/avatar\/f0f1e2efdfd88f1ad2cb08c5c2731e50?s=96&d=mm&r=g","contentUrl":"https:\/\/secure.gravatar.com\/avatar\/f0f1e2efdfd88f1ad2cb08c5c2731e50?s=96&d=mm&r=g","caption":"Gabriel Martins"},"sameAs":["https:\/\/www.em.com.br\/emfoco\/"],"url":"https:\/\/www.em.com.br\/emfoco\/author\/gabrielmartinsmyth\/"}]}},"_links":{"self":[{"href":"https:\/\/www.em.com.br\/emfoco\/wp-json\/wp\/v2\/posts\/108363","targetHints":{"allow":["GET"]}}],"collection":[{"href":"https:\/\/www.em.com.br\/emfoco\/wp-json\/wp\/v2\/posts"}],"about":[{"href":"https:\/\/www.em.com.br\/emfoco\/wp-json\/wp\/v2\/types\/post"}],"author":[{"embeddable":true,"href":"https:\/\/www.em.com.br\/emfoco\/wp-json\/wp\/v2\/users\/13"}],"replies":[{"embeddable":true,"href":"https:\/\/www.em.com.br\/emfoco\/wp-json\/wp\/v2\/comments?post=108363"}],"version-history":[{"count":1,"href":"https:\/\/www.em.com.br\/emfoco\/wp-json\/wp\/v2\/posts\/108363\/revisions"}],"predecessor-version":[{"id":108381,"href":"https:\/\/www.em.com.br\/emfoco\/wp-json\/wp\/v2\/posts\/108363\/revisions\/108381"}],"wp:featuredmedia":[{"embeddable":true,"href":"https:\/\/www.em.com.br\/emfoco\/wp-json\/wp\/v2\/media\/108378"}],"wp:attachment":[{"href":"https:\/\/www.em.com.br\/emfoco\/wp-json\/wp\/v2\/media?parent=108363"}],"wp:term":[{"taxonomy":"category","embeddable":true,"href":"https:\/\/www.em.com.br\/emfoco\/wp-json\/wp\/v2\/categories?post=108363"},{"taxonomy":"post_tag","embeddable":true,"href":"https:\/\/www.em.com.br\/emfoco\/wp-json\/wp\/v2\/tags?post=108363"}],"curies":[{"name":"wp","href":"https:\/\/api.w.org\/{rel}","templated":true}]}}