{"id":108202,"date":"2025-09-26T21:08:00","date_gmt":"2025-09-27T00:08:00","guid":{"rendered":"https:\/\/www.em.com.br\/emfoco\/?p=108202"},"modified":"2025-09-25T18:59:30","modified_gmt":"2025-09-25T21:59:30","slug":"como-tratar-manchas-no-rosto-com-cremes-acessiveis-e-eficazes","status":"publish","type":"post","link":"https:\/\/www.em.com.br\/emfoco\/2025\/09\/26\/como-tratar-manchas-no-rosto-com-cremes-acessiveis-e-eficazes\/","title":{"rendered":"Como tratar manchas no rosto com cremes acess\u00edveis e eficazes"},"content":{"rendered":"\n<p>No universo dos cuidados com a pele, encontrar solu\u00e7\u00f5es eficazes para problemas comuns, como manchas, pode ser um desafio. Muitas vezes, as pessoas se voltam para produtos importados, acreditando que o alto custo est\u00e1 diretamente relacionado \u00e0 qualidade e efic\u00e1cia. No entanto, produtos acess\u00edveis podem surpreender com resultados impressionantes, mostrando que o pre\u00e7o n\u00e3o \u00e9 o \u00fanico indicador de sucesso no tratamento de manchas na pele. Marcas nacionais, como <strong>Natura<\/strong> e <strong>Botic\u00e1rio<\/strong>, por exemplo, v\u00eam investindo em f\u00f3rmulas inovadoras desenvolvidas especialmente para o p\u00fablico brasileiro.<\/p>\n\n\n\n<p>Manchas na <a href=\"https:\/\/www.em.com.br\/emfoco\/2025\/09\/21\/essa-mistura-com-base-e-hidratante-deixa-a-pele-bonita-e-leve-o-dia-todo\/\" target=\"_blank\" rel=\"noreferrer noopener\">pele<\/a> s\u00e3o, frequentemente, uma consequ\u00eancia da exposi\u00e7\u00e3o ao sol, altera\u00e7\u00f5es hormonais ou at\u00e9 mesmo do processo natural de envelhecimento. Estes fatores podem levar ao desenvolvimento de \u00e1reas de hiperpigmenta\u00e7\u00e3o no rosto e no corpo, gerando um desejo comum de revert\u00ea-las e alcan\u00e7ar um tom de pele uniforme. O mercado de cosm\u00e9ticos conta com uma gama diversa de op\u00e7\u00f5es voltadas para esse fim, incluindo cremes que prometem clarear e uniformizar a pele. Inclusive, grandes centros urbanos como <strong>S\u00e3o Paulo<\/strong> e <strong>Rio de Janeiro<\/strong> apresentam alta demanda por esses produtos devido \u00e0 intensa exposi\u00e7\u00e3o solar.<\/p>\n\n\n\n<h2 class=\"wp-block-heading\">Quais s\u00e3o os ingredientes eficazes no combate \u00e0s manchas?<\/h2>\n\n\n\n<p>V\u00e1rios ingredientes ativos se destacam na luta contra manchas na pele. Entre os mais eficazes est\u00e3o a <a href=\"https:\/\/www.tuasaude.com\/vitamina-c\/\" target=\"_blank\" rel=\"noreferrer noopener\">vitamina C<\/a>, conhecida por suas propriedades antioxidantes e clareadoras, e o \u00e1cido glic\u00f3lico, que ajuda na renova\u00e7\u00e3o celular e no clareamento da pele. Outro componente comum \u00e9 o \u00e1cido k\u00f3jico, derivado de fungos, que inibe a produ\u00e7\u00e3o de melanina. Al\u00e9m disso, algumas f\u00f3rmulas nacionais ainda costumam incluir extratos t\u00edpicos do <strong>Brasil<\/strong>, potencializando os efeitos de uniformiza\u00e7\u00e3o do tom. A escolha do produto certo deve levar em conta estes ingredientes, pois s\u00e3o eles que garantem a efic\u00e1cia no tratamento das manchas.<\/p>\n\n\n\n<h2 class=\"wp-block-heading\">Como escolher um creme acess\u00edvel e eficaz?<\/h2>\n\n\n\n<p>Para selecionar um creme que seja, ao mesmo tempo acess\u00edvel e eficaz contra manchas, \u00e9 importante analisar a lista de ingredientes. Produtos nacionais muitas vezes possuem concentra\u00e7\u00f5es adequadas desses ativos e podem competir com alternativas importadas. Al\u00e9m disso, \u00e9 essencial verificar se o produto \u00e9 testado dermatologicamente, garantindo a seguran\u00e7a no uso di\u00e1rio. Muitas vezes, os produtos locais tamb\u00e9m s\u00e3o formulados considerando as caracter\u00edsticas da pele brasileira, proporcionando um tratamento mais adequado. Plataformas como <strong>Dermaclub<\/strong> e <strong>E-pharma<\/strong> podem ajudar na busca por alternativas confi\u00e1veis com boa rela\u00e7\u00e3o custo-benef\u00edcio.<\/p>\n\n\n<div class=\"wp-block-image\">\n<figure class=\"aligncenter size-large\"><img loading=\"lazy\" decoding=\"async\" width=\"1024\" height=\"576\" src=\"https:\/\/www.em.com.br\/emfoco\/wp-content\/uploads\/2025\/03\/manchas-na-pele_1743086498737-1024x576.jpg\" alt=\"\" class=\"wp-image-32940\" srcset=\"https:\/\/www.em.com.br\/emfoco\/wp-content\/uploads\/2025\/03\/manchas-na-pele_1743086498737-1024x576.jpg 1024w, https:\/\/www.em.com.br\/emfoco\/wp-content\/uploads\/2025\/03\/manchas-na-pele_1743086498737-300x169.jpg 300w, https:\/\/www.em.com.br\/emfoco\/wp-content\/uploads\/2025\/03\/manchas-na-pele_1743086498737-768x432.jpg 768w, https:\/\/www.em.com.br\/emfoco\/wp-content\/uploads\/2025\/03\/manchas-na-pele_1743086498737-750x422.jpg 750w, https:\/\/www.em.com.br\/emfoco\/wp-content\/uploads\/2025\/03\/manchas-na-pele_1743086498737-1140x641.jpg 1140w, https:\/\/www.em.com.br\/emfoco\/wp-content\/uploads\/2025\/03\/manchas-na-pele_1743086498737.jpg 1280w\" sizes=\"auto, (max-width: 1024px) 100vw, 1024px\" \/><figcaption class=\"wp-element-caption\">Manchas escuras &#8211; Cr\u00e9ditos: depositphotos.com \/ IgorVetushko<\/figcaption><\/figure><\/div>\n\n\n<h2 class=\"wp-block-heading\">Quais cuidados s\u00e3o necess\u00e1rios ao usar cremes clareadores?<\/h2>\n\n\n\n<p>O uso de cremes clareadores requer alguns cuidados para garantir resultados satisfat\u00f3rios e evitar efeitos colaterais. Primeiramente, \u00e9 crucial aplicar protetor solar diariamente, j\u00e1 que muitos desses cremes podem tornar a pele mais sens\u00edvel ao sol. Tamb\u00e9m \u00e9 importante seguir as instru\u00e7\u00f5es do fabricante quanto \u00e0 frequ\u00eancia e quantidade de uso, para evitar irrita\u00e7\u00f5es. Por fim, a persist\u00eancia \u00e9 fundamental, pois a obten\u00e7\u00e3o de resultados vis\u00edveis pode levar algumas semanas. Vale lembrar que especialistas da <strong>Sociedade Brasileira de Dermatologia<\/strong> refor\u00e7am a import\u00e2ncia da consulta com um dermatologista para escolher o melhor tratamento, principalmente em casos de manchas persistentes.<\/p>\n\n\n\n<p>Em suma, embora os produtos importados tenham sua reputa\u00e7\u00e3o, os cremes acess\u00edveis, especialmente os formulados nacionalmente, podem oferecer um tratamento eficaz contra manchas na pele. A chave est\u00e1 em selecionar produtos que contenham ingredientes ativos reconhecidos e adotar uma rotina de cuidado com a pele que inclua prote\u00e7\u00e3o solar. Dessa forma, \u00e9 poss\u00edvel alcan\u00e7ar a t\u00e3o desejada uniformidade no tom da pele sem precisar gastar fortunas \u2013 e com o benef\u00edcio de valorizar marcas e pesquisas locais.<\/p>\n","protected":false},"excerpt":{"rendered":"<p>No universo dos cuidados com a pele, encontrar solu\u00e7\u00f5es eficazes para problemas comuns, como manchas, pode ser um desafio. Muitas vezes, as pessoas se voltam para produtos importados, acreditando que o alto custo est\u00e1 diretamente relacionado \u00e0 qualidade e efic\u00e1cia. No entanto, produtos acess\u00edveis podem surpreender com resultados impressionantes, mostrando que o pre\u00e7o n\u00e3o \u00e9 [&hellip;]<\/p>\n","protected":false},"author":9,"featured_media":100263,"comment_status":"open","ping_status":"open","sticky":false,"template":"","format":"standard","meta":{"jnews-multi-image_gallery":[],"jnews_single_post":{"format":"standard"},"jnews_primary_category":[],"jnews_social_meta":[],"jnews_override_counter":[],"footnotes":""},"categories":[8691,8819],"tags":[15488,4939,2039,1990],"class_list":["post-108202","post","type-post","status-publish","format-standard","has-post-thumbnail","hentry","category-bem-estar","category-curiosidades","tag-creme-clareador","tag-cuidados-com-a-pele","tag-manchas","tag-vitamina-c"],"yoast_head":"<!-- This site is optimized with the Yoast SEO plugin v23.8 - https:\/\/yoast.com\/wordpress\/plugins\/seo\/ -->\n<title>Como tratar manchas no rosto com cremes acess\u00edveis e eficazes<\/title>\n<meta name=\"description\" content=\"Saiba omo tratar manchas na pele usando cremes nacionais acess\u00edveis e eficazes, com ingredientes que clareiam e uniformizam o tom.\" \/>\n<meta name=\"robots\" content=\"index, follow, max-snippet:-1, max-image-preview:large, max-video-preview:-1\" \/>\n<link rel=\"canonical\" href=\"https:\/\/www.em.com.br\/emfoco\/2025\/09\/26\/como-tratar-manchas-no-rosto-com-cremes-acessiveis-e-eficazes\/\" \/>\n<meta property=\"og:locale\" content=\"pt_BR\" \/>\n<meta property=\"og:type\" content=\"article\" \/>\n<meta property=\"og:title\" content=\"Como tratar manchas no rosto com cremes acess\u00edveis e eficazes\" \/>\n<meta property=\"og:description\" content=\"Saiba omo tratar manchas na pele usando cremes nacionais acess\u00edveis e eficazes, com ingredientes que clareiam e uniformizam o tom.\" \/>\n<meta property=\"og:url\" content=\"https:\/\/www.em.com.br\/emfoco\/2025\/09\/26\/como-tratar-manchas-no-rosto-com-cremes-acessiveis-e-eficazes\/\" \/>\n<meta property=\"og:site_name\" content=\"Estado de Minas - Em foco\" \/>\n<meta property=\"article:published_time\" content=\"2025-09-27T00:08:00+00:00\" \/>\n<meta property=\"article:modified_time\" content=\"2025-09-25T21:59:30+00:00\" \/>\n<meta property=\"og:image\" content=\"https:\/\/www.em.com.br\/emfoco\/wp-content\/uploads\/2025\/09\/produtos-para-pele_1756913030870.jpg\" \/>\n\t<meta property=\"og:image:width\" content=\"1280\" \/>\n\t<meta property=\"og:image:height\" content=\"720\" \/>\n\t<meta property=\"og:image:type\" content=\"image\/jpeg\" \/>\n<meta name=\"author\" content=\"Daniely Cardoso\" \/>\n<meta name=\"twitter:card\" content=\"summary_large_image\" \/>\n<meta name=\"twitter:label1\" content=\"Escrito por\" \/>\n\t<meta name=\"twitter:data1\" content=\"Daniely Cardoso\" \/>\n\t<meta name=\"twitter:label2\" content=\"Est. tempo de leitura\" \/>\n\t<meta name=\"twitter:data2\" content=\"4 minutos\" \/>\n<!-- \/ Yoast SEO plugin. -->","yoast_head_json":{"title":"Como tratar manchas no rosto com cremes acess\u00edveis e eficazes","description":"Saiba omo tratar manchas na pele usando cremes nacionais acess\u00edveis e eficazes, com ingredientes que clareiam e uniformizam o tom.","robots":{"index":"index","follow":"follow","max-snippet":"max-snippet:-1","max-image-preview":"max-image-preview:large","max-video-preview":"max-video-preview:-1"},"canonical":"https:\/\/www.em.com.br\/emfoco\/2025\/09\/26\/como-tratar-manchas-no-rosto-com-cremes-acessiveis-e-eficazes\/","og_locale":"pt_BR","og_type":"article","og_title":"Como tratar manchas no rosto com cremes acess\u00edveis e eficazes","og_description":"Saiba omo tratar manchas na pele usando cremes nacionais acess\u00edveis e eficazes, com ingredientes que clareiam e uniformizam o tom.","og_url":"https:\/\/www.em.com.br\/emfoco\/2025\/09\/26\/como-tratar-manchas-no-rosto-com-cremes-acessiveis-e-eficazes\/","og_site_name":"Estado de Minas - Em foco","article_published_time":"2025-09-27T00:08:00+00:00","article_modified_time":"2025-09-25T21:59:30+00:00","og_image":[{"width":1280,"height":720,"url":"https:\/\/www.em.com.br\/emfoco\/wp-content\/uploads\/2025\/09\/produtos-para-pele_1756913030870.jpg","type":"image\/jpeg"}],"author":"Daniely Cardoso","twitter_card":"summary_large_image","twitter_misc":{"Escrito por":"Daniely Cardoso","Est. tempo de leitura":"4 minutos"},"schema":{"@context":"https:\/\/schema.org","@graph":[{"@type":"WebPage","@id":"https:\/\/www.em.com.br\/emfoco\/2025\/09\/26\/como-tratar-manchas-no-rosto-com-cremes-acessiveis-e-eficazes\/","url":"https:\/\/www.em.com.br\/emfoco\/2025\/09\/26\/como-tratar-manchas-no-rosto-com-cremes-acessiveis-e-eficazes\/","name":"Como tratar manchas no rosto com cremes acess\u00edveis e eficazes","isPartOf":{"@id":"https:\/\/www.em.com.br\/emfoco\/#website"},"primaryImageOfPage":{"@id":"https:\/\/www.em.com.br\/emfoco\/2025\/09\/26\/como-tratar-manchas-no-rosto-com-cremes-acessiveis-e-eficazes\/#primaryimage"},"image":{"@id":"https:\/\/www.em.com.br\/emfoco\/2025\/09\/26\/como-tratar-manchas-no-rosto-com-cremes-acessiveis-e-eficazes\/#primaryimage"},"thumbnailUrl":"https:\/\/www.em.com.br\/emfoco\/wp-content\/uploads\/2025\/09\/produtos-para-pele_1756913030870.jpg","datePublished":"2025-09-27T00:08:00+00:00","dateModified":"2025-09-25T21:59:30+00:00","author":{"@id":"https:\/\/www.em.com.br\/emfoco\/#\/schema\/person\/0a8186d72f2c3a5c6276d90b41f271a0"},"description":"Saiba omo tratar manchas na pele usando cremes nacionais acess\u00edveis e eficazes, com ingredientes que clareiam e uniformizam o tom.","breadcrumb":{"@id":"https:\/\/www.em.com.br\/emfoco\/2025\/09\/26\/como-tratar-manchas-no-rosto-com-cremes-acessiveis-e-eficazes\/#breadcrumb"},"inLanguage":"pt-BR","potentialAction":[{"@type":"ReadAction","target":["https:\/\/www.em.com.br\/emfoco\/2025\/09\/26\/como-tratar-manchas-no-rosto-com-cremes-acessiveis-e-eficazes\/"]}]},{"@type":"ImageObject","inLanguage":"pt-BR","@id":"https:\/\/www.em.com.br\/emfoco\/2025\/09\/26\/como-tratar-manchas-no-rosto-com-cremes-acessiveis-e-eficazes\/#primaryimage","url":"https:\/\/www.em.com.br\/emfoco\/wp-content\/uploads\/2025\/09\/produtos-para-pele_1756913030870.jpg","contentUrl":"https:\/\/www.em.com.br\/emfoco\/wp-content\/uploads\/2025\/09\/produtos-para-pele_1756913030870.jpg","width":1280,"height":720,"caption":"Produtos para a pele - Cr\u00e9ditos: depositphotos.com \/ IgorVetushko"},{"@type":"BreadcrumbList","@id":"https:\/\/www.em.com.br\/emfoco\/2025\/09\/26\/como-tratar-manchas-no-rosto-com-cremes-acessiveis-e-eficazes\/#breadcrumb","itemListElement":[{"@type":"ListItem","position":1,"name":"In\u00edcio","item":"https:\/\/www.em.com.br\/emfoco\/"},{"@type":"ListItem","position":2,"name":"Como tratar manchas no rosto com cremes acess\u00edveis e eficazes"}]},{"@type":"WebSite","@id":"https:\/\/www.em.com.br\/emfoco\/#website","url":"https:\/\/www.em.com.br\/emfoco\/","name":"Estado de Minas - Em foco","description":"Acompanhe as \u00faltimas not\u00edcias e fique bem informado sobre tudo o que acontece em Minas Gerais, Brasil e no mundo.","potentialAction":[{"@type":"SearchAction","target":{"@type":"EntryPoint","urlTemplate":"https:\/\/www.em.com.br\/emfoco\/?s={search_term_string}"},"query-input":{"@type":"PropertyValueSpecification","valueRequired":true,"valueName":"search_term_string"}}],"inLanguage":"pt-BR"},{"@type":"Person","@id":"https:\/\/www.em.com.br\/emfoco\/#\/schema\/person\/0a8186d72f2c3a5c6276d90b41f271a0","name":"Daniely Cardoso","image":{"@type":"ImageObject","inLanguage":"pt-BR","@id":"https:\/\/www.em.com.br\/emfoco\/#\/schema\/person\/image\/","url":"https:\/\/secure.gravatar.com\/avatar\/4b80ddbd124d1f071b626d52d62e5dff?s=96&d=mm&r=g","contentUrl":"https:\/\/secure.gravatar.com\/avatar\/4b80ddbd124d1f071b626d52d62e5dff?s=96&d=mm&r=g","caption":"Daniely Cardoso"},"url":"https:\/\/www.em.com.br\/emfoco\/author\/danielymyth\/"}]}},"_links":{"self":[{"href":"https:\/\/www.em.com.br\/emfoco\/wp-json\/wp\/v2\/posts\/108202","targetHints":{"allow":["GET"]}}],"collection":[{"href":"https:\/\/www.em.com.br\/emfoco\/wp-json\/wp\/v2\/posts"}],"about":[{"href":"https:\/\/www.em.com.br\/emfoco\/wp-json\/wp\/v2\/types\/post"}],"author":[{"embeddable":true,"href":"https:\/\/www.em.com.br\/emfoco\/wp-json\/wp\/v2\/users\/9"}],"replies":[{"embeddable":true,"href":"https:\/\/www.em.com.br\/emfoco\/wp-json\/wp\/v2\/comments?post=108202"}],"version-history":[{"count":2,"href":"https:\/\/www.em.com.br\/emfoco\/wp-json\/wp\/v2\/posts\/108202\/revisions"}],"predecessor-version":[{"id":108438,"href":"https:\/\/www.em.com.br\/emfoco\/wp-json\/wp\/v2\/posts\/108202\/revisions\/108438"}],"wp:featuredmedia":[{"embeddable":true,"href":"https:\/\/www.em.com.br\/emfoco\/wp-json\/wp\/v2\/media\/100263"}],"wp:attachment":[{"href":"https:\/\/www.em.com.br\/emfoco\/wp-json\/wp\/v2\/media?parent=108202"}],"wp:term":[{"taxonomy":"category","embeddable":true,"href":"https:\/\/www.em.com.br\/emfoco\/wp-json\/wp\/v2\/categories?post=108202"},{"taxonomy":"post_tag","embeddable":true,"href":"https:\/\/www.em.com.br\/emfoco\/wp-json\/wp\/v2\/tags?post=108202"}],"curies":[{"name":"wp","href":"https:\/\/api.w.org\/{rel}","templated":true}]}}