{"id":10818,"date":"2025-01-15T13:59:00","date_gmt":"2025-01-15T16:59:00","guid":{"rendered":"https:\/\/www.em.com.br\/emfoco\/?p=10818"},"modified":"2025-01-15T06:12:34","modified_gmt":"2025-01-15T09:12:34","slug":"5-sobremesas-sem-acucar-para-quem-nao-pode-comer-doce","status":"publish","type":"post","link":"https:\/\/www.em.com.br\/emfoco\/2025\/01\/15\/5-sobremesas-sem-acucar-para-quem-nao-pode-comer-doce\/","title":{"rendered":"5 sobremesas sem a\u00e7\u00facar para quem n\u00e3o pode comer doce"},"content":{"rendered":"\n<p>As sobremesas sem a\u00e7\u00facar t\u00eam conquistado cada vez mais espa\u00e7o nas mesas de quem busca um estilo de vida saud\u00e1vel. Com o aumento da conscientiza\u00e7\u00e3o sobre os impactos do a\u00e7\u00facar na sa\u00fade, muitos t\u00eam optado por receitas que utilizam ado\u00e7antes naturais e frutas para ado\u00e7ar suas cria\u00e7\u00f5es culin\u00e1rias. Dessa forma, as sobremesas sem a\u00e7\u00facar n\u00e3o apenas ajudam a controlar os n\u00edveis de a\u00e7\u00facar no sangue, mas tamb\u00e9m oferecem uma variedade de sabores e texturas que podem surpreender positivamente o paladar.<\/p>\n\n\n\n<p>Entre as sobremesas favoritas est\u00e3o os mousses de chocolate, sorvetes de frutas e at\u00e9 mesmo pudins saud\u00e1veis. Elas s\u00e3o preparadas com ingredientes como stevia, eritritol, e frutas naturalmente doces como bananas e t\u00e2maras. Al\u00e9m disso, essas receitas permitem que as pessoas desfrutem de um doce ocasionalmente, sem abrir m\u00e3o de manter uma alimenta\u00e7\u00e3o balanceada e saud\u00e1vel.<\/p>\n\n\n\n<h2 class=\"wp-block-heading\">Quais s\u00e3o os Benef\u00edcios das Sobremesas Sem A\u00e7\u00facar?<\/h2>\n\n\n\n<p>Optar por sobremesas sem a\u00e7\u00facar traz diversos benef\u00edcios \u00e0 sa\u00fade. Primeiramente, reduz a ingest\u00e3o de calorias vazias, uma vez que o a\u00e7\u00facar refinado \u00e9 um dos principais vil\u00f5es da dieta moderna, associado a problemas como obesidade, diabetes e c\u00e1ries dent\u00e1rias. Em segundo lugar, as sobremesas sem a\u00e7\u00facar s\u00e3o ricas em nutrientes, quando feitas com ingredientes inteiros e naturais. Essas alternativas tamb\u00e9m promovem a saciedade, uma vez que a combina\u00e7\u00e3o de fibras e prote\u00ednas nas receitas com frutas ou iogurte ajuda a manter a fome sob controle por mais tempo.<\/p>\n\n\n\n<figure class=\"wp-block-image size-large\"><img loading=\"lazy\" decoding=\"async\" width=\"1024\" height=\"576\" src=\"https:\/\/www.em.com.br\/emfoco\/wp-content\/uploads\/2025\/01\/doce_1736932237882-1024x576.jpg\" alt=\"doce\" class=\"wp-image-10821\" srcset=\"https:\/\/www.em.com.br\/emfoco\/wp-content\/uploads\/2025\/01\/doce_1736932237882-1024x576.jpg 1024w, https:\/\/www.em.com.br\/emfoco\/wp-content\/uploads\/2025\/01\/doce_1736932237882-300x169.jpg 300w, https:\/\/www.em.com.br\/emfoco\/wp-content\/uploads\/2025\/01\/doce_1736932237882-768x432.jpg 768w, https:\/\/www.em.com.br\/emfoco\/wp-content\/uploads\/2025\/01\/doce_1736932237882-750x422.jpg 750w, https:\/\/www.em.com.br\/emfoco\/wp-content\/uploads\/2025\/01\/doce_1736932237882-1140x641.jpg 1140w, https:\/\/www.em.com.br\/emfoco\/wp-content\/uploads\/2025\/01\/doce_1736932237882.jpg 1280w\" sizes=\"auto, (max-width: 1024px) 100vw, 1024px\" \/><figcaption class=\"wp-element-caption\">doce Cr\u00e9ditos: depositphotos.com \/ beats1<\/figcaption><\/figure>\n\n\n\n<h2 class=\"wp-block-heading\">Como Substituir o A\u00e7\u00facar em Receitas de Sobremesas?<\/h2>\n\n\n\n<p>Existem in\u00fameras maneiras de substituir o a\u00e7\u00facar em receitas sem comprometer o sabor. Aqui est\u00e3o algumas ideias para experimentar:<\/p>\n\n\n\n<ul class=\"wp-block-list\">\n<li><strong>Ado\u00e7antes naturais<\/strong>: opte por alternativas como stevia, eritritol e xilitol, que n\u00e3o afetam os n\u00edveis de glicose no sangue.<\/li>\n\n\n\n<li><strong>Frutas<\/strong>: bananas, t\u00e2maras e ma\u00e7\u00e3s s\u00e3o exemplos de frutas que adicionam do\u00e7ura naturalmente \u00e0s receitas.<\/li>\n\n\n\n<li><strong>Especiarias<\/strong>: canela, baunilha e cardamomo podem acentuar sabores doces sem recorrer ao a\u00e7\u00facar.<\/li>\n\n\n\n<li><strong>Pur\u00eas de frutas<\/strong>: al\u00e9m de ado\u00e7ar, pur\u00eas como o de ma\u00e7\u00e3 ou ab\u00f3bora conferem textura \u00e0s sobremesas.<\/li>\n<\/ul>\n\n\n\n<h2 class=\"wp-block-heading\">Quais S\u00e3o as Sobremesas Sem A\u00e7\u00facar Mais Populares?<\/h2>\n\n\n\n<p>A criatividade \u00e9 a chave para preparar deliciosas sobremesas sem a\u00e7\u00facar. Algumas das op\u00e7\u00f5es mais populares incluem:<\/p>\n\n\n\n<ol class=\"wp-block-list\">\n<li><strong>Mousse de chocolate amargo:<\/strong> Feita com chocolate rico em cacau, esta mousse pode ser ado\u00e7ada com ado\u00e7antes naturais e ganha uma textura leve com claras em neve.<\/li>\n\n\n\n<li><strong>Sorvete de banana com am\u00eandoas:<\/strong> Utilizando bananas maduras congeladas, este sorvete fica cremoso e saboroso. Am\u00eandoas trituradas adicionam croc\u00e2ncia ao doce.<\/li>\n\n\n\n<li><strong>Pudim de chia:<\/strong> Este pudim utiliza sementes de chia que, ao absorver l\u00edquido, criam uma consist\u00eancia semelhante a uma gelatina. Frutas vermelhas podem ser adicionadas para enriquecer o sabor.<\/li>\n\n\n\n<li><strong>Gelatina de frutas frescas:<\/strong> Feita com sucos de frutas naturais e peda\u00e7os de fruta, esta \u00e9 uma op\u00e7\u00e3o refrescante e leve.<\/li>\n\n\n\n<li><strong>Salada de frutas com iogurte grego:<\/strong> Al\u00e9m de nutritiva, esta salada \u00e9 deliciosa e pode ser customizada com as frutas da esta\u00e7\u00e3o.<\/li>\n<\/ol>\n\n\n\n<p>Confira as <a href=\"https:\/\/receitasdepesos.com.br\/5-sobremesas-sem-acucar-para-quem-nao-pode-comer-doce.html\/\" target=\"_blank\" rel=\"noopener\">receitas aqui<\/a><\/p>\n\n\n\n<h2 class=\"wp-block-heading\">Como Alcan\u00e7ar uma Sobremesa Sem A\u00e7\u00facar Perfeita?<\/h2>\n\n\n\n<p>Para preparar sobremesas sem a\u00e7\u00facar de sucesso, alguns cuidados devem ser tomados. A escolha dos ingredientes \u00e9 essencial: use frutas maduras para garantir do\u00e7ura natural e n\u00e3o hesite em experimentar diferentes combina\u00e7\u00f5es de especiarias para encontrar os sabores que mais agradam ao paladar. Al\u00e9m disso, tenha em mente que mesmo as sobremesas sem a\u00e7\u00facar devem ser consumidas com modera\u00e7\u00e3o, garantindo assim um equil\u00edbrio alimentar saud\u00e1vel.<\/p>\n","protected":false},"excerpt":{"rendered":"<p>As sobremesas sem a\u00e7\u00facar t\u00eam conquistado cada vez mais espa\u00e7o nas mesas de quem busca um estilo de vida saud\u00e1vel. Com o aumento da conscientiza\u00e7\u00e3o sobre os impactos do a\u00e7\u00facar na sa\u00fade, muitos t\u00eam optado por receitas que utilizam ado\u00e7antes naturais e frutas para ado\u00e7ar suas cria\u00e7\u00f5es culin\u00e1rias.<\/p>\n","protected":false},"author":2,"featured_media":10819,"comment_status":"open","ping_status":"open","sticky":false,"template":"","format":"standard","meta":{"jnews-multi-image_gallery":[],"jnews_single_post":{"format":"standard"},"jnews_primary_category":[],"jnews_social_meta":[],"jnews_override_counter":[],"footnotes":""},"categories":[29,1],"tags":[3506,3507,2872,415,3505,3441],"class_list":["post-10818","post","type-post","status-publish","format-standard","has-post-thumbnail","hentry","category-entretenimento","category-noticias","tag-diabetes","tag-guloseimas","tag-receitas","tag-saude","tag-sem-acucar","tag-sobremesa"],"yoast_head":"<!-- This site is optimized with the Yoast SEO plugin v23.8 - https:\/\/yoast.com\/wordpress\/plugins\/seo\/ -->\n<title>5 sobremesas sem a\u00e7\u00facar para quem n\u00e3o pode comer doce - Estado de Minas - Em foco<\/title>\n<meta name=\"description\" content=\"As sobremesas sem a\u00e7\u00facar t\u00eam conquistado cada vez mais espa\u00e7o nas mesas de quem busca um estilo de vida saud\u00e1vel. Com o aumento da conscientiza\u00e7\u00e3o sobre os impactos do a\u00e7\u00facar na sa\u00fade, muitos t\u00eam optado por receitas que utilizam ado\u00e7antes naturais e frutas para ado\u00e7ar suas cria\u00e7\u00f5es culin\u00e1rias.\" \/>\n<meta name=\"robots\" content=\"index, follow, max-snippet:-1, max-image-preview:large, max-video-preview:-1\" \/>\n<link rel=\"canonical\" href=\"https:\/\/www.em.com.br\/emfoco\/2025\/01\/15\/5-sobremesas-sem-acucar-para-quem-nao-pode-comer-doce\/\" \/>\n<meta property=\"og:locale\" content=\"pt_BR\" \/>\n<meta property=\"og:type\" content=\"article\" \/>\n<meta property=\"og:title\" content=\"5 sobremesas sem a\u00e7\u00facar para quem n\u00e3o pode comer doce - Estado de Minas - Em foco\" \/>\n<meta property=\"og:description\" content=\"As sobremesas sem a\u00e7\u00facar t\u00eam conquistado cada vez mais espa\u00e7o nas mesas de quem busca um estilo de vida saud\u00e1vel. Com o aumento da conscientiza\u00e7\u00e3o sobre os impactos do a\u00e7\u00facar na sa\u00fade, muitos t\u00eam optado por receitas que utilizam ado\u00e7antes naturais e frutas para ado\u00e7ar suas cria\u00e7\u00f5es culin\u00e1rias.\" \/>\n<meta property=\"og:url\" content=\"https:\/\/www.em.com.br\/emfoco\/2025\/01\/15\/5-sobremesas-sem-acucar-para-quem-nao-pode-comer-doce\/\" \/>\n<meta property=\"og:site_name\" content=\"Estado de Minas - Em foco\" \/>\n<meta property=\"article:published_time\" content=\"2025-01-15T16:59:00+00:00\" \/>\n<meta property=\"article:modified_time\" content=\"2025-01-15T09:12:34+00:00\" \/>\n<meta property=\"og:image\" content=\"https:\/\/www.em.com.br\/emfoco\/wp-content\/uploads\/2025\/01\/httpsneural.myth_.devstaticcache4ca6a885-7b90-4e89-b92b-cb94e0e5e045.jpeg\" \/>\n\t<meta property=\"og:image:width\" content=\"1280\" \/>\n\t<meta property=\"og:image:height\" content=\"720\" \/>\n\t<meta property=\"og:image:type\" content=\"image\/jpeg\" \/>\n<meta name=\"author\" content=\"Guilherme\" \/>\n<meta name=\"twitter:card\" content=\"summary_large_image\" \/>\n<meta name=\"twitter:label1\" content=\"Escrito por\" \/>\n\t<meta name=\"twitter:data1\" content=\"Guilherme\" \/>\n\t<meta name=\"twitter:label2\" content=\"Est. tempo de leitura\" \/>\n\t<meta name=\"twitter:data2\" content=\"4 minutos\" \/>\n<!-- \/ Yoast SEO plugin. -->","yoast_head_json":{"title":"5 sobremesas sem a\u00e7\u00facar para quem n\u00e3o pode comer doce - Estado de Minas - Em foco","description":"As sobremesas sem a\u00e7\u00facar t\u00eam conquistado cada vez mais espa\u00e7o nas mesas de quem busca um estilo de vida saud\u00e1vel. Com o aumento da conscientiza\u00e7\u00e3o sobre os impactos do a\u00e7\u00facar na sa\u00fade, muitos t\u00eam optado por receitas que utilizam ado\u00e7antes naturais e frutas para ado\u00e7ar suas cria\u00e7\u00f5es culin\u00e1rias.","robots":{"index":"index","follow":"follow","max-snippet":"max-snippet:-1","max-image-preview":"max-image-preview:large","max-video-preview":"max-video-preview:-1"},"canonical":"https:\/\/www.em.com.br\/emfoco\/2025\/01\/15\/5-sobremesas-sem-acucar-para-quem-nao-pode-comer-doce\/","og_locale":"pt_BR","og_type":"article","og_title":"5 sobremesas sem a\u00e7\u00facar para quem n\u00e3o pode comer doce - Estado de Minas - Em foco","og_description":"As sobremesas sem a\u00e7\u00facar t\u00eam conquistado cada vez mais espa\u00e7o nas mesas de quem busca um estilo de vida saud\u00e1vel. Com o aumento da conscientiza\u00e7\u00e3o sobre os impactos do a\u00e7\u00facar na sa\u00fade, muitos t\u00eam optado por receitas que utilizam ado\u00e7antes naturais e frutas para ado\u00e7ar suas cria\u00e7\u00f5es culin\u00e1rias.","og_url":"https:\/\/www.em.com.br\/emfoco\/2025\/01\/15\/5-sobremesas-sem-acucar-para-quem-nao-pode-comer-doce\/","og_site_name":"Estado de Minas - Em foco","article_published_time":"2025-01-15T16:59:00+00:00","article_modified_time":"2025-01-15T09:12:34+00:00","og_image":[{"width":1280,"height":720,"url":"https:\/\/www.em.com.br\/emfoco\/wp-content\/uploads\/2025\/01\/httpsneural.myth_.devstaticcache4ca6a885-7b90-4e89-b92b-cb94e0e5e045.jpeg","type":"image\/jpeg"}],"author":"Guilherme","twitter_card":"summary_large_image","twitter_misc":{"Escrito por":"Guilherme","Est. tempo de leitura":"4 minutos"},"schema":{"@context":"https:\/\/schema.org","@graph":[{"@type":"WebPage","@id":"https:\/\/www.em.com.br\/emfoco\/2025\/01\/15\/5-sobremesas-sem-acucar-para-quem-nao-pode-comer-doce\/","url":"https:\/\/www.em.com.br\/emfoco\/2025\/01\/15\/5-sobremesas-sem-acucar-para-quem-nao-pode-comer-doce\/","name":"5 sobremesas sem a\u00e7\u00facar para quem n\u00e3o pode comer doce - Estado de Minas - Em foco","isPartOf":{"@id":"https:\/\/www.em.com.br\/emfoco\/#website"},"primaryImageOfPage":{"@id":"https:\/\/www.em.com.br\/emfoco\/2025\/01\/15\/5-sobremesas-sem-acucar-para-quem-nao-pode-comer-doce\/#primaryimage"},"image":{"@id":"https:\/\/www.em.com.br\/emfoco\/2025\/01\/15\/5-sobremesas-sem-acucar-para-quem-nao-pode-comer-doce\/#primaryimage"},"thumbnailUrl":"https:\/\/www.em.com.br\/emfoco\/wp-content\/uploads\/2025\/01\/httpsneural.myth_.devstaticcache4ca6a885-7b90-4e89-b92b-cb94e0e5e045.jpeg","datePublished":"2025-01-15T16:59:00+00:00","dateModified":"2025-01-15T09:12:34+00:00","author":{"@id":"https:\/\/www.em.com.br\/emfoco\/#\/schema\/person\/097c4a57cc4dc96be3b74aaf7185dd84"},"description":"As sobremesas sem a\u00e7\u00facar t\u00eam conquistado cada vez mais espa\u00e7o nas mesas de quem busca um estilo de vida saud\u00e1vel. Com o aumento da conscientiza\u00e7\u00e3o sobre os impactos do a\u00e7\u00facar na sa\u00fade, muitos t\u00eam optado por receitas que utilizam ado\u00e7antes naturais e frutas para ado\u00e7ar suas cria\u00e7\u00f5es culin\u00e1rias.","breadcrumb":{"@id":"https:\/\/www.em.com.br\/emfoco\/2025\/01\/15\/5-sobremesas-sem-acucar-para-quem-nao-pode-comer-doce\/#breadcrumb"},"inLanguage":"pt-BR","potentialAction":[{"@type":"ReadAction","target":["https:\/\/www.em.com.br\/emfoco\/2025\/01\/15\/5-sobremesas-sem-acucar-para-quem-nao-pode-comer-doce\/"]}]},{"@type":"ImageObject","inLanguage":"pt-BR","@id":"https:\/\/www.em.com.br\/emfoco\/2025\/01\/15\/5-sobremesas-sem-acucar-para-quem-nao-pode-comer-doce\/#primaryimage","url":"https:\/\/www.em.com.br\/emfoco\/wp-content\/uploads\/2025\/01\/httpsneural.myth_.devstaticcache4ca6a885-7b90-4e89-b92b-cb94e0e5e045.jpeg","contentUrl":"https:\/\/www.em.com.br\/emfoco\/wp-content\/uploads\/2025\/01\/httpsneural.myth_.devstaticcache4ca6a885-7b90-4e89-b92b-cb94e0e5e045.jpeg","width":1280,"height":720,"caption":"5 sobremesas sem a\u00e7\u00facar para quem n\u00e3o pode comer doce Cr\u00e9ditos: depositphotos.com \/ ajafoto"},{"@type":"BreadcrumbList","@id":"https:\/\/www.em.com.br\/emfoco\/2025\/01\/15\/5-sobremesas-sem-acucar-para-quem-nao-pode-comer-doce\/#breadcrumb","itemListElement":[{"@type":"ListItem","position":1,"name":"In\u00edcio","item":"https:\/\/www.em.com.br\/emfoco\/"},{"@type":"ListItem","position":2,"name":"5 sobremesas sem a\u00e7\u00facar para quem n\u00e3o pode comer doce"}]},{"@type":"WebSite","@id":"https:\/\/www.em.com.br\/emfoco\/#website","url":"https:\/\/www.em.com.br\/emfoco\/","name":"Estado de Minas - Em foco","description":"Acompanhe as \u00faltimas not\u00edcias e fique bem informado sobre tudo o que acontece em Minas Gerais, Brasil e no mundo.","potentialAction":[{"@type":"SearchAction","target":{"@type":"EntryPoint","urlTemplate":"https:\/\/www.em.com.br\/emfoco\/?s={search_term_string}"},"query-input":{"@type":"PropertyValueSpecification","valueRequired":true,"valueName":"search_term_string"}}],"inLanguage":"pt-BR"},{"@type":"Person","@id":"https:\/\/www.em.com.br\/emfoco\/#\/schema\/person\/097c4a57cc4dc96be3b74aaf7185dd84","name":"Guilherme","image":{"@type":"ImageObject","inLanguage":"pt-BR","@id":"https:\/\/www.em.com.br\/emfoco\/#\/schema\/person\/image\/","url":"https:\/\/secure.gravatar.com\/avatar\/6a059d20d980bdeb1d1d6b0fa2b4633c?s=96&d=mm&r=g","contentUrl":"https:\/\/secure.gravatar.com\/avatar\/6a059d20d980bdeb1d1d6b0fa2b4633c?s=96&d=mm&r=g","caption":"Guilherme"},"url":"https:\/\/www.em.com.br\/emfoco\/author\/guilhermemyth\/"}]}},"_links":{"self":[{"href":"https:\/\/www.em.com.br\/emfoco\/wp-json\/wp\/v2\/posts\/10818","targetHints":{"allow":["GET"]}}],"collection":[{"href":"https:\/\/www.em.com.br\/emfoco\/wp-json\/wp\/v2\/posts"}],"about":[{"href":"https:\/\/www.em.com.br\/emfoco\/wp-json\/wp\/v2\/types\/post"}],"author":[{"embeddable":true,"href":"https:\/\/www.em.com.br\/emfoco\/wp-json\/wp\/v2\/users\/2"}],"replies":[{"embeddable":true,"href":"https:\/\/www.em.com.br\/emfoco\/wp-json\/wp\/v2\/comments?post=10818"}],"version-history":[{"count":2,"href":"https:\/\/www.em.com.br\/emfoco\/wp-json\/wp\/v2\/posts\/10818\/revisions"}],"predecessor-version":[{"id":10822,"href":"https:\/\/www.em.com.br\/emfoco\/wp-json\/wp\/v2\/posts\/10818\/revisions\/10822"}],"wp:featuredmedia":[{"embeddable":true,"href":"https:\/\/www.em.com.br\/emfoco\/wp-json\/wp\/v2\/media\/10819"}],"wp:attachment":[{"href":"https:\/\/www.em.com.br\/emfoco\/wp-json\/wp\/v2\/media?parent=10818"}],"wp:term":[{"taxonomy":"category","embeddable":true,"href":"https:\/\/www.em.com.br\/emfoco\/wp-json\/wp\/v2\/categories?post=10818"},{"taxonomy":"post_tag","embeddable":true,"href":"https:\/\/www.em.com.br\/emfoco\/wp-json\/wp\/v2\/tags?post=10818"}],"curies":[{"name":"wp","href":"https:\/\/api.w.org\/{rel}","templated":true}]}}