{"id":10814,"date":"2025-01-15T08:39:00","date_gmt":"2025-01-15T11:39:00","guid":{"rendered":"https:\/\/www.em.com.br\/emfoco\/?p=10814"},"modified":"2025-01-15T05:52:41","modified_gmt":"2025-01-15T08:52:41","slug":"comunicado-geral-para-quem-tem-carros-com-mais-de-10-anos-de-idade","status":"publish","type":"post","link":"https:\/\/www.em.com.br\/emfoco\/2025\/01\/15\/comunicado-geral-para-quem-tem-carros-com-mais-de-10-anos-de-idade\/","title":{"rendered":"Comunicado geral para quem tem carros com mais de 10 anos de idade"},"content":{"rendered":"\n<p>O Imposto sobre a Propriedade de Ve\u00edculos Automotores (IPVA) \u00e9 uma taxa anual obrigat\u00f3ria para propriet\u00e1rios de ve\u00edculos no Brasil. Este tributo, administrado por cada estado, \u00e9 essencial para garantir as receitas necess\u00e1rias ao financiamento de servi\u00e7os p\u00fablicos. Al\u00e9m disso, seu pagamento regular est\u00e1 vinculado ao licenciamento do ve\u00edculo, o que garante a legalidade na circula\u00e7\u00e3o pelos propriet\u00e1rios.<\/p>\n\n\n\n<p>A relev\u00e2ncia do IPVA vai al\u00e9m da simples arrecada\u00e7\u00e3o fiscal. Ele influencia diretamente a capacidade do estado de investir em infraestrutura e seguran\u00e7a vi\u00e1ria. Portanto, sua quita\u00e7\u00e3o \u00e9 um dever c\u00edvico que tamb\u00e9m aporta benef\u00edcios pr\u00e1ticos \u00e0 sociedade como um todo.<\/p>\n\n\n\n<h2 class=\"wp-block-heading\">Quem pode estar isento do pagamento do IPVA em 2025?<\/h2>\n\n\n\n<p>A isen\u00e7\u00e3o do IPVA depende das regras espec\u00edficas de cada estado. Em alguns casos, o crit\u00e9rio para isen\u00e7\u00e3o est\u00e1 vinculado ao tempo de fabrica\u00e7\u00e3o do ve\u00edculo. Por exemplo, no Acre, s\u00e3o isentos ve\u00edculos fabricados at\u00e9 2005; em Alagoas, modelos at\u00e9 2002 recebem o mesmo benef\u00edcio.<\/p>\n\n\n\n<p>Todavia, esta regra n\u00e3o \u00e9 uniforme em todo o pa\u00eds. No estado de Pernambuco, por exemplo, a isen\u00e7\u00e3o n\u00e3o se d\u00e1 com base no ano de fabrica\u00e7\u00e3o, refletindo a diversidade normativa entre os estados brasileiros. Assim, a conscientiza\u00e7\u00e3o sobre as normas locais \u00e9 imprescind\u00edvel para que os propriet\u00e1rios aproveitem ao m\u00e1ximo os direitos de isen\u00e7\u00e3o.<\/p>\n\n\n\n<figure class=\"wp-block-image size-large\"><img loading=\"lazy\" decoding=\"async\" width=\"1024\" height=\"576\" src=\"https:\/\/www.em.com.br\/emfoco\/wp-content\/uploads\/2024\/12\/ipva_1735650653009-1024x576.jpg\" alt=\"IPVA 2025 SP: Consulte o Valor do Seu Imposto e Evite Multas\" class=\"wp-image-7786\" srcset=\"https:\/\/www.em.com.br\/emfoco\/wp-content\/uploads\/2024\/12\/ipva_1735650653009-1024x576.jpg 1024w, https:\/\/www.em.com.br\/emfoco\/wp-content\/uploads\/2024\/12\/ipva_1735650653009-300x169.jpg 300w, https:\/\/www.em.com.br\/emfoco\/wp-content\/uploads\/2024\/12\/ipva_1735650653009-768x432.jpg 768w, https:\/\/www.em.com.br\/emfoco\/wp-content\/uploads\/2024\/12\/ipva_1735650653009-750x422.jpg 750w, https:\/\/www.em.com.br\/emfoco\/wp-content\/uploads\/2024\/12\/ipva_1735650653009-1140x641.jpg 1140w, https:\/\/www.em.com.br\/emfoco\/wp-content\/uploads\/2024\/12\/ipva_1735650653009.jpg 1280w\" sizes=\"auto, (max-width: 1024px) 100vw, 1024px\" \/><figcaption class=\"wp-element-caption\">Imagem Ilustrativa de IPVA &#8211; Cr\u00e9ditos: depositphotos.com \/ rafapress<\/figcaption><\/figure>\n\n\n\n<h2 class=\"wp-block-heading\">Como s\u00e3o definidas as al\u00edquotas do IPVA em 2025?<\/h2>\n\n\n\n<p>Cada estado tamb\u00e9m estabelece suas al\u00edquotas de IPVA, variando significamente de um local para outro. Enquanto Acre aplica uma al\u00edquota de 2%, Minas Gerais e S\u00e3o Paulo t\u00eam uma das tarifas mais altas do pa\u00eds, com 4%. J\u00e1 a Bahia opta por uma cobran\u00e7a ligeiramente mais baixa, em 2,5%.<\/p>\n\n\n\n<p>Essas al\u00edquotas impactam diretamente o valor total a ser pago pelos propriet\u00e1rios de ve\u00edculos. Compreender o percentual vigente em cada estado permite um planejamento financeiro mais preciso, evitando eventuais surpresas na hora do pagamento.<\/p>\n\n\n\n<h2 class=\"wp-block-heading\">Quais s\u00e3o as consequ\u00eancias do n\u00e3o pagamento do IPVA?<\/h2>\n\n\n\n<p>A inadimpl\u00eancia no pagamento do IPVA pode acarretar em diversos problemas. O mais iminente \u00e9 a impossibilidade de realizar o licenciamento anual do ve\u00edculo, uma exig\u00eancia legal para que ele possa transitar sem irregularidades. Al\u00e9m disso, o propriet\u00e1rio inadimplente pode ter seu nome inscrito em cadastros de d\u00edvida, como SPC e Serasa, complicando suas finan\u00e7as pessoais.<\/p>\n\n\n\n<p>Portanto, manter o IPVA em dia \u00e9 crucial n\u00e3o apenas para evitar penalidades legais, mas tamb\u00e9m para garantir a livre circula\u00e7\u00e3o do ve\u00edculo e facilitar futuras transa\u00e7\u00f5es, como venda ou transfer\u00eancia de propriedade.<\/p>\n\n\n\n<h2 class=\"wp-block-heading\">Onde encontrar informa\u00e7\u00f5es espec\u00edficas sobre o IPVA no seu estado?<\/h2>\n\n\n\n<p>Para informa\u00e7\u00f5es precisas sobre o IPVA no seu estado, \u00e9 recomend\u00e1vel acessar os sites das Secretarias da Fazenda estaduais, onde s\u00e3o divulgadas as al\u00edquotas, datas de vencimento e crit\u00e9rios de isen\u00e7\u00e3o espec\u00edficos. Estes portais s\u00e3o a fonte mais confi\u00e1vel para esclarecer d\u00favidas e efetuar consultas sobre a situa\u00e7\u00e3o do imposto.<\/p>\n\n\n\n<p>Certificar-se dessas informa\u00e7\u00f5es \u00e9 vital para a boa gest\u00e3o das obriga\u00e7\u00f5es financeiras ligadas ao ve\u00edculo, permitindo que os propriet\u00e1rios conduzam seus autom\u00f3veis com seguran\u00e7a e dentro da legalidade.<\/p>\n","protected":false},"excerpt":{"rendered":"<p>O Imposto sobre a Propriedade de Ve\u00edculos Automotores (IPVA) \u00e9 uma taxa anual obrigat\u00f3ria para propriet\u00e1rios de ve\u00edculos no Brasil. Este tributo, administrado por cada estado, \u00e9 essencial para garantir as receitas necess\u00e1rias ao financiamento de servi\u00e7os p\u00fablicos. Al\u00e9m disso, seu pagamento regular est\u00e1 vinculado ao licenciamento do ve\u00edculo, o que garante a legalidade na [&hellip;]<\/p>\n","protected":false},"author":2,"featured_media":10816,"comment_status":"open","ping_status":"open","sticky":false,"template":"","format":"standard","meta":{"jnews-multi-image_gallery":[],"jnews_single_post":{"format":"standard"},"jnews_primary_category":[],"jnews_social_meta":[],"jnews_override_counter":[],"footnotes":""},"categories":[28,1],"tags":[3504,158,941,2718,534],"class_list":["post-10814","post","type-post","status-publish","format-standard","has-post-thumbnail","hentry","category-economia","category-noticias","tag-aliquota","tag-brasil","tag-imposto","tag-ipva-2025","tag-veiculos"],"yoast_head":"<!-- This site is optimized with the Yoast SEO plugin v23.8 - https:\/\/yoast.com\/wordpress\/plugins\/seo\/ -->\n<title>Comunicado geral para quem tem carros com mais de 10 anos de idade - Estado de Minas - Em foco<\/title>\n<meta name=\"description\" content=\"O Imposto sobre a Propriedade de Ve\u00edculos Automotores (IPVA) \u00e9 uma taxa anual obrigat\u00f3ria para propriet\u00e1rios de ve\u00edculos no Brasil. Este tributo, administrado por cada estado, \u00e9 essencial para garantir as receitas necess\u00e1rias ao financiamento de servi\u00e7os p\u00fablicos.\" \/>\n<meta name=\"robots\" content=\"index, follow, max-snippet:-1, max-image-preview:large, max-video-preview:-1\" \/>\n<link rel=\"canonical\" href=\"https:\/\/www.em.com.br\/emfoco\/2025\/01\/15\/comunicado-geral-para-quem-tem-carros-com-mais-de-10-anos-de-idade\/\" \/>\n<meta property=\"og:locale\" content=\"pt_BR\" \/>\n<meta property=\"og:type\" content=\"article\" \/>\n<meta property=\"og:title\" content=\"Comunicado geral para quem tem carros com mais de 10 anos de idade - Estado de Minas - Em foco\" \/>\n<meta property=\"og:description\" content=\"O Imposto sobre a Propriedade de Ve\u00edculos Automotores (IPVA) \u00e9 uma taxa anual obrigat\u00f3ria para propriet\u00e1rios de ve\u00edculos no Brasil. Este tributo, administrado por cada estado, \u00e9 essencial para garantir as receitas necess\u00e1rias ao financiamento de servi\u00e7os p\u00fablicos.\" \/>\n<meta property=\"og:url\" content=\"https:\/\/www.em.com.br\/emfoco\/2025\/01\/15\/comunicado-geral-para-quem-tem-carros-com-mais-de-10-anos-de-idade\/\" \/>\n<meta property=\"og:site_name\" content=\"Estado de Minas - Em foco\" \/>\n<meta property=\"article:published_time\" content=\"2025-01-15T11:39:00+00:00\" \/>\n<meta property=\"article:modified_time\" content=\"2025-01-15T08:52:41+00:00\" \/>\n<meta property=\"og:image\" content=\"https:\/\/www.em.com.br\/emfoco\/wp-content\/uploads\/2025\/01\/ipva_1736930201458.jpg\" \/>\n\t<meta property=\"og:image:width\" content=\"1280\" \/>\n\t<meta property=\"og:image:height\" content=\"720\" \/>\n\t<meta property=\"og:image:type\" content=\"image\/jpeg\" \/>\n<meta name=\"author\" content=\"Guilherme\" \/>\n<meta name=\"twitter:card\" content=\"summary_large_image\" \/>\n<meta name=\"twitter:label1\" content=\"Escrito por\" \/>\n\t<meta name=\"twitter:data1\" content=\"Guilherme\" \/>\n\t<meta name=\"twitter:label2\" content=\"Est. tempo de leitura\" \/>\n\t<meta name=\"twitter:data2\" content=\"4 minutos\" \/>\n<!-- \/ Yoast SEO plugin. -->","yoast_head_json":{"title":"Comunicado geral para quem tem carros com mais de 10 anos de idade - Estado de Minas - Em foco","description":"O Imposto sobre a Propriedade de Ve\u00edculos Automotores (IPVA) \u00e9 uma taxa anual obrigat\u00f3ria para propriet\u00e1rios de ve\u00edculos no Brasil. Este tributo, administrado por cada estado, \u00e9 essencial para garantir as receitas necess\u00e1rias ao financiamento de servi\u00e7os p\u00fablicos.","robots":{"index":"index","follow":"follow","max-snippet":"max-snippet:-1","max-image-preview":"max-image-preview:large","max-video-preview":"max-video-preview:-1"},"canonical":"https:\/\/www.em.com.br\/emfoco\/2025\/01\/15\/comunicado-geral-para-quem-tem-carros-com-mais-de-10-anos-de-idade\/","og_locale":"pt_BR","og_type":"article","og_title":"Comunicado geral para quem tem carros com mais de 10 anos de idade - Estado de Minas - Em foco","og_description":"O Imposto sobre a Propriedade de Ve\u00edculos Automotores (IPVA) \u00e9 uma taxa anual obrigat\u00f3ria para propriet\u00e1rios de ve\u00edculos no Brasil. Este tributo, administrado por cada estado, \u00e9 essencial para garantir as receitas necess\u00e1rias ao financiamento de servi\u00e7os p\u00fablicos.","og_url":"https:\/\/www.em.com.br\/emfoco\/2025\/01\/15\/comunicado-geral-para-quem-tem-carros-com-mais-de-10-anos-de-idade\/","og_site_name":"Estado de Minas - Em foco","article_published_time":"2025-01-15T11:39:00+00:00","article_modified_time":"2025-01-15T08:52:41+00:00","og_image":[{"width":1280,"height":720,"url":"https:\/\/www.em.com.br\/emfoco\/wp-content\/uploads\/2025\/01\/ipva_1736930201458.jpg","type":"image\/jpeg"}],"author":"Guilherme","twitter_card":"summary_large_image","twitter_misc":{"Escrito por":"Guilherme","Est. tempo de leitura":"4 minutos"},"schema":{"@context":"https:\/\/schema.org","@graph":[{"@type":"WebPage","@id":"https:\/\/www.em.com.br\/emfoco\/2025\/01\/15\/comunicado-geral-para-quem-tem-carros-com-mais-de-10-anos-de-idade\/","url":"https:\/\/www.em.com.br\/emfoco\/2025\/01\/15\/comunicado-geral-para-quem-tem-carros-com-mais-de-10-anos-de-idade\/","name":"Comunicado geral para quem tem carros com mais de 10 anos de idade - Estado de Minas - Em foco","isPartOf":{"@id":"https:\/\/www.em.com.br\/emfoco\/#website"},"primaryImageOfPage":{"@id":"https:\/\/www.em.com.br\/emfoco\/2025\/01\/15\/comunicado-geral-para-quem-tem-carros-com-mais-de-10-anos-de-idade\/#primaryimage"},"image":{"@id":"https:\/\/www.em.com.br\/emfoco\/2025\/01\/15\/comunicado-geral-para-quem-tem-carros-com-mais-de-10-anos-de-idade\/#primaryimage"},"thumbnailUrl":"https:\/\/www.em.com.br\/emfoco\/wp-content\/uploads\/2025\/01\/ipva_1736930201458.jpg","datePublished":"2025-01-15T11:39:00+00:00","dateModified":"2025-01-15T08:52:41+00:00","author":{"@id":"https:\/\/www.em.com.br\/emfoco\/#\/schema\/person\/097c4a57cc4dc96be3b74aaf7185dd84"},"description":"O Imposto sobre a Propriedade de Ve\u00edculos Automotores (IPVA) \u00e9 uma taxa anual obrigat\u00f3ria para propriet\u00e1rios de ve\u00edculos no Brasil. Este tributo, administrado por cada estado, \u00e9 essencial para garantir as receitas necess\u00e1rias ao financiamento de servi\u00e7os p\u00fablicos.","breadcrumb":{"@id":"https:\/\/www.em.com.br\/emfoco\/2025\/01\/15\/comunicado-geral-para-quem-tem-carros-com-mais-de-10-anos-de-idade\/#breadcrumb"},"inLanguage":"pt-BR","potentialAction":[{"@type":"ReadAction","target":["https:\/\/www.em.com.br\/emfoco\/2025\/01\/15\/comunicado-geral-para-quem-tem-carros-com-mais-de-10-anos-de-idade\/"]}]},{"@type":"ImageObject","inLanguage":"pt-BR","@id":"https:\/\/www.em.com.br\/emfoco\/2025\/01\/15\/comunicado-geral-para-quem-tem-carros-com-mais-de-10-anos-de-idade\/#primaryimage","url":"https:\/\/www.em.com.br\/emfoco\/wp-content\/uploads\/2025\/01\/ipva_1736930201458.jpg","contentUrl":"https:\/\/www.em.com.br\/emfoco\/wp-content\/uploads\/2025\/01\/ipva_1736930201458.jpg","width":1280,"height":720,"caption":"Comunicado geral para quem tem carros com mais de 10 anos de idade Cr\u00e9ditos: depositphotos.com \/ joasouza"},{"@type":"BreadcrumbList","@id":"https:\/\/www.em.com.br\/emfoco\/2025\/01\/15\/comunicado-geral-para-quem-tem-carros-com-mais-de-10-anos-de-idade\/#breadcrumb","itemListElement":[{"@type":"ListItem","position":1,"name":"In\u00edcio","item":"https:\/\/www.em.com.br\/emfoco\/"},{"@type":"ListItem","position":2,"name":"Comunicado geral para quem tem carros com mais de 10 anos de idade"}]},{"@type":"WebSite","@id":"https:\/\/www.em.com.br\/emfoco\/#website","url":"https:\/\/www.em.com.br\/emfoco\/","name":"Estado de Minas - Em foco","description":"Acompanhe as \u00faltimas not\u00edcias e fique bem informado sobre tudo o que acontece em Minas Gerais, Brasil e no mundo.","potentialAction":[{"@type":"SearchAction","target":{"@type":"EntryPoint","urlTemplate":"https:\/\/www.em.com.br\/emfoco\/?s={search_term_string}"},"query-input":{"@type":"PropertyValueSpecification","valueRequired":true,"valueName":"search_term_string"}}],"inLanguage":"pt-BR"},{"@type":"Person","@id":"https:\/\/www.em.com.br\/emfoco\/#\/schema\/person\/097c4a57cc4dc96be3b74aaf7185dd84","name":"Guilherme","image":{"@type":"ImageObject","inLanguage":"pt-BR","@id":"https:\/\/www.em.com.br\/emfoco\/#\/schema\/person\/image\/","url":"https:\/\/secure.gravatar.com\/avatar\/6a059d20d980bdeb1d1d6b0fa2b4633c?s=96&d=mm&r=g","contentUrl":"https:\/\/secure.gravatar.com\/avatar\/6a059d20d980bdeb1d1d6b0fa2b4633c?s=96&d=mm&r=g","caption":"Guilherme"},"url":"https:\/\/www.em.com.br\/emfoco\/author\/guilhermemyth\/"}]}},"_links":{"self":[{"href":"https:\/\/www.em.com.br\/emfoco\/wp-json\/wp\/v2\/posts\/10814","targetHints":{"allow":["GET"]}}],"collection":[{"href":"https:\/\/www.em.com.br\/emfoco\/wp-json\/wp\/v2\/posts"}],"about":[{"href":"https:\/\/www.em.com.br\/emfoco\/wp-json\/wp\/v2\/types\/post"}],"author":[{"embeddable":true,"href":"https:\/\/www.em.com.br\/emfoco\/wp-json\/wp\/v2\/users\/2"}],"replies":[{"embeddable":true,"href":"https:\/\/www.em.com.br\/emfoco\/wp-json\/wp\/v2\/comments?post=10814"}],"version-history":[{"count":2,"href":"https:\/\/www.em.com.br\/emfoco\/wp-json\/wp\/v2\/posts\/10814\/revisions"}],"predecessor-version":[{"id":10817,"href":"https:\/\/www.em.com.br\/emfoco\/wp-json\/wp\/v2\/posts\/10814\/revisions\/10817"}],"wp:featuredmedia":[{"embeddable":true,"href":"https:\/\/www.em.com.br\/emfoco\/wp-json\/wp\/v2\/media\/10816"}],"wp:attachment":[{"href":"https:\/\/www.em.com.br\/emfoco\/wp-json\/wp\/v2\/media?parent=10814"}],"wp:term":[{"taxonomy":"category","embeddable":true,"href":"https:\/\/www.em.com.br\/emfoco\/wp-json\/wp\/v2\/categories?post=10814"},{"taxonomy":"post_tag","embeddable":true,"href":"https:\/\/www.em.com.br\/emfoco\/wp-json\/wp\/v2\/tags?post=10814"}],"curies":[{"name":"wp","href":"https:\/\/api.w.org\/{rel}","templated":true}]}}