{"id":10804,"date":"2025-01-15T17:00:00","date_gmt":"2025-01-15T20:00:00","guid":{"rendered":"https:\/\/www.em.com.br\/emfoco\/?p=10804"},"modified":"2025-01-15T05:53:17","modified_gmt":"2025-01-15T08:53:17","slug":"quem-tem-direito-ao-bpc","status":"publish","type":"post","link":"https:\/\/www.em.com.br\/emfoco\/2025\/01\/15\/quem-tem-direito-ao-bpc\/","title":{"rendered":"Quem tem direito ao BPC?"},"content":{"rendered":"\n<p>O Benef\u00edcio de Presta\u00e7\u00e3o Continuada (<a href=\"https:\/\/www.gov.br\/mds\/pt-br\/acoes-e-programas\/suas\/beneficios-assistenciais\/beneficio-assistencial-ao-idoso-e-a-pessoa-com-deficiencia-bpc\" target=\"_blank\" rel=\"noreferrer noopener\">BPC<\/a>) \u00e9 uma assist\u00eancia social essencial no Brasil, <a href=\"https:\/\/www.em.com.br\/emfoco\/2025\/01\/09\/autonomia-de-ate-473-km-o-suv-que-une-estilo-e-sustentabilidade\/\" target=\"_blank\" rel=\"noreferrer noopener\">desenhada <\/a>para garantir um sal\u00e1rio m\u00ednimo mensal a idosos e pessoas com defici\u00eancia de baixa renda. Este programa visa suprir as necessidades b\u00e1sicas de indiv\u00edduos que, devido \u00e0 sua condi\u00e7\u00e3o, encontram-se impossibilitados de contribuir para a Previd\u00eancia Social. No entanto, a execu\u00e7\u00e3o do BPC tem enfrentado desafios que comprometem a sua efic\u00e1cia e sustentabilidade.<\/p>\n\n\n\n<p>Nos \u00faltimos anos, o n\u00famero de benefici\u00e1rios do BPC disparou, levantando preocupa\u00e7\u00f5es sobre a administra\u00e7\u00e3o dos recursos p\u00fablicos usados para financi\u00e1-lo. Este aumento expressivo no n\u00famero de beneficiados n\u00e3o se alinha com a progress\u00e3o demogr\u00e1fica esperada, e indica poss\u00edveis falhas no sistema de concess\u00e3o do benef\u00edcio que precisam ser analisadas cuidadosamente.<\/p>\n\n\n\n<h2 class=\"wp-block-heading\">Quais desafios o BPC enfrenta atualmente?<\/h2>\n\n\n\n<p>Um dos maiores desafios enfrentados pelo BPC \u00e9 a atribui\u00e7\u00e3o de benef\u00edcios a indiv\u00edduos que n\u00e3o se enquadram nos crit\u00e9rios originais do programa. Segundo especialistas, cerca de 12% dos pagamentos efetuados s\u00e3o considerados indevidos, representando um gasto excessivo que sobrecarrega as contas p\u00fablicas. A complexidade do sistema de concess\u00e3o do BPC, aliada a interven\u00e7\u00f5es judiciais frequentes, contribui para uma expans\u00e3o deste benef\u00edcio al\u00e9m do p\u00fablico-alvo inicial.<\/p>\n\n\n<div class=\"wp-block-image\">\n<figure class=\"aligncenter size-large\"><img loading=\"lazy\" decoding=\"async\" width=\"1024\" height=\"576\" src=\"https:\/\/www.em.com.br\/emfoco\/wp-content\/uploads\/2024\/12\/Idoso-Brasileiro_1733800902102-1024x576.jpg\" alt=\"\" class=\"wp-image-4095\" srcset=\"https:\/\/www.em.com.br\/emfoco\/wp-content\/uploads\/2024\/12\/Idoso-Brasileiro_1733800902102-1024x576.jpg 1024w, https:\/\/www.em.com.br\/emfoco\/wp-content\/uploads\/2024\/12\/Idoso-Brasileiro_1733800902102-300x169.jpg 300w, https:\/\/www.em.com.br\/emfoco\/wp-content\/uploads\/2024\/12\/Idoso-Brasileiro_1733800902102-768x432.jpg 768w, https:\/\/www.em.com.br\/emfoco\/wp-content\/uploads\/2024\/12\/Idoso-Brasileiro_1733800902102-750x422.jpg 750w, https:\/\/www.em.com.br\/emfoco\/wp-content\/uploads\/2024\/12\/Idoso-Brasileiro_1733800902102-1140x641.jpg 1140w, https:\/\/www.em.com.br\/emfoco\/wp-content\/uploads\/2024\/12\/Idoso-Brasileiro_1733800902102.jpg 1280w\" sizes=\"auto, (max-width: 1024px) 100vw, 1024px\" \/><figcaption class=\"wp-element-caption\">BPC &#8211; Cr\u00e9ditos: depositphotos.com \/ verganifotografia<\/figcaption><\/figure><\/div>\n\n\n<p>A concess\u00e3o de benef\u00edcios por via judicial tem se tornado uma pr\u00e1tica comum, muitas vezes alicer\u00e7ada em interpreta\u00e7\u00f5es amplas da legisla\u00e7\u00e3o existente. A falta de crit\u00e9rios claros entre defici\u00eancias de intensidade variada faz com que o sistema judicial tenha um papel significativo na determina\u00e7\u00e3o de quem recebe o BPC, ampliando o percentual de concess\u00f5es para casos menos graves.<\/p>\n\n\n\n<h2 class=\"wp-block-heading\">Quais foram as propostas recentes para reformar o BPC?<\/h2>\n\n\n\n<p>Nos esfor\u00e7os para reformar o BPC e garantir a sua sustentabilidade, o governo federal prop\u00f4s a introdu\u00e7\u00e3o de uma legisla\u00e7\u00e3o que distinguisse entre defici\u00eancias &#8220;moderadas&#8221; e &#8220;graves&#8221;. Tal medida visava criar diretrizes mais precisas para a concess\u00e3o do benef\u00edcio, restringindo o alcance a quem realmente necessitasse. No entanto, as propostas enfrentaram resist\u00eancia no Congresso e sofreram vetos presidenciais que atenuaram o impacto esperado das reformas.<\/p>\n\n\n\n<p>Al\u00e9m disso, houve estudos para reconsiderar a inclus\u00e3o de renda dos c\u00f4njuges n\u00e3o residentes na avalia\u00e7\u00e3o de elegibilidade dos benefici\u00e1rios, inten\u00e7\u00e3o posteriormente retirada para facilitar as negocia\u00e7\u00f5es pol\u00edticas no Senado. Estas reformas debateram a elimina\u00e7\u00e3o de concess\u00f5es excessivas, representam um passo importante na conten\u00e7\u00e3o dos gastos do BPC, mas enfrentaram obst\u00e1culos significativos em seu percurso legislativo.<\/p>\n\n\n\n<h2 class=\"wp-block-heading\">Qual o futuro do Benef\u00edcio de Presta\u00e7\u00e3o Continuada?<\/h2>\n\n\n\n<p>O futuro do BPC depende de um equil\u00edbrio delicado entre a necessidade de assist\u00eancia social e a gest\u00e3o prudente dos recursos p\u00fablicos. As discuss\u00f5es sobre o papel judici\u00e1rio na concess\u00e3o do benef\u00edcio e as qualifica\u00e7\u00f5es necess\u00e1rias para a elegibilidade continuar\u00e3o a moldar a evolu\u00e7\u00e3o do programa. Pol\u00edticas que incrementem a clareza legislativa s\u00e3o essenciais para garantir que o BPC permane\u00e7a acess\u00edvel apenas para os indiv\u00edduos que realmente precisam.<\/p>\n\n\n\n<p>Com o envelhecimento da popula\u00e7\u00e3o e as mudan\u00e7as socioecon\u00f4micas, o BPC dever\u00e1 ser continuamente revisado para acompanhar as novas necessidades e contextos. Uma gest\u00e3o ajustada e supervisionada pode conter os avan\u00e7os excessivos do sistema, assegurando o apoio ininterrupto e eficaz aos mais vulner\u00e1veis da sociedade. Portanto, a vigil\u00e2ncia cont\u00ednua e a introdu\u00e7\u00e3o de reformas baseadas em evid\u00eancias s\u00e3o fundamentais para a sustentabilidade do programa no longo prazo.<\/p>\n","protected":false},"excerpt":{"rendered":"<p>O Benef\u00edcio de Presta\u00e7\u00e3o Continuada (BPC) \u00e9 uma assist\u00eancia social essencial no Brasil, desenhada para garantir um sal\u00e1rio m\u00ednimo mensal a idosos e pessoas com defici\u00eancia de baixa renda. Este programa visa suprir as necessidades b\u00e1sicas de indiv\u00edduos que, devido \u00e0 sua condi\u00e7\u00e3o, encontram-se impossibilitados de contribuir para a Previd\u00eancia Social. No entanto, a execu\u00e7\u00e3o [&hellip;]<\/p>\n","protected":false},"author":7,"featured_media":1980,"comment_status":"open","ping_status":"open","sticky":false,"template":"","format":"standard","meta":{"jnews-multi-image_gallery":[],"jnews_single_post":{"format":"standard"},"jnews_primary_category":[],"jnews_social_meta":[],"jnews_override_counter":[],"footnotes":""},"categories":[28],"tags":[498,257,609,1012,325],"class_list":["post-10804","post","type-post","status-publish","format-standard","has-post-thumbnail","hentry","category-economia","tag-assistencia-social","tag-bpc","tag-previdencia-social","tag-reforma","tag-sustentabilidade"],"yoast_head":"<!-- This site is optimized with the Yoast SEO plugin v23.8 - https:\/\/yoast.com\/wordpress\/plugins\/seo\/ -->\n<title>Quem tem direito ao BPC? - Estado de Minas - Em foco<\/title>\n<meta name=\"description\" content=\"Artigo discute os desafios e reformas recentes para garantir o acesso de vulner\u00e1veis.\" \/>\n<meta name=\"robots\" content=\"index, follow, max-snippet:-1, max-image-preview:large, max-video-preview:-1\" \/>\n<link rel=\"canonical\" href=\"https:\/\/www.em.com.br\/emfoco\/2025\/01\/15\/quem-tem-direito-ao-bpc\/\" \/>\n<meta property=\"og:locale\" content=\"pt_BR\" \/>\n<meta property=\"og:type\" content=\"article\" \/>\n<meta property=\"og:title\" content=\"Quem tem direito ao BPC? - Estado de Minas - Em foco\" \/>\n<meta property=\"og:description\" content=\"Artigo discute os desafios e reformas recentes para garantir o acesso de vulner\u00e1veis.\" \/>\n<meta property=\"og:url\" content=\"https:\/\/www.em.com.br\/emfoco\/2025\/01\/15\/quem-tem-direito-ao-bpc\/\" \/>\n<meta property=\"og:site_name\" content=\"Estado de Minas - Em foco\" \/>\n<meta property=\"article:published_time\" content=\"2025-01-15T20:00:00+00:00\" \/>\n<meta property=\"article:modified_time\" content=\"2025-01-15T08:53:17+00:00\" \/>\n<meta property=\"og:image\" content=\"https:\/\/www.em.com.br\/emfoco\/wp-content\/uploads\/2024\/11\/Idoso-Brasileiro_1732817422122.jpg\" \/>\n\t<meta property=\"og:image:width\" content=\"1280\" \/>\n\t<meta property=\"og:image:height\" content=\"720\" \/>\n\t<meta property=\"og:image:type\" content=\"image\/jpeg\" \/>\n<meta name=\"author\" content=\"Kelvin\" \/>\n<meta name=\"twitter:card\" content=\"summary_large_image\" \/>\n<meta name=\"twitter:label1\" content=\"Escrito por\" \/>\n\t<meta name=\"twitter:data1\" content=\"Kelvin\" \/>\n\t<meta name=\"twitter:label2\" content=\"Est. tempo de leitura\" \/>\n\t<meta name=\"twitter:data2\" content=\"4 minutos\" \/>\n<!-- \/ Yoast SEO plugin. -->","yoast_head_json":{"title":"Quem tem direito ao BPC? - Estado de Minas - Em foco","description":"Artigo discute os desafios e reformas recentes para garantir o acesso de vulner\u00e1veis.","robots":{"index":"index","follow":"follow","max-snippet":"max-snippet:-1","max-image-preview":"max-image-preview:large","max-video-preview":"max-video-preview:-1"},"canonical":"https:\/\/www.em.com.br\/emfoco\/2025\/01\/15\/quem-tem-direito-ao-bpc\/","og_locale":"pt_BR","og_type":"article","og_title":"Quem tem direito ao BPC? - Estado de Minas - Em foco","og_description":"Artigo discute os desafios e reformas recentes para garantir o acesso de vulner\u00e1veis.","og_url":"https:\/\/www.em.com.br\/emfoco\/2025\/01\/15\/quem-tem-direito-ao-bpc\/","og_site_name":"Estado de Minas - Em foco","article_published_time":"2025-01-15T20:00:00+00:00","article_modified_time":"2025-01-15T08:53:17+00:00","og_image":[{"width":1280,"height":720,"url":"https:\/\/www.em.com.br\/emfoco\/wp-content\/uploads\/2024\/11\/Idoso-Brasileiro_1732817422122.jpg","type":"image\/jpeg"}],"author":"Kelvin","twitter_card":"summary_large_image","twitter_misc":{"Escrito por":"Kelvin","Est. tempo de leitura":"4 minutos"},"schema":{"@context":"https:\/\/schema.org","@graph":[{"@type":"WebPage","@id":"https:\/\/www.em.com.br\/emfoco\/2025\/01\/15\/quem-tem-direito-ao-bpc\/","url":"https:\/\/www.em.com.br\/emfoco\/2025\/01\/15\/quem-tem-direito-ao-bpc\/","name":"Quem tem direito ao BPC? - Estado de Minas - Em foco","isPartOf":{"@id":"https:\/\/www.em.com.br\/emfoco\/#website"},"primaryImageOfPage":{"@id":"https:\/\/www.em.com.br\/emfoco\/2025\/01\/15\/quem-tem-direito-ao-bpc\/#primaryimage"},"image":{"@id":"https:\/\/www.em.com.br\/emfoco\/2025\/01\/15\/quem-tem-direito-ao-bpc\/#primaryimage"},"thumbnailUrl":"https:\/\/www.em.com.br\/emfoco\/wp-content\/uploads\/2024\/11\/Idoso-Brasileiro_1732817422122.jpg","datePublished":"2025-01-15T20:00:00+00:00","dateModified":"2025-01-15T08:53:17+00:00","author":{"@id":"https:\/\/www.em.com.br\/emfoco\/#\/schema\/person\/fb0a7f48c6fbb94b83f413a80f61917d"},"description":"Artigo discute os desafios e reformas recentes para garantir o acesso de vulner\u00e1veis.","breadcrumb":{"@id":"https:\/\/www.em.com.br\/emfoco\/2025\/01\/15\/quem-tem-direito-ao-bpc\/#breadcrumb"},"inLanguage":"pt-BR","potentialAction":[{"@type":"ReadAction","target":["https:\/\/www.em.com.br\/emfoco\/2025\/01\/15\/quem-tem-direito-ao-bpc\/"]}]},{"@type":"ImageObject","inLanguage":"pt-BR","@id":"https:\/\/www.em.com.br\/emfoco\/2025\/01\/15\/quem-tem-direito-ao-bpc\/#primaryimage","url":"https:\/\/www.em.com.br\/emfoco\/wp-content\/uploads\/2024\/11\/Idoso-Brasileiro_1732817422122.jpg","contentUrl":"https:\/\/www.em.com.br\/emfoco\/wp-content\/uploads\/2024\/11\/Idoso-Brasileiro_1732817422122.jpg","width":1280,"height":720,"caption":"Idoso Brasileiro - Cr\u00e9ditos: depositphotos.com \/ tgthales@gmail.com"},{"@type":"BreadcrumbList","@id":"https:\/\/www.em.com.br\/emfoco\/2025\/01\/15\/quem-tem-direito-ao-bpc\/#breadcrumb","itemListElement":[{"@type":"ListItem","position":1,"name":"In\u00edcio","item":"https:\/\/www.em.com.br\/emfoco\/"},{"@type":"ListItem","position":2,"name":"Quem tem direito ao BPC?"}]},{"@type":"WebSite","@id":"https:\/\/www.em.com.br\/emfoco\/#website","url":"https:\/\/www.em.com.br\/emfoco\/","name":"Estado de Minas - Em foco","description":"Acompanhe as \u00faltimas not\u00edcias e fique bem informado sobre tudo o que acontece em Minas Gerais, Brasil e no mundo.","potentialAction":[{"@type":"SearchAction","target":{"@type":"EntryPoint","urlTemplate":"https:\/\/www.em.com.br\/emfoco\/?s={search_term_string}"},"query-input":{"@type":"PropertyValueSpecification","valueRequired":true,"valueName":"search_term_string"}}],"inLanguage":"pt-BR"},{"@type":"Person","@id":"https:\/\/www.em.com.br\/emfoco\/#\/schema\/person\/fb0a7f48c6fbb94b83f413a80f61917d","name":"Kelvin","image":{"@type":"ImageObject","inLanguage":"pt-BR","@id":"https:\/\/www.em.com.br\/emfoco\/#\/schema\/person\/image\/","url":"https:\/\/secure.gravatar.com\/avatar\/e74f84337e6bf6c4c5e88fbdffa05270?s=96&d=mm&r=g","contentUrl":"https:\/\/secure.gravatar.com\/avatar\/e74f84337e6bf6c4c5e88fbdffa05270?s=96&d=mm&r=g","caption":"Kelvin"},"sameAs":["https:\/\/www.em.com.br\/emfoco"],"url":"https:\/\/www.em.com.br\/emfoco\/author\/kelvinmyth\/"}]}},"_links":{"self":[{"href":"https:\/\/www.em.com.br\/emfoco\/wp-json\/wp\/v2\/posts\/10804","targetHints":{"allow":["GET"]}}],"collection":[{"href":"https:\/\/www.em.com.br\/emfoco\/wp-json\/wp\/v2\/posts"}],"about":[{"href":"https:\/\/www.em.com.br\/emfoco\/wp-json\/wp\/v2\/types\/post"}],"author":[{"embeddable":true,"href":"https:\/\/www.em.com.br\/emfoco\/wp-json\/wp\/v2\/users\/7"}],"replies":[{"embeddable":true,"href":"https:\/\/www.em.com.br\/emfoco\/wp-json\/wp\/v2\/comments?post=10804"}],"version-history":[{"count":2,"href":"https:\/\/www.em.com.br\/emfoco\/wp-json\/wp\/v2\/posts\/10804\/revisions"}],"predecessor-version":[{"id":10807,"href":"https:\/\/www.em.com.br\/emfoco\/wp-json\/wp\/v2\/posts\/10804\/revisions\/10807"}],"wp:featuredmedia":[{"embeddable":true,"href":"https:\/\/www.em.com.br\/emfoco\/wp-json\/wp\/v2\/media\/1980"}],"wp:attachment":[{"href":"https:\/\/www.em.com.br\/emfoco\/wp-json\/wp\/v2\/media?parent=10804"}],"wp:term":[{"taxonomy":"category","embeddable":true,"href":"https:\/\/www.em.com.br\/emfoco\/wp-json\/wp\/v2\/categories?post=10804"},{"taxonomy":"post_tag","embeddable":true,"href":"https:\/\/www.em.com.br\/emfoco\/wp-json\/wp\/v2\/tags?post=10804"}],"curies":[{"name":"wp","href":"https:\/\/api.w.org\/{rel}","templated":true}]}}