{"id":107982,"date":"2025-09-27T16:28:00","date_gmt":"2025-09-27T19:28:00","guid":{"rendered":"https:\/\/www.em.com.br\/emfoco\/?p=107982"},"modified":"2025-09-26T18:00:09","modified_gmt":"2025-09-26T21:00:09","slug":"como-cultivar-a-fruta-que-fortalece-a-imunidade-e-cabe-em-qualquer-espaco","status":"publish","type":"post","link":"https:\/\/www.em.com.br\/emfoco\/2025\/09\/27\/como-cultivar-a-fruta-que-fortalece-a-imunidade-e-cabe-em-qualquer-espaco\/","title":{"rendered":"Como cultivar a fruta que fortalece a imunidade e cabe em qualquer espa\u00e7o"},"content":{"rendered":"\n<p>Fortalecer a imunidade \u00e9 essencial no dia a dia, e pequenas escolhas em casa podem fazer diferen\u00e7a. Cultivar <strong>acerola<\/strong>, fruta riqu\u00edssima em vitamina C, mesmo em vasos ou varandas, \u00e9 uma forma pr\u00e1tica de cuidar da sa\u00fade da fam\u00edlia.<\/p>\n\n\n\n<ul class=\"wp-block-list\">\n<li>Plante em vasos, jardineiras ou pequenos espa\u00e7os<\/li>\n\n\n\n<li>Cont\u00e9m at\u00e9 30 vezes mais vitamina C que a laranja<\/li>\n\n\n\n<li>Uso vers\u00e1til em sucos, sobremesas e geleias<\/li>\n<\/ul>\n\n\n\n<h2 class=\"wp-block-heading\">Por que a acerola \u00e9 t\u00e3o importante para a imunidade?<\/h2>\n\n\n\n<p><strong>A acerola fortalece as defesas naturais do organismo gra\u00e7as \u00e0 alt\u00edssima concentra\u00e7\u00e3o de <a href=\"https:\/\/www.benegrip.com.br\/saude\/vitaminas\/beneficios-da-vitamina-c\" target=\"_blank\" rel=\"noreferrer noopener\">vitamina C<\/a>.<\/strong> Uma \u00fanica unidade pode suprir grande parte da necessidade di\u00e1ria desse nutriente essencial.<\/p>\n\n\n\n<p>Al\u00e9m da a\u00e7\u00e3o contra gripes e resfriados, a fruta contribui para a produ\u00e7\u00e3o de col\u00e1geno, melhora a absor\u00e7\u00e3o de ferro e ajuda a manter a pele saud\u00e1vel por mais tempo.<\/p>\n\n\n\n<figure class=\"wp-block-image size-large\"><img loading=\"lazy\" decoding=\"async\" width=\"1024\" height=\"576\" src=\"https:\/\/www.em.com.br\/emfoco\/wp-content\/uploads\/2025\/09\/Acerola_1758783980598-1024x576.jpg\" alt=\"Como cultivar a fruta que fortalece a imunidade e cabe em qualquer espa\u00e7o\" class=\"wp-image-107993\" srcset=\"https:\/\/www.em.com.br\/emfoco\/wp-content\/uploads\/2025\/09\/Acerola_1758783980598-1024x576.jpg 1024w, https:\/\/www.em.com.br\/emfoco\/wp-content\/uploads\/2025\/09\/Acerola_1758783980598-300x169.jpg 300w, https:\/\/www.em.com.br\/emfoco\/wp-content\/uploads\/2025\/09\/Acerola_1758783980598-768x432.jpg 768w, https:\/\/www.em.com.br\/emfoco\/wp-content\/uploads\/2025\/09\/Acerola_1758783980598-750x422.jpg 750w, https:\/\/www.em.com.br\/emfoco\/wp-content\/uploads\/2025\/09\/Acerola_1758783980598-1140x641.jpg 1140w, https:\/\/www.em.com.br\/emfoco\/wp-content\/uploads\/2025\/09\/Acerola_1758783980598.jpg 1280w\" sizes=\"auto, (max-width: 1024px) 100vw, 1024px\" \/><figcaption class=\"wp-element-caption\">Fonte natural de vitamina C que fortalece as defesas do organismo &#8211; Cr\u00e9ditos: depositphotos.com \/ gukguithammasorn.gmail.com<\/figcaption><\/figure>\n\n\n\n<h2 class=\"wp-block-heading\">Como preparar o solo e o vaso para o cultivo?<\/h2>\n\n\n\n<p>O cultivo da aceroleira \u00e9 simples e se adapta bem a vasos de 40 a 60 cm de profundidade, desde que tenham boa drenagem. O solo precisa ser f\u00e9rtil e rico em mat\u00e9ria org\u00e2nica para garantir frutos abundantes.<\/p>\n\n\n\n<ul class=\"wp-block-list\">\n<li>Escolha vasos grandes com furos no fundo<\/li>\n\n\n\n<li>Use mistura de terra vegetal, areia e composto org\u00e2nico<\/li>\n\n\n\n<li>Adicione h\u00famus de minhoca a cada 2 meses<\/li>\n<\/ul>\n\n\n\n<h2 class=\"wp-block-heading\">Qual a frequ\u00eancia ideal de rega e aduba\u00e7\u00e3o?<\/h2>\n\n\n\n<p><strong>A rega deve ser feita tr\u00eas vezes por semana, mantendo o solo levemente \u00famido.<\/strong> Evite o encharcamento, que pode prejudicar as ra\u00edzes e atrasar a frutifica\u00e7\u00e3o.<\/p>\n\n\n\n<p>A aduba\u00e7\u00e3o deve ocorrer a cada 45 dias, de prefer\u00eancia com adubo org\u00e2nico. Esse cuidado garante mais flores, frutos de melhor qualidade e um ciclo produtivo prolongado.<\/p>\n\n\n\n<figure class=\"wp-block-image size-large\"><img loading=\"lazy\" decoding=\"async\" width=\"1024\" height=\"576\" src=\"https:\/\/www.em.com.br\/emfoco\/wp-content\/uploads\/2025\/09\/regando-planta_1758784019522-1024x576.jpg\" alt=\"Como cultivar a fruta que fortalece a imunidade e cabe em qualquer espa\u00e7o\" class=\"wp-image-107994\" srcset=\"https:\/\/www.em.com.br\/emfoco\/wp-content\/uploads\/2025\/09\/regando-planta_1758784019522-1024x576.jpg 1024w, https:\/\/www.em.com.br\/emfoco\/wp-content\/uploads\/2025\/09\/regando-planta_1758784019522-300x169.jpg 300w, https:\/\/www.em.com.br\/emfoco\/wp-content\/uploads\/2025\/09\/regando-planta_1758784019522-768x432.jpg 768w, https:\/\/www.em.com.br\/emfoco\/wp-content\/uploads\/2025\/09\/regando-planta_1758784019522-750x422.jpg 750w, https:\/\/www.em.com.br\/emfoco\/wp-content\/uploads\/2025\/09\/regando-planta_1758784019522-1140x641.jpg 1140w, https:\/\/www.em.com.br\/emfoco\/wp-content\/uploads\/2025\/09\/regando-planta_1758784019522.jpg 1280w\" sizes=\"auto, (max-width: 1024px) 100vw, 1024px\" \/><figcaption class=\"wp-element-caption\">Cultivo pr\u00e1tico que traz mais sa\u00fade e sabor para a rotina da fam\u00edlia &#8211; Cr\u00e9ditos: depositphotos.com \/ HayDmitriy<\/figcaption><\/figure>\n\n\n\n<p><em>Leia mais: <a href=\"https:\/\/www.em.com.br\/emfoco\/2025\/08\/22\/4-plantas-que-sao-repelentes-naturais-aos-pesticidas-repelem-carrapatos-e-economiza-seu-dinheiro\/\" target=\"_blank\" rel=\"noreferrer noopener\">4 plantas que s\u00e3o repelentes naturais aos pesticidas, repelem carrapatos e economiza seu dinheiro<\/a><\/em><\/p>\n\n\n\n<h2 class=\"wp-block-heading\">De que formas a acerola pode ser usada no dia a dia?<\/h2>\n\n\n\n<p>No cotidiano, a acerola \u00e9 extremamente vers\u00e1til, combinando sabor \u00e1cido, refrescante com alto valor nutritivo. Seu uso vai muito al\u00e9m do suco tradicional.<\/p>\n\n\n\n<p><strong>Ela pode ser usada em smoothies, sobremesas geladas, geleias e at\u00e9 em molhos para carnes.<\/strong> Isso aumenta ainda mais a praticidade de ter a fruta fresca sempre \u00e0 m\u00e3o.<\/p>\n\n\n\n<h2 class=\"wp-block-heading\">Quais dicas ajudam a colher o ano inteiro?<\/h2>\n\n\n\n<p>Para colher acerolas em diferentes \u00e9pocas do ano, \u00e9 importante manter alguns cuidados simples que estimulam a frutifica\u00e7\u00e3o constante da planta.<\/p>\n\n\n\n<ul class=\"wp-block-list\">\n<li>Fa\u00e7a podas leves ap\u00f3s cada safra<\/li>\n\n\n\n<li>Deixe o vaso em locais ensolarados<\/li>\n\n\n\n<li>Retire frutos maduros rapidamente para estimular novos brotos<\/li>\n<\/ul>\n\n\n\n<p><\/p>\n","protected":false},"excerpt":{"rendered":"<p>Fortalecer a imunidade \u00e9 essencial no dia a dia, e pequenas escolhas em casa podem fazer diferen\u00e7a. Cultivar acerola, fruta riqu\u00edssima em vitamina C, mesmo em vasos ou varandas, \u00e9 uma forma pr\u00e1tica de cuidar da sa\u00fade da fam\u00edlia. Por que a acerola \u00e9 t\u00e3o importante para a imunidade? A acerola fortalece as defesas naturais [&hellip;]<\/p>\n","protected":false},"author":13,"featured_media":107992,"comment_status":"open","ping_status":"open","sticky":false,"template":"","format":"standard","meta":{"jnews-multi-image_gallery":[],"jnews_single_post":{"format":"standard"},"jnews_primary_category":[],"jnews_social_meta":[],"jnews_override_counter":[],"footnotes":""},"categories":[8819],"tags":[1988,16549,3082,1990],"class_list":["post-107982","post","type-post","status-publish","format-standard","has-post-thumbnail","hentry","category-curiosidades","tag-fruta","tag-fruta-poderosa","tag-imunidade","tag-vitamina-c"],"yoast_head":"<!-- This site is optimized with the Yoast SEO plugin v23.8 - https:\/\/yoast.com\/wordpress\/plugins\/seo\/ -->\n<title>Como cultivar a fruta que fortalece a imunidade e cabe em qualquer espa\u00e7o - Estado de Minas - Em foco<\/title>\n<meta name=\"description\" content=\"Confira como uma fruta f\u00e1cil de plantar pode melhorar a imunidade e ainda render receitas deliciosas no seu dia a dia.\" \/>\n<meta name=\"robots\" content=\"index, follow, max-snippet:-1, max-image-preview:large, max-video-preview:-1\" \/>\n<link rel=\"canonical\" href=\"https:\/\/www.em.com.br\/emfoco\/2025\/09\/27\/como-cultivar-a-fruta-que-fortalece-a-imunidade-e-cabe-em-qualquer-espaco\/\" \/>\n<meta property=\"og:locale\" content=\"pt_BR\" \/>\n<meta property=\"og:type\" content=\"article\" \/>\n<meta property=\"og:title\" content=\"Como cultivar a fruta que fortalece a imunidade e cabe em qualquer espa\u00e7o - Estado de Minas - Em foco\" \/>\n<meta property=\"og:description\" content=\"Confira como uma fruta f\u00e1cil de plantar pode melhorar a imunidade e ainda render receitas deliciosas no seu dia a dia.\" \/>\n<meta property=\"og:url\" content=\"https:\/\/www.em.com.br\/emfoco\/2025\/09\/27\/como-cultivar-a-fruta-que-fortalece-a-imunidade-e-cabe-em-qualquer-espaco\/\" \/>\n<meta property=\"og:site_name\" content=\"Estado de Minas - Em foco\" \/>\n<meta property=\"article:published_time\" content=\"2025-09-27T19:28:00+00:00\" \/>\n<meta property=\"article:modified_time\" content=\"2025-09-26T21:00:09+00:00\" \/>\n<meta property=\"og:image\" content=\"https:\/\/www.em.com.br\/emfoco\/wp-content\/uploads\/2025\/09\/Acerola_1758783954337.jpg\" \/>\n\t<meta property=\"og:image:width\" content=\"1280\" \/>\n\t<meta property=\"og:image:height\" content=\"720\" \/>\n\t<meta property=\"og:image:type\" content=\"image\/jpeg\" \/>\n<meta name=\"author\" content=\"Gabriel Martins\" \/>\n<meta name=\"twitter:card\" content=\"summary_large_image\" \/>\n<meta name=\"twitter:label1\" content=\"Escrito por\" \/>\n\t<meta name=\"twitter:data1\" content=\"Gabriel Martins\" \/>\n\t<meta name=\"twitter:label2\" content=\"Est. tempo de leitura\" \/>\n\t<meta name=\"twitter:data2\" content=\"3 minutos\" \/>\n<!-- \/ Yoast SEO plugin. -->","yoast_head_json":{"title":"Como cultivar a fruta que fortalece a imunidade e cabe em qualquer espa\u00e7o - Estado de Minas - Em foco","description":"Confira como uma fruta f\u00e1cil de plantar pode melhorar a imunidade e ainda render receitas deliciosas no seu dia a dia.","robots":{"index":"index","follow":"follow","max-snippet":"max-snippet:-1","max-image-preview":"max-image-preview:large","max-video-preview":"max-video-preview:-1"},"canonical":"https:\/\/www.em.com.br\/emfoco\/2025\/09\/27\/como-cultivar-a-fruta-que-fortalece-a-imunidade-e-cabe-em-qualquer-espaco\/","og_locale":"pt_BR","og_type":"article","og_title":"Como cultivar a fruta que fortalece a imunidade e cabe em qualquer espa\u00e7o - Estado de Minas - Em foco","og_description":"Confira como uma fruta f\u00e1cil de plantar pode melhorar a imunidade e ainda render receitas deliciosas no seu dia a dia.","og_url":"https:\/\/www.em.com.br\/emfoco\/2025\/09\/27\/como-cultivar-a-fruta-que-fortalece-a-imunidade-e-cabe-em-qualquer-espaco\/","og_site_name":"Estado de Minas - Em foco","article_published_time":"2025-09-27T19:28:00+00:00","article_modified_time":"2025-09-26T21:00:09+00:00","og_image":[{"width":1280,"height":720,"url":"https:\/\/www.em.com.br\/emfoco\/wp-content\/uploads\/2025\/09\/Acerola_1758783954337.jpg","type":"image\/jpeg"}],"author":"Gabriel Martins","twitter_card":"summary_large_image","twitter_misc":{"Escrito por":"Gabriel Martins","Est. tempo de leitura":"3 minutos"},"schema":{"@context":"https:\/\/schema.org","@graph":[{"@type":"WebPage","@id":"https:\/\/www.em.com.br\/emfoco\/2025\/09\/27\/como-cultivar-a-fruta-que-fortalece-a-imunidade-e-cabe-em-qualquer-espaco\/","url":"https:\/\/www.em.com.br\/emfoco\/2025\/09\/27\/como-cultivar-a-fruta-que-fortalece-a-imunidade-e-cabe-em-qualquer-espaco\/","name":"Como cultivar a fruta que fortalece a imunidade e cabe em qualquer espa\u00e7o - Estado de Minas - Em foco","isPartOf":{"@id":"https:\/\/www.em.com.br\/emfoco\/#website"},"primaryImageOfPage":{"@id":"https:\/\/www.em.com.br\/emfoco\/2025\/09\/27\/como-cultivar-a-fruta-que-fortalece-a-imunidade-e-cabe-em-qualquer-espaco\/#primaryimage"},"image":{"@id":"https:\/\/www.em.com.br\/emfoco\/2025\/09\/27\/como-cultivar-a-fruta-que-fortalece-a-imunidade-e-cabe-em-qualquer-espaco\/#primaryimage"},"thumbnailUrl":"https:\/\/www.em.com.br\/emfoco\/wp-content\/uploads\/2025\/09\/Acerola_1758783954337.jpg","datePublished":"2025-09-27T19:28:00+00:00","dateModified":"2025-09-26T21:00:09+00:00","author":{"@id":"https:\/\/www.em.com.br\/emfoco\/#\/schema\/person\/1c9ddeab18b98abeffef834667bcf08a"},"description":"Confira como uma fruta f\u00e1cil de plantar pode melhorar a imunidade e ainda render receitas deliciosas no seu dia a dia.","breadcrumb":{"@id":"https:\/\/www.em.com.br\/emfoco\/2025\/09\/27\/como-cultivar-a-fruta-que-fortalece-a-imunidade-e-cabe-em-qualquer-espaco\/#breadcrumb"},"inLanguage":"pt-BR","potentialAction":[{"@type":"ReadAction","target":["https:\/\/www.em.com.br\/emfoco\/2025\/09\/27\/como-cultivar-a-fruta-que-fortalece-a-imunidade-e-cabe-em-qualquer-espaco\/"]}]},{"@type":"ImageObject","inLanguage":"pt-BR","@id":"https:\/\/www.em.com.br\/emfoco\/2025\/09\/27\/como-cultivar-a-fruta-que-fortalece-a-imunidade-e-cabe-em-qualquer-espaco\/#primaryimage","url":"https:\/\/www.em.com.br\/emfoco\/wp-content\/uploads\/2025\/09\/Acerola_1758783954337.jpg","contentUrl":"https:\/\/www.em.com.br\/emfoco\/wp-content\/uploads\/2025\/09\/Acerola_1758783954337.jpg","width":1280,"height":720,"caption":"Alternativa nutritiva que ajuda na preven\u00e7\u00e3o de gripes e resfriados - Cr\u00e9ditos: depositphotos.com \/ diogoppr"},{"@type":"BreadcrumbList","@id":"https:\/\/www.em.com.br\/emfoco\/2025\/09\/27\/como-cultivar-a-fruta-que-fortalece-a-imunidade-e-cabe-em-qualquer-espaco\/#breadcrumb","itemListElement":[{"@type":"ListItem","position":1,"name":"In\u00edcio","item":"https:\/\/www.em.com.br\/emfoco\/"},{"@type":"ListItem","position":2,"name":"Como cultivar a fruta que fortalece a imunidade e cabe em qualquer espa\u00e7o"}]},{"@type":"WebSite","@id":"https:\/\/www.em.com.br\/emfoco\/#website","url":"https:\/\/www.em.com.br\/emfoco\/","name":"Estado de Minas - Em foco","description":"Acompanhe as \u00faltimas not\u00edcias e fique bem informado sobre tudo o que acontece em Minas Gerais, Brasil e no mundo.","potentialAction":[{"@type":"SearchAction","target":{"@type":"EntryPoint","urlTemplate":"https:\/\/www.em.com.br\/emfoco\/?s={search_term_string}"},"query-input":{"@type":"PropertyValueSpecification","valueRequired":true,"valueName":"search_term_string"}}],"inLanguage":"pt-BR"},{"@type":"Person","@id":"https:\/\/www.em.com.br\/emfoco\/#\/schema\/person\/1c9ddeab18b98abeffef834667bcf08a","name":"Gabriel Martins","image":{"@type":"ImageObject","inLanguage":"pt-BR","@id":"https:\/\/www.em.com.br\/emfoco\/#\/schema\/person\/image\/","url":"https:\/\/secure.gravatar.com\/avatar\/f0f1e2efdfd88f1ad2cb08c5c2731e50?s=96&d=mm&r=g","contentUrl":"https:\/\/secure.gravatar.com\/avatar\/f0f1e2efdfd88f1ad2cb08c5c2731e50?s=96&d=mm&r=g","caption":"Gabriel Martins"},"sameAs":["https:\/\/www.em.com.br\/emfoco\/"],"url":"https:\/\/www.em.com.br\/emfoco\/author\/gabrielmartinsmyth\/"}]}},"_links":{"self":[{"href":"https:\/\/www.em.com.br\/emfoco\/wp-json\/wp\/v2\/posts\/107982","targetHints":{"allow":["GET"]}}],"collection":[{"href":"https:\/\/www.em.com.br\/emfoco\/wp-json\/wp\/v2\/posts"}],"about":[{"href":"https:\/\/www.em.com.br\/emfoco\/wp-json\/wp\/v2\/types\/post"}],"author":[{"embeddable":true,"href":"https:\/\/www.em.com.br\/emfoco\/wp-json\/wp\/v2\/users\/13"}],"replies":[{"embeddable":true,"href":"https:\/\/www.em.com.br\/emfoco\/wp-json\/wp\/v2\/comments?post=107982"}],"version-history":[{"count":2,"href":"https:\/\/www.em.com.br\/emfoco\/wp-json\/wp\/v2\/posts\/107982\/revisions"}],"predecessor-version":[{"id":108833,"href":"https:\/\/www.em.com.br\/emfoco\/wp-json\/wp\/v2\/posts\/107982\/revisions\/108833"}],"wp:featuredmedia":[{"embeddable":true,"href":"https:\/\/www.em.com.br\/emfoco\/wp-json\/wp\/v2\/media\/107992"}],"wp:attachment":[{"href":"https:\/\/www.em.com.br\/emfoco\/wp-json\/wp\/v2\/media?parent=107982"}],"wp:term":[{"taxonomy":"category","embeddable":true,"href":"https:\/\/www.em.com.br\/emfoco\/wp-json\/wp\/v2\/categories?post=107982"},{"taxonomy":"post_tag","embeddable":true,"href":"https:\/\/www.em.com.br\/emfoco\/wp-json\/wp\/v2\/tags?post=107982"}],"curies":[{"name":"wp","href":"https:\/\/api.w.org\/{rel}","templated":true}]}}