{"id":107784,"date":"2025-09-26T13:38:00","date_gmt":"2025-09-26T16:38:00","guid":{"rendered":"https:\/\/www.em.com.br\/emfoco\/?p=107784"},"modified":"2025-09-25T19:03:55","modified_gmt":"2025-09-25T22:03:55","slug":"sua-familia-precisa-saber-a-importancia-de-atualizar-o-cadunico","status":"publish","type":"post","link":"https:\/\/www.em.com.br\/emfoco\/2025\/09\/26\/sua-familia-precisa-saber-a-importancia-de-atualizar-o-cadunico\/","title":{"rendered":"Sua fam\u00edlia precisa saber a import\u00e2ncia de atualizar o Cad\u00danico"},"content":{"rendered":"\n<p>O <strong>Cadastro \u00danico<\/strong>, tamb\u00e9m conhecido como <strong>Cad\u00danico<\/strong>, \u00e9 uma ferramenta essencial para as fam\u00edlias brasileiras que dependem de benef\u00edcios sociais, tais como o <strong>Bolsa Fam\u00edlia<\/strong>. Ele permite que o governo federal identifique e acompanhe a situa\u00e7\u00e3o socioecon\u00f4mica dessas fam\u00edlias, garantindo que os benef\u00edcios sejam distribu\u00eddos de forma justa e eficaz. Em 2025, manter os dados atualizados no <strong>Cad\u00danico <\/strong>\u00e9 fundamental para evitar problemas como bloqueios ou suspens\u00f5es dos benef\u00edcios.<\/p>\n\n\n\n<p>Para muitas fam\u00edlias, a atualiza\u00e7\u00e3o peri\u00f3dica \u00e9 obrigat\u00f3ria, e \u00e9 exigida a cada dois anos. Mesmo que n\u00e3o haja mudan\u00e7as significativas na composi\u00e7\u00e3o familiar ou na renda, \u00e9 essencial validar os dados regularmente. Altera\u00e7\u00f5es como nascimento, falecimento ou mudan\u00e7a de endere\u00e7o devem ser informadas imediatamente para evitar incongru\u00eancias nos registros, que podem levar \u00e0 perda tempor\u00e1ria ou permanente de benef\u00edcios.<\/p>\n\n\n\n<h2 class=\"wp-block-heading\">O que acontece se n\u00e3o atualizar o Cad\u00danico?<\/h2>\n\n\n<div class=\"wp-block-image\">\n<figure class=\"aligncenter size-large\"><img loading=\"lazy\" decoding=\"async\" width=\"1024\" height=\"576\" src=\"https:\/\/www.em.com.br\/emfoco\/wp-content\/uploads\/2025\/06\/idoso-computador_1744372840329-1024x576.jpg\" alt=\"Fique atento as NOVAS regras do BPC\/LOAS e como elas afetam seu benef\u00edcio\" class=\"wp-image-54993\" srcset=\"https:\/\/www.em.com.br\/emfoco\/wp-content\/uploads\/2025\/06\/idoso-computador_1744372840329-1024x576.jpg 1024w, https:\/\/www.em.com.br\/emfoco\/wp-content\/uploads\/2025\/06\/idoso-computador_1744372840329-300x169.jpg 300w, https:\/\/www.em.com.br\/emfoco\/wp-content\/uploads\/2025\/06\/idoso-computador_1744372840329-768x432.jpg 768w, https:\/\/www.em.com.br\/emfoco\/wp-content\/uploads\/2025\/06\/idoso-computador_1744372840329-750x422.jpg 750w, https:\/\/www.em.com.br\/emfoco\/wp-content\/uploads\/2025\/06\/idoso-computador_1744372840329-1140x641.jpg 1140w, https:\/\/www.em.com.br\/emfoco\/wp-content\/uploads\/2025\/06\/idoso-computador_1744372840329.jpg 1280w\" sizes=\"auto, (max-width: 1024px) 100vw, 1024px\" \/><figcaption class=\"wp-element-caption\">Casal de idosos utilizando o notebook &#8211;  Cr\u00e9ditos: depositphotos.com \/ HayDmitriy<\/figcaption><\/figure><\/div>\n\n\n<p>N\u00e3o atualizar o <strong>Cad\u00danico <\/strong>no tempo adequado pode resultar em bloqueios dos benef\u00edcios. Essa penalidade \u00e9 aplicada automaticamente quando a base de dados do governo identifica que as informa\u00e7\u00f5es est\u00e3o desatualizadas. Para regularizar a situa\u00e7\u00e3o, \u00e9 necess\u00e1rio que o benefici\u00e1rio se dirija ao <strong>CRAS <\/strong>(Centro de Refer\u00eancia da Assist\u00eancia Social) ou a postos de atendimento autorizados para atualizar as informa\u00e7\u00f5es. Este processo pode demorar dias ou at\u00e9 semanas, dependendo da demanda por atendimentos na localidade.<\/p>\n\n\n\n<p>Al\u00e9m do bloqueio tempor\u00e1rio, o n\u00e3o cumprimento da atualiza\u00e7\u00e3o pode causar a exclus\u00e3o definitiva do benef\u00edcio, especialmente se a irregularidade persistir por longo tempo. \u00c9 importante ressaltar que, al\u00e9m do <strong>Bolsa Fam\u00edlia<\/strong>, outros programas, como <strong>Tarifa Social de Energia El\u00e9trica<\/strong>, <strong>Benef\u00edcio de Presta\u00e7\u00e3o Continuada<\/strong> (BPC) e <strong>Carteira do Idoso<\/strong>, utilizam o <strong>Cad\u00danico <\/strong>como base de informa\u00e7\u00f5es. Portanto, a desatualiza\u00e7\u00e3o pode impactar m\u00faltiplos benef\u00edcios ao mesmo tempo.<\/p>\n\n\n\n<h2 class=\"wp-block-heading\">Como saber quando fazer a atualiza\u00e7\u00e3o?<\/h2>\n\n\n\n<p>Descobrir o momento certo para atualizar o <strong>Cad\u00danico <\/strong>\u00e9 simplificado pelos aplicativos oficiais, como o <strong>Caixa Tem<\/strong> e o app do <strong>Bolsa<\/strong> Fam\u00edlia. Essas plataformas exibem notifica\u00e7\u00f5es pr\u00f3ximas ao vencimento do prazo de atualiza\u00e7\u00e3o, acompanhadas da data da \u00faltima valida\u00e7\u00e3o realizada. Manter um controle frequente dessas informa\u00e7\u00f5es ajuda a prevenir atrasos que possam afetar o recebimento dos benef\u00edcios.<\/p>\n\n\n\n<p>Al\u00e9m dos aplicativos, tamb\u00e9m \u00e9 poss\u00edvel consultar a situa\u00e7\u00e3o cadastral pelo site oficial do <strong><a href=\"https:\/\/www.gov.br\/pt-br\/servicos\/consultar-dados-do-cadastro-unico-cadunico\" target=\"_blank\" rel=\"noreferrer noopener\">Cadastro \u00danico<\/a><\/strong> ou diretamente no <strong>CRAS<\/strong>. Em alguns munic\u00edpios, as prefeituras utilizam canais de comunica\u00e7\u00e3o como SMS<strong> <\/strong>ou liga\u00e7\u00f5es para avisar as fam\u00edlias sobre a necessidade de recadastramento. Fique atento a essas fontes oficiais para evitar perder prazos importantes.<\/p>\n\n\n\n<h2 class=\"wp-block-heading\">\u00c9 poss\u00edvel atualizar Cad\u00danico pelo celular?<\/h2>\n\n\n\n<p>Atualmente, a atualiza\u00e7\u00e3o do <strong>Cad\u00danico <\/strong>n\u00e3o pode ser feita pelo celular ou por qualquer meio online pelo pr\u00f3prio benefici\u00e1rio. A coleta de dados precisa ser realizada presencialmente por um entrevistador social autorizado, utilizando equipamentos fornecidos pelo governo, como <strong>tablets ou celulares<\/strong> que garantem a seguran\u00e7a das informa\u00e7\u00f5es. Em \u00e1reas rurais, o governo pode enviar equipes para realizar entrevistas domiciliares, conhecidas como &#8220;<strong>buscativa<\/strong>&#8220;, mas, mesmo nesses casos, a atualiza\u00e7\u00e3o n\u00e3o \u00e9 feita pelo pr\u00f3prio benefici\u00e1rio.<\/p>\n\n\n\n<p>No entanto, o governo tem estudado a possibilidade de simplificar o processo, investindo em futuras solu\u00e7\u00f5es tecnol\u00f3gicas que permitam ao menos o pr\u00e9-cadastramento pelo aplicativo do <strong>Cad\u00danico<\/strong>. Atualmente, apenas consultas e atualiza\u00e7\u00f5es de informa\u00e7\u00f5es secund\u00e1rias podem ser feitas online. Para altera\u00e7\u00f5es principais, o comparecimento presencial segue obrigat\u00f3rio, garantindo a seguran\u00e7a dos dados e a precis\u00e3o das informa\u00e7\u00f5es.<\/p>\n\n\n\n<p>Leia mais: <a href=\"https:\/\/www.em.com.br\/emfoco\/2025\/09\/23\/passo-a-passo-para-atualizar-o-cadunico-com-todos-os-documentos-exigidos-em-2025\/\" target=\"_blank\" rel=\"noreferrer noopener\">Passo a passo para atualizar o Cad\u00danico com todos os documentos exigidos em 2025<\/a><\/p>\n\n\n\n<h2 class=\"wp-block-heading\">Quais documentos s\u00e3o necess\u00e1rios para a atualiza\u00e7\u00e3o?<\/h2>\n\n\n\n<p>No momento da atualiza\u00e7\u00e3o, \u00e9 essencial levar ao <strong>CRAS <\/strong>documentos pessoais de todos os membros da fam\u00edlia, como certid\u00f5es de nascimento, CPF e um comprovante de endere\u00e7o. Altera\u00e7\u00f5es na renda familiar, mudan\u00e7a de endere\u00e7o ou outros fatores relevantes devem ser sempre informados imediatamente ao <strong>CRAS <\/strong>para garantir a precis\u00e3o das informa\u00e7\u00f5es cadastradas e evitar bloqueios futuros.<\/p>\n\n\n\n<p>Documenta\u00e7\u00e3o adicional pode ser exigida em determinados casos, como carteira de trabalho, extratos banc\u00e1rios ou declara\u00e7\u00f5es de renda, especialmente se houver membros na fam\u00edlia com situa\u00e7\u00f5es espec\u00edficas, como estudante, deficiente ou idoso. Manter a documenta\u00e7\u00e3o completa e atualizada agiliza o atendimento e evita contratempos durante a atualiza\u00e7\u00e3o do cadastro.<\/p>\n\n\n\n<p>Portanto, manter o <strong>Cad\u00danico <\/strong>atualizado \u00e9 indispens\u00e1vel para as fam\u00edlias beneficiadas por programas sociais. Apesar dos desafios, o cumprimento dos prazos e a correta comunica\u00e7\u00e3o de altera\u00e7\u00f5es nas circunst\u00e2ncias familiares asseguram o acesso cont\u00ednuo aos benef\u00edcios sociais institu\u00eddos pelo governo federal.<\/p>\n\n\n\n<p><\/p>\n","protected":false},"excerpt":{"rendered":"<p>O Cadastro \u00danico, tamb\u00e9m conhecido como Cad\u00danico, \u00e9 uma ferramenta essencial para as fam\u00edlias brasileiras que dependem de benef\u00edcios sociais, tais como o Bolsa Fam\u00edlia. Ele permite que o governo federal identifique e acompanhe a situa\u00e7\u00e3o socioecon\u00f4mica dessas fam\u00edlias, garantindo que os benef\u00edcios sejam distribu\u00eddos de forma justa e eficaz. Em 2025, manter os dados [&hellip;]<\/p>\n","protected":false},"author":20,"featured_media":54989,"comment_status":"open","ping_status":"open","sticky":false,"template":"","format":"standard","meta":{"jnews-multi-image_gallery":[],"jnews_single_post":{"format":"standard"},"jnews_primary_category":[],"jnews_social_meta":[],"jnews_override_counter":[],"footnotes":""},"categories":[28,1],"tags":[16524,256,12850],"class_list":["post-107784","post","type-post","status-publish","format-standard","has-post-thumbnail","hentry","category-economia","category-noticias","tag-atualizacao-cadastral","tag-beneficios","tag-cadunico-2"],"yoast_head":"<!-- This site is optimized with the Yoast SEO plugin v23.8 - https:\/\/yoast.com\/wordpress\/plugins\/seo\/ -->\n<title>Sua fam\u00edlia precisa saber a import\u00e2ncia de atualizar o Cad\u00danico - Estado de Minas - Em foco<\/title>\n<meta name=\"description\" content=\"O Cadastro \u00danico \u00e9 a base para benef\u00edcios sociais como o Bolsa Fam\u00edlia. Saiba como manter os dados da sua fam\u00edlia atualizados para evitar bloqueios.\" \/>\n<meta name=\"robots\" content=\"index, follow, max-snippet:-1, max-image-preview:large, max-video-preview:-1\" \/>\n<link rel=\"canonical\" href=\"https:\/\/www.em.com.br\/emfoco\/2025\/09\/26\/sua-familia-precisa-saber-a-importancia-de-atualizar-o-cadunico\/\" \/>\n<meta property=\"og:locale\" content=\"pt_BR\" \/>\n<meta property=\"og:type\" content=\"article\" \/>\n<meta property=\"og:title\" content=\"Sua fam\u00edlia precisa saber a import\u00e2ncia de atualizar o Cad\u00danico - Estado de Minas - Em foco\" \/>\n<meta property=\"og:description\" content=\"O Cadastro \u00danico \u00e9 a base para benef\u00edcios sociais como o Bolsa Fam\u00edlia. Saiba como manter os dados da sua fam\u00edlia atualizados para evitar bloqueios.\" \/>\n<meta property=\"og:url\" content=\"https:\/\/www.em.com.br\/emfoco\/2025\/09\/26\/sua-familia-precisa-saber-a-importancia-de-atualizar-o-cadunico\/\" \/>\n<meta property=\"og:site_name\" content=\"Estado de Minas - Em foco\" \/>\n<meta property=\"article:published_time\" content=\"2025-09-26T16:38:00+00:00\" \/>\n<meta property=\"article:modified_time\" content=\"2025-09-25T22:03:55+00:00\" \/>\n<meta property=\"og:image\" content=\"https:\/\/www.em.com.br\/emfoco\/wp-content\/uploads\/2025\/06\/aposentado-dinheiro-reais_1743473149469.jpg\" \/>\n\t<meta property=\"og:image:width\" content=\"1280\" \/>\n\t<meta property=\"og:image:height\" content=\"720\" \/>\n\t<meta property=\"og:image:type\" content=\"image\/jpeg\" \/>\n<meta name=\"author\" content=\"Ingrid Diniz\" \/>\n<meta name=\"twitter:card\" content=\"summary_large_image\" \/>\n<meta name=\"twitter:label1\" content=\"Escrito por\" \/>\n\t<meta name=\"twitter:data1\" content=\"Ingrid Diniz\" \/>\n\t<meta name=\"twitter:label2\" content=\"Est. tempo de leitura\" \/>\n\t<meta name=\"twitter:data2\" content=\"5 minutos\" \/>\n<!-- \/ Yoast SEO plugin. -->","yoast_head_json":{"title":"Sua fam\u00edlia precisa saber a import\u00e2ncia de atualizar o Cad\u00danico - Estado de Minas - Em foco","description":"O Cadastro \u00danico \u00e9 a base para benef\u00edcios sociais como o Bolsa Fam\u00edlia. Saiba como manter os dados da sua fam\u00edlia atualizados para evitar bloqueios.","robots":{"index":"index","follow":"follow","max-snippet":"max-snippet:-1","max-image-preview":"max-image-preview:large","max-video-preview":"max-video-preview:-1"},"canonical":"https:\/\/www.em.com.br\/emfoco\/2025\/09\/26\/sua-familia-precisa-saber-a-importancia-de-atualizar-o-cadunico\/","og_locale":"pt_BR","og_type":"article","og_title":"Sua fam\u00edlia precisa saber a import\u00e2ncia de atualizar o Cad\u00danico - Estado de Minas - Em foco","og_description":"O Cadastro \u00danico \u00e9 a base para benef\u00edcios sociais como o Bolsa Fam\u00edlia. Saiba como manter os dados da sua fam\u00edlia atualizados para evitar bloqueios.","og_url":"https:\/\/www.em.com.br\/emfoco\/2025\/09\/26\/sua-familia-precisa-saber-a-importancia-de-atualizar-o-cadunico\/","og_site_name":"Estado de Minas - Em foco","article_published_time":"2025-09-26T16:38:00+00:00","article_modified_time":"2025-09-25T22:03:55+00:00","og_image":[{"width":1280,"height":720,"url":"https:\/\/www.em.com.br\/emfoco\/wp-content\/uploads\/2025\/06\/aposentado-dinheiro-reais_1743473149469.jpg","type":"image\/jpeg"}],"author":"Ingrid Diniz","twitter_card":"summary_large_image","twitter_misc":{"Escrito por":"Ingrid Diniz","Est. tempo de leitura":"5 minutos"},"schema":{"@context":"https:\/\/schema.org","@graph":[{"@type":"WebPage","@id":"https:\/\/www.em.com.br\/emfoco\/2025\/09\/26\/sua-familia-precisa-saber-a-importancia-de-atualizar-o-cadunico\/","url":"https:\/\/www.em.com.br\/emfoco\/2025\/09\/26\/sua-familia-precisa-saber-a-importancia-de-atualizar-o-cadunico\/","name":"Sua fam\u00edlia precisa saber a import\u00e2ncia de atualizar o Cad\u00danico - Estado de Minas - Em foco","isPartOf":{"@id":"https:\/\/www.em.com.br\/emfoco\/#website"},"primaryImageOfPage":{"@id":"https:\/\/www.em.com.br\/emfoco\/2025\/09\/26\/sua-familia-precisa-saber-a-importancia-de-atualizar-o-cadunico\/#primaryimage"},"image":{"@id":"https:\/\/www.em.com.br\/emfoco\/2025\/09\/26\/sua-familia-precisa-saber-a-importancia-de-atualizar-o-cadunico\/#primaryimage"},"thumbnailUrl":"https:\/\/www.em.com.br\/emfoco\/wp-content\/uploads\/2025\/06\/aposentado-dinheiro-reais_1743473149469.jpg","datePublished":"2025-09-26T16:38:00+00:00","dateModified":"2025-09-25T22:03:55+00:00","author":{"@id":"https:\/\/www.em.com.br\/emfoco\/#\/schema\/person\/649e610b4eb8fff87ff394e54fe17b2b"},"description":"O Cadastro \u00danico \u00e9 a base para benef\u00edcios sociais como o Bolsa Fam\u00edlia. Saiba como manter os dados da sua fam\u00edlia atualizados para evitar bloqueios.","breadcrumb":{"@id":"https:\/\/www.em.com.br\/emfoco\/2025\/09\/26\/sua-familia-precisa-saber-a-importancia-de-atualizar-o-cadunico\/#breadcrumb"},"inLanguage":"pt-BR","potentialAction":[{"@type":"ReadAction","target":["https:\/\/www.em.com.br\/emfoco\/2025\/09\/26\/sua-familia-precisa-saber-a-importancia-de-atualizar-o-cadunico\/"]}]},{"@type":"ImageObject","inLanguage":"pt-BR","@id":"https:\/\/www.em.com.br\/emfoco\/2025\/09\/26\/sua-familia-precisa-saber-a-importancia-de-atualizar-o-cadunico\/#primaryimage","url":"https:\/\/www.em.com.br\/emfoco\/wp-content\/uploads\/2025\/06\/aposentado-dinheiro-reais_1743473149469.jpg","contentUrl":"https:\/\/www.em.com.br\/emfoco\/wp-content\/uploads\/2025\/06\/aposentado-dinheiro-reais_1743473149469.jpg","width":1280,"height":720,"caption":"Mudan\u00e7as do MEI 2026 que alteram pre\u00e7os e emiss\u00e3o de notas - Cr\u00e9ditos: depositphotos.com \/ verganifotografia"},{"@type":"BreadcrumbList","@id":"https:\/\/www.em.com.br\/emfoco\/2025\/09\/26\/sua-familia-precisa-saber-a-importancia-de-atualizar-o-cadunico\/#breadcrumb","itemListElement":[{"@type":"ListItem","position":1,"name":"In\u00edcio","item":"https:\/\/www.em.com.br\/emfoco\/"},{"@type":"ListItem","position":2,"name":"Sua fam\u00edlia precisa saber a import\u00e2ncia de atualizar o Cad\u00danico"}]},{"@type":"WebSite","@id":"https:\/\/www.em.com.br\/emfoco\/#website","url":"https:\/\/www.em.com.br\/emfoco\/","name":"Estado de Minas - Em foco","description":"Acompanhe as \u00faltimas not\u00edcias e fique bem informado sobre tudo o que acontece em Minas Gerais, Brasil e no mundo.","potentialAction":[{"@type":"SearchAction","target":{"@type":"EntryPoint","urlTemplate":"https:\/\/www.em.com.br\/emfoco\/?s={search_term_string}"},"query-input":{"@type":"PropertyValueSpecification","valueRequired":true,"valueName":"search_term_string"}}],"inLanguage":"pt-BR"},{"@type":"Person","@id":"https:\/\/www.em.com.br\/emfoco\/#\/schema\/person\/649e610b4eb8fff87ff394e54fe17b2b","name":"Ingrid Diniz","image":{"@type":"ImageObject","inLanguage":"pt-BR","@id":"https:\/\/www.em.com.br\/emfoco\/#\/schema\/person\/image\/","url":"https:\/\/secure.gravatar.com\/avatar\/a3baa1449ec5c39b4c42babc9d4f3951?s=96&d=mm&r=g","contentUrl":"https:\/\/secure.gravatar.com\/avatar\/a3baa1449ec5c39b4c42babc9d4f3951?s=96&d=mm&r=g","caption":"Ingrid Diniz"},"sameAs":["https:\/\/www.em.com.br\/"],"url":"https:\/\/www.em.com.br\/emfoco\/author\/ingridmyth\/"}]}},"_links":{"self":[{"href":"https:\/\/www.em.com.br\/emfoco\/wp-json\/wp\/v2\/posts\/107784","targetHints":{"allow":["GET"]}}],"collection":[{"href":"https:\/\/www.em.com.br\/emfoco\/wp-json\/wp\/v2\/posts"}],"about":[{"href":"https:\/\/www.em.com.br\/emfoco\/wp-json\/wp\/v2\/types\/post"}],"author":[{"embeddable":true,"href":"https:\/\/www.em.com.br\/emfoco\/wp-json\/wp\/v2\/users\/20"}],"replies":[{"embeddable":true,"href":"https:\/\/www.em.com.br\/emfoco\/wp-json\/wp\/v2\/comments?post=107784"}],"version-history":[{"count":2,"href":"https:\/\/www.em.com.br\/emfoco\/wp-json\/wp\/v2\/posts\/107784\/revisions"}],"predecessor-version":[{"id":108440,"href":"https:\/\/www.em.com.br\/emfoco\/wp-json\/wp\/v2\/posts\/107784\/revisions\/108440"}],"wp:featuredmedia":[{"embeddable":true,"href":"https:\/\/www.em.com.br\/emfoco\/wp-json\/wp\/v2\/media\/54989"}],"wp:attachment":[{"href":"https:\/\/www.em.com.br\/emfoco\/wp-json\/wp\/v2\/media?parent=107784"}],"wp:term":[{"taxonomy":"category","embeddable":true,"href":"https:\/\/www.em.com.br\/emfoco\/wp-json\/wp\/v2\/categories?post=107784"},{"taxonomy":"post_tag","embeddable":true,"href":"https:\/\/www.em.com.br\/emfoco\/wp-json\/wp\/v2\/tags?post=107784"}],"curies":[{"name":"wp","href":"https:\/\/api.w.org\/{rel}","templated":true}]}}