{"id":10771,"date":"2025-01-15T08:00:00","date_gmt":"2025-01-15T11:00:00","guid":{"rendered":"https:\/\/www.em.com.br\/emfoco\/?p=10771"},"modified":"2025-01-15T05:52:33","modified_gmt":"2025-01-15T08:52:33","slug":"ciencia-e-tecnologia-no-centro-das-atencoes","status":"publish","type":"post","link":"https:\/\/www.em.com.br\/emfoco\/2025\/01\/15\/ciencia-e-tecnologia-no-centro-das-atencoes\/","title":{"rendered":"Ci\u00eancia e tecnologia no centro das aten\u00e7\u00f5es?"},"content":{"rendered":"\n<p>O <a href=\"https:\/\/www.gov.br\/pt-br\" target=\"_blank\" rel=\"noreferrer noopener\">governo brasileiro<\/a>, sob a lideran\u00e7a do Ministro da Fazenda Fernando Haddad, prop\u00f5e mudan\u00e7as significativas na incid\u00eancia do <strong>imposto de renda<\/strong> para o ano de 2025. A principal novidade \u00e9 a isen\u00e7\u00e3o para contribuintes que <a href=\"https:\/\/www.em.com.br\/emfoco\/2025\/01\/11\/idosos-acima-de-60-anos-recebem-comunicado-do-governo-federal-neste-sabado-11-01\/\" target=\"_blank\" rel=\"noreferrer noopener\">recebem <\/a>at\u00e9 dois sal\u00e1rios m\u00ednimos, ajustando o limite de R$2.824,00 para R$3.036,00. Essas reformas visam corrigir distor\u00e7\u00f5es do sistema tribut\u00e1rio atual, que refletem tanto na distribui\u00e7\u00e3o de renda quanto na neutralidade fiscal.<\/p>\n\n\n\n<p>Al\u00e9m disso, est\u00e3o sendo planejadas propostas legislativas para reformar a tributa\u00e7\u00e3o sobre a renda de forma mais ampla, permitindo isen\u00e7\u00f5es de at\u00e9 R$5.000,00 mensais. Esses ajustes buscam tornar o sistema mais justo e eficiente, reduzindo o \u00f4nus fiscal sobre os que possuem menores rendimentos e provocando uma redistribui\u00e7\u00e3o mais equitativa da carga tribut\u00e1ria no pa\u00eds.<\/p>\n\n\n<div class=\"wp-block-image\">\n<figure class=\"aligncenter size-large\"><img loading=\"lazy\" decoding=\"async\" width=\"1024\" height=\"576\" src=\"https:\/\/www.em.com.br\/emfoco\/wp-content\/uploads\/2024\/11\/Fernando-Haddad_1732875513814-1024x576.jpg\" alt=\"\" class=\"wp-image-2183\" srcset=\"https:\/\/www.em.com.br\/emfoco\/wp-content\/uploads\/2024\/11\/Fernando-Haddad_1732875513814-1024x576.jpg 1024w, https:\/\/www.em.com.br\/emfoco\/wp-content\/uploads\/2024\/11\/Fernando-Haddad_1732875513814-300x169.jpg 300w, https:\/\/www.em.com.br\/emfoco\/wp-content\/uploads\/2024\/11\/Fernando-Haddad_1732875513814-768x432.jpg 768w, https:\/\/www.em.com.br\/emfoco\/wp-content\/uploads\/2024\/11\/Fernando-Haddad_1732875513814-750x422.jpg 750w, https:\/\/www.em.com.br\/emfoco\/wp-content\/uploads\/2024\/11\/Fernando-Haddad_1732875513814-1140x641.jpg 1140w, https:\/\/www.em.com.br\/emfoco\/wp-content\/uploads\/2024\/11\/Fernando-Haddad_1732875513814.jpg 1280w\" sizes=\"auto, (max-width: 1024px) 100vw, 1024px\" \/><figcaption class=\"wp-element-caption\">Ministro da Fazenda Fernando Haddad &#8211; Cr\u00e9ditos: depositphotos.com \/ thenews2.com<\/figcaption><\/figure><\/div>\n\n\n<h2 class=\"wp-block-heading\">Quais s\u00e3o as implica\u00e7\u00f5es das reformas tribut\u00e1rias propostas?<\/h2>\n\n\n\n<p>As reformas propostas pelo Ministro Haddad n\u00e3o afetam apenas a isen\u00e7\u00e3o do imposto de renda, mas tamb\u00e9m buscam endere\u00e7ar v\u00e1rias <em>distor\u00e7\u00f5es<\/em> dentro do sistema. Essas iniciativas pretendem equilibrar o sistema entre justi\u00e7a social e neutralidade fiscal. Por\u00e9m, a execu\u00e7\u00e3o dessas reformas tamb\u00e9m implica em desafios, incluindo a potencial oposi\u00e7\u00e3o no legislativo e a complexidade das mudan\u00e7as necess\u00e1rias para garantir um or\u00e7amento equilibrado.<\/p>\n\n\n\n<p>Por exemplo, o aumento da isen\u00e7\u00e3o do imposto de renda significa que mais pessoas estar\u00e3o fora da base de contribuintes, o que poderia diminuir as receitas do governo. Para contornar essa redu\u00e7\u00e3o de arrecada\u00e7\u00e3o, \u00e9 crucial implementar pol\u00edticas que promovam o crescimento econ\u00f4mico e aumentem a base tribut\u00e1ria de outras fontes, como corporativos e impostos indiretos.<\/p>\n\n\n\n<h2 class=\"wp-block-heading\">Como os programas sociais se integram ao novo arcabou\u00e7o fiscal?<\/h2>\n\n\n\n<p>No novo <strong>arcabou\u00e7o fiscal<\/strong> apresentado, programas sociais como o &#8220;Vale-g\u00e1s&#8221; e o &#8220;P\u00e9 de Meia&#8221; est\u00e3o inclu\u00eddos. O &#8220;Vale-g\u00e1s&#8221; visa apoiar fam\u00edlias de baixa renda, enquanto o &#8220;P\u00e9 de Meia&#8221; pretende incentivar a poupan\u00e7a entre estudantes do ensino m\u00e9dio, preparando-os para o futuro acad\u00eamico e profissional. Essas iniciativas demonstram o compromisso do governo com a inclus\u00e3o social e a redu\u00e7\u00e3o da pobreza, integrando-se ao or\u00e7amento de maneira que n\u00e3o prejudique o controle fiscal.<\/p>\n\n\n\n<p>A implementa\u00e7\u00e3o desses programas ocorre em um contexto de otimismo moderado, onde o crescimento da economia precisa andar de m\u00e3os dadas com a responsabilidade fiscal para manter a confian\u00e7a dos mercados e assegurar a sustentabilidade da d\u00edvida p\u00fablica.<\/p>\n\n\n\n<h2 class=\"wp-block-heading\">Qual \u00e9 a perspectiva para a d\u00edvida p\u00fablica do Brasil?<\/h2>\n\n\n\n<p>A d\u00edvida p\u00fablica brasileira \u00e9 um desafio cont\u00ednuo para o governo. Em 2013, a d\u00edvida bruta equivalia a 52% do PIB, e atualmente este n\u00famero saltou para 78%. Esse aumento \u00e9 impulsionado tanto por gastos obrigat\u00f3rios, como previd\u00eancia, quanto por novos compromissos como o reajuste dos sal\u00e1rios m\u00ednimos dentro do limite do arcabou\u00e7o fiscal.<\/p>\n\n\n\n<p>A partir de 2025, o impacto dos reajustes do sal\u00e1rio m\u00ednimo poder\u00e1 resultar em aumentos de custos significativos, chegando a R$29 bilh\u00f5es em 2026 e acumulando R$87 bilh\u00f5es at\u00e9 2027. \u00c9 crucial que o governo equilibre esses aumentos com redu\u00e7\u00f5es de gastos em outras \u00e1reas ou com crescimento econ\u00f4mico que compensem esses custos adicionais.<\/p>\n\n\n\n<h2 class=\"wp-block-heading\">Conclus\u00e3o: Sustentabilidade e Crescimento em Foco<\/h2>\n\n\n\n<p>O plano do governo para 2025 coloca uma lente sobre a import\u00e2ncia da <strong>sustentabilidade fiscal<\/strong> aliada ao crescimento econ\u00f4mico. As reformas propostas no imposto de renda representam uma tentativa de adaptar o sistema a realidades econ\u00f4micas e sociais contempor\u00e2neas, promovendo uma carga tribut\u00e1ria mais justa e progressiva.<\/p>\n\n\n\n<p>A continuidade desse plano depender\u00e1 da capacidade de o governo implementar essas reformas de forma eficaz e equilibrada, garantindo que o impacto das mudan\u00e7as seja positivo tanto para a economia quanto para as gera\u00e7\u00f5es futuras. Cabe ao executivo e ao legislativo trabalharem em conjunto para assegurar que o percurso tra\u00e7ado seja vi\u00e1vel, promovendo o desenvolvimento econ\u00f4mico sem comprometer a sa\u00fade fiscal do pa\u00eds.<\/p>\n","protected":false},"excerpt":{"rendered":"<p>O governo brasileiro, sob a lideran\u00e7a do Ministro da Fazenda Fernando Haddad, prop\u00f5e mudan\u00e7as significativas na incid\u00eancia do imposto de renda para o ano de 2025. A principal novidade \u00e9 a isen\u00e7\u00e3o para contribuintes que recebem at\u00e9 dois sal\u00e1rios m\u00ednimos, ajustando o limite de R$2.824,00 para R$3.036,00. Essas reformas visam corrigir distor\u00e7\u00f5es do sistema tribut\u00e1rio [&hellip;]<\/p>\n","protected":false},"author":7,"featured_media":6262,"comment_status":"open","ping_status":"open","sticky":false,"template":"","format":"standard","meta":{"jnews-multi-image_gallery":[],"jnews_single_post":{"format":"standard"},"jnews_primary_category":[],"jnews_social_meta":[],"jnews_override_counter":[],"footnotes":""},"categories":[28],"tags":[2071,3492,3491,2294,161],"class_list":["post-10771","post","type-post","status-publish","format-standard","has-post-thumbnail","hentry","category-economia","tag-desenvolvimento","tag-investimento-em-ciencia","tag-orcamento-de-2025","tag-pesquisa","tag-tecnologia"],"yoast_head":"<!-- This site is optimized with the Yoast SEO plugin v23.8 - https:\/\/yoast.com\/wordpress\/plugins\/seo\/ -->\n<title>Ci\u00eancia e tecnologia no centro das aten\u00e7\u00f5es? - Estado de Minas - Em foco<\/title>\n<meta name=\"description\" content=\"O or\u00e7amento de 2025 dos EUA aloca bilh\u00f5es para pesquisa e desenvolvimento, com foco em avan\u00e7o tecnol\u00f3gico, sa\u00fade e meio ambiente.\" \/>\n<meta name=\"robots\" content=\"index, follow, max-snippet:-1, max-image-preview:large, max-video-preview:-1\" \/>\n<link rel=\"canonical\" href=\"https:\/\/www.em.com.br\/emfoco\/2025\/01\/15\/ciencia-e-tecnologia-no-centro-das-atencoes\/\" \/>\n<meta property=\"og:locale\" content=\"pt_BR\" \/>\n<meta property=\"og:type\" content=\"article\" \/>\n<meta property=\"og:title\" content=\"Ci\u00eancia e tecnologia no centro das aten\u00e7\u00f5es? - Estado de Minas - Em foco\" \/>\n<meta property=\"og:description\" content=\"O or\u00e7amento de 2025 dos EUA aloca bilh\u00f5es para pesquisa e desenvolvimento, com foco em avan\u00e7o tecnol\u00f3gico, sa\u00fade e meio ambiente.\" \/>\n<meta property=\"og:url\" content=\"https:\/\/www.em.com.br\/emfoco\/2025\/01\/15\/ciencia-e-tecnologia-no-centro-das-atencoes\/\" \/>\n<meta property=\"og:site_name\" content=\"Estado de Minas - Em foco\" \/>\n<meta property=\"article:published_time\" content=\"2025-01-15T11:00:00+00:00\" \/>\n<meta property=\"article:modified_time\" content=\"2025-01-15T08:52:33+00:00\" \/>\n<meta property=\"og:image\" content=\"https:\/\/www.em.com.br\/emfoco\/wp-content\/uploads\/2024\/12\/Pacote-Fiscal_1734916456207.jpg\" \/>\n\t<meta property=\"og:image:width\" content=\"1280\" \/>\n\t<meta property=\"og:image:height\" content=\"720\" \/>\n\t<meta property=\"og:image:type\" content=\"image\/jpeg\" \/>\n<meta name=\"author\" content=\"Kelvin\" \/>\n<meta name=\"twitter:card\" content=\"summary_large_image\" \/>\n<meta name=\"twitter:label1\" content=\"Escrito por\" \/>\n\t<meta name=\"twitter:data1\" content=\"Kelvin\" \/>\n\t<meta name=\"twitter:label2\" content=\"Est. tempo de leitura\" \/>\n\t<meta name=\"twitter:data2\" content=\"4 minutos\" \/>\n<!-- \/ Yoast SEO plugin. -->","yoast_head_json":{"title":"Ci\u00eancia e tecnologia no centro das aten\u00e7\u00f5es? - Estado de Minas - Em foco","description":"O or\u00e7amento de 2025 dos EUA aloca bilh\u00f5es para pesquisa e desenvolvimento, com foco em avan\u00e7o tecnol\u00f3gico, sa\u00fade e meio ambiente.","robots":{"index":"index","follow":"follow","max-snippet":"max-snippet:-1","max-image-preview":"max-image-preview:large","max-video-preview":"max-video-preview:-1"},"canonical":"https:\/\/www.em.com.br\/emfoco\/2025\/01\/15\/ciencia-e-tecnologia-no-centro-das-atencoes\/","og_locale":"pt_BR","og_type":"article","og_title":"Ci\u00eancia e tecnologia no centro das aten\u00e7\u00f5es? - Estado de Minas - Em foco","og_description":"O or\u00e7amento de 2025 dos EUA aloca bilh\u00f5es para pesquisa e desenvolvimento, com foco em avan\u00e7o tecnol\u00f3gico, sa\u00fade e meio ambiente.","og_url":"https:\/\/www.em.com.br\/emfoco\/2025\/01\/15\/ciencia-e-tecnologia-no-centro-das-atencoes\/","og_site_name":"Estado de Minas - Em foco","article_published_time":"2025-01-15T11:00:00+00:00","article_modified_time":"2025-01-15T08:52:33+00:00","og_image":[{"width":1280,"height":720,"url":"https:\/\/www.em.com.br\/emfoco\/wp-content\/uploads\/2024\/12\/Pacote-Fiscal_1734916456207.jpg","type":"image\/jpeg"}],"author":"Kelvin","twitter_card":"summary_large_image","twitter_misc":{"Escrito por":"Kelvin","Est. tempo de leitura":"4 minutos"},"schema":{"@context":"https:\/\/schema.org","@graph":[{"@type":"WebPage","@id":"https:\/\/www.em.com.br\/emfoco\/2025\/01\/15\/ciencia-e-tecnologia-no-centro-das-atencoes\/","url":"https:\/\/www.em.com.br\/emfoco\/2025\/01\/15\/ciencia-e-tecnologia-no-centro-das-atencoes\/","name":"Ci\u00eancia e tecnologia no centro das aten\u00e7\u00f5es? - Estado de Minas - Em foco","isPartOf":{"@id":"https:\/\/www.em.com.br\/emfoco\/#website"},"primaryImageOfPage":{"@id":"https:\/\/www.em.com.br\/emfoco\/2025\/01\/15\/ciencia-e-tecnologia-no-centro-das-atencoes\/#primaryimage"},"image":{"@id":"https:\/\/www.em.com.br\/emfoco\/2025\/01\/15\/ciencia-e-tecnologia-no-centro-das-atencoes\/#primaryimage"},"thumbnailUrl":"https:\/\/www.em.com.br\/emfoco\/wp-content\/uploads\/2024\/12\/Pacote-Fiscal_1734916456207.jpg","datePublished":"2025-01-15T11:00:00+00:00","dateModified":"2025-01-15T08:52:33+00:00","author":{"@id":"https:\/\/www.em.com.br\/emfoco\/#\/schema\/person\/fb0a7f48c6fbb94b83f413a80f61917d"},"description":"O or\u00e7amento de 2025 dos EUA aloca bilh\u00f5es para pesquisa e desenvolvimento, com foco em avan\u00e7o tecnol\u00f3gico, sa\u00fade e meio ambiente.","breadcrumb":{"@id":"https:\/\/www.em.com.br\/emfoco\/2025\/01\/15\/ciencia-e-tecnologia-no-centro-das-atencoes\/#breadcrumb"},"inLanguage":"pt-BR","potentialAction":[{"@type":"ReadAction","target":["https:\/\/www.em.com.br\/emfoco\/2025\/01\/15\/ciencia-e-tecnologia-no-centro-das-atencoes\/"]}]},{"@type":"ImageObject","inLanguage":"pt-BR","@id":"https:\/\/www.em.com.br\/emfoco\/2025\/01\/15\/ciencia-e-tecnologia-no-centro-das-atencoes\/#primaryimage","url":"https:\/\/www.em.com.br\/emfoco\/wp-content\/uploads\/2024\/12\/Pacote-Fiscal_1734916456207.jpg","contentUrl":"https:\/\/www.em.com.br\/emfoco\/wp-content\/uploads\/2024\/12\/Pacote-Fiscal_1734916456207.jpg","width":1280,"height":720,"caption":"Pacote Fiscal - Cr\u00e9ditos: depositphotos.com \/ gitanna"},{"@type":"BreadcrumbList","@id":"https:\/\/www.em.com.br\/emfoco\/2025\/01\/15\/ciencia-e-tecnologia-no-centro-das-atencoes\/#breadcrumb","itemListElement":[{"@type":"ListItem","position":1,"name":"In\u00edcio","item":"https:\/\/www.em.com.br\/emfoco\/"},{"@type":"ListItem","position":2,"name":"Ci\u00eancia e tecnologia no centro das aten\u00e7\u00f5es?"}]},{"@type":"WebSite","@id":"https:\/\/www.em.com.br\/emfoco\/#website","url":"https:\/\/www.em.com.br\/emfoco\/","name":"Estado de Minas - Em foco","description":"Acompanhe as \u00faltimas not\u00edcias e fique bem informado sobre tudo o que acontece em Minas Gerais, Brasil e no mundo.","potentialAction":[{"@type":"SearchAction","target":{"@type":"EntryPoint","urlTemplate":"https:\/\/www.em.com.br\/emfoco\/?s={search_term_string}"},"query-input":{"@type":"PropertyValueSpecification","valueRequired":true,"valueName":"search_term_string"}}],"inLanguage":"pt-BR"},{"@type":"Person","@id":"https:\/\/www.em.com.br\/emfoco\/#\/schema\/person\/fb0a7f48c6fbb94b83f413a80f61917d","name":"Kelvin","image":{"@type":"ImageObject","inLanguage":"pt-BR","@id":"https:\/\/www.em.com.br\/emfoco\/#\/schema\/person\/image\/","url":"https:\/\/secure.gravatar.com\/avatar\/e74f84337e6bf6c4c5e88fbdffa05270?s=96&d=mm&r=g","contentUrl":"https:\/\/secure.gravatar.com\/avatar\/e74f84337e6bf6c4c5e88fbdffa05270?s=96&d=mm&r=g","caption":"Kelvin"},"sameAs":["https:\/\/www.em.com.br\/emfoco"],"url":"https:\/\/www.em.com.br\/emfoco\/author\/kelvinmyth\/"}]}},"_links":{"self":[{"href":"https:\/\/www.em.com.br\/emfoco\/wp-json\/wp\/v2\/posts\/10771","targetHints":{"allow":["GET"]}}],"collection":[{"href":"https:\/\/www.em.com.br\/emfoco\/wp-json\/wp\/v2\/posts"}],"about":[{"href":"https:\/\/www.em.com.br\/emfoco\/wp-json\/wp\/v2\/types\/post"}],"author":[{"embeddable":true,"href":"https:\/\/www.em.com.br\/emfoco\/wp-json\/wp\/v2\/users\/7"}],"replies":[{"embeddable":true,"href":"https:\/\/www.em.com.br\/emfoco\/wp-json\/wp\/v2\/comments?post=10771"}],"version-history":[{"count":2,"href":"https:\/\/www.em.com.br\/emfoco\/wp-json\/wp\/v2\/posts\/10771\/revisions"}],"predecessor-version":[{"id":10774,"href":"https:\/\/www.em.com.br\/emfoco\/wp-json\/wp\/v2\/posts\/10771\/revisions\/10774"}],"wp:featuredmedia":[{"embeddable":true,"href":"https:\/\/www.em.com.br\/emfoco\/wp-json\/wp\/v2\/media\/6262"}],"wp:attachment":[{"href":"https:\/\/www.em.com.br\/emfoco\/wp-json\/wp\/v2\/media?parent=10771"}],"wp:term":[{"taxonomy":"category","embeddable":true,"href":"https:\/\/www.em.com.br\/emfoco\/wp-json\/wp\/v2\/categories?post=10771"},{"taxonomy":"post_tag","embeddable":true,"href":"https:\/\/www.em.com.br\/emfoco\/wp-json\/wp\/v2\/tags?post=10771"}],"curies":[{"name":"wp","href":"https:\/\/api.w.org\/{rel}","templated":true}]}}