{"id":107703,"date":"2025-09-25T10:48:30","date_gmt":"2025-09-25T13:48:30","guid":{"rendered":"https:\/\/www.em.com.br\/emfoco\/?p=107703"},"modified":"2025-09-24T13:16:30","modified_gmt":"2025-09-24T16:16:30","slug":"aprenda-a-criar-velas-aromaticas-com-ervas-e-perfumar-sua-casa","status":"publish","type":"post","link":"https:\/\/www.em.com.br\/emfoco\/2025\/09\/25\/aprenda-a-criar-velas-aromaticas-com-ervas-e-perfumar-sua-casa\/","title":{"rendered":"Aprenda a criar velas arom\u00e1ticas com ervas e perfumar sua casa"},"content":{"rendered":"\n<p>O <strong>uso de velas artesanais tem ganhado popularidade nos \u00faltimos anos<\/strong>, sendo uma op\u00e7\u00e3o atraente para quem deseja uma atmosfera acolhedora e perfumada em casa. As velas feitas \u00e0 m\u00e3o proporcionam uma experi\u00eancia \u00fanica, pois combinam o charme do artesanal com a personaliza\u00e7\u00e3o de aromas e estilos.<\/p>\n\n\n\n<p>A inclus\u00e3o de ervas arom\u00e1ticas na confec\u00e7\u00e3o dessas velas concedeu um toque especial que cativa. As ervas n\u00e3o apenas acrescentam fragr\u00e2ncias naturais, como tamb\u00e9m podem oferecer propriedades terap\u00eauticas, dependendo das plantas escolhidas. Este artigo explora o universo das velas artesanais com ervas, <strong>demonstrando como<\/strong> <strong>prepar\u00e1-las<\/strong> <strong>e quais benef\u00edcios podem trazer ao ambiente dom\u00e9stico<\/strong>.<\/p>\n\n\n\n<h2 class=\"wp-block-heading\">Quais os benef\u00edcios das velas artesanais com ervas?<\/h2>\n\n\n\n<p><strong>As velas artesanais com ervas destacam-se por suas propriedades al\u00e9m da simples ilumina\u00e7\u00e3o<\/strong>. Primeiramente, a personaliza\u00e7\u00e3o do aroma \u00e9 um atrativo not\u00e1vel. Ao escolher as ervas, \u00e9 poss\u00edvel customizar o ambiente segundo o gosto pessoal, promovendo sensa\u00e7\u00f5es de conforto e bem-estar.<\/p>\n\n\n\n<p>Ademais, essas velas s\u00e3o frequentemente associadas \u00e0 <a href=\"https:\/\/www.em.com.br\/emfoco\/2025\/09\/23\/aromaterapia-com-alecrim-melhora-memoria-e-espanta-o-cansaco\/\" target=\"_blank\" rel=\"noopener\">aromaterapia<\/a>, que utiliza fragr\u00e2ncias naturais para promover relaxamento e tranquilidade. Uma vela feita com <strong>lavanda<\/strong>, por exemplo, pode ajudar a reduzir a ansiedade e melhorar o sono, enquanto a hortel\u00e3 pode energizar e revigorar a mente.<\/p>\n\n\n\n<iframe loading=\"lazy\" src=\"https:\/\/assets.pinterest.com\/ext\/embed.html?id=703756187885475\" height=\"714\" width=\"345\" frameborder=\"0\" scrolling=\"no\" ><\/iframe>\n\n\n\n\n\n<h2 class=\"wp-block-heading\">Como fazer velas artesanais com ervas em casa?<\/h2>\n\n\n\n<p>Preparar velas em casa \u00e9 uma <a href=\"https:\/\/br.pinterest.com\/search\/pins\/?q=vela%20artesanal&amp;rs=typed\" target=\"_blank\" rel=\"noreferrer noopener\">atividade criativa <\/a>e terap\u00eautica. Para come\u00e7ar, s\u00e3o necess\u00e1rios alguns materiais b\u00e1sicos: <strong>cera de soja<\/strong> ou parafina, pavio, recipientes \u00e0 prova de calor e \u00f3leos essenciais para intensificar o aroma das ervas. A escolha das ervas \u00e9 uma parte crucial do processo, com op\u00e7\u00f5es populares como lavanda, alecrim e camomila.<\/p>\n\n\n\n<ol class=\"wp-block-list\">\n<li>Derreta a cera em banho-maria at\u00e9 que esteja totalmente l\u00edquida.<\/li>\n\n\n\n<li>Adicione algumas gotas de \u00f3leo essencial e mexa bem para incorporar o aroma.<\/li>\n\n\n\n<li>Coloque o pavio no centro do recipiente e segure at\u00e9 que esteja s\u00f3lido no fundo.<\/li>\n\n\n\n<li>Adicione as ervas secas na cera, garantindo que fiquem dispersas de forma homog\u00eanea.<\/li>\n\n\n\n<li>Despeje a cera nos recipientes preparados, mantendo o pavio no lugar com a ajuda de um palito.<\/li>\n\n\n\n<li>Deixe a cera esfriar completamente antes de usar a vela.<\/li>\n<\/ol>\n\n\n\n<iframe loading=\"lazy\" src=\"https:\/\/assets.pinterest.com\/ext\/embed.html?id=985231164855043\" height=\"714\" width=\"345\" frameborder=\"0\" scrolling=\"no\" ><\/iframe>\n\n\n\n\n\n<h2 class=\"wp-block-heading\">Quais ervas s\u00e3o ideais para suas velas?<\/h2>\n\n\n\n<p>As ervas escolhidas para fazer velas <strong>influenciam diretamente o aroma e os benef\u00edcios atribu\u00eddos a elas<\/strong>. A <strong>lavanda<\/strong> \u00e9 frequentemente procurada por suas propriedades calmantes, ideal para \u00e1reas de descanso como o quarto. O alecrim, com seu perfume revigorante, funciona bem em ambientes de trabalho para estimular foco e concentra\u00e7\u00e3o.<\/p>\n\n\n\n<ul class=\"wp-block-list\">\n<li><strong>Camomila<\/strong>: Conhecida por suas propriedades relaxantes e calmantes.<\/li>\n\n\n\n<li><strong>Hortel\u00e3-pimenta<\/strong>: Oferece um aroma refrescante que pode ajudar a clarear a mente.<\/li>\n\n\n\n<li><strong>Eucalipto<\/strong>: indicado para ambientes onde se deseja purificar o ar e promover respira\u00e7\u00e3o saud\u00e1vel.<\/li>\n<\/ul>\n\n\n\n<h2 class=\"wp-block-heading\">Por que escolher velas artesanais em vez das industriais?<\/h2>\n\n\n\n<p>As velas artesanais muitas vezes apresentam vantagens sobre as industriais, come\u00e7ando pela capacidade de personaliza\u00e7\u00e3o. Cada pe\u00e7a pode ser adaptada ao gosto pessoal tanto em termos de fragr\u00e2ncia quanto de est\u00e9tica. Al\u00e9m disso, a produ\u00e7\u00e3o manual permite o controle total dos ingredientes, garantindo que sejam utilizados elementos naturais e minimizando o uso de produtos qu\u00edmicos artificiais.<\/p>\n\n\n\n<p>No contexto ambiental, elas tamb\u00e9m podem ser mais amig\u00e1veis, pois a <strong>cera de soja<\/strong>, por exemplo, \u00e9 uma alternativa sustent\u00e1vel e renov\u00e1vel ao inv\u00e9s de parafinas derivadas de petr\u00f3leo comumente usadas em velas industriais.<\/p>\n","protected":false},"excerpt":{"rendered":"<p>O uso de velas artesanais tem ganhado popularidade nos \u00faltimos anos, sendo uma op\u00e7\u00e3o atraente para quem deseja uma atmosfera acolhedora e perfumada em casa. As velas feitas \u00e0 m\u00e3o proporcionam uma experi\u00eancia \u00fanica, pois combinam o charme do artesanal com a personaliza\u00e7\u00e3o de aromas e estilos. A inclus\u00e3o de ervas arom\u00e1ticas na confec\u00e7\u00e3o dessas [&hellip;]<\/p>\n","protected":false},"author":9,"featured_media":107709,"comment_status":"open","ping_status":"open","sticky":false,"template":"","format":"standard","meta":{"jnews-multi-image_gallery":[],"jnews_single_post":{"format":"standard"},"jnews_primary_category":[],"jnews_social_meta":[],"jnews_override_counter":[],"footnotes":""},"categories":[8819,1],"tags":[2911,14042,12113,16506],"class_list":["post-107703","post","type-post","status-publish","format-standard","has-post-thumbnail","hentry","category-curiosidades","category-noticias","tag-casa","tag-casa-perfumada","tag-velas","tag-velas-artesanais"],"yoast_head":"<!-- This site is optimized with the Yoast SEO plugin v23.8 - https:\/\/yoast.com\/wordpress\/plugins\/seo\/ -->\n<title>Aprenda a criar velas arom\u00e1ticas com ervas e perfumar sua casa<\/title>\n<meta name=\"description\" content=\"Al\u00e9m de charmosas, as velas artesanais com ervas ajudam no relaxamento e purificam o ar. Aprenda a fazer e transformar seu lar.\" \/>\n<meta name=\"robots\" content=\"index, follow, max-snippet:-1, max-image-preview:large, max-video-preview:-1\" \/>\n<link rel=\"canonical\" href=\"https:\/\/www.em.com.br\/emfoco\/2025\/09\/25\/aprenda-a-criar-velas-aromaticas-com-ervas-e-perfumar-sua-casa\/\" \/>\n<meta property=\"og:locale\" content=\"pt_BR\" \/>\n<meta property=\"og:type\" content=\"article\" \/>\n<meta property=\"og:title\" content=\"Aprenda a criar velas arom\u00e1ticas com ervas e perfumar sua casa\" \/>\n<meta property=\"og:description\" content=\"Al\u00e9m de charmosas, as velas artesanais com ervas ajudam no relaxamento e purificam o ar. Aprenda a fazer e transformar seu lar.\" \/>\n<meta property=\"og:url\" content=\"https:\/\/www.em.com.br\/emfoco\/2025\/09\/25\/aprenda-a-criar-velas-aromaticas-com-ervas-e-perfumar-sua-casa\/\" \/>\n<meta property=\"og:site_name\" content=\"Estado de Minas - Em foco\" \/>\n<meta property=\"article:published_time\" content=\"2025-09-25T13:48:30+00:00\" \/>\n<meta property=\"article:modified_time\" content=\"2025-09-24T16:16:30+00:00\" \/>\n<meta property=\"og:image\" content=\"https:\/\/www.em.com.br\/emfoco\/wp-content\/uploads\/2025\/09\/velas-_1758730071694.jpg\" \/>\n\t<meta property=\"og:image:width\" content=\"1280\" \/>\n\t<meta property=\"og:image:height\" content=\"720\" \/>\n\t<meta property=\"og:image:type\" content=\"image\/jpeg\" \/>\n<meta name=\"author\" content=\"Daniely Cardoso\" \/>\n<meta name=\"twitter:card\" content=\"summary_large_image\" \/>\n<meta name=\"twitter:label1\" content=\"Escrito por\" \/>\n\t<meta name=\"twitter:data1\" content=\"Daniely Cardoso\" \/>\n\t<meta name=\"twitter:label2\" content=\"Est. tempo de leitura\" \/>\n\t<meta name=\"twitter:data2\" content=\"4 minutos\" \/>\n<!-- \/ Yoast SEO plugin. -->","yoast_head_json":{"title":"Aprenda a criar velas arom\u00e1ticas com ervas e perfumar sua casa","description":"Al\u00e9m de charmosas, as velas artesanais com ervas ajudam no relaxamento e purificam o ar. Aprenda a fazer e transformar seu lar.","robots":{"index":"index","follow":"follow","max-snippet":"max-snippet:-1","max-image-preview":"max-image-preview:large","max-video-preview":"max-video-preview:-1"},"canonical":"https:\/\/www.em.com.br\/emfoco\/2025\/09\/25\/aprenda-a-criar-velas-aromaticas-com-ervas-e-perfumar-sua-casa\/","og_locale":"pt_BR","og_type":"article","og_title":"Aprenda a criar velas arom\u00e1ticas com ervas e perfumar sua casa","og_description":"Al\u00e9m de charmosas, as velas artesanais com ervas ajudam no relaxamento e purificam o ar. Aprenda a fazer e transformar seu lar.","og_url":"https:\/\/www.em.com.br\/emfoco\/2025\/09\/25\/aprenda-a-criar-velas-aromaticas-com-ervas-e-perfumar-sua-casa\/","og_site_name":"Estado de Minas - Em foco","article_published_time":"2025-09-25T13:48:30+00:00","article_modified_time":"2025-09-24T16:16:30+00:00","og_image":[{"width":1280,"height":720,"url":"https:\/\/www.em.com.br\/emfoco\/wp-content\/uploads\/2025\/09\/velas-_1758730071694.jpg","type":"image\/jpeg"}],"author":"Daniely Cardoso","twitter_card":"summary_large_image","twitter_misc":{"Escrito por":"Daniely Cardoso","Est. tempo de leitura":"4 minutos"},"schema":{"@context":"https:\/\/schema.org","@graph":[{"@type":"WebPage","@id":"https:\/\/www.em.com.br\/emfoco\/2025\/09\/25\/aprenda-a-criar-velas-aromaticas-com-ervas-e-perfumar-sua-casa\/","url":"https:\/\/www.em.com.br\/emfoco\/2025\/09\/25\/aprenda-a-criar-velas-aromaticas-com-ervas-e-perfumar-sua-casa\/","name":"Aprenda a criar velas arom\u00e1ticas com ervas e perfumar sua casa","isPartOf":{"@id":"https:\/\/www.em.com.br\/emfoco\/#website"},"primaryImageOfPage":{"@id":"https:\/\/www.em.com.br\/emfoco\/2025\/09\/25\/aprenda-a-criar-velas-aromaticas-com-ervas-e-perfumar-sua-casa\/#primaryimage"},"image":{"@id":"https:\/\/www.em.com.br\/emfoco\/2025\/09\/25\/aprenda-a-criar-velas-aromaticas-com-ervas-e-perfumar-sua-casa\/#primaryimage"},"thumbnailUrl":"https:\/\/www.em.com.br\/emfoco\/wp-content\/uploads\/2025\/09\/velas-_1758730071694.jpg","datePublished":"2025-09-25T13:48:30+00:00","dateModified":"2025-09-24T16:16:30+00:00","author":{"@id":"https:\/\/www.em.com.br\/emfoco\/#\/schema\/person\/0a8186d72f2c3a5c6276d90b41f271a0"},"description":"Al\u00e9m de charmosas, as velas artesanais com ervas ajudam no relaxamento e purificam o ar. Aprenda a fazer e transformar seu lar.","breadcrumb":{"@id":"https:\/\/www.em.com.br\/emfoco\/2025\/09\/25\/aprenda-a-criar-velas-aromaticas-com-ervas-e-perfumar-sua-casa\/#breadcrumb"},"inLanguage":"pt-BR","potentialAction":[{"@type":"ReadAction","target":["https:\/\/www.em.com.br\/emfoco\/2025\/09\/25\/aprenda-a-criar-velas-aromaticas-com-ervas-e-perfumar-sua-casa\/"]}]},{"@type":"ImageObject","inLanguage":"pt-BR","@id":"https:\/\/www.em.com.br\/emfoco\/2025\/09\/25\/aprenda-a-criar-velas-aromaticas-com-ervas-e-perfumar-sua-casa\/#primaryimage","url":"https:\/\/www.em.com.br\/emfoco\/wp-content\/uploads\/2025\/09\/velas-_1758730071694.jpg","contentUrl":"https:\/\/www.em.com.br\/emfoco\/wp-content\/uploads\/2025\/09\/velas-_1758730071694.jpg","width":1280,"height":720,"caption":"As velas artesanais com ervas destacam-se por suas propriedades - Cr\u00e9ditos: depositphotos.com \/ VadimVasenin"},{"@type":"BreadcrumbList","@id":"https:\/\/www.em.com.br\/emfoco\/2025\/09\/25\/aprenda-a-criar-velas-aromaticas-com-ervas-e-perfumar-sua-casa\/#breadcrumb","itemListElement":[{"@type":"ListItem","position":1,"name":"In\u00edcio","item":"https:\/\/www.em.com.br\/emfoco\/"},{"@type":"ListItem","position":2,"name":"Aprenda a criar velas arom\u00e1ticas com ervas e perfumar sua casa"}]},{"@type":"WebSite","@id":"https:\/\/www.em.com.br\/emfoco\/#website","url":"https:\/\/www.em.com.br\/emfoco\/","name":"Estado de Minas - Em foco","description":"Acompanhe as \u00faltimas not\u00edcias e fique bem informado sobre tudo o que acontece em Minas Gerais, Brasil e no mundo.","potentialAction":[{"@type":"SearchAction","target":{"@type":"EntryPoint","urlTemplate":"https:\/\/www.em.com.br\/emfoco\/?s={search_term_string}"},"query-input":{"@type":"PropertyValueSpecification","valueRequired":true,"valueName":"search_term_string"}}],"inLanguage":"pt-BR"},{"@type":"Person","@id":"https:\/\/www.em.com.br\/emfoco\/#\/schema\/person\/0a8186d72f2c3a5c6276d90b41f271a0","name":"Daniely Cardoso","image":{"@type":"ImageObject","inLanguage":"pt-BR","@id":"https:\/\/www.em.com.br\/emfoco\/#\/schema\/person\/image\/","url":"https:\/\/secure.gravatar.com\/avatar\/4b80ddbd124d1f071b626d52d62e5dff?s=96&d=mm&r=g","contentUrl":"https:\/\/secure.gravatar.com\/avatar\/4b80ddbd124d1f071b626d52d62e5dff?s=96&d=mm&r=g","caption":"Daniely Cardoso"},"url":"https:\/\/www.em.com.br\/emfoco\/author\/danielymyth\/"}]}},"_links":{"self":[{"href":"https:\/\/www.em.com.br\/emfoco\/wp-json\/wp\/v2\/posts\/107703","targetHints":{"allow":["GET"]}}],"collection":[{"href":"https:\/\/www.em.com.br\/emfoco\/wp-json\/wp\/v2\/posts"}],"about":[{"href":"https:\/\/www.em.com.br\/emfoco\/wp-json\/wp\/v2\/types\/post"}],"author":[{"embeddable":true,"href":"https:\/\/www.em.com.br\/emfoco\/wp-json\/wp\/v2\/users\/9"}],"replies":[{"embeddable":true,"href":"https:\/\/www.em.com.br\/emfoco\/wp-json\/wp\/v2\/comments?post=107703"}],"version-history":[{"count":2,"href":"https:\/\/www.em.com.br\/emfoco\/wp-json\/wp\/v2\/posts\/107703\/revisions"}],"predecessor-version":[{"id":107710,"href":"https:\/\/www.em.com.br\/emfoco\/wp-json\/wp\/v2\/posts\/107703\/revisions\/107710"}],"wp:featuredmedia":[{"embeddable":true,"href":"https:\/\/www.em.com.br\/emfoco\/wp-json\/wp\/v2\/media\/107709"}],"wp:attachment":[{"href":"https:\/\/www.em.com.br\/emfoco\/wp-json\/wp\/v2\/media?parent=107703"}],"wp:term":[{"taxonomy":"category","embeddable":true,"href":"https:\/\/www.em.com.br\/emfoco\/wp-json\/wp\/v2\/categories?post=107703"},{"taxonomy":"post_tag","embeddable":true,"href":"https:\/\/www.em.com.br\/emfoco\/wp-json\/wp\/v2\/tags?post=107703"}],"curies":[{"name":"wp","href":"https:\/\/api.w.org\/{rel}","templated":true}]}}