{"id":10759,"date":"2025-01-15T06:20:00","date_gmt":"2025-01-15T09:20:00","guid":{"rendered":"https:\/\/www.em.com.br\/emfoco\/?p=10759"},"modified":"2025-01-15T05:52:22","modified_gmt":"2025-01-15T08:52:22","slug":"vai-chover-em-bh-no-dia-15","status":"publish","type":"post","link":"https:\/\/www.em.com.br\/emfoco\/2025\/01\/15\/vai-chover-em-bh-no-dia-15\/","title":{"rendered":"Vai chover em BH no dia 15?"},"content":{"rendered":"\n<p>A previs\u00e3o do tempo para <a href=\"https:\/\/pt.wikipedia.org\/wiki\/Belo_Horizonte\" target=\"_blank\" rel=\"noreferrer noopener\">Belo Horizonte<\/a> no dia 15 de janeiro de 2025 indica condi\u00e7\u00f5es <a href=\"https:\/\/www.em.com.br\/emfoco\/2025\/01\/09\/a-cidade-que-desafia-as-mudancas-climaticas-com-solucoes-inovadoras\/\" target=\"_blank\" rel=\"noreferrer noopener\">clim\u00e1ticas <\/a>relativamente est\u00e1veis, com varia\u00e7\u00f5es t\u00edpicas dessa \u00e9poca do ano. Nesta parte do ver\u00e3o, a cidade geralmente experimenta uma combina\u00e7\u00e3o de dias quentes e \u00famidos, frequentemente acompanhados por chuvas. Com base nas informa\u00e7\u00f5es meteorol\u00f3gicas dispon\u00edveis, espera-se que essa tend\u00eancia continue ao longo do dia.<\/p>\n\n\n\n<p>Nesta data espec\u00edfica, os residentes de Belo Horizonte devem preparar-se para temperaturas elevadas durante o dia, acompanhadas por possibilidades consider\u00e1veis de precipita\u00e7\u00e3o no per\u00edodo da tarde. Esse padr\u00e3o \u00e9 comum na regi\u00e3o, resultante de umidade elevada e calor acumulado ao longo do dia. Abaixo, apresentamos detalhes mais abrangentes sobre as condi\u00e7\u00f5es meteorol\u00f3gicas previstas para este dia.<\/p>\n\n\n\n<h2 class=\"wp-block-heading\">Como estar\u00e1 o clima em BH?<\/h2>\n\n\n\n<p>A data de 15 de janeiro de 2025 em Belo Horizonte ser\u00e1 marcada por temperaturas que variam entre <strong>23\u00b0C e 33\u00b0C<\/strong>. Durante a manh\u00e3, o c\u00e9u deve permanecer parcialmente nublado, proporcionando leves intervalos de sol. No entanto, \u00e0 medida que o dia avan\u00e7a, h\u00e1 uma expectativa significativa de chuvas esparsas, especialmente \u00e0 tarde e no in\u00edcio da noite.<\/p>\n\n\n<div class=\"wp-block-image\">\n<figure class=\"aligncenter size-large\"><img loading=\"lazy\" decoding=\"async\" width=\"1024\" height=\"576\" src=\"https:\/\/www.em.com.br\/emfoco\/wp-content\/uploads\/2024\/12\/Belo-Horizonte_1733626346806-1-1024x576.jpg\" alt=\"\" class=\"wp-image-3808\" srcset=\"https:\/\/www.em.com.br\/emfoco\/wp-content\/uploads\/2024\/12\/Belo-Horizonte_1733626346806-1-1024x576.jpg 1024w, https:\/\/www.em.com.br\/emfoco\/wp-content\/uploads\/2024\/12\/Belo-Horizonte_1733626346806-1-300x169.jpg 300w, https:\/\/www.em.com.br\/emfoco\/wp-content\/uploads\/2024\/12\/Belo-Horizonte_1733626346806-1-768x432.jpg 768w, https:\/\/www.em.com.br\/emfoco\/wp-content\/uploads\/2024\/12\/Belo-Horizonte_1733626346806-1-750x422.jpg 750w, https:\/\/www.em.com.br\/emfoco\/wp-content\/uploads\/2024\/12\/Belo-Horizonte_1733626346806-1-1140x641.jpg 1140w, https:\/\/www.em.com.br\/emfoco\/wp-content\/uploads\/2024\/12\/Belo-Horizonte_1733626346806-1.jpg 1280w\" sizes=\"auto, (max-width: 1024px) 100vw, 1024px\" \/><figcaption class=\"wp-element-caption\">Belo Horizonte &#8211; Wikimidia commons<\/figcaption><\/figure><\/div>\n\n\n<p>Essas condi\u00e7\u00f5es s\u00e3o o resultado de uma frente fria que est\u00e1 afetando a regi\u00e3o sudeste, trazendo consigo instabilidades atmosf\u00e9ricas. As chuvas podem ser de intensidade moderada a forte, acompanhadas por trovoadas ocasionais. Os residentes devem estar atentos a poss\u00edveis alagamentos em \u00e1reas com hist\u00f3rico de enchentes.<\/p>\n\n\n\n<h2 class=\"wp-block-heading\">Temperaturas e umidade relativa do ar<\/h2>\n\n\n\n<p>Com o sol ganhando mais for\u00e7a pela manh\u00e3, espera-se que as <strong>temperaturas<\/strong> alcancem valores pr\u00f3ximos a 33\u00b0C, sobretudo no per\u00edodo da tarde. A sensa\u00e7\u00e3o t\u00e9rmica pode ultrapassar os 35\u00b0C em alguns momentos do dia, devido \u00e0 umidade elevada que permanece por volta dos 70% durante grande parte do tempo.<\/p>\n\n\n\n<p>Este \u00edndice de umidade pode deixar o clima mais abafado, apesar de permitir que a vegeta\u00e7\u00e3o se mantenha verde e saud\u00e1vel. \u00c9 aconselh\u00e1vel que as pessoas permane\u00e7am hidratadas, usando roupas leves e protetor solar em suas atividades diurnas, especialmente aquelas realizadas ao ar livre.<\/p>\n\n\n\n<h2 class=\"wp-block-heading\">Impacto das condi\u00e7\u00f5es meteorol\u00f3gicas no cotidiano<\/h2>\n\n\n\n<p>As condi\u00e7\u00f5es clim\u00e1ticas antecipadas v\u00e3o influenciar uma s\u00e9rie de aspectos do cotidiano dos habitantes de Belo Horizonte. Em especial, o <strong>tr\u00e2nsito<\/strong> na cidade tende a ficar mais complicado com as pancadas de chuva previstas para o fim da tarde e \u00e0 noite, aumentando as chances de acidentes e engarrafamentos. Motoristas devem redobrar a aten\u00e7\u00e3o ao dirigir, evitando \u00e1reas propensas a inunda\u00e7\u00f5es.<\/p>\n\n\n\n<p>Os setores da agricultura e do turismo tamb\u00e9m devem ajustar suas atividades conforme o tempo. Plantadores podem encontrar condi\u00e7\u00f5es favor\u00e1veis para culturas que necessitam de alta umidade, enquanto turistas devem planejar suas visitas, levando em considera\u00e7\u00e3o a possibilidade de interrup\u00e7\u00f5es devido \u00e0s chuvas.<\/p>\n\n\n\n<h2 class=\"wp-block-heading\">O que esperar para os pr\u00f3ximos dias?<\/h2>\n\n\n\n<p>Al\u00e9m do dia 15 de janeiro, a previs\u00e3o para os dias subsequentes indica uma continuidade do clima inst\u00e1vel em Belo Horizonte, com possibilidade de chuvas espor\u00e1dicas e temperaturas que variam entre 22\u00b0C e 32\u00b0C. O padr\u00e3o clim\u00e1tico sugerido deve persistir, influenciado por frentes frias e massas de ar que se deslocam pela regi\u00e3o Sudeste do Brasil.<\/p>\n\n\n\n<p>Com base nessas informa\u00e7\u00f5es, \u00e9 recomend\u00e1vel que os cidad\u00e3os se mantenham informados por meio de boletins meteorol\u00f3gicos atualizados, a fim de adaptar suas rotinas di\u00e1rias conforme as mudan\u00e7as clim\u00e1ticas. Uma combina\u00e7\u00e3o de planejamento e precau\u00e7\u00e3o pode ajudar a minimizar os impactos das condi\u00e7\u00f5es adversas e garantir uma conviv\u00eancia mais harmoniosa com o ambiente natural.<\/p>\n","protected":false},"excerpt":{"rendered":"<p>A previs\u00e3o do tempo para Belo Horizonte no dia 15 de janeiro de 2025 indica condi\u00e7\u00f5es clim\u00e1ticas relativamente est\u00e1veis, com varia\u00e7\u00f5es t\u00edpicas dessa \u00e9poca do ano. Nesta parte do ver\u00e3o, a cidade geralmente experimenta uma combina\u00e7\u00e3o de dias quentes e \u00famidos, frequentemente acompanhados por chuvas. Com base nas informa\u00e7\u00f5es meteorol\u00f3gicas dispon\u00edveis, espera-se que essa tend\u00eancia [&hellip;]<\/p>\n","protected":false},"author":7,"featured_media":0,"comment_status":"open","ping_status":"open","sticky":false,"template":"","format":"standard","meta":{"jnews-multi-image_gallery":[],"jnews_single_post":{"format":"standard"},"jnews_primary_category":[],"jnews_social_meta":[],"jnews_override_counter":[],"footnotes":""},"categories":[30],"tags":[154,156,251,249,1827],"class_list":["post-10759","post","type-post","status-publish","format-standard","hentry","category-clima","tag-belo-horizonte","tag-chuva","tag-previsao-do-tempo","tag-temperatura","tag-verao"],"yoast_head":"<!-- This site is optimized with the Yoast SEO plugin v23.8 - https:\/\/yoast.com\/wordpress\/plugins\/seo\/ -->\n<title>Vai chover em BH no dia 15? - Estado de Minas - Em foco<\/title>\n<meta name=\"description\" content=\"Explore a previs\u00e3o do tempo para Belo Horizonte em 15 de janeiro de 2025.\" \/>\n<meta name=\"robots\" content=\"index, follow, max-snippet:-1, max-image-preview:large, max-video-preview:-1\" \/>\n<link rel=\"canonical\" href=\"https:\/\/www.em.com.br\/emfoco\/2025\/01\/15\/vai-chover-em-bh-no-dia-15\/\" \/>\n<meta property=\"og:locale\" content=\"pt_BR\" \/>\n<meta property=\"og:type\" content=\"article\" \/>\n<meta property=\"og:title\" content=\"Vai chover em BH no dia 15? - Estado de Minas - Em foco\" \/>\n<meta property=\"og:description\" content=\"Explore a previs\u00e3o do tempo para Belo Horizonte em 15 de janeiro de 2025.\" \/>\n<meta property=\"og:url\" content=\"https:\/\/www.em.com.br\/emfoco\/2025\/01\/15\/vai-chover-em-bh-no-dia-15\/\" \/>\n<meta property=\"og:site_name\" content=\"Estado de Minas - Em foco\" \/>\n<meta property=\"article:published_time\" content=\"2025-01-15T09:20:00+00:00\" \/>\n<meta property=\"article:modified_time\" content=\"2025-01-15T08:52:22+00:00\" \/>\n<meta property=\"og:image\" content=\"https:\/\/www.em.com.br\/emfoco\/wp-content\/uploads\/2024\/12\/Belo_Horizonte_Brasil_horizon_view.jpg\" \/>\n\t<meta property=\"og:image:width\" content=\"1199\" \/>\n\t<meta property=\"og:image:height\" content=\"800\" \/>\n\t<meta property=\"og:image:type\" content=\"image\/jpeg\" \/>\n<meta name=\"author\" content=\"Kelvin\" \/>\n<meta name=\"twitter:card\" content=\"summary_large_image\" \/>\n<meta name=\"twitter:label1\" content=\"Escrito por\" \/>\n\t<meta name=\"twitter:data1\" content=\"Kelvin\" \/>\n\t<meta name=\"twitter:label2\" content=\"Est. tempo de leitura\" \/>\n\t<meta name=\"twitter:data2\" content=\"4 minutos\" \/>\n<!-- \/ Yoast SEO plugin. -->","yoast_head_json":{"title":"Vai chover em BH no dia 15? - Estado de Minas - Em foco","description":"Explore a previs\u00e3o do tempo para Belo Horizonte em 15 de janeiro de 2025.","robots":{"index":"index","follow":"follow","max-snippet":"max-snippet:-1","max-image-preview":"max-image-preview:large","max-video-preview":"max-video-preview:-1"},"canonical":"https:\/\/www.em.com.br\/emfoco\/2025\/01\/15\/vai-chover-em-bh-no-dia-15\/","og_locale":"pt_BR","og_type":"article","og_title":"Vai chover em BH no dia 15? - Estado de Minas - Em foco","og_description":"Explore a previs\u00e3o do tempo para Belo Horizonte em 15 de janeiro de 2025.","og_url":"https:\/\/www.em.com.br\/emfoco\/2025\/01\/15\/vai-chover-em-bh-no-dia-15\/","og_site_name":"Estado de Minas - Em foco","article_published_time":"2025-01-15T09:20:00+00:00","article_modified_time":"2025-01-15T08:52:22+00:00","og_image":[{"width":1199,"height":800,"url":"https:\/\/www.em.com.br\/emfoco\/wp-content\/uploads\/2024\/12\/Belo_Horizonte_Brasil_horizon_view.jpg","type":"image\/jpeg"}],"author":"Kelvin","twitter_card":"summary_large_image","twitter_misc":{"Escrito por":"Kelvin","Est. tempo de leitura":"4 minutos"},"schema":{"@context":"https:\/\/schema.org","@graph":[{"@type":"WebPage","@id":"https:\/\/www.em.com.br\/emfoco\/2025\/01\/15\/vai-chover-em-bh-no-dia-15\/","url":"https:\/\/www.em.com.br\/emfoco\/2025\/01\/15\/vai-chover-em-bh-no-dia-15\/","name":"Vai chover em BH no dia 15? - Estado de Minas - Em foco","isPartOf":{"@id":"https:\/\/www.em.com.br\/emfoco\/#website"},"primaryImageOfPage":{"@id":"https:\/\/www.em.com.br\/emfoco\/2025\/01\/15\/vai-chover-em-bh-no-dia-15\/#primaryimage"},"image":{"@id":"https:\/\/www.em.com.br\/emfoco\/2025\/01\/15\/vai-chover-em-bh-no-dia-15\/#primaryimage"},"thumbnailUrl":"https:\/\/www.em.com.br\/emfoco\/wp-content\/uploads\/2024\/12\/Belo-Horizonte_1733626346806-1-1024x576.jpg","datePublished":"2025-01-15T09:20:00+00:00","dateModified":"2025-01-15T08:52:22+00:00","author":{"@id":"https:\/\/www.em.com.br\/emfoco\/#\/schema\/person\/fb0a7f48c6fbb94b83f413a80f61917d"},"description":"Explore a previs\u00e3o do tempo para Belo Horizonte em 15 de janeiro de 2025.","breadcrumb":{"@id":"https:\/\/www.em.com.br\/emfoco\/2025\/01\/15\/vai-chover-em-bh-no-dia-15\/#breadcrumb"},"inLanguage":"pt-BR","potentialAction":[{"@type":"ReadAction","target":["https:\/\/www.em.com.br\/emfoco\/2025\/01\/15\/vai-chover-em-bh-no-dia-15\/"]}]},{"@type":"ImageObject","inLanguage":"pt-BR","@id":"https:\/\/www.em.com.br\/emfoco\/2025\/01\/15\/vai-chover-em-bh-no-dia-15\/#primaryimage","url":"https:\/\/www.em.com.br\/emfoco\/wp-content\/uploads\/2024\/12\/Belo-Horizonte_1733626346806-1.jpg","contentUrl":"https:\/\/www.em.com.br\/emfoco\/wp-content\/uploads\/2024\/12\/Belo-Horizonte_1733626346806-1.jpg","width":1280,"height":720,"caption":"Belo Horizonte - Wikimidia commons"},{"@type":"BreadcrumbList","@id":"https:\/\/www.em.com.br\/emfoco\/2025\/01\/15\/vai-chover-em-bh-no-dia-15\/#breadcrumb","itemListElement":[{"@type":"ListItem","position":1,"name":"In\u00edcio","item":"https:\/\/www.em.com.br\/emfoco\/"},{"@type":"ListItem","position":2,"name":"Vai chover em BH no dia 15?"}]},{"@type":"WebSite","@id":"https:\/\/www.em.com.br\/emfoco\/#website","url":"https:\/\/www.em.com.br\/emfoco\/","name":"Estado de Minas - Em foco","description":"Acompanhe as \u00faltimas not\u00edcias e fique bem informado sobre tudo o que acontece em Minas Gerais, Brasil e no mundo.","potentialAction":[{"@type":"SearchAction","target":{"@type":"EntryPoint","urlTemplate":"https:\/\/www.em.com.br\/emfoco\/?s={search_term_string}"},"query-input":{"@type":"PropertyValueSpecification","valueRequired":true,"valueName":"search_term_string"}}],"inLanguage":"pt-BR"},{"@type":"Person","@id":"https:\/\/www.em.com.br\/emfoco\/#\/schema\/person\/fb0a7f48c6fbb94b83f413a80f61917d","name":"Kelvin","image":{"@type":"ImageObject","inLanguage":"pt-BR","@id":"https:\/\/www.em.com.br\/emfoco\/#\/schema\/person\/image\/","url":"https:\/\/secure.gravatar.com\/avatar\/e74f84337e6bf6c4c5e88fbdffa05270?s=96&d=mm&r=g","contentUrl":"https:\/\/secure.gravatar.com\/avatar\/e74f84337e6bf6c4c5e88fbdffa05270?s=96&d=mm&r=g","caption":"Kelvin"},"sameAs":["https:\/\/www.em.com.br\/emfoco"],"url":"https:\/\/www.em.com.br\/emfoco\/author\/kelvinmyth\/"}]}},"_links":{"self":[{"href":"https:\/\/www.em.com.br\/emfoco\/wp-json\/wp\/v2\/posts\/10759","targetHints":{"allow":["GET"]}}],"collection":[{"href":"https:\/\/www.em.com.br\/emfoco\/wp-json\/wp\/v2\/posts"}],"about":[{"href":"https:\/\/www.em.com.br\/emfoco\/wp-json\/wp\/v2\/types\/post"}],"author":[{"embeddable":true,"href":"https:\/\/www.em.com.br\/emfoco\/wp-json\/wp\/v2\/users\/7"}],"replies":[{"embeddable":true,"href":"https:\/\/www.em.com.br\/emfoco\/wp-json\/wp\/v2\/comments?post=10759"}],"version-history":[{"count":2,"href":"https:\/\/www.em.com.br\/emfoco\/wp-json\/wp\/v2\/posts\/10759\/revisions"}],"predecessor-version":[{"id":10762,"href":"https:\/\/www.em.com.br\/emfoco\/wp-json\/wp\/v2\/posts\/10759\/revisions\/10762"}],"wp:attachment":[{"href":"https:\/\/www.em.com.br\/emfoco\/wp-json\/wp\/v2\/media?parent=10759"}],"wp:term":[{"taxonomy":"category","embeddable":true,"href":"https:\/\/www.em.com.br\/emfoco\/wp-json\/wp\/v2\/categories?post=10759"},{"taxonomy":"post_tag","embeddable":true,"href":"https:\/\/www.em.com.br\/emfoco\/wp-json\/wp\/v2\/tags?post=10759"}],"curies":[{"name":"wp","href":"https:\/\/api.w.org\/{rel}","templated":true}]}}