{"id":107552,"date":"2025-09-25T11:28:00","date_gmt":"2025-09-25T14:28:00","guid":{"rendered":"https:\/\/www.em.com.br\/emfoco\/?p=107552"},"modified":"2025-09-24T11:35:02","modified_gmt":"2025-09-24T14:35:02","slug":"a-duvida-no-transito-que-pode-te-custar-caro-no-sinal-amarelo","status":"publish","type":"post","link":"https:\/\/www.em.com.br\/emfoco\/2025\/09\/25\/a-duvida-no-transito-que-pode-te-custar-caro-no-sinal-amarelo\/","title":{"rendered":"A d\u00favida no tr\u00e2nsito que pode te custar caro no sinal amarelo"},"content":{"rendered":"\n<p>A passagem pelo&nbsp;<strong>sinal amarelo<\/strong>&nbsp;\u00e9 uma situa\u00e7\u00e3o comum para motoristas. Muitos se perguntam se devem frear bruscamente ou tentar passar antes que o sinal fique vermelho.&nbsp;<strong>Conhecer as regras<\/strong>&nbsp;do C\u00f3digo de Tr\u00e2nsito e as sutilezas em rela\u00e7\u00e3o a este sinal luminoso \u00e9 crucial.<\/p>\n\n\n\n<ul class=\"wp-block-list\">\n<li>Quais s\u00e3o as regras do C\u00f3digo de Tr\u00e2nsito para o sinal amarelo?<\/li>\n\n\n\n<li>As consequ\u00eancias do avan\u00e7o inadequado nos sem\u00e1foros.<\/li>\n\n\n\n<li>Participe do Quiz do Tr\u00e2nsito para testar seus conhecimentos.<\/li>\n<\/ul>\n\n\n\n<h2 class=\"wp-block-heading\">\u00c9 preciso sempre parar no sinal amarelo?<\/h2>\n\n\n\n<p>O\u00a0<a href=\"https:\/\/www.jusbrasil.com.br\/artigos\/avancar-sinal-amarelo-da-multa\/718273979\" target=\"_blank\" rel=\"noreferrer noopener\"><strong>C\u00f3digo de Tr\u00e2nsito<\/strong>\u00a0\u00e9 claro: n\u00e3o se deve avan\u00e7ar no sinal amarelo<\/a>, a menos que seja imposs\u00edvel parar com seguran\u00e7a. Acelerar para &#8220;passar bem no finalzinho&#8221; \u00e9 proibido.<\/p>\n\n\n\n<p>Em vias com limite de 50 km\/h, o sinal permanece amarelo por 3 segundos; 5 segundos quando o limite \u00e9 70 km\/h. Avan\u00e7ar no sinal amarelo quando seria poss\u00edvel parar pode resultar em multa.<\/p>\n\n\n\n<h2 class=\"wp-block-heading\">Quais s\u00e3o as penalidades pelo desrespeito aos sem\u00e1foros?<\/h2>\n\n\n\n<p>Avan\u00e7ar no&nbsp;<strong>sinal vermelho<\/strong>&nbsp;\u00e9 proibido, uma regra ensinada desde a inf\u00e2ncia. Ignorar este sinal leva a puni\u00e7\u00f5es: multa de 116 euros para quem avan\u00e7a no sinal amarelo sem necessidade, sendo ainda mais perigoso para motoristas jovens.<\/p>\n\n\n\n<p><strong>Aviso<\/strong>: desrespeitar os sinais pode causar acidentes, por isso existem fiscaliza\u00e7\u00f5es regulares nas vias p\u00fablicas.<\/p>\n\n\n\n<figure class=\"wp-block-image size-large\"><img loading=\"lazy\" decoding=\"async\" width=\"1024\" height=\"576\" src=\"https:\/\/www.em.com.br\/emfoco\/wp-content\/uploads\/2025\/09\/semaforo_1758727637510-1024x576.jpg\" alt=\"\" class=\"wp-image-107656\" srcset=\"https:\/\/www.em.com.br\/emfoco\/wp-content\/uploads\/2025\/09\/semaforo_1758727637510-1024x576.jpg 1024w, https:\/\/www.em.com.br\/emfoco\/wp-content\/uploads\/2025\/09\/semaforo_1758727637510-300x169.jpg 300w, https:\/\/www.em.com.br\/emfoco\/wp-content\/uploads\/2025\/09\/semaforo_1758727637510-768x432.jpg 768w, https:\/\/www.em.com.br\/emfoco\/wp-content\/uploads\/2025\/09\/semaforo_1758727637510-750x422.jpg 750w, https:\/\/www.em.com.br\/emfoco\/wp-content\/uploads\/2025\/09\/semaforo_1758727637510-1140x642.jpg 1140w, https:\/\/www.em.com.br\/emfoco\/wp-content\/uploads\/2025\/09\/semaforo_1758727637510.jpg 1279w\" sizes=\"auto, (max-width: 1024px) 100vw, 1024px\" \/><figcaption class=\"wp-element-caption\">Cuidados no sinal amarelo &#8211; Cr\u00e9ditos: depositphotos.com \/ fnalphotos<\/figcaption><\/figure>\n\n\n\n<h2 class=\"wp-block-heading\">O que fazer diante do sinal amarelo piscante?<\/h2>\n\n\n\n<p>Um&nbsp;<strong>sinal piscante<\/strong>&nbsp;em amarelo indica que \u00e9 permitido avan\u00e7ar, mas \u00e9 necess\u00e1rio respeitar as regras de prioridade comuns. Esse sinal \u00e9 utilizado em caso de falha ou manuten\u00e7\u00e3o dos sem\u00e1foros.<\/p>\n\n\n\n<h2 class=\"wp-block-heading\">Como respeitar a sinaliza\u00e7\u00e3o para evitar acidentes?<\/h2>\n\n\n\n<p>As regras dos sem\u00e1foros s\u00e3o essenciais para a seguran\u00e7a vi\u00e1ria. N\u00e3o entre em cruzamentos congestionados, mesmo que o sinal esteja verde, pois isso pode causar engarrafamentos e acidentes.<\/p>\n\n\n\n<p><strong>Vale mencionar<\/strong>: a\u00a0<strong>Pol\u00edcia<\/strong> realiza fiscaliza\u00e7\u00f5es regulares para garantir o respeito \u00e0s prioridades e evitar colis\u00f5es.<\/p>\n\n\n\n<h2 class=\"wp-block-heading\">Quais s\u00e3o os pontos-chave sobre a passagem no sinal amarelo?<\/h2>\n\n\n\n<ul class=\"wp-block-list\">\n<li>Respeitar os sem\u00e1foros \u00e9 fundamental para a seguran\u00e7a no tr\u00e2nsito.<\/li>\n\n\n\n<li>Avan\u00e7ar no sinal amarelo sem necessidade pode trazer s\u00e9rias puni\u00e7\u00f5es.<\/li>\n\n\n\n<li>Sinais piscantes exigem aten\u00e7\u00e3o extra, mas permitem a passagem.<\/li>\n<\/ul>\n\n\n\n<p><em>Veja tamb\u00e9m:<\/em> <a href=\"https:\/\/www.em.com.br\/emfoco\/2025\/07\/30\/motoristas-sao-pegos-de-surpresa-com-essas-regras-de-transito-que-gera-multa-e-afeta-o-bolso\/\" target=\"_blank\" rel=\"noreferrer noopener\">Motoristas s\u00e3o pegos de surpresa com essas regras de tr\u00e2nsito que gera multa e afeta o bolso<\/a><\/p>\n","protected":false},"excerpt":{"rendered":"<p>A passagem pelo&nbsp;sinal amarelo&nbsp;\u00e9 uma situa\u00e7\u00e3o comum para motoristas. Muitos se perguntam se devem frear bruscamente ou tentar passar antes que o sinal fique vermelho.&nbsp;Conhecer as regras&nbsp;do C\u00f3digo de Tr\u00e2nsito e as sutilezas em rela\u00e7\u00e3o a este sinal luminoso \u00e9 crucial. \u00c9 preciso sempre parar no sinal amarelo? O\u00a0C\u00f3digo de Tr\u00e2nsito\u00a0\u00e9 claro: n\u00e3o se deve [&hellip;]<\/p>\n","protected":false},"author":11,"featured_media":107659,"comment_status":"open","ping_status":"open","sticky":false,"template":"","format":"standard","meta":{"jnews-multi-image_gallery":[],"jnews_single_post":{"format":"standard"},"jnews_primary_category":[],"jnews_social_meta":[],"jnews_override_counter":[],"footnotes":""},"categories":[8819,1],"tags":[9599,9442,4690,765],"class_list":["post-107552","post","type-post","status-publish","format-standard","has-post-thumbnail","hentry","category-curiosidades","category-noticias","tag-infracao","tag-multa","tag-sinal","tag-transito"],"yoast_head":"<!-- This site is optimized with the Yoast SEO plugin v23.8 - https:\/\/yoast.com\/wordpress\/plugins\/seo\/ -->\n<title>A d\u00favida no tr\u00e2nsito que pode te custar caro no sinal amarelo - Estado de Minas - Em foco<\/title>\n<meta name=\"description\" content=\"O que fazer ao ver o sinal amarelo? Entenda as regras e as penalidades que voc\u00ea pode evitar no tr\u00e2nsito.\" \/>\n<meta name=\"robots\" content=\"index, follow, max-snippet:-1, max-image-preview:large, max-video-preview:-1\" \/>\n<link rel=\"canonical\" href=\"https:\/\/www.em.com.br\/emfoco\/2025\/09\/25\/a-duvida-no-transito-que-pode-te-custar-caro-no-sinal-amarelo\/\" \/>\n<meta property=\"og:locale\" content=\"pt_BR\" \/>\n<meta property=\"og:type\" content=\"article\" \/>\n<meta property=\"og:title\" content=\"A d\u00favida no tr\u00e2nsito que pode te custar caro no sinal amarelo - Estado de Minas - Em foco\" \/>\n<meta property=\"og:description\" content=\"O que fazer ao ver o sinal amarelo? Entenda as regras e as penalidades que voc\u00ea pode evitar no tr\u00e2nsito.\" \/>\n<meta property=\"og:url\" content=\"https:\/\/www.em.com.br\/emfoco\/2025\/09\/25\/a-duvida-no-transito-que-pode-te-custar-caro-no-sinal-amarelo\/\" \/>\n<meta property=\"og:site_name\" content=\"Estado de Minas - Em foco\" \/>\n<meta property=\"article:published_time\" content=\"2025-09-25T14:28:00+00:00\" \/>\n<meta property=\"article:modified_time\" content=\"2025-09-24T14:35:02+00:00\" \/>\n<meta property=\"og:image\" content=\"https:\/\/www.em.com.br\/emfoco\/wp-content\/uploads\/2025\/09\/semaforo_1758727699177.jpg\" \/>\n\t<meta property=\"og:image:width\" content=\"1278\" \/>\n\t<meta property=\"og:image:height\" content=\"720\" \/>\n\t<meta property=\"og:image:type\" content=\"image\/jpeg\" \/>\n<meta name=\"author\" content=\"Andre\u0301 Rangel\u00a0\" \/>\n<meta name=\"twitter:card\" content=\"summary_large_image\" \/>\n<meta name=\"twitter:label1\" content=\"Escrito por\" \/>\n\t<meta name=\"twitter:data1\" content=\"Andre\u0301 Rangel\u00a0\" \/>\n\t<meta name=\"twitter:label2\" content=\"Est. tempo de leitura\" \/>\n\t<meta name=\"twitter:data2\" content=\"3 minutos\" \/>\n<!-- \/ Yoast SEO plugin. -->","yoast_head_json":{"title":"A d\u00favida no tr\u00e2nsito que pode te custar caro no sinal amarelo - Estado de Minas - Em foco","description":"O que fazer ao ver o sinal amarelo? Entenda as regras e as penalidades que voc\u00ea pode evitar no tr\u00e2nsito.","robots":{"index":"index","follow":"follow","max-snippet":"max-snippet:-1","max-image-preview":"max-image-preview:large","max-video-preview":"max-video-preview:-1"},"canonical":"https:\/\/www.em.com.br\/emfoco\/2025\/09\/25\/a-duvida-no-transito-que-pode-te-custar-caro-no-sinal-amarelo\/","og_locale":"pt_BR","og_type":"article","og_title":"A d\u00favida no tr\u00e2nsito que pode te custar caro no sinal amarelo - Estado de Minas - Em foco","og_description":"O que fazer ao ver o sinal amarelo? Entenda as regras e as penalidades que voc\u00ea pode evitar no tr\u00e2nsito.","og_url":"https:\/\/www.em.com.br\/emfoco\/2025\/09\/25\/a-duvida-no-transito-que-pode-te-custar-caro-no-sinal-amarelo\/","og_site_name":"Estado de Minas - Em foco","article_published_time":"2025-09-25T14:28:00+00:00","article_modified_time":"2025-09-24T14:35:02+00:00","og_image":[{"width":1278,"height":720,"url":"https:\/\/www.em.com.br\/emfoco\/wp-content\/uploads\/2025\/09\/semaforo_1758727699177.jpg","type":"image\/jpeg"}],"author":"Andre\u0301 Rangel\u00a0","twitter_card":"summary_large_image","twitter_misc":{"Escrito por":"Andre\u0301 Rangel\u00a0","Est. tempo de leitura":"3 minutos"},"schema":{"@context":"https:\/\/schema.org","@graph":[{"@type":"WebPage","@id":"https:\/\/www.em.com.br\/emfoco\/2025\/09\/25\/a-duvida-no-transito-que-pode-te-custar-caro-no-sinal-amarelo\/","url":"https:\/\/www.em.com.br\/emfoco\/2025\/09\/25\/a-duvida-no-transito-que-pode-te-custar-caro-no-sinal-amarelo\/","name":"A d\u00favida no tr\u00e2nsito que pode te custar caro no sinal amarelo - Estado de Minas - Em foco","isPartOf":{"@id":"https:\/\/www.em.com.br\/emfoco\/#website"},"primaryImageOfPage":{"@id":"https:\/\/www.em.com.br\/emfoco\/2025\/09\/25\/a-duvida-no-transito-que-pode-te-custar-caro-no-sinal-amarelo\/#primaryimage"},"image":{"@id":"https:\/\/www.em.com.br\/emfoco\/2025\/09\/25\/a-duvida-no-transito-que-pode-te-custar-caro-no-sinal-amarelo\/#primaryimage"},"thumbnailUrl":"https:\/\/www.em.com.br\/emfoco\/wp-content\/uploads\/2025\/09\/semaforo_1758727699177.jpg","datePublished":"2025-09-25T14:28:00+00:00","dateModified":"2025-09-24T14:35:02+00:00","author":{"@id":"https:\/\/www.em.com.br\/emfoco\/#\/schema\/person\/60eda09c1fedf0d6891f4cef4b60b8b8"},"description":"O que fazer ao ver o sinal amarelo? Entenda as regras e as penalidades que voc\u00ea pode evitar no tr\u00e2nsito.","breadcrumb":{"@id":"https:\/\/www.em.com.br\/emfoco\/2025\/09\/25\/a-duvida-no-transito-que-pode-te-custar-caro-no-sinal-amarelo\/#breadcrumb"},"inLanguage":"pt-BR","potentialAction":[{"@type":"ReadAction","target":["https:\/\/www.em.com.br\/emfoco\/2025\/09\/25\/a-duvida-no-transito-que-pode-te-custar-caro-no-sinal-amarelo\/"]}]},{"@type":"ImageObject","inLanguage":"pt-BR","@id":"https:\/\/www.em.com.br\/emfoco\/2025\/09\/25\/a-duvida-no-transito-que-pode-te-custar-caro-no-sinal-amarelo\/#primaryimage","url":"https:\/\/www.em.com.br\/emfoco\/wp-content\/uploads\/2025\/09\/semaforo_1758727699177.jpg","contentUrl":"https:\/\/www.em.com.br\/emfoco\/wp-content\/uploads\/2025\/09\/semaforo_1758727699177.jpg","width":1278,"height":720,"caption":"Aten\u00e7\u00e3o no sinal amarelo -Cuidados no sinal amarelo - Cr\u00e9ditos: depositphotos.com \/ fnalphotos"},{"@type":"BreadcrumbList","@id":"https:\/\/www.em.com.br\/emfoco\/2025\/09\/25\/a-duvida-no-transito-que-pode-te-custar-caro-no-sinal-amarelo\/#breadcrumb","itemListElement":[{"@type":"ListItem","position":1,"name":"In\u00edcio","item":"https:\/\/www.em.com.br\/emfoco\/"},{"@type":"ListItem","position":2,"name":"A d\u00favida no tr\u00e2nsito que pode te custar caro no sinal amarelo"}]},{"@type":"WebSite","@id":"https:\/\/www.em.com.br\/emfoco\/#website","url":"https:\/\/www.em.com.br\/emfoco\/","name":"Estado de Minas - Em foco","description":"Acompanhe as \u00faltimas not\u00edcias e fique bem informado sobre tudo o que acontece em Minas Gerais, Brasil e no mundo.","potentialAction":[{"@type":"SearchAction","target":{"@type":"EntryPoint","urlTemplate":"https:\/\/www.em.com.br\/emfoco\/?s={search_term_string}"},"query-input":{"@type":"PropertyValueSpecification","valueRequired":true,"valueName":"search_term_string"}}],"inLanguage":"pt-BR"},{"@type":"Person","@id":"https:\/\/www.em.com.br\/emfoco\/#\/schema\/person\/60eda09c1fedf0d6891f4cef4b60b8b8","name":"Andre\u0301 Rangel\u00a0","image":{"@type":"ImageObject","inLanguage":"pt-BR","@id":"https:\/\/www.em.com.br\/emfoco\/#\/schema\/person\/image\/","url":"https:\/\/secure.gravatar.com\/avatar\/6234dc814c77c8ef6d8bba622c787efc?s=96&d=mm&r=g","contentUrl":"https:\/\/secure.gravatar.com\/avatar\/6234dc814c77c8ef6d8bba622c787efc?s=96&d=mm&r=g","caption":"Andre\u0301 Rangel\u00a0"},"url":"https:\/\/www.em.com.br\/emfoco\/author\/luizmyth\/"}]}},"_links":{"self":[{"href":"https:\/\/www.em.com.br\/emfoco\/wp-json\/wp\/v2\/posts\/107552","targetHints":{"allow":["GET"]}}],"collection":[{"href":"https:\/\/www.em.com.br\/emfoco\/wp-json\/wp\/v2\/posts"}],"about":[{"href":"https:\/\/www.em.com.br\/emfoco\/wp-json\/wp\/v2\/types\/post"}],"author":[{"embeddable":true,"href":"https:\/\/www.em.com.br\/emfoco\/wp-json\/wp\/v2\/users\/11"}],"replies":[{"embeddable":true,"href":"https:\/\/www.em.com.br\/emfoco\/wp-json\/wp\/v2\/comments?post=107552"}],"version-history":[{"count":4,"href":"https:\/\/www.em.com.br\/emfoco\/wp-json\/wp\/v2\/posts\/107552\/revisions"}],"predecessor-version":[{"id":107660,"href":"https:\/\/www.em.com.br\/emfoco\/wp-json\/wp\/v2\/posts\/107552\/revisions\/107660"}],"wp:featuredmedia":[{"embeddable":true,"href":"https:\/\/www.em.com.br\/emfoco\/wp-json\/wp\/v2\/media\/107659"}],"wp:attachment":[{"href":"https:\/\/www.em.com.br\/emfoco\/wp-json\/wp\/v2\/media?parent=107552"}],"wp:term":[{"taxonomy":"category","embeddable":true,"href":"https:\/\/www.em.com.br\/emfoco\/wp-json\/wp\/v2\/categories?post=107552"},{"taxonomy":"post_tag","embeddable":true,"href":"https:\/\/www.em.com.br\/emfoco\/wp-json\/wp\/v2\/tags?post=107552"}],"curies":[{"name":"wp","href":"https:\/\/api.w.org\/{rel}","templated":true}]}}