{"id":107494,"date":"2025-09-25T11:38:15","date_gmt":"2025-09-25T14:38:15","guid":{"rendered":"https:\/\/www.em.com.br\/emfoco\/?p=107494"},"modified":"2025-09-24T07:30:10","modified_gmt":"2025-09-24T10:30:10","slug":"as-plantas-que-sobrevivem-mesmo-com-pouca-luz-em-casa","status":"publish","type":"post","link":"https:\/\/www.em.com.br\/emfoco\/2025\/09\/25\/as-plantas-que-sobrevivem-mesmo-com-pouca-luz-em-casa\/","title":{"rendered":"As plantas que sobrevivem mesmo com pouca luz em casa"},"content":{"rendered":"\n<p>As plantas de interior que sobreviverem com pouca luz s\u00e3o \u00f3timas para quem vive em ambientes urbanos ou com espa\u00e7o limitado para cultivo. Com o aumento da vida em <strong>apartamentos<\/strong> e a busca por ambientes mais verdes, essas plantas t\u00eam se tornado populares por sua facilidade de cultivo e manuten\u00e7\u00e3o simples. Elas n\u00e3o s\u00f3 embelezam os espa\u00e7os como tamb\u00e9m contribuem para a melhoria da qualidade do ar.<\/p>\n\n\n\n<p><strong>Escolher a planta certa \u00e9 crucial para quem disp\u00f5e de pouca luz natural em casa<\/strong>. Embora todas as plantas necessitem de alguma luz para realizar a fotoss\u00edntese, algumas esp\u00e9cies adaptaram-se a n\u00edveis baixos de luminosidade. Estas plantas costumam ser origin\u00e1rias de florestas tropicais, onde a luz solar direta \u00e9 bloqueada pelas copas das \u00e1rvores.<\/p>\n\n\n\n<h2 class=\"wp-block-heading\">Como escolher plantas adequadas para ambientes com pouca luz?<\/h2>\n\n\n\n<p>A escolha das plantas certas envolve pesquisar sobre aquelas que possuem toler\u00e2ncia a ambientes pouco iluminados. Esp\u00e9cies como o <strong>Zamioculca<\/strong>, <strong>Filodendro<\/strong>, <strong>L\u00edrios-da-paz<\/strong> e <strong>Sansevieria<\/strong> s\u00e3o exemplos de plantas que prosperam em condi\u00e7\u00f5es de luz baixa. Al\u00e9m disso, essas plantas costumam ser resistentes e requerem menos regas do que outras plantas de interior, tornando-as ideais para quem tem uma rotina ocupada.<\/p>\n\n\n\n<p>Outra dica importante \u00e9 considerar o espa\u00e7o dispon\u00edvel e o tipo de manuten\u00e7\u00e3o que cada esp\u00e9cie exige. Algumas plantas, por exemplo, precisam de poda regular ou cuidados especiais com pragas, o que deve ser levado em conta ao fazer a escolha.<\/p>\n\n\n<div class=\"wp-block-image\">\n<figure class=\"aligncenter size-large\"><img loading=\"lazy\" decoding=\"async\" width=\"1024\" height=\"576\" src=\"https:\/\/www.em.com.br\/emfoco\/wp-content\/uploads\/2025\/05\/lirio-da-paz_1746193735287-1024x576.jpg\" alt=\"\" class=\"wp-image-43769\" srcset=\"https:\/\/www.em.com.br\/emfoco\/wp-content\/uploads\/2025\/05\/lirio-da-paz_1746193735287-1024x576.jpg 1024w, https:\/\/www.em.com.br\/emfoco\/wp-content\/uploads\/2025\/05\/lirio-da-paz_1746193735287-300x169.jpg 300w, https:\/\/www.em.com.br\/emfoco\/wp-content\/uploads\/2025\/05\/lirio-da-paz_1746193735287-768x432.jpg 768w, https:\/\/www.em.com.br\/emfoco\/wp-content\/uploads\/2025\/05\/lirio-da-paz_1746193735287-750x422.jpg 750w, https:\/\/www.em.com.br\/emfoco\/wp-content\/uploads\/2025\/05\/lirio-da-paz_1746193735287-1140x641.jpg 1140w, https:\/\/www.em.com.br\/emfoco\/wp-content\/uploads\/2025\/05\/lirio-da-paz_1746193735287.jpg 1280w\" sizes=\"auto, (max-width: 1024px) 100vw, 1024px\" \/><figcaption class=\"wp-element-caption\">Famoso por sua capacidade de remover poluentes como am\u00f4nia &#8211; Cr\u00e9ditos: depositphotos.com \/ Bignai<\/figcaption><\/figure><\/div>\n\n\n<h2 class=\"wp-block-heading\">Quais cuidados espec\u00edficos s\u00e3o necess\u00e1rios para essas plantas?<\/h2>\n\n\n\n<p>Cuidar de plantas em <a href=\"https:\/\/www.em.com.br\/emfoco\/2025\/09\/21\/plantas-que-melhoram-o-ar-e-dao-charme-aos-ambientes\/\" target=\"_blank\" rel=\"noopener\">ambientes<\/a> com pouca luz requer aten\u00e7\u00e3o a alguns cuidados b\u00e1sicos. Primeiramente, \u00e9 importante evitar regar em excesso. Frequ\u00eancia demasiada de rega pode levar ao <strong>apodrecimento das ra\u00edzes<\/strong> e eventual morte da planta. Recomenda-se utilizar o m\u00e9todo do dedo: inserir o dedo cerca de dois cent\u00edmetros no <a href=\"https:\/\/rehagro.com.br\/blog\/materia-organica-no-solo\/\" target=\"_blank\" rel=\"noopener\">solo<\/a> para sentir se ele est\u00e1 seco antes de regar novamente.<\/p>\n\n\n\n<ul class=\"wp-block-list\">\n<li>Mantenha a folhagem limpa, removendo o p\u00f3 que se acumula nas folhas.<\/li>\n\n\n\n<li>Evite mudar a planta de lugar com frequ\u00eancia, pois isso pode estress\u00e1-la.<\/li>\n\n\n\n<li>Use fertilizantes apropriados esporadicamente, seguindo as instru\u00e7\u00f5es espec\u00edficas para cada tipo de planta.<\/li>\n<\/ul>\n\n\n\n<h2 class=\"wp-block-heading\">Que estrat\u00e9gias ajudam a melhorar a ilumina\u00e7\u00e3o nas plantas de interiores?<\/h2>\n\n\n\n<p>Embora algumas plantas tolerem pouca luz, elas ainda precisam de ilumina\u00e7\u00e3o m\u00ednima para florescerem. Uma estrat\u00e9gia eficaz \u00e9 a utiliza\u00e7\u00e3o de l\u00e2mpadas de cultivo ou luzes LED espec\u00edficas para plantas. Essas luzes simulam a luz solar e podem ser utilizadas para garantir que suas plantas recebam a quantidade de luz necess\u00e1ria para crescerem saud\u00e1veis.<\/p>\n\n\n\n<p>Posicionar as plantas perto de janelas, mesmo com luz indireta, tamb\u00e9m ajuda. Janelas voltadas para o norte, como em cidades na regi\u00e3o Sudeste do <strong>Brasil<\/strong> ou em grandes metr\u00f3poles como <strong>S\u00e3o Paulo<\/strong> e <strong>Rio de Janeiro<\/strong>, tendem a oferecer luz suave, o que pode ser suficiente quando combinado com as luzes artificiais.<\/p>\n\n\n\n<h2 class=\"wp-block-heading\">Por que investir em plantas que toleram baixa luminosidade?<\/h2>\n\n\n\n<p>Adotar plantas que prosperam<strong> com pouca luz \u00e9 uma solu\u00e7\u00e3o pr\u00e1tica para transformar espa\u00e7os escuros em ambientes mais vivos e acolhedores<\/strong>. Al\u00e9m dos efeitos est\u00e9ticos, essas plantas podem contribuir para a sa\u00fade e o bem-estar, purificando o ar e aumentando a umidade relativa nos c\u00f4modos.<\/p>\n\n\n\n<p>Ter plantas de interior que se adaptam a condi\u00e7\u00f5es de luz variada permite que qualquer pessoa, independentemente das condi\u00e7\u00f5es de suas casas, desfrute dos benef\u00edcios de ter um jardim interno. Plantas s\u00e3o mais do que decora\u00e7\u00e3o; elas s\u00e3o uma ponte para a natureza em espa\u00e7os fechados. Investir nesse tipo de cultivo urbano tamb\u00e9m acompanha tend\u00eancias atuais observadas em grandes capitais como S\u00e3o Paulo, onde a busca por conectar-se com a natureza dentro dos <strong>apartamentos<\/strong> \u00e9 cada vez maior.<\/p>\n","protected":false},"excerpt":{"rendered":"<p>As plantas de interior que sobreviverem com pouca luz s\u00e3o \u00f3timas para quem vive em ambientes urbanos ou com espa\u00e7o limitado para cultivo. Com o aumento da vida em apartamentos e a busca por ambientes mais verdes, essas plantas t\u00eam se tornado populares por sua facilidade de cultivo e manuten\u00e7\u00e3o simples. Elas n\u00e3o s\u00f3 embelezam [&hellip;]<\/p>\n","protected":false},"author":9,"featured_media":54718,"comment_status":"open","ping_status":"open","sticky":false,"template":"","format":"standard","meta":{"jnews-multi-image_gallery":[],"jnews_single_post":{"format":"standard"},"jnews_primary_category":[],"jnews_social_meta":[],"jnews_override_counter":[],"footnotes":""},"categories":[8819,1],"tags":[2911,1706,3324],"class_list":["post-107494","post","type-post","status-publish","format-standard","has-post-thumbnail","hentry","category-curiosidades","category-noticias","tag-casa","tag-espaco","tag-plantas"],"yoast_head":"<!-- This site is optimized with the Yoast SEO plugin v23.8 - https:\/\/yoast.com\/wordpress\/plugins\/seo\/ -->\n<title>As plantas que sobrevivem mesmo com pouca luz em casa<\/title>\n<meta name=\"description\" content=\"As plantas de interior que crescem com pouca luz e transformam seu apartamento em um espa\u00e7o verde, bonito e saud\u00e1vel.\" \/>\n<meta name=\"robots\" content=\"index, follow, max-snippet:-1, max-image-preview:large, max-video-preview:-1\" \/>\n<link rel=\"canonical\" href=\"https:\/\/www.em.com.br\/emfoco\/2025\/09\/25\/as-plantas-que-sobrevivem-mesmo-com-pouca-luz-em-casa\/\" \/>\n<meta property=\"og:locale\" content=\"pt_BR\" \/>\n<meta property=\"og:type\" content=\"article\" \/>\n<meta property=\"og:title\" content=\"As plantas que sobrevivem mesmo com pouca luz em casa\" \/>\n<meta property=\"og:description\" content=\"As plantas de interior que crescem com pouca luz e transformam seu apartamento em um espa\u00e7o verde, bonito e saud\u00e1vel.\" \/>\n<meta property=\"og:url\" content=\"https:\/\/www.em.com.br\/emfoco\/2025\/09\/25\/as-plantas-que-sobrevivem-mesmo-com-pouca-luz-em-casa\/\" \/>\n<meta property=\"og:site_name\" content=\"Estado de Minas - Em foco\" \/>\n<meta property=\"article:published_time\" content=\"2025-09-25T14:38:15+00:00\" \/>\n<meta property=\"article:modified_time\" content=\"2025-09-24T10:30:10+00:00\" \/>\n<meta property=\"og:image\" content=\"https:\/\/www.em.com.br\/emfoco\/wp-content\/uploads\/2025\/06\/zamioculca_1748959948714.jpg\" \/>\n\t<meta property=\"og:image:width\" content=\"1280\" \/>\n\t<meta property=\"og:image:height\" content=\"720\" \/>\n\t<meta property=\"og:image:type\" content=\"image\/jpeg\" \/>\n<meta name=\"author\" content=\"Daniely Cardoso\" \/>\n<meta name=\"twitter:card\" content=\"summary_large_image\" \/>\n<meta name=\"twitter:label1\" content=\"Escrito por\" \/>\n\t<meta name=\"twitter:data1\" content=\"Daniely Cardoso\" \/>\n\t<meta name=\"twitter:label2\" content=\"Est. tempo de leitura\" \/>\n\t<meta name=\"twitter:data2\" content=\"4 minutos\" \/>\n<!-- \/ Yoast SEO plugin. -->","yoast_head_json":{"title":"As plantas que sobrevivem mesmo com pouca luz em casa","description":"As plantas de interior que crescem com pouca luz e transformam seu apartamento em um espa\u00e7o verde, bonito e saud\u00e1vel.","robots":{"index":"index","follow":"follow","max-snippet":"max-snippet:-1","max-image-preview":"max-image-preview:large","max-video-preview":"max-video-preview:-1"},"canonical":"https:\/\/www.em.com.br\/emfoco\/2025\/09\/25\/as-plantas-que-sobrevivem-mesmo-com-pouca-luz-em-casa\/","og_locale":"pt_BR","og_type":"article","og_title":"As plantas que sobrevivem mesmo com pouca luz em casa","og_description":"As plantas de interior que crescem com pouca luz e transformam seu apartamento em um espa\u00e7o verde, bonito e saud\u00e1vel.","og_url":"https:\/\/www.em.com.br\/emfoco\/2025\/09\/25\/as-plantas-que-sobrevivem-mesmo-com-pouca-luz-em-casa\/","og_site_name":"Estado de Minas - Em foco","article_published_time":"2025-09-25T14:38:15+00:00","article_modified_time":"2025-09-24T10:30:10+00:00","og_image":[{"width":1280,"height":720,"url":"https:\/\/www.em.com.br\/emfoco\/wp-content\/uploads\/2025\/06\/zamioculca_1748959948714.jpg","type":"image\/jpeg"}],"author":"Daniely Cardoso","twitter_card":"summary_large_image","twitter_misc":{"Escrito por":"Daniely Cardoso","Est. tempo de leitura":"4 minutos"},"schema":{"@context":"https:\/\/schema.org","@graph":[{"@type":"WebPage","@id":"https:\/\/www.em.com.br\/emfoco\/2025\/09\/25\/as-plantas-que-sobrevivem-mesmo-com-pouca-luz-em-casa\/","url":"https:\/\/www.em.com.br\/emfoco\/2025\/09\/25\/as-plantas-que-sobrevivem-mesmo-com-pouca-luz-em-casa\/","name":"As plantas que sobrevivem mesmo com pouca luz em casa","isPartOf":{"@id":"https:\/\/www.em.com.br\/emfoco\/#website"},"primaryImageOfPage":{"@id":"https:\/\/www.em.com.br\/emfoco\/2025\/09\/25\/as-plantas-que-sobrevivem-mesmo-com-pouca-luz-em-casa\/#primaryimage"},"image":{"@id":"https:\/\/www.em.com.br\/emfoco\/2025\/09\/25\/as-plantas-que-sobrevivem-mesmo-com-pouca-luz-em-casa\/#primaryimage"},"thumbnailUrl":"https:\/\/www.em.com.br\/emfoco\/wp-content\/uploads\/2025\/06\/zamioculca_1748959948714.jpg","datePublished":"2025-09-25T14:38:15+00:00","dateModified":"2025-09-24T10:30:10+00:00","author":{"@id":"https:\/\/www.em.com.br\/emfoco\/#\/schema\/person\/0a8186d72f2c3a5c6276d90b41f271a0"},"description":"As plantas de interior que crescem com pouca luz e transformam seu apartamento em um espa\u00e7o verde, bonito e saud\u00e1vel.","breadcrumb":{"@id":"https:\/\/www.em.com.br\/emfoco\/2025\/09\/25\/as-plantas-que-sobrevivem-mesmo-com-pouca-luz-em-casa\/#breadcrumb"},"inLanguage":"pt-BR","potentialAction":[{"@type":"ReadAction","target":["https:\/\/www.em.com.br\/emfoco\/2025\/09\/25\/as-plantas-que-sobrevivem-mesmo-com-pouca-luz-em-casa\/"]}]},{"@type":"ImageObject","inLanguage":"pt-BR","@id":"https:\/\/www.em.com.br\/emfoco\/2025\/09\/25\/as-plantas-que-sobrevivem-mesmo-com-pouca-luz-em-casa\/#primaryimage","url":"https:\/\/www.em.com.br\/emfoco\/wp-content\/uploads\/2025\/06\/zamioculca_1748959948714.jpg","contentUrl":"https:\/\/www.em.com.br\/emfoco\/wp-content\/uploads\/2025\/06\/zamioculca_1748959948714.jpg","width":1280,"height":720,"caption":"Zamioculca - Cr\u00e9ditos: depositphotos.com \/ nantichak56@nu.ac.th"},{"@type":"BreadcrumbList","@id":"https:\/\/www.em.com.br\/emfoco\/2025\/09\/25\/as-plantas-que-sobrevivem-mesmo-com-pouca-luz-em-casa\/#breadcrumb","itemListElement":[{"@type":"ListItem","position":1,"name":"In\u00edcio","item":"https:\/\/www.em.com.br\/emfoco\/"},{"@type":"ListItem","position":2,"name":"As plantas que sobrevivem mesmo com pouca luz em casa"}]},{"@type":"WebSite","@id":"https:\/\/www.em.com.br\/emfoco\/#website","url":"https:\/\/www.em.com.br\/emfoco\/","name":"Estado de Minas - Em foco","description":"Acompanhe as \u00faltimas not\u00edcias e fique bem informado sobre tudo o que acontece em Minas Gerais, Brasil e no mundo.","potentialAction":[{"@type":"SearchAction","target":{"@type":"EntryPoint","urlTemplate":"https:\/\/www.em.com.br\/emfoco\/?s={search_term_string}"},"query-input":{"@type":"PropertyValueSpecification","valueRequired":true,"valueName":"search_term_string"}}],"inLanguage":"pt-BR"},{"@type":"Person","@id":"https:\/\/www.em.com.br\/emfoco\/#\/schema\/person\/0a8186d72f2c3a5c6276d90b41f271a0","name":"Daniely Cardoso","image":{"@type":"ImageObject","inLanguage":"pt-BR","@id":"https:\/\/www.em.com.br\/emfoco\/#\/schema\/person\/image\/","url":"https:\/\/secure.gravatar.com\/avatar\/4b80ddbd124d1f071b626d52d62e5dff?s=96&d=mm&r=g","contentUrl":"https:\/\/secure.gravatar.com\/avatar\/4b80ddbd124d1f071b626d52d62e5dff?s=96&d=mm&r=g","caption":"Daniely Cardoso"},"url":"https:\/\/www.em.com.br\/emfoco\/author\/danielymyth\/"}]}},"_links":{"self":[{"href":"https:\/\/www.em.com.br\/emfoco\/wp-json\/wp\/v2\/posts\/107494","targetHints":{"allow":["GET"]}}],"collection":[{"href":"https:\/\/www.em.com.br\/emfoco\/wp-json\/wp\/v2\/posts"}],"about":[{"href":"https:\/\/www.em.com.br\/emfoco\/wp-json\/wp\/v2\/types\/post"}],"author":[{"embeddable":true,"href":"https:\/\/www.em.com.br\/emfoco\/wp-json\/wp\/v2\/users\/9"}],"replies":[{"embeddable":true,"href":"https:\/\/www.em.com.br\/emfoco\/wp-json\/wp\/v2\/comments?post=107494"}],"version-history":[{"count":2,"href":"https:\/\/www.em.com.br\/emfoco\/wp-json\/wp\/v2\/posts\/107494\/revisions"}],"predecessor-version":[{"id":107511,"href":"https:\/\/www.em.com.br\/emfoco\/wp-json\/wp\/v2\/posts\/107494\/revisions\/107511"}],"wp:featuredmedia":[{"embeddable":true,"href":"https:\/\/www.em.com.br\/emfoco\/wp-json\/wp\/v2\/media\/54718"}],"wp:attachment":[{"href":"https:\/\/www.em.com.br\/emfoco\/wp-json\/wp\/v2\/media?parent=107494"}],"wp:term":[{"taxonomy":"category","embeddable":true,"href":"https:\/\/www.em.com.br\/emfoco\/wp-json\/wp\/v2\/categories?post=107494"},{"taxonomy":"post_tag","embeddable":true,"href":"https:\/\/www.em.com.br\/emfoco\/wp-json\/wp\/v2\/tags?post=107494"}],"curies":[{"name":"wp","href":"https:\/\/api.w.org\/{rel}","templated":true}]}}