{"id":107345,"date":"2025-09-25T18:08:00","date_gmt":"2025-09-25T21:08:00","guid":{"rendered":"https:\/\/www.em.com.br\/emfoco\/?p=107345"},"modified":"2025-09-23T14:05:00","modified_gmt":"2025-09-23T17:05:00","slug":"praticas-orientais-que-estao-transformando-a-vida-de-idosos-no-brasil","status":"publish","type":"post","link":"https:\/\/www.em.com.br\/emfoco\/2025\/09\/25\/praticas-orientais-que-estao-transformando-a-vida-de-idosos-no-brasil\/","title":{"rendered":"Pr\u00e1ticas orientais que est\u00e3o transformando a vida de idosos no Brasil"},"content":{"rendered":"\n<p>Praticar <strong>Tai Chi<\/strong> e <strong>Yoga <\/strong>pode transformar a vida de quem j\u00e1 passou dos 60 anos, promovendo mobilidade, equil\u00edbrio f\u00edsico e mental e prevenindo quedas comuns nessa fase da vida.<\/p>\n\n\n\n<ul class=\"wp-block-list\">\n<li>Exerc\u00edcios suaves e acess\u00edveis para todas as idades<\/li>\n\n\n\n<li>Fortalecimento muscular e melhora da mobilidade<\/li>\n\n\n\n<li>Equil\u00edbrio mental e f\u00edsico para mais qualidade de vida<\/li>\n<\/ul>\n\n\n\n<h2 class=\"wp-block-heading\">Como Tai Chi e Yoga contribuem para o equil\u00edbrio f\u00edsico?<\/h2>\n\n\n\n<p>A pr\u00e1tica dessas modalidades <a href=\"https:\/\/leandrocalil.com.br\/3-tipos-de-exercicios-para-fortalecer-articulacoes\/\" target=\"_blank\" rel=\"noreferrer noopener\">fortalece m\u00fasculos e articula\u00e7\u00f5es<\/a> de forma gradual, melhorando a estabilidade corporal. <strong>O resultado \u00e9 maior seguran\u00e7a nos movimentos<\/strong>, especialmente ao caminhar e ao realizar atividades di\u00e1rias.<\/p>\n\n\n\n<p>O treino constante tamb\u00e9m estimula a consci\u00eancia corporal e o alinhamento postural, prevenindo quedas e favorecendo uma vida ativa. O corpo se adapta aos est\u00edmulos suaves e ganha mais confian\u00e7a nos movimentos cotidianos.<\/p>\n\n\n\n<figure class=\"wp-block-image size-large\"><img loading=\"lazy\" decoding=\"async\" width=\"1024\" height=\"576\" src=\"https:\/\/www.em.com.br\/emfoco\/wp-content\/uploads\/2025\/09\/Tai-chi_1758646849113-1024x576.jpg\" alt=\"Pr\u00e1ticas orientais que est\u00e3o transformando a vida de idosos no Brasil\" class=\"wp-image-107369\" srcset=\"https:\/\/www.em.com.br\/emfoco\/wp-content\/uploads\/2025\/09\/Tai-chi_1758646849113-1024x576.jpg 1024w, https:\/\/www.em.com.br\/emfoco\/wp-content\/uploads\/2025\/09\/Tai-chi_1758646849113-300x169.jpg 300w, https:\/\/www.em.com.br\/emfoco\/wp-content\/uploads\/2025\/09\/Tai-chi_1758646849113-768x432.jpg 768w, https:\/\/www.em.com.br\/emfoco\/wp-content\/uploads\/2025\/09\/Tai-chi_1758646849113-750x422.jpg 750w, https:\/\/www.em.com.br\/emfoco\/wp-content\/uploads\/2025\/09\/Tai-chi_1758646849113-1140x641.jpg 1140w, https:\/\/www.em.com.br\/emfoco\/wp-content\/uploads\/2025\/09\/Tai-chi_1758646849113.jpg 1280w\" sizes=\"auto, (max-width: 1024px) 100vw, 1024px\" \/><figcaption class=\"wp-element-caption\">Exerc\u00edcios suaves e acess\u00edveis para todas as idades &#8211; Cr\u00e9ditos: depositphotos.com \/ Photodjo<\/figcaption><\/figure>\n\n\n\n<h2 class=\"wp-block-heading\">Quais benef\u00edcios respirat\u00f3rios e mentais essas pr\u00e1ticas oferecem?<\/h2>\n\n\n\n<p>O foco na respira\u00e7\u00e3o e na concentra\u00e7\u00e3o gera efeitos que v\u00e3o al\u00e9m do corpo.<\/p>\n\n\n\n<ul class=\"wp-block-list\">\n<li><strong>Redu\u00e7\u00e3o do estresse<\/strong>: melhora do humor e da tranquilidade<\/li>\n\n\n\n<li><strong>Maior foco<\/strong>: exerc\u00edcios que treinam aten\u00e7\u00e3o plena<\/li>\n\n\n\n<li><strong>Respira\u00e7\u00e3o eficiente<\/strong>: melhora a oxigena\u00e7\u00e3o e vitalidade<\/li>\n<\/ul>\n\n\n\n<p><em>Leia mais: <a href=\"https:\/\/www.em.com.br\/emfoco\/2025\/09\/16\/dez-alimentos-essenciais-para-fortalecer-a-memoria-segundo-especialistas\/\" target=\"_blank\" rel=\"noreferrer noopener\">Dez alimentos essenciais para fortalecer a mem\u00f3ria, segundo especialistas<\/a><\/em><\/p>\n\n\n\n<h2 class=\"wp-block-heading\">De que forma essas atividades reduzem o risco de quedas?<\/h2>\n\n\n\n<p>Idosos s\u00e3o mais vulner\u00e1veis a desequil\u00edbrios, mas as pr\u00e1ticas estimulam reflexos r\u00e1pidos e melhor coordena\u00e7\u00e3o motora. <strong>Isso reduz significativamente o risco de quedas<\/strong>, que s\u00e3o comuns ap\u00f3s os 60 anos.<\/p>\n\n\n\n<p>Al\u00e9m da preven\u00e7\u00e3o, h\u00e1 tamb\u00e9m melhora no tempo de rea\u00e7\u00e3o em situa\u00e7\u00f5es de instabilidade. O corpo responde de maneira mais eficiente, protegendo contra acidentes dom\u00e9sticos e externos.<\/p>\n\n\n\n<figure class=\"wp-block-image size-large\"><img loading=\"lazy\" decoding=\"async\" width=\"1024\" height=\"576\" src=\"https:\/\/www.em.com.br\/emfoco\/wp-content\/uploads\/2025\/08\/Yoga_1756216555795-1024x576.jpg\" alt=\"Exerc\u00edcio que equilibra corpo e mente de forma natural\" class=\"wp-image-96591\" srcset=\"https:\/\/www.em.com.br\/emfoco\/wp-content\/uploads\/2025\/08\/Yoga_1756216555795-1024x576.jpg 1024w, https:\/\/www.em.com.br\/emfoco\/wp-content\/uploads\/2025\/08\/Yoga_1756216555795-300x169.jpg 300w, https:\/\/www.em.com.br\/emfoco\/wp-content\/uploads\/2025\/08\/Yoga_1756216555795-768x432.jpg 768w, https:\/\/www.em.com.br\/emfoco\/wp-content\/uploads\/2025\/08\/Yoga_1756216555795-750x422.jpg 750w, https:\/\/www.em.com.br\/emfoco\/wp-content\/uploads\/2025\/08\/Yoga_1756216555795-1140x641.jpg 1140w, https:\/\/www.em.com.br\/emfoco\/wp-content\/uploads\/2025\/08\/Yoga_1756216555795.jpg 1280w\" sizes=\"auto, (max-width: 1024px) 100vw, 1024px\" \/><figcaption class=\"wp-element-caption\">Equil\u00edbrio mental e f\u00edsico para mais qualidade de vida &#8211; Cr\u00e9ditos: depositphotos.com \/ OlgaZakrevskaya<\/figcaption><\/figure>\n\n\n\n<h2 class=\"wp-block-heading\">Quais adapta\u00e7\u00f5es tornam essas pr\u00e1ticas seguras para idosos?<\/h2>\n\n\n\n<p>Instrutores recomendam movimentos lentos, apoio em superf\u00edcies firmes e uso de acess\u00f3rios como cadeiras ou blocos de apoio. Essas adapta\u00e7\u00f5es tornam a experi\u00eancia inclusiva e confort\u00e1vel, permitindo evolu\u00e7\u00e3o gradual.<\/p>\n\n\n\n<p><strong>A individualiza\u00e7\u00e3o da pr\u00e1tica \u00e9 essencial<\/strong>, j\u00e1 que cada idoso apresenta limita\u00e7\u00f5es e necessidades diferentes. Dessa forma, evita-se esfor\u00e7o excessivo e garante-se progresso consistente e seguro.<\/p>\n\n\n\n<h2 class=\"wp-block-heading\">Quais dicas pr\u00e1ticas ajudam a incluir Tai Chi e Yoga no dia a dia?<\/h2>\n\n\n\n<p>Com disciplina e pequenas mudan\u00e7as de rotina, essas atividades podem ser facilmente incorporadas na terceira idade.<\/p>\n\n\n\n<ul class=\"wp-block-list\">\n<li><strong>Comece devagar<\/strong>: 10 a 15 minutos j\u00e1 trazem benef\u00edcios<\/li>\n\n\n\n<li>Prefira locais calmos: favorece a concentra\u00e7\u00e3o e seguran\u00e7a<\/li>\n\n\n\n<li>Combine pr\u00e1ticas: alternar Tai Chi e Yoga amplia os ganhos<\/li>\n<\/ul>\n","protected":false},"excerpt":{"rendered":"<p>Praticar Tai Chi e Yoga pode transformar a vida de quem j\u00e1 passou dos 60 anos, promovendo mobilidade, equil\u00edbrio f\u00edsico e mental e prevenindo quedas comuns nessa fase da vida. Como Tai Chi e Yoga contribuem para o equil\u00edbrio f\u00edsico? A pr\u00e1tica dessas modalidades fortalece m\u00fasculos e articula\u00e7\u00f5es de forma gradual, melhorando a estabilidade corporal. [&hellip;]<\/p>\n","protected":false},"author":13,"featured_media":107368,"comment_status":"open","ping_status":"open","sticky":false,"template":"","format":"standard","meta":{"jnews-multi-image_gallery":[],"jnews_single_post":{"format":"standard"},"jnews_primary_category":[],"jnews_social_meta":[],"jnews_override_counter":[],"footnotes":""},"categories":[9053],"tags":[11039,410,10893,9207],"class_list":["post-107345","post","type-post","status-publish","format-standard","has-post-thumbnail","hentry","category-saude","tag-equilibrio-mental","tag-saude-mental","tag-tai-chi","tag-yoga"],"yoast_head":"<!-- This site is optimized with the Yoast SEO plugin v23.8 - https:\/\/yoast.com\/wordpress\/plugins\/seo\/ -->\n<title>Pr\u00e1ticas orientais que est\u00e3o transformando a vida de idosos no Brasil - Estado de Minas - Em foco<\/title>\n<meta name=\"description\" content=\"Idosos ganham mais equil\u00edbrio f\u00edsico e mental com atividades simples que trazem for\u00e7a muscular e tranquilidade emocional.\" \/>\n<meta name=\"robots\" content=\"index, follow, max-snippet:-1, max-image-preview:large, max-video-preview:-1\" \/>\n<link rel=\"canonical\" href=\"https:\/\/www.em.com.br\/emfoco\/2025\/09\/25\/praticas-orientais-que-estao-transformando-a-vida-de-idosos-no-brasil\/\" \/>\n<meta property=\"og:locale\" content=\"pt_BR\" \/>\n<meta property=\"og:type\" content=\"article\" \/>\n<meta property=\"og:title\" content=\"Pr\u00e1ticas orientais que est\u00e3o transformando a vida de idosos no Brasil - Estado de Minas - Em foco\" \/>\n<meta property=\"og:description\" content=\"Idosos ganham mais equil\u00edbrio f\u00edsico e mental com atividades simples que trazem for\u00e7a muscular e tranquilidade emocional.\" \/>\n<meta property=\"og:url\" content=\"https:\/\/www.em.com.br\/emfoco\/2025\/09\/25\/praticas-orientais-que-estao-transformando-a-vida-de-idosos-no-brasil\/\" \/>\n<meta property=\"og:site_name\" content=\"Estado de Minas - Em foco\" \/>\n<meta property=\"article:published_time\" content=\"2025-09-25T21:08:00+00:00\" \/>\n<meta property=\"article:modified_time\" content=\"2025-09-23T17:05:00+00:00\" \/>\n<meta property=\"og:image\" content=\"https:\/\/www.em.com.br\/emfoco\/wp-content\/uploads\/2025\/09\/Tai-chi_1758646821180.jpg\" \/>\n\t<meta property=\"og:image:width\" content=\"1280\" \/>\n\t<meta property=\"og:image:height\" content=\"720\" \/>\n\t<meta property=\"og:image:type\" content=\"image\/jpeg\" \/>\n<meta name=\"author\" content=\"Gabriel Martins\" \/>\n<meta name=\"twitter:card\" content=\"summary_large_image\" \/>\n<meta name=\"twitter:label1\" content=\"Escrito por\" \/>\n\t<meta name=\"twitter:data1\" content=\"Gabriel Martins\" \/>\n\t<meta name=\"twitter:label2\" content=\"Est. tempo de leitura\" \/>\n\t<meta name=\"twitter:data2\" content=\"3 minutos\" \/>\n<!-- \/ Yoast SEO plugin. -->","yoast_head_json":{"title":"Pr\u00e1ticas orientais que est\u00e3o transformando a vida de idosos no Brasil - Estado de Minas - Em foco","description":"Idosos ganham mais equil\u00edbrio f\u00edsico e mental com atividades simples que trazem for\u00e7a muscular e tranquilidade emocional.","robots":{"index":"index","follow":"follow","max-snippet":"max-snippet:-1","max-image-preview":"max-image-preview:large","max-video-preview":"max-video-preview:-1"},"canonical":"https:\/\/www.em.com.br\/emfoco\/2025\/09\/25\/praticas-orientais-que-estao-transformando-a-vida-de-idosos-no-brasil\/","og_locale":"pt_BR","og_type":"article","og_title":"Pr\u00e1ticas orientais que est\u00e3o transformando a vida de idosos no Brasil - Estado de Minas - Em foco","og_description":"Idosos ganham mais equil\u00edbrio f\u00edsico e mental com atividades simples que trazem for\u00e7a muscular e tranquilidade emocional.","og_url":"https:\/\/www.em.com.br\/emfoco\/2025\/09\/25\/praticas-orientais-que-estao-transformando-a-vida-de-idosos-no-brasil\/","og_site_name":"Estado de Minas - Em foco","article_published_time":"2025-09-25T21:08:00+00:00","article_modified_time":"2025-09-23T17:05:00+00:00","og_image":[{"width":1280,"height":720,"url":"https:\/\/www.em.com.br\/emfoco\/wp-content\/uploads\/2025\/09\/Tai-chi_1758646821180.jpg","type":"image\/jpeg"}],"author":"Gabriel Martins","twitter_card":"summary_large_image","twitter_misc":{"Escrito por":"Gabriel Martins","Est. tempo de leitura":"3 minutos"},"schema":{"@context":"https:\/\/schema.org","@graph":[{"@type":"WebPage","@id":"https:\/\/www.em.com.br\/emfoco\/2025\/09\/25\/praticas-orientais-que-estao-transformando-a-vida-de-idosos-no-brasil\/","url":"https:\/\/www.em.com.br\/emfoco\/2025\/09\/25\/praticas-orientais-que-estao-transformando-a-vida-de-idosos-no-brasil\/","name":"Pr\u00e1ticas orientais que est\u00e3o transformando a vida de idosos no Brasil - Estado de Minas - Em foco","isPartOf":{"@id":"https:\/\/www.em.com.br\/emfoco\/#website"},"primaryImageOfPage":{"@id":"https:\/\/www.em.com.br\/emfoco\/2025\/09\/25\/praticas-orientais-que-estao-transformando-a-vida-de-idosos-no-brasil\/#primaryimage"},"image":{"@id":"https:\/\/www.em.com.br\/emfoco\/2025\/09\/25\/praticas-orientais-que-estao-transformando-a-vida-de-idosos-no-brasil\/#primaryimage"},"thumbnailUrl":"https:\/\/www.em.com.br\/emfoco\/wp-content\/uploads\/2025\/09\/Tai-chi_1758646821180.jpg","datePublished":"2025-09-25T21:08:00+00:00","dateModified":"2025-09-23T17:05:00+00:00","author":{"@id":"https:\/\/www.em.com.br\/emfoco\/#\/schema\/person\/1c9ddeab18b98abeffef834667bcf08a"},"description":"Idosos ganham mais equil\u00edbrio f\u00edsico e mental com atividades simples que trazem for\u00e7a muscular e tranquilidade emocional.","breadcrumb":{"@id":"https:\/\/www.em.com.br\/emfoco\/2025\/09\/25\/praticas-orientais-que-estao-transformando-a-vida-de-idosos-no-brasil\/#breadcrumb"},"inLanguage":"pt-BR","potentialAction":[{"@type":"ReadAction","target":["https:\/\/www.em.com.br\/emfoco\/2025\/09\/25\/praticas-orientais-que-estao-transformando-a-vida-de-idosos-no-brasil\/"]}]},{"@type":"ImageObject","inLanguage":"pt-BR","@id":"https:\/\/www.em.com.br\/emfoco\/2025\/09\/25\/praticas-orientais-que-estao-transformando-a-vida-de-idosos-no-brasil\/#primaryimage","url":"https:\/\/www.em.com.br\/emfoco\/wp-content\/uploads\/2025\/09\/Tai-chi_1758646821180.jpg","contentUrl":"https:\/\/www.em.com.br\/emfoco\/wp-content\/uploads\/2025\/09\/Tai-chi_1758646821180.jpg","width":1280,"height":720,"caption":"Preven\u00e7\u00e3o de quedas com movimentos lentos e seguros - Cr\u00e9ditos: depositphotos.com \/ Photodjo"},{"@type":"BreadcrumbList","@id":"https:\/\/www.em.com.br\/emfoco\/2025\/09\/25\/praticas-orientais-que-estao-transformando-a-vida-de-idosos-no-brasil\/#breadcrumb","itemListElement":[{"@type":"ListItem","position":1,"name":"In\u00edcio","item":"https:\/\/www.em.com.br\/emfoco\/"},{"@type":"ListItem","position":2,"name":"Pr\u00e1ticas orientais que est\u00e3o transformando a vida de idosos no Brasil"}]},{"@type":"WebSite","@id":"https:\/\/www.em.com.br\/emfoco\/#website","url":"https:\/\/www.em.com.br\/emfoco\/","name":"Estado de Minas - Em foco","description":"Acompanhe as \u00faltimas not\u00edcias e fique bem informado sobre tudo o que acontece em Minas Gerais, Brasil e no mundo.","potentialAction":[{"@type":"SearchAction","target":{"@type":"EntryPoint","urlTemplate":"https:\/\/www.em.com.br\/emfoco\/?s={search_term_string}"},"query-input":{"@type":"PropertyValueSpecification","valueRequired":true,"valueName":"search_term_string"}}],"inLanguage":"pt-BR"},{"@type":"Person","@id":"https:\/\/www.em.com.br\/emfoco\/#\/schema\/person\/1c9ddeab18b98abeffef834667bcf08a","name":"Gabriel Martins","image":{"@type":"ImageObject","inLanguage":"pt-BR","@id":"https:\/\/www.em.com.br\/emfoco\/#\/schema\/person\/image\/","url":"https:\/\/secure.gravatar.com\/avatar\/f0f1e2efdfd88f1ad2cb08c5c2731e50?s=96&d=mm&r=g","contentUrl":"https:\/\/secure.gravatar.com\/avatar\/f0f1e2efdfd88f1ad2cb08c5c2731e50?s=96&d=mm&r=g","caption":"Gabriel Martins"},"sameAs":["https:\/\/www.em.com.br\/emfoco\/"],"url":"https:\/\/www.em.com.br\/emfoco\/author\/gabrielmartinsmyth\/"}]}},"_links":{"self":[{"href":"https:\/\/www.em.com.br\/emfoco\/wp-json\/wp\/v2\/posts\/107345","targetHints":{"allow":["GET"]}}],"collection":[{"href":"https:\/\/www.em.com.br\/emfoco\/wp-json\/wp\/v2\/posts"}],"about":[{"href":"https:\/\/www.em.com.br\/emfoco\/wp-json\/wp\/v2\/types\/post"}],"author":[{"embeddable":true,"href":"https:\/\/www.em.com.br\/emfoco\/wp-json\/wp\/v2\/users\/13"}],"replies":[{"embeddable":true,"href":"https:\/\/www.em.com.br\/emfoco\/wp-json\/wp\/v2\/comments?post=107345"}],"version-history":[{"count":1,"href":"https:\/\/www.em.com.br\/emfoco\/wp-json\/wp\/v2\/posts\/107345\/revisions"}],"predecessor-version":[{"id":107370,"href":"https:\/\/www.em.com.br\/emfoco\/wp-json\/wp\/v2\/posts\/107345\/revisions\/107370"}],"wp:featuredmedia":[{"embeddable":true,"href":"https:\/\/www.em.com.br\/emfoco\/wp-json\/wp\/v2\/media\/107368"}],"wp:attachment":[{"href":"https:\/\/www.em.com.br\/emfoco\/wp-json\/wp\/v2\/media?parent=107345"}],"wp:term":[{"taxonomy":"category","embeddable":true,"href":"https:\/\/www.em.com.br\/emfoco\/wp-json\/wp\/v2\/categories?post=107345"},{"taxonomy":"post_tag","embeddable":true,"href":"https:\/\/www.em.com.br\/emfoco\/wp-json\/wp\/v2\/tags?post=107345"}],"curies":[{"name":"wp","href":"https:\/\/api.w.org\/{rel}","templated":true}]}}