{"id":107242,"date":"2025-09-24T09:08:42","date_gmt":"2025-09-24T12:08:42","guid":{"rendered":"https:\/\/www.em.com.br\/emfoco\/?p=107242"},"modified":"2025-09-23T12:07:56","modified_gmt":"2025-09-23T15:07:56","slug":"a-fruta-mais-indicada-para-proteger-o-coracao-pode-ser-cultivada-em-casa","status":"publish","type":"post","link":"https:\/\/www.em.com.br\/emfoco\/2025\/09\/24\/a-fruta-mais-indicada-para-proteger-o-coracao-pode-ser-cultivada-em-casa\/","title":{"rendered":"A fruta mais indicada para proteger o cora\u00e7\u00e3o pode ser cultivada em casa"},"content":{"rendered":"\n<p>As <strong>uvas roxas<\/strong> s\u00e3o amplamente reconhecidas por seus not\u00e1veis <strong>benef\u00edcios<\/strong> <strong>para a sa\u00fade cardiovascular<\/strong>. O consumo regular dessa fruta pode contribuir significativamente para a sa\u00fade do cora\u00e7\u00e3o, devido \u00e0s suas <strong>propriedades antioxidantes<\/strong> e <strong>anti-inflamat\u00f3rias.<\/strong> Rico em polifen\u00f3is, especialmente o <strong>resveratrol<\/strong>, o suco de uva roxa \u00e9 frequentemente associado \u00e0 redu\u00e7\u00e3o dos n\u00edveis de colesterol ruim e melhoramento da circula\u00e7\u00e3o sangu\u00ednea. Dadas essas vantagens, o interesse em cultivar uvas roxas em casa tem crescido, permitindo um acesso constante a essas frutas ricas em nutrientes.<\/p>\n\n\n\n<p>O resveratrol, presente na casca da uva roxa, \u00e9 famoso por sua capacidade de melhoramento da fun\u00e7\u00e3o cardiovascular. Este composto auxilia na diminui\u00e7\u00e3o da press\u00e3o arterial e no relaxamento dos vasos sangu\u00edneos, promovendo um fluxo sangu\u00edneo saud\u00e1vel. Al\u00e9m disso, o resveratrol atua na preven\u00e7\u00e3o da forma\u00e7\u00e3o de co\u00e1gulos sangu\u00edneos, afastando assim o risco de doen\u00e7as card\u00edacas. Vale destacar que o consumo de uvas na sua<strong> forma natural ou como suco promove esses benef\u00edcios de maneira eficaz<\/strong>, sem necessidade de suplementos.&nbsp;<\/p>\n\n\n\n<h2 class=\"wp-block-heading\">Qual \u00e9 a import\u00e2ncia da uva roxa na dieta?<\/h2>\n\n\n\n<p>Integrar uvas roxas na dieta cotidiana \u00e9 uma escolha estrat\u00e9gica para muitas pessoas em busca de h\u00e1bitos alimentares equilibrados. <strong>Estes pequenos frutos s\u00e3o fontes ricas de vitaminas C e K<\/strong>, que desempenham pap\u00e9is vitais no fortalecimento do <a href=\"https:\/\/www.em.com.br\/emfoco\/2025\/08\/29\/por-que-rir-mais-fortalece-o-sistema-imunologico\/\" target=\"_blank\" rel=\"noopener\">sistema imunol\u00f3gico<\/a> e na manuten\u00e7\u00e3o da sa\u00fade \u00f3ssea. Al\u00e9m disso, as <strong>fibras presentes nas<\/strong>&nbsp;<strong>uvas<\/strong> ajudam na digest\u00e3o e contribuem para uma sensa\u00e7\u00e3o de saciedade, que pode auxiliar no gerenciamento de peso. Incorporar uvas roxas no card\u00e1pio di\u00e1rio pode ser simples, adicionando-as a saladas, sucos ou em lanches r\u00e1pidos e pr\u00e1ticos. Segundo a <strong>Organiza\u00e7\u00e3o Mundial da Sa\u00fade<\/strong>, incluir frutas variadas, como a uva roxa, est\u00e1 associado \u00e0 redu\u00e7\u00e3o do risco de doen\u00e7as cr\u00f4nicas n\u00e3o transmiss\u00edveis.<\/p>\n\n\n<div class=\"wp-block-image\">\n<figure class=\"aligncenter size-large is-resized\"><img loading=\"lazy\" decoding=\"async\" width=\"1024\" height=\"576\" src=\"https:\/\/www.em.com.br\/emfoco\/wp-content\/uploads\/2025\/05\/Uva-roxa_1747844496809-1024x576.jpg\" alt=\"Essas frutas ajudam a combater a rugas e flacidez da pele\" class=\"wp-image-49489\" style=\"width:1024px;height:auto\" srcset=\"https:\/\/www.em.com.br\/emfoco\/wp-content\/uploads\/2025\/05\/Uva-roxa_1747844496809-1024x576.jpg 1024w, https:\/\/www.em.com.br\/emfoco\/wp-content\/uploads\/2025\/05\/Uva-roxa_1747844496809-300x169.jpg 300w, https:\/\/www.em.com.br\/emfoco\/wp-content\/uploads\/2025\/05\/Uva-roxa_1747844496809-768x432.jpg 768w, https:\/\/www.em.com.br\/emfoco\/wp-content\/uploads\/2025\/05\/Uva-roxa_1747844496809-750x422.jpg 750w, https:\/\/www.em.com.br\/emfoco\/wp-content\/uploads\/2025\/05\/Uva-roxa_1747844496809-1140x641.jpg 1140w, https:\/\/www.em.com.br\/emfoco\/wp-content\/uploads\/2025\/05\/Uva-roxa_1747844496809.jpg 1280w\" sizes=\"auto, (max-width: 1024px) 100vw, 1024px\" \/><figcaption class=\"wp-element-caption\">O consumo regular dessa fruta pode contribuir significativamente para a sa\u00fade do cora\u00e7\u00e3o &#8211; Cr\u00e9ditos: depositphotos.com \/ antoine2000<\/figcaption><\/figure><\/div>\n\n\n<h2 class=\"wp-block-heading\">Como cultivar uvas roxas em casa?<\/h2>\n\n\n\n<p>O<strong> cultivo de uvas roxas em casa pode ser uma empreitada recompensadora<\/strong>, tanto pelo prazer da jardinagem quanto pelo fornecimento constante de frutas frescas. Para iniciar o <strong>cultivo,<\/strong> \u00e9 essencial escolher a variedade certa para o <strong>clima local.<\/strong> As uvas requerem solo bem drenado, com exposi\u00e7\u00e3o solar direta durante pelo menos seis horas di\u00e1rias. O primeiro passo consiste no preparo do solo, seguido do plantio das mudas ou sementes de uvas. Manter uma rotina de regas equilibradas e podas regulares ajuda no crescimento saud\u00e1vel da videira. Em cidades como <strong>S\u00e3o Paulo<\/strong> e <strong>Belo Horizonte<\/strong>, \u00e9 poss\u00edvel encontrar feiras de mudas especializadas, auxiliando os iniciantes na escolha da variedade mais adequada.<\/p>\n\n\n\n<h2 class=\"wp-block-heading\">Quais cuidados s\u00e3o necess\u00e1rios ao cultivar uvas?<\/h2>\n\n\n\n<p>Os cuidados ao cultivar uvas roxas n\u00e3o se limitam apenas ao plantio e \u00e0 rega. A poda regular \u00e9 crucial para incentivar o crescimento de novos ramos e melhorar o rendimento das frutas. Al\u00e9m disso, \u00e9 importante monitorar o aparecimento de pragas e doen\u00e7as que possam comprometer a sa\u00fade das plantas. O uso de pr\u00e1ticas de jardinagem <a href=\"https:\/\/rehagro.com.br\/blog\/materia-organica-no-solo\/\" target=\"_blank\" rel=\"noopener\">org\u00e2nica<\/a>, como o controle biol\u00f3gico de pragas, pode ser ben\u00e9fico. No inverno, proteger as plantas contra geadas severas com uma cobertura adequada ajuda a preservar suas ra\u00edzes e garante a produ\u00e7\u00e3o no ano seguinte. De acordo com a <strong>Embrapa<\/strong>, a escolha de variedades resistentes a doen\u00e7as pode facilitar o manejo no cultivo dom\u00e9stico.<\/p>\n\n\n\n<p>O cultivo de uvas roxas em casa oferece uma oportunidade valiosa de acessar uma fruta de grande valor nutricional e que promove a sa\u00fade do cora\u00e7\u00e3o. Com <strong>cuidados apropriados,<\/strong> \u00e9 poss\u00edvel n\u00e3o apenas colher uvas saborosas, mas tamb\u00e9m contribuir para um estilo de vida saud\u00e1vel e sustent\u00e1vel.<\/p>\n","protected":false},"excerpt":{"rendered":"<p>As uvas roxas s\u00e3o amplamente reconhecidas por seus not\u00e1veis benef\u00edcios para a sa\u00fade cardiovascular. O consumo regular dessa fruta pode contribuir significativamente para a sa\u00fade do cora\u00e7\u00e3o, devido \u00e0s suas propriedades antioxidantes e anti-inflamat\u00f3rias. Rico em polifen\u00f3is, especialmente o resveratrol, o suco de uva roxa \u00e9 frequentemente associado \u00e0 redu\u00e7\u00e3o dos n\u00edveis de colesterol ruim [&hellip;]<\/p>\n","protected":false},"author":9,"featured_media":50187,"comment_status":"open","ping_status":"open","sticky":false,"template":"","format":"standard","meta":{"jnews-multi-image_gallery":[],"jnews_single_post":{"format":"standard"},"jnews_primary_category":[],"jnews_social_meta":[],"jnews_override_counter":[],"footnotes":""},"categories":[8691,1],"tags":[16436,2834,16075],"class_list":["post-107242","post","type-post","status-publish","format-standard","has-post-thumbnail","hentry","category-bem-estar","category-noticias","tag-beneficios-das-uvas","tag-uva","tag-uva-roxa"],"yoast_head":"<!-- This site is optimized with the Yoast SEO plugin v23.8 - https:\/\/yoast.com\/wordpress\/plugins\/seo\/ -->\n<title>A fruta mais indicada para proteger o cora\u00e7\u00e3o pode ser cultivada em casa<\/title>\n<meta name=\"description\" content=\"Uvas roxas fortalecem o cora\u00e7\u00e3o reduzem colesterol e podem ser cultivadas em casa. Descubra como aproveitar seus benef\u00edcios.\" \/>\n<meta name=\"robots\" content=\"index, follow, max-snippet:-1, max-image-preview:large, max-video-preview:-1\" \/>\n<link rel=\"canonical\" href=\"https:\/\/www.em.com.br\/emfoco\/2025\/09\/24\/a-fruta-mais-indicada-para-proteger-o-coracao-pode-ser-cultivada-em-casa\/\" \/>\n<meta property=\"og:locale\" content=\"pt_BR\" \/>\n<meta property=\"og:type\" content=\"article\" \/>\n<meta property=\"og:title\" content=\"A fruta mais indicada para proteger o cora\u00e7\u00e3o pode ser cultivada em casa\" \/>\n<meta property=\"og:description\" content=\"Uvas roxas fortalecem o cora\u00e7\u00e3o reduzem colesterol e podem ser cultivadas em casa. Descubra como aproveitar seus benef\u00edcios.\" \/>\n<meta property=\"og:url\" content=\"https:\/\/www.em.com.br\/emfoco\/2025\/09\/24\/a-fruta-mais-indicada-para-proteger-o-coracao-pode-ser-cultivada-em-casa\/\" \/>\n<meta property=\"og:site_name\" content=\"Estado de Minas - Em foco\" \/>\n<meta property=\"article:published_time\" content=\"2025-09-24T12:08:42+00:00\" \/>\n<meta property=\"article:modified_time\" content=\"2025-09-23T15:07:56+00:00\" \/>\n<meta property=\"og:image\" content=\"https:\/\/www.em.com.br\/emfoco\/wp-content\/uploads\/2025\/05\/Uva-roxa_1747844496809-1.jpg\" \/>\n\t<meta property=\"og:image:width\" content=\"1280\" \/>\n\t<meta property=\"og:image:height\" content=\"720\" \/>\n\t<meta property=\"og:image:type\" content=\"image\/jpeg\" \/>\n<meta name=\"author\" content=\"Daniely Cardoso\" \/>\n<meta name=\"twitter:card\" content=\"summary_large_image\" \/>\n<meta name=\"twitter:label1\" content=\"Escrito por\" \/>\n\t<meta name=\"twitter:data1\" content=\"Daniely Cardoso\" \/>\n\t<meta name=\"twitter:label2\" content=\"Est. tempo de leitura\" \/>\n\t<meta name=\"twitter:data2\" content=\"4 minutos\" \/>\n<!-- \/ Yoast SEO plugin. -->","yoast_head_json":{"title":"A fruta mais indicada para proteger o cora\u00e7\u00e3o pode ser cultivada em casa","description":"Uvas roxas fortalecem o cora\u00e7\u00e3o reduzem colesterol e podem ser cultivadas em casa. Descubra como aproveitar seus benef\u00edcios.","robots":{"index":"index","follow":"follow","max-snippet":"max-snippet:-1","max-image-preview":"max-image-preview:large","max-video-preview":"max-video-preview:-1"},"canonical":"https:\/\/www.em.com.br\/emfoco\/2025\/09\/24\/a-fruta-mais-indicada-para-proteger-o-coracao-pode-ser-cultivada-em-casa\/","og_locale":"pt_BR","og_type":"article","og_title":"A fruta mais indicada para proteger o cora\u00e7\u00e3o pode ser cultivada em casa","og_description":"Uvas roxas fortalecem o cora\u00e7\u00e3o reduzem colesterol e podem ser cultivadas em casa. Descubra como aproveitar seus benef\u00edcios.","og_url":"https:\/\/www.em.com.br\/emfoco\/2025\/09\/24\/a-fruta-mais-indicada-para-proteger-o-coracao-pode-ser-cultivada-em-casa\/","og_site_name":"Estado de Minas - Em foco","article_published_time":"2025-09-24T12:08:42+00:00","article_modified_time":"2025-09-23T15:07:56+00:00","og_image":[{"width":1280,"height":720,"url":"https:\/\/www.em.com.br\/emfoco\/wp-content\/uploads\/2025\/05\/Uva-roxa_1747844496809-1.jpg","type":"image\/jpeg"}],"author":"Daniely Cardoso","twitter_card":"summary_large_image","twitter_misc":{"Escrito por":"Daniely Cardoso","Est. tempo de leitura":"4 minutos"},"schema":{"@context":"https:\/\/schema.org","@graph":[{"@type":"WebPage","@id":"https:\/\/www.em.com.br\/emfoco\/2025\/09\/24\/a-fruta-mais-indicada-para-proteger-o-coracao-pode-ser-cultivada-em-casa\/","url":"https:\/\/www.em.com.br\/emfoco\/2025\/09\/24\/a-fruta-mais-indicada-para-proteger-o-coracao-pode-ser-cultivada-em-casa\/","name":"A fruta mais indicada para proteger o cora\u00e7\u00e3o pode ser cultivada em casa","isPartOf":{"@id":"https:\/\/www.em.com.br\/emfoco\/#website"},"primaryImageOfPage":{"@id":"https:\/\/www.em.com.br\/emfoco\/2025\/09\/24\/a-fruta-mais-indicada-para-proteger-o-coracao-pode-ser-cultivada-em-casa\/#primaryimage"},"image":{"@id":"https:\/\/www.em.com.br\/emfoco\/2025\/09\/24\/a-fruta-mais-indicada-para-proteger-o-coracao-pode-ser-cultivada-em-casa\/#primaryimage"},"thumbnailUrl":"https:\/\/www.em.com.br\/emfoco\/wp-content\/uploads\/2025\/05\/Uva-roxa_1747844496809-1.jpg","datePublished":"2025-09-24T12:08:42+00:00","dateModified":"2025-09-23T15:07:56+00:00","author":{"@id":"https:\/\/www.em.com.br\/emfoco\/#\/schema\/person\/0a8186d72f2c3a5c6276d90b41f271a0"},"description":"Uvas roxas fortalecem o cora\u00e7\u00e3o reduzem colesterol e podem ser cultivadas em casa. Descubra como aproveitar seus benef\u00edcios.","breadcrumb":{"@id":"https:\/\/www.em.com.br\/emfoco\/2025\/09\/24\/a-fruta-mais-indicada-para-proteger-o-coracao-pode-ser-cultivada-em-casa\/#breadcrumb"},"inLanguage":"pt-BR","potentialAction":[{"@type":"ReadAction","target":["https:\/\/www.em.com.br\/emfoco\/2025\/09\/24\/a-fruta-mais-indicada-para-proteger-o-coracao-pode-ser-cultivada-em-casa\/"]}]},{"@type":"ImageObject","inLanguage":"pt-BR","@id":"https:\/\/www.em.com.br\/emfoco\/2025\/09\/24\/a-fruta-mais-indicada-para-proteger-o-coracao-pode-ser-cultivada-em-casa\/#primaryimage","url":"https:\/\/www.em.com.br\/emfoco\/wp-content\/uploads\/2025\/05\/Uva-roxa_1747844496809-1.jpg","contentUrl":"https:\/\/www.em.com.br\/emfoco\/wp-content\/uploads\/2025\/05\/Uva-roxa_1747844496809-1.jpg","width":1280,"height":720,"caption":"Uva roxa - Cr\u00e9ditos: depositphotos.com \/ antoine2000"},{"@type":"BreadcrumbList","@id":"https:\/\/www.em.com.br\/emfoco\/2025\/09\/24\/a-fruta-mais-indicada-para-proteger-o-coracao-pode-ser-cultivada-em-casa\/#breadcrumb","itemListElement":[{"@type":"ListItem","position":1,"name":"In\u00edcio","item":"https:\/\/www.em.com.br\/emfoco\/"},{"@type":"ListItem","position":2,"name":"A fruta mais indicada para proteger o cora\u00e7\u00e3o pode ser cultivada em casa"}]},{"@type":"WebSite","@id":"https:\/\/www.em.com.br\/emfoco\/#website","url":"https:\/\/www.em.com.br\/emfoco\/","name":"Estado de Minas - Em foco","description":"Acompanhe as \u00faltimas not\u00edcias e fique bem informado sobre tudo o que acontece em Minas Gerais, Brasil e no mundo.","potentialAction":[{"@type":"SearchAction","target":{"@type":"EntryPoint","urlTemplate":"https:\/\/www.em.com.br\/emfoco\/?s={search_term_string}"},"query-input":{"@type":"PropertyValueSpecification","valueRequired":true,"valueName":"search_term_string"}}],"inLanguage":"pt-BR"},{"@type":"Person","@id":"https:\/\/www.em.com.br\/emfoco\/#\/schema\/person\/0a8186d72f2c3a5c6276d90b41f271a0","name":"Daniely Cardoso","image":{"@type":"ImageObject","inLanguage":"pt-BR","@id":"https:\/\/www.em.com.br\/emfoco\/#\/schema\/person\/image\/","url":"https:\/\/secure.gravatar.com\/avatar\/4b80ddbd124d1f071b626d52d62e5dff?s=96&d=mm&r=g","contentUrl":"https:\/\/secure.gravatar.com\/avatar\/4b80ddbd124d1f071b626d52d62e5dff?s=96&d=mm&r=g","caption":"Daniely Cardoso"},"url":"https:\/\/www.em.com.br\/emfoco\/author\/danielymyth\/"}]}},"_links":{"self":[{"href":"https:\/\/www.em.com.br\/emfoco\/wp-json\/wp\/v2\/posts\/107242","targetHints":{"allow":["GET"]}}],"collection":[{"href":"https:\/\/www.em.com.br\/emfoco\/wp-json\/wp\/v2\/posts"}],"about":[{"href":"https:\/\/www.em.com.br\/emfoco\/wp-json\/wp\/v2\/types\/post"}],"author":[{"embeddable":true,"href":"https:\/\/www.em.com.br\/emfoco\/wp-json\/wp\/v2\/users\/9"}],"replies":[{"embeddable":true,"href":"https:\/\/www.em.com.br\/emfoco\/wp-json\/wp\/v2\/comments?post=107242"}],"version-history":[{"count":2,"href":"https:\/\/www.em.com.br\/emfoco\/wp-json\/wp\/v2\/posts\/107242\/revisions"}],"predecessor-version":[{"id":107277,"href":"https:\/\/www.em.com.br\/emfoco\/wp-json\/wp\/v2\/posts\/107242\/revisions\/107277"}],"wp:featuredmedia":[{"embeddable":true,"href":"https:\/\/www.em.com.br\/emfoco\/wp-json\/wp\/v2\/media\/50187"}],"wp:attachment":[{"href":"https:\/\/www.em.com.br\/emfoco\/wp-json\/wp\/v2\/media?parent=107242"}],"wp:term":[{"taxonomy":"category","embeddable":true,"href":"https:\/\/www.em.com.br\/emfoco\/wp-json\/wp\/v2\/categories?post=107242"},{"taxonomy":"post_tag","embeddable":true,"href":"https:\/\/www.em.com.br\/emfoco\/wp-json\/wp\/v2\/tags?post=107242"}],"curies":[{"name":"wp","href":"https:\/\/api.w.org\/{rel}","templated":true}]}}