{"id":10719,"date":"2025-01-22T13:40:00","date_gmt":"2025-01-22T16:40:00","guid":{"rendered":"https:\/\/www.em.com.br\/emfoco\/?p=10719"},"modified":"2025-01-20T12:09:28","modified_gmt":"2025-01-20T15:09:28","slug":"viajar-pelo-mundo-sem-gastar-muito-veja-os-melhores-destinos-acessiveis","status":"publish","type":"post","link":"https:\/\/www.em.com.br\/emfoco\/2025\/01\/22\/viajar-pelo-mundo-sem-gastar-muito-veja-os-melhores-destinos-acessiveis\/","title":{"rendered":"Viajar Pelo Mundo Sem Gastar Muito? Veja os Melhores Destinos Acess\u00edveis!"},"content":{"rendered":"\n<p>Viajar oferece a oportunidade de conhecer novas culturas e paisagens, mas muitas vezes o or\u00e7amento pode limitar as op\u00e7\u00f5es. Felizmente, alguns destinos ao redor do mundo s\u00e3o bem conhecidos por proporcionar experi\u00eancias excepcionais a custos acess\u00edveis, permitindo que mais pessoas realizem o sonho de explorar o mundo sem grandes despesas.<\/p>\n\n\n\n<p>A ideia de viajar sem gastar muito \u00e9 atraente, e existem cidades que combinam cultura rica e atra\u00e7\u00f5es de baixo custo. Esses lugares permitem viv\u00eancias enriquecedoras, sejam nas praias ensolaradas do Brasil, ou no exotismo dos mercados africanos.<\/p>\n\n\n\n<h2 class=\"wp-block-heading\">Explorando Jo\u00e3o Pessoa, Para\u00edba, de Forma Econ\u00f4mica<\/h2>\n\n\n\n<p>Jo\u00e3o Pessoa, no <strong><a href=\"https:\/\/www.em.com.br\/emfoco\/2024\/12\/23\/descubra-os-paraisos-da-seguranca-no-nordeste-do-brasil\/\" target=\"_blank\" rel=\"noreferrer noopener\">nordeste<\/a><\/strong> brasileiro, \u00e9 uma cidade que encanta com suas belezas naturais e patrim\u00f4nios culturais. Suas praias, como Tamba\u00fa, oferecem um cen\u00e1rio id\u00edlico com \u00e1guas calmas, perfeito para quem busca uma experi\u00eancia relaxante sem grandes gastos. \u00c9 uma cidade que mistura o passado com o presente de forma harm\u00f4nica.<\/p>\n\n\n\n<p>Entre os pontos tur\u00edsticos imperd\u00edveis est\u00e3o o Centro Hist\u00f3rico, com seu vasto passado colonial, e o Farol do Cabo Branco, que oferece vistas impressionantes. Comer fora tamb\u00e9m \u00e9 uma experi\u00eancia acess\u00edvel, com muitos restaurantes locais oferecendo pratos aut\u00eanticos a pre\u00e7os acess\u00edveis.<\/p>\n\n\n\n<figure class=\"wp-block-image size-large\"><img loading=\"lazy\" decoding=\"async\" width=\"1024\" height=\"606\" src=\"https:\/\/www.em.com.br\/emfoco\/wp-content\/uploads\/2025\/01\/image-82-1024x606.png\" alt=\"Viajar Pelo Mundo Sem Gastar Muito? Veja os Melhores Destinos Acess\u00edveis!\" class=\"wp-image-10729\" srcset=\"https:\/\/www.em.com.br\/emfoco\/wp-content\/uploads\/2025\/01\/image-82-1024x606.png 1024w, https:\/\/www.em.com.br\/emfoco\/wp-content\/uploads\/2025\/01\/image-82-300x178.png 300w, https:\/\/www.em.com.br\/emfoco\/wp-content\/uploads\/2025\/01\/image-82-768x455.png 768w, https:\/\/www.em.com.br\/emfoco\/wp-content\/uploads\/2025\/01\/image-82-750x444.png 750w, https:\/\/www.em.com.br\/emfoco\/wp-content\/uploads\/2025\/01\/image-82-1140x675.png 1140w, https:\/\/www.em.com.br\/emfoco\/wp-content\/uploads\/2025\/01\/image-82.png 1184w\" sizes=\"auto, (max-width: 1024px) 100vw, 1024px\" \/><figcaption class=\"wp-element-caption\">Jo\u00e3o Pessoa, Para\u00edba &#8211; Cr\u00e9ditos: Wikimedia Commons<\/figcaption><\/figure>\n\n\n\n<h2 class=\"wp-block-heading\">Vivendo a Cultura em La Paz, Bol\u00edvia, com Pouco Dinheiro<\/h2>\n\n\n\n<p>La Paz, a capital mais alta do mundo, oferece uma experi\u00eancia \u00fanica de imers\u00e3o cultural. A cidade \u00e9 famosa por suas impressionantes paisagens de montanha e pode ser explorada de maneira econ\u00f4mica, gra\u00e7as ao eficiente sistema de telef\u00e9ricos que tamb\u00e9m serve como atra\u00e7\u00e3o tur\u00edstica.<\/p>\n\n\n\n<p>O Mercado das Bruxas \u00e9 uma experi\u00eancia cultural fascinante e acess\u00edvel, enquanto o Museu Nacional de Arqueologia proporciona conhecimento hist\u00f3rico por um pre\u00e7o muito razo\u00e1vel. Essas atra\u00e7\u00f5es, combinadas com op\u00e7\u00f5es de hospedagem e alimenta\u00e7\u00e3o a pre\u00e7os convidativos, fazem de La Paz um destino atrativo para viajantes com or\u00e7amento reduzido.<\/p>\n\n\n\n<figure class=\"wp-block-image size-large\"><img loading=\"lazy\" decoding=\"async\" width=\"1024\" height=\"576\" src=\"https:\/\/www.em.com.br\/emfoco\/wp-content\/uploads\/2025\/01\/La-Paz_1736884745387-1024x576.jpg\" alt=\"Viajar Pelo Mundo Sem Gastar Muito? Veja os Melhores Destinos Acess\u00edveis!\" class=\"wp-image-10730\" srcset=\"https:\/\/www.em.com.br\/emfoco\/wp-content\/uploads\/2025\/01\/La-Paz_1736884745387-1024x576.jpg 1024w, https:\/\/www.em.com.br\/emfoco\/wp-content\/uploads\/2025\/01\/La-Paz_1736884745387-300x169.jpg 300w, https:\/\/www.em.com.br\/emfoco\/wp-content\/uploads\/2025\/01\/La-Paz_1736884745387-768x432.jpg 768w, https:\/\/www.em.com.br\/emfoco\/wp-content\/uploads\/2025\/01\/La-Paz_1736884745387-750x422.jpg 750w, https:\/\/www.em.com.br\/emfoco\/wp-content\/uploads\/2025\/01\/La-Paz_1736884745387-1140x641.jpg 1140w, https:\/\/www.em.com.br\/emfoco\/wp-content\/uploads\/2025\/01\/La-Paz_1736884745387.jpg 1280w\" sizes=\"auto, (max-width: 1024px) 100vw, 1024px\" \/><figcaption class=\"wp-element-caption\">La Paz, Bol\u00edvia &#8211; Cr\u00e9ditos: depositphotos.com \/ rmnunes<\/figcaption><\/figure>\n\n\n\n<h2 class=\"wp-block-heading\">Conhecendo Budapeste, Hungria, Sem Gastar Muito<\/h2>\n\n\n\n<p>Budapeste, uma bel\u00edssima cidade na Europa Central, \u00e9 t\u00e3o rica em cultura quanto em acessibilidade econ\u00f4mica. Famosa por suas pontes que cruzam o Rio Dan\u00fabio e sua arquitetura deslumbrante, a cidade oferece v\u00e1rias atra\u00e7\u00f5es a baixo custo.<\/p>\n\n\n\n<p>Uma atividade imperd\u00edvel \u00e9 visitar os banhos termais, uma tradi\u00e7\u00e3o local que combina relaxamento e hist\u00f3ria. Na cidade, h\u00e1 tamb\u00e9m mercados de rua que permitem degustar a gastronomia t\u00edpica por um pre\u00e7o bem acess\u00edvel, garantindo uma experi\u00eancia memor\u00e1vel sem grandes despesas.<\/p>\n\n\n\n<figure class=\"wp-block-image size-large\"><img loading=\"lazy\" decoding=\"async\" width=\"1024\" height=\"576\" src=\"https:\/\/www.em.com.br\/emfoco\/wp-content\/uploads\/2025\/01\/Budapest_1736884807348-1024x576.jpg\" alt=\"Viajar Pelo Mundo Sem Gastar Muito? Veja os Melhores Destinos Acess\u00edveis!\" class=\"wp-image-10732\" srcset=\"https:\/\/www.em.com.br\/emfoco\/wp-content\/uploads\/2025\/01\/Budapest_1736884807348-1024x576.jpg 1024w, https:\/\/www.em.com.br\/emfoco\/wp-content\/uploads\/2025\/01\/Budapest_1736884807348-300x169.jpg 300w, https:\/\/www.em.com.br\/emfoco\/wp-content\/uploads\/2025\/01\/Budapest_1736884807348-768x432.jpg 768w, https:\/\/www.em.com.br\/emfoco\/wp-content\/uploads\/2025\/01\/Budapest_1736884807348-750x422.jpg 750w, https:\/\/www.em.com.br\/emfoco\/wp-content\/uploads\/2025\/01\/Budapest_1736884807348-1140x641.jpg 1140w, https:\/\/www.em.com.br\/emfoco\/wp-content\/uploads\/2025\/01\/Budapest_1736884807348.jpg 1280w\" sizes=\"auto, (max-width: 1024px) 100vw, 1024px\" \/><figcaption class=\"wp-element-caption\">Budapeste &#8211; Cr\u00e9ditos: depositphotos.com \/ resulmuslu<\/figcaption><\/figure>\n\n\n\n<h2 class=\"wp-block-heading\">Apreciando as Belezas de Quito, Equador, de Forma Econ\u00f4mica<\/h2>\n\n\n\n<p>Quito, com sua localiza\u00e7\u00e3o \u00fanica nos Andes, oferece uma experi\u00eancia cultural rica e acess\u00edvel. Como capital do Equador, seu centro hist\u00f3rico \u00e9 um Patrim\u00f4nio Mundial da UNESCO, conhecido pela impressionante arquitetura colonial, facilmente explor\u00e1vel a p\u00e9 sem custos elevados.<\/p>\n\n\n\n<p>Al\u00e9m disso, atra\u00e7\u00f5es como o monumento Mitad del Mundo oferecem experi\u00eancias \u00fanicas por um custo modesto. A gastronomia local, altamente saborosa e dispon\u00edvel a pre\u00e7os variados, torna a cidade ainda mais atraente para turistas conscientes do or\u00e7amento.<\/p>\n\n\n\n<figure class=\"wp-block-image size-large\"><img loading=\"lazy\" decoding=\"async\" width=\"1024\" height=\"576\" src=\"https:\/\/www.em.com.br\/emfoco\/wp-content\/uploads\/2025\/01\/Quito-Equador_1736884866478-1024x576.jpg\" alt=\"Viajar Pelo Mundo Sem Gastar Muito? Veja os Melhores Destinos Acess\u00edveis!\" class=\"wp-image-10734\" srcset=\"https:\/\/www.em.com.br\/emfoco\/wp-content\/uploads\/2025\/01\/Quito-Equador_1736884866478-1024x576.jpg 1024w, https:\/\/www.em.com.br\/emfoco\/wp-content\/uploads\/2025\/01\/Quito-Equador_1736884866478-300x169.jpg 300w, https:\/\/www.em.com.br\/emfoco\/wp-content\/uploads\/2025\/01\/Quito-Equador_1736884866478-768x432.jpg 768w, https:\/\/www.em.com.br\/emfoco\/wp-content\/uploads\/2025\/01\/Quito-Equador_1736884866478-750x422.jpg 750w, https:\/\/www.em.com.br\/emfoco\/wp-content\/uploads\/2025\/01\/Quito-Equador_1736884866478-1140x641.jpg 1140w, https:\/\/www.em.com.br\/emfoco\/wp-content\/uploads\/2025\/01\/Quito-Equador_1736884866478.jpg 1280w\" sizes=\"auto, (max-width: 1024px) 100vw, 1024px\" \/><figcaption class=\"wp-element-caption\">Quito, Equador &#8211; Cr\u00e9ditos: depositphotos.com \/ Photosimo<\/figcaption><\/figure>\n\n\n\n<h2 class=\"wp-block-heading\">Descubra a Vibra\u00e7\u00e3o de Marrakech, Marrocos, por Menos<\/h2>\n\n\n\n<p>Marrakech, uma cidade no cora\u00e7\u00e3o de <strong><a href=\"https:\/\/pt.wikipedia.org\/wiki\/Marrocos\" target=\"_blank\" rel=\"noreferrer noopener\">Marrocos<\/a><\/strong>, \u00e9 conhecida por sua cultura vibrante e suas cores e sabores ex\u00f3ticos. A pra\u00e7a Jemaa el-Fnaa \u00e9 famosa pela energia vibrante, onde a vida local e o turismo encontram um equil\u00edbrio perfeito.<\/p>\n\n\n\n<p>Os souks s\u00e3o ideais para quem busca souvenirs aut\u00eanticos a pre\u00e7os agrad\u00e1veis. A hospitalidade em riads t\u00edpicos ressalta a sofistica\u00e7\u00e3o acess\u00edvel, enquanto a rica culin\u00e1ria marroquina, com pratos como o tagine, pode ser desfrutada sem sair do or\u00e7amento.<\/p>\n\n\n\n<figure class=\"wp-block-image size-large\"><img loading=\"lazy\" decoding=\"async\" width=\"1024\" height=\"576\" src=\"https:\/\/www.em.com.br\/emfoco\/wp-content\/uploads\/2025\/01\/Marrakech_1736884921876-1024x576.jpg\" alt=\"Viajar Pelo Mundo Sem Gastar Muito? Veja os Melhores Destinos Acess\u00edveis!\" class=\"wp-image-10735\" srcset=\"https:\/\/www.em.com.br\/emfoco\/wp-content\/uploads\/2025\/01\/Marrakech_1736884921876-1024x576.jpg 1024w, https:\/\/www.em.com.br\/emfoco\/wp-content\/uploads\/2025\/01\/Marrakech_1736884921876-300x169.jpg 300w, https:\/\/www.em.com.br\/emfoco\/wp-content\/uploads\/2025\/01\/Marrakech_1736884921876-768x432.jpg 768w, https:\/\/www.em.com.br\/emfoco\/wp-content\/uploads\/2025\/01\/Marrakech_1736884921876-750x422.jpg 750w, https:\/\/www.em.com.br\/emfoco\/wp-content\/uploads\/2025\/01\/Marrakech_1736884921876-1140x641.jpg 1140w, https:\/\/www.em.com.br\/emfoco\/wp-content\/uploads\/2025\/01\/Marrakech_1736884921876.jpg 1280w\" sizes=\"auto, (max-width: 1024px) 100vw, 1024px\" \/><figcaption class=\"wp-element-caption\">Marrakech, Marrocos &#8211; Cr\u00e9ditos: depositphotos.com \/ kasto<\/figcaption><\/figure>\n\n\n\n<p>Esses destinos provam que experi\u00eancias culturais intensas e aventuras inesquec\u00edveis podem estar ao alcance de qualquer viajante, bastando um pouco de pesquisa e um planejamento cuidadoso para aproveitar o m\u00e1ximo do que cada lugar tem a oferecer sem comprometer as finan\u00e7as.<\/p>\n","protected":false},"excerpt":{"rendered":"<p>Viajar oferece a oportunidade de conhecer novas culturas e paisagens, mas muitas vezes o or\u00e7amento pode limitar as op\u00e7\u00f5es. Felizmente, alguns destinos ao redor do mundo s\u00e3o bem conhecidos por proporcionar experi\u00eancias excepcionais a custos acess\u00edveis, permitindo que mais pessoas realizem o sonho de explorar o mundo sem grandes despesas. A ideia de viajar sem [&hellip;]<\/p>\n","protected":false},"author":5,"featured_media":10726,"comment_status":"open","ping_status":"open","sticky":false,"template":"","format":"standard","meta":{"jnews-multi-image_gallery":[],"jnews_single_post":{"format":"standard"},"jnews_primary_category":[],"jnews_social_meta":[],"jnews_override_counter":[],"footnotes":""},"categories":[26,1],"tags":[158,2387,157,643],"class_list":["post-10719","post","type-post","status-publish","format-standard","has-post-thumbnail","hentry","category-cidades","category-noticias","tag-brasil","tag-internacional","tag-turismo","tag-viagens"],"yoast_head":"<!-- This site is optimized with the Yoast SEO plugin v23.8 - https:\/\/yoast.com\/wordpress\/plugins\/seo\/ -->\n<title>Viajar Pelo Mundo Sem Gastar Muito? Veja os Melhores Destinos Acess\u00edveis! - Estado de Minas - Em foco<\/title>\n<meta name=\"description\" content=\"Viaje sem comprometer as finan\u00e7as! Descubra destinos baratos e incr\u00edveis para viver aventuras enriquecedoras pelo mundo.\" \/>\n<meta name=\"robots\" content=\"index, follow, max-snippet:-1, max-image-preview:large, max-video-preview:-1\" \/>\n<link rel=\"canonical\" href=\"https:\/\/www.em.com.br\/emfoco\/2025\/01\/22\/viajar-pelo-mundo-sem-gastar-muito-veja-os-melhores-destinos-acessiveis\/\" \/>\n<meta property=\"og:locale\" content=\"pt_BR\" \/>\n<meta property=\"og:type\" content=\"article\" \/>\n<meta property=\"og:title\" content=\"Viajar Pelo Mundo Sem Gastar Muito? Veja os Melhores Destinos Acess\u00edveis! - Estado de Minas - Em foco\" \/>\n<meta property=\"og:description\" content=\"Viaje sem comprometer as finan\u00e7as! Descubra destinos baratos e incr\u00edveis para viver aventuras enriquecedoras pelo mundo.\" \/>\n<meta property=\"og:url\" content=\"https:\/\/www.em.com.br\/emfoco\/2025\/01\/22\/viajar-pelo-mundo-sem-gastar-muito-veja-os-melhores-destinos-acessiveis\/\" \/>\n<meta property=\"og:site_name\" content=\"Estado de Minas - Em foco\" \/>\n<meta property=\"article:published_time\" content=\"2025-01-22T16:40:00+00:00\" \/>\n<meta property=\"article:modified_time\" content=\"2025-01-20T15:09:28+00:00\" \/>\n<meta property=\"og:image\" content=\"https:\/\/www.em.com.br\/emfoco\/wp-content\/uploads\/2025\/01\/Budapeste_1736884550105.jpg\" \/>\n\t<meta property=\"og:image:width\" content=\"1280\" \/>\n\t<meta property=\"og:image:height\" content=\"720\" \/>\n\t<meta property=\"og:image:type\" content=\"image\/jpeg\" \/>\n<meta name=\"author\" content=\"N\u00fabia Rangel\" \/>\n<meta name=\"twitter:card\" content=\"summary_large_image\" \/>\n<meta name=\"twitter:label1\" content=\"Escrito por\" \/>\n\t<meta name=\"twitter:data1\" content=\"N\u00fabia Rangel\" \/>\n\t<meta name=\"twitter:label2\" content=\"Est. tempo de leitura\" \/>\n\t<meta name=\"twitter:data2\" content=\"5 minutos\" \/>\n<!-- \/ Yoast SEO plugin. -->","yoast_head_json":{"title":"Viajar Pelo Mundo Sem Gastar Muito? Veja os Melhores Destinos Acess\u00edveis! - Estado de Minas - Em foco","description":"Viaje sem comprometer as finan\u00e7as! Descubra destinos baratos e incr\u00edveis para viver aventuras enriquecedoras pelo mundo.","robots":{"index":"index","follow":"follow","max-snippet":"max-snippet:-1","max-image-preview":"max-image-preview:large","max-video-preview":"max-video-preview:-1"},"canonical":"https:\/\/www.em.com.br\/emfoco\/2025\/01\/22\/viajar-pelo-mundo-sem-gastar-muito-veja-os-melhores-destinos-acessiveis\/","og_locale":"pt_BR","og_type":"article","og_title":"Viajar Pelo Mundo Sem Gastar Muito? Veja os Melhores Destinos Acess\u00edveis! - Estado de Minas - Em foco","og_description":"Viaje sem comprometer as finan\u00e7as! Descubra destinos baratos e incr\u00edveis para viver aventuras enriquecedoras pelo mundo.","og_url":"https:\/\/www.em.com.br\/emfoco\/2025\/01\/22\/viajar-pelo-mundo-sem-gastar-muito-veja-os-melhores-destinos-acessiveis\/","og_site_name":"Estado de Minas - Em foco","article_published_time":"2025-01-22T16:40:00+00:00","article_modified_time":"2025-01-20T15:09:28+00:00","og_image":[{"width":1280,"height":720,"url":"https:\/\/www.em.com.br\/emfoco\/wp-content\/uploads\/2025\/01\/Budapeste_1736884550105.jpg","type":"image\/jpeg"}],"author":"N\u00fabia Rangel","twitter_card":"summary_large_image","twitter_misc":{"Escrito por":"N\u00fabia Rangel","Est. tempo de leitura":"5 minutos"},"schema":{"@context":"https:\/\/schema.org","@graph":[{"@type":"WebPage","@id":"https:\/\/www.em.com.br\/emfoco\/2025\/01\/22\/viajar-pelo-mundo-sem-gastar-muito-veja-os-melhores-destinos-acessiveis\/","url":"https:\/\/www.em.com.br\/emfoco\/2025\/01\/22\/viajar-pelo-mundo-sem-gastar-muito-veja-os-melhores-destinos-acessiveis\/","name":"Viajar Pelo Mundo Sem Gastar Muito? Veja os Melhores Destinos Acess\u00edveis! - Estado de Minas - Em foco","isPartOf":{"@id":"https:\/\/www.em.com.br\/emfoco\/#website"},"primaryImageOfPage":{"@id":"https:\/\/www.em.com.br\/emfoco\/2025\/01\/22\/viajar-pelo-mundo-sem-gastar-muito-veja-os-melhores-destinos-acessiveis\/#primaryimage"},"image":{"@id":"https:\/\/www.em.com.br\/emfoco\/2025\/01\/22\/viajar-pelo-mundo-sem-gastar-muito-veja-os-melhores-destinos-acessiveis\/#primaryimage"},"thumbnailUrl":"https:\/\/www.em.com.br\/emfoco\/wp-content\/uploads\/2025\/01\/Budapeste_1736884550105.jpg","datePublished":"2025-01-22T16:40:00+00:00","dateModified":"2025-01-20T15:09:28+00:00","author":{"@id":"https:\/\/www.em.com.br\/emfoco\/#\/schema\/person\/524437ef54f8a5d32591b143307f2e20"},"description":"Viaje sem comprometer as finan\u00e7as! Descubra destinos baratos e incr\u00edveis para viver aventuras enriquecedoras pelo mundo.","breadcrumb":{"@id":"https:\/\/www.em.com.br\/emfoco\/2025\/01\/22\/viajar-pelo-mundo-sem-gastar-muito-veja-os-melhores-destinos-acessiveis\/#breadcrumb"},"inLanguage":"pt-BR","potentialAction":[{"@type":"ReadAction","target":["https:\/\/www.em.com.br\/emfoco\/2025\/01\/22\/viajar-pelo-mundo-sem-gastar-muito-veja-os-melhores-destinos-acessiveis\/"]}]},{"@type":"ImageObject","inLanguage":"pt-BR","@id":"https:\/\/www.em.com.br\/emfoco\/2025\/01\/22\/viajar-pelo-mundo-sem-gastar-muito-veja-os-melhores-destinos-acessiveis\/#primaryimage","url":"https:\/\/www.em.com.br\/emfoco\/wp-content\/uploads\/2025\/01\/Budapeste_1736884550105.jpg","contentUrl":"https:\/\/www.em.com.br\/emfoco\/wp-content\/uploads\/2025\/01\/Budapeste_1736884550105.jpg","width":1280,"height":720,"caption":"Foto panor\u00e2mica de Budapeste - Cr\u00e9ditos: depositphotos.com \/ Givaga"},{"@type":"BreadcrumbList","@id":"https:\/\/www.em.com.br\/emfoco\/2025\/01\/22\/viajar-pelo-mundo-sem-gastar-muito-veja-os-melhores-destinos-acessiveis\/#breadcrumb","itemListElement":[{"@type":"ListItem","position":1,"name":"In\u00edcio","item":"https:\/\/www.em.com.br\/emfoco\/"},{"@type":"ListItem","position":2,"name":"Viajar Pelo Mundo Sem Gastar Muito? Veja os Melhores Destinos Acess\u00edveis!"}]},{"@type":"WebSite","@id":"https:\/\/www.em.com.br\/emfoco\/#website","url":"https:\/\/www.em.com.br\/emfoco\/","name":"Estado de Minas - Em foco","description":"Acompanhe as \u00faltimas not\u00edcias e fique bem informado sobre tudo o que acontece em Minas Gerais, Brasil e no mundo.","potentialAction":[{"@type":"SearchAction","target":{"@type":"EntryPoint","urlTemplate":"https:\/\/www.em.com.br\/emfoco\/?s={search_term_string}"},"query-input":{"@type":"PropertyValueSpecification","valueRequired":true,"valueName":"search_term_string"}}],"inLanguage":"pt-BR"},{"@type":"Person","@id":"https:\/\/www.em.com.br\/emfoco\/#\/schema\/person\/524437ef54f8a5d32591b143307f2e20","name":"N\u00fabia Rangel","image":{"@type":"ImageObject","inLanguage":"pt-BR","@id":"https:\/\/www.em.com.br\/emfoco\/#\/schema\/person\/image\/","url":"https:\/\/secure.gravatar.com\/avatar\/47cff2827a5ba23c37e8068c86817ea4?s=96&d=mm&r=g","contentUrl":"https:\/\/secure.gravatar.com\/avatar\/47cff2827a5ba23c37e8068c86817ea4?s=96&d=mm&r=g","caption":"N\u00fabia Rangel"},"sameAs":["https:\/\/www.em.com.br\/emfoco\/"],"url":"https:\/\/www.em.com.br\/emfoco\/author\/nubiamyth\/"}]}},"_links":{"self":[{"href":"https:\/\/www.em.com.br\/emfoco\/wp-json\/wp\/v2\/posts\/10719","targetHints":{"allow":["GET"]}}],"collection":[{"href":"https:\/\/www.em.com.br\/emfoco\/wp-json\/wp\/v2\/posts"}],"about":[{"href":"https:\/\/www.em.com.br\/emfoco\/wp-json\/wp\/v2\/types\/post"}],"author":[{"embeddable":true,"href":"https:\/\/www.em.com.br\/emfoco\/wp-json\/wp\/v2\/users\/5"}],"replies":[{"embeddable":true,"href":"https:\/\/www.em.com.br\/emfoco\/wp-json\/wp\/v2\/comments?post=10719"}],"version-history":[{"count":2,"href":"https:\/\/www.em.com.br\/emfoco\/wp-json\/wp\/v2\/posts\/10719\/revisions"}],"predecessor-version":[{"id":10736,"href":"https:\/\/www.em.com.br\/emfoco\/wp-json\/wp\/v2\/posts\/10719\/revisions\/10736"}],"wp:featuredmedia":[{"embeddable":true,"href":"https:\/\/www.em.com.br\/emfoco\/wp-json\/wp\/v2\/media\/10726"}],"wp:attachment":[{"href":"https:\/\/www.em.com.br\/emfoco\/wp-json\/wp\/v2\/media?parent=10719"}],"wp:term":[{"taxonomy":"category","embeddable":true,"href":"https:\/\/www.em.com.br\/emfoco\/wp-json\/wp\/v2\/categories?post=10719"},{"taxonomy":"post_tag","embeddable":true,"href":"https:\/\/www.em.com.br\/emfoco\/wp-json\/wp\/v2\/tags?post=10719"}],"curies":[{"name":"wp","href":"https:\/\/api.w.org\/{rel}","templated":true}]}}