{"id":107138,"date":"2025-09-24T13:28:00","date_gmt":"2025-09-24T16:28:00","guid":{"rendered":"https:\/\/www.em.com.br\/emfoco\/?p=107138"},"modified":"2025-09-23T18:07:09","modified_gmt":"2025-09-23T21:07:09","slug":"a-cor-que-mais-representa-a-tristeza-segundo-a-ciencia","status":"publish","type":"post","link":"https:\/\/www.em.com.br\/emfoco\/2025\/09\/24\/a-cor-que-mais-representa-a-tristeza-segundo-a-ciencia\/","title":{"rendered":"A cor que mais representa a tristeza segundo a ci\u00eancia"},"content":{"rendered":"\n<p>A rela\u00e7\u00e3o entre cores e emo\u00e7\u00f5es \u00e9 mais profunda do que parece. Estudos de psicologia e neuroci\u00eancia mostram que certos tons est\u00e3o diretamente associados \u00e0 tristeza e podem at\u00e9 influenciar o humor di\u00e1rio.<\/p>\n\n\n\n<ul class=\"wp-block-list\">\n<li>Cor mais associada \u00e0 tristeza e seus motivos<\/li>\n\n\n\n<li>Impacto das cores no humor e no bem-estar<\/li>\n\n\n\n<li>Aplica\u00e7\u00f5es pr\u00e1ticas em roupas, decora\u00e7\u00e3o e ambientes<\/li>\n<\/ul>\n\n\n\n<h2 class=\"wp-block-heading\">Qual \u00e9 a cor mais associada \u00e0 tristeza?<\/h2>\n\n\n\n<p>Pesquisas indicam que a <strong>cor azul<\/strong> \u00e9 a mais ligada \u00e0 tristeza, pois seu tom evoca introspec\u00e7\u00e3o e calmaria, mas tamb\u00e9m solid\u00e3o. <strong>A cor azul simboliza melancolia<\/strong> em diferentes contextos culturais e lingu\u00edsticos.<\/p>\n\n\n\n<p>Essa liga\u00e7\u00e3o n\u00e3o \u00e9 universal e pode variar conforme experi\u00eancias pessoais. No entanto, h\u00e1 consenso de que o azul, especialmente em tons frios e escuros, tende a remeter a estados emocionais mais retra\u00eddos e nost\u00e1lgicos.<\/p>\n\n\n\n<figure class=\"wp-block-image size-large\"><img loading=\"lazy\" decoding=\"async\" width=\"1024\" height=\"576\" src=\"https:\/\/www.em.com.br\/emfoco\/wp-content\/uploads\/2025\/09\/Parede-azul-_1758636408069-1024x576.jpg\" alt=\"A cor que mais representa a tristeza segundo a ci\u00eancia\" class=\"wp-image-107175\" srcset=\"https:\/\/www.em.com.br\/emfoco\/wp-content\/uploads\/2025\/09\/Parede-azul-_1758636408069-1024x576.jpg 1024w, https:\/\/www.em.com.br\/emfoco\/wp-content\/uploads\/2025\/09\/Parede-azul-_1758636408069-300x169.jpg 300w, https:\/\/www.em.com.br\/emfoco\/wp-content\/uploads\/2025\/09\/Parede-azul-_1758636408069-768x432.jpg 768w, https:\/\/www.em.com.br\/emfoco\/wp-content\/uploads\/2025\/09\/Parede-azul-_1758636408069-750x422.jpg 750w, https:\/\/www.em.com.br\/emfoco\/wp-content\/uploads\/2025\/09\/Parede-azul-_1758636408069-1140x641.jpg 1140w, https:\/\/www.em.com.br\/emfoco\/wp-content\/uploads\/2025\/09\/Parede-azul-_1758636408069.jpg 1280w\" sizes=\"auto, (max-width: 1024px) 100vw, 1024px\" \/><figcaption class=\"wp-element-caption\">Est\u00edmulo visual que induz \u00e0 introspec\u00e7\u00e3o emocional &#8211; Cr\u00e9ditos: depositphotos.com \/ A Studios<\/figcaption><\/figure>\n\n\n\n<h2 class=\"wp-block-heading\">Como as cores influenciam o humor no dia a dia?<\/h2>\n\n\n\n<p>As cores n\u00e3o atuam apenas como est\u00edmulos visuais, mas afetam rea\u00e7\u00f5es fisiol\u00f3gicas e emocionais. Elas podem energizar, acalmar ou at\u00e9 gerar ansiedade, de acordo com a intensidade e contexto de uso.<\/p>\n\n\n\n<ul class=\"wp-block-list\">\n<li><strong>Vermelho intenso<\/strong>: aumenta energia e pode elevar ansiedade<\/li>\n\n\n\n<li>Verde suave: transmite equil\u00edbrio e sensa\u00e7\u00e3o de seguran\u00e7a<\/li>\n\n\n\n<li>Amarelo vibrante: estimula otimismo e favorece a criatividade<\/li>\n<\/ul>\n\n\n\n<p><em>Leia mais: <a href=\"https:\/\/www.em.com.br\/emfoco\/2025\/09\/14\/sonhar-com-agua-frequentemente-pode-revelar-segredos-da-mente\/\" target=\"_blank\" rel=\"noreferrer noopener\">Sonhar com \u00e1gua frequentemente pode revelar segredos da mente<\/a><\/em><\/p>\n\n\n\n<h2 class=\"wp-block-heading\">Por que o azul foi ligado \u00e0 tristeza em diferentes culturas?<\/h2>\n\n\n\n<p>A associa\u00e7\u00e3o vem de tradi\u00e7\u00f5es lingu\u00edsticas e art\u00edsticas que utilizam o azul para expressar melancolia. Em m\u00fasicas, literatura e artes visuais, ele \u00e9 usado para traduzir perda, solid\u00e3o ou reflex\u00e3o profunda.<\/p>\n\n\n\n<p>Neurocientistas apontam que tons frios diminuem a excita\u00e7\u00e3o cerebral, o que pode refor\u00e7ar a sensa\u00e7\u00e3o de quietude e recolhimento. Essa percep\u00e7\u00e3o ajuda a consolidar o azul como s\u00edmbolo de tristeza globalmente.<\/p>\n\n\n\n<figure class=\"wp-block-image size-large\"><img loading=\"lazy\" decoding=\"async\" width=\"1024\" height=\"576\" src=\"https:\/\/www.em.com.br\/emfoco\/wp-content\/uploads\/2025\/09\/Cor-azul_1758636456523-1024x576.jpg\" alt=\"A cor que mais representa a tristeza segundo a ci\u00eancia\" class=\"wp-image-107176\" srcset=\"https:\/\/www.em.com.br\/emfoco\/wp-content\/uploads\/2025\/09\/Cor-azul_1758636456523-1024x576.jpg 1024w, https:\/\/www.em.com.br\/emfoco\/wp-content\/uploads\/2025\/09\/Cor-azul_1758636456523-300x169.jpg 300w, https:\/\/www.em.com.br\/emfoco\/wp-content\/uploads\/2025\/09\/Cor-azul_1758636456523-768x432.jpg 768w, https:\/\/www.em.com.br\/emfoco\/wp-content\/uploads\/2025\/09\/Cor-azul_1758636456523-750x422.jpg 750w, https:\/\/www.em.com.br\/emfoco\/wp-content\/uploads\/2025\/09\/Cor-azul_1758636456523-1140x641.jpg 1140w, https:\/\/www.em.com.br\/emfoco\/wp-content\/uploads\/2025\/09\/Cor-azul_1758636456523.jpg 1280w\" sizes=\"auto, (max-width: 1024px) 100vw, 1024px\" \/><figcaption class=\"wp-element-caption\">Ativa\u00e7\u00e3o neurol\u00f3gica reduzida que favorece melancolia &#8211;  Cr\u00e9ditos: depositphotos.com \/ MicEnin<\/figcaption><\/figure>\n\n\n\n<h2 class=\"wp-block-heading\">As cores podem alterar percep\u00e7\u00f5es em ambientes sociais?<\/h2>\n\n\n\n<p>Sim, ambientes pintados ou iluminados com certas cores podem <a href=\"https:\/\/www.significados.com.br\/psicologia-das-cores\/\" target=\"_blank\" rel=\"noreferrer noopener\">influenciar comportamentos e intera\u00e7\u00f5es<\/a>. Salas em tons quentes tendem a incentivar conversas, enquanto espa\u00e7os frios promovem concentra\u00e7\u00e3o.<\/p>\n\n\n\n<p>Isso explica por que restaurantes utilizam vermelho e laranja para estimular apetite e conviv\u00eancia, enquanto bibliotecas e consult\u00f3rios optam por azuis e verdes para refor\u00e7ar sil\u00eancio e calma.<\/p>\n\n\n\n<h2 class=\"wp-block-heading\">Como aplicar esse conhecimento de forma pr\u00e1tica?<\/h2>\n\n\n\n<p>Entender o impacto das cores pode melhorar escolhas no dia a dia, seja no estilo pessoal ou nos ambientes frequentados. Essa aten\u00e7\u00e3o ajuda a alinhar emo\u00e7\u00f5es ao espa\u00e7o e \u00e0 imagem transmitida.<\/p>\n\n\n\n<ul class=\"wp-block-list\">\n<li><strong>Roupas escuras<\/strong>: refor\u00e7am sobriedade e introspec\u00e7\u00e3o<\/li>\n\n\n\n<li>Decora\u00e7\u00e3o clara: amplia sensa\u00e7\u00e3o de leveza e acolhimento<\/li>\n\n\n\n<li>Luz colorida: ajusta energia e cria atmosferas personalizadas<\/li>\n<\/ul>\n","protected":false},"excerpt":{"rendered":"<p>A rela\u00e7\u00e3o entre cores e emo\u00e7\u00f5es \u00e9 mais profunda do que parece. Estudos de psicologia e neuroci\u00eancia mostram que certos tons est\u00e3o diretamente associados \u00e0 tristeza e podem at\u00e9 influenciar o humor di\u00e1rio. Qual \u00e9 a cor mais associada \u00e0 tristeza? Pesquisas indicam que a cor azul \u00e9 a mais ligada \u00e0 tristeza, pois seu [&hellip;]<\/p>\n","protected":false},"author":13,"featured_media":107169,"comment_status":"open","ping_status":"open","sticky":false,"template":"","format":"standard","meta":{"jnews-multi-image_gallery":[],"jnews_single_post":{"format":"standard"},"jnews_primary_category":[],"jnews_social_meta":[],"jnews_override_counter":[],"footnotes":""},"categories":[8819,1],"tags":[12314,8991,5155],"class_list":["post-107138","post","type-post","status-publish","format-standard","has-post-thumbnail","hentry","category-curiosidades","category-noticias","tag-ambientes-internos","tag-cor","tag-psicologia"],"yoast_head":"<!-- This site is optimized with the Yoast SEO plugin v23.8 - https:\/\/yoast.com\/wordpress\/plugins\/seo\/ -->\n<title>A cor que mais representa a tristeza segundo a ci\u00eancia - Estado de Minas - Em foco<\/title>\n<meta name=\"description\" content=\"A psicologia das cores mostra que o azul escuro pode impactar seu humor e refor\u00e7ar sentimentos como tristeza e introspec\u00e7\u00e3o.\" \/>\n<meta name=\"robots\" content=\"index, follow, max-snippet:-1, max-image-preview:large, max-video-preview:-1\" \/>\n<link rel=\"canonical\" href=\"https:\/\/www.em.com.br\/emfoco\/2025\/09\/24\/a-cor-que-mais-representa-a-tristeza-segundo-a-ciencia\/\" \/>\n<meta property=\"og:locale\" content=\"pt_BR\" \/>\n<meta property=\"og:type\" content=\"article\" \/>\n<meta property=\"og:title\" content=\"A cor que mais representa a tristeza segundo a ci\u00eancia - Estado de Minas - Em foco\" \/>\n<meta property=\"og:description\" content=\"A psicologia das cores mostra que o azul escuro pode impactar seu humor e refor\u00e7ar sentimentos como tristeza e introspec\u00e7\u00e3o.\" \/>\n<meta property=\"og:url\" content=\"https:\/\/www.em.com.br\/emfoco\/2025\/09\/24\/a-cor-que-mais-representa-a-tristeza-segundo-a-ciencia\/\" \/>\n<meta property=\"og:site_name\" content=\"Estado de Minas - Em foco\" \/>\n<meta property=\"article:published_time\" content=\"2025-09-24T16:28:00+00:00\" \/>\n<meta property=\"article:modified_time\" content=\"2025-09-23T21:07:09+00:00\" \/>\n<meta property=\"og:image\" content=\"https:\/\/www.em.com.br\/emfoco\/wp-content\/uploads\/2025\/09\/Tristeza_1758635749734.jpg\" \/>\n\t<meta property=\"og:image:width\" content=\"1280\" \/>\n\t<meta property=\"og:image:height\" content=\"720\" \/>\n\t<meta property=\"og:image:type\" content=\"image\/jpeg\" \/>\n<meta name=\"author\" content=\"Gabriel Martins\" \/>\n<meta name=\"twitter:card\" content=\"summary_large_image\" \/>\n<meta name=\"twitter:label1\" content=\"Escrito por\" \/>\n\t<meta name=\"twitter:data1\" content=\"Gabriel Martins\" \/>\n\t<meta name=\"twitter:label2\" content=\"Est. tempo de leitura\" \/>\n\t<meta name=\"twitter:data2\" content=\"3 minutos\" \/>\n<!-- \/ Yoast SEO plugin. -->","yoast_head_json":{"title":"A cor que mais representa a tristeza segundo a ci\u00eancia - Estado de Minas - Em foco","description":"A psicologia das cores mostra que o azul escuro pode impactar seu humor e refor\u00e7ar sentimentos como tristeza e introspec\u00e7\u00e3o.","robots":{"index":"index","follow":"follow","max-snippet":"max-snippet:-1","max-image-preview":"max-image-preview:large","max-video-preview":"max-video-preview:-1"},"canonical":"https:\/\/www.em.com.br\/emfoco\/2025\/09\/24\/a-cor-que-mais-representa-a-tristeza-segundo-a-ciencia\/","og_locale":"pt_BR","og_type":"article","og_title":"A cor que mais representa a tristeza segundo a ci\u00eancia - Estado de Minas - Em foco","og_description":"A psicologia das cores mostra que o azul escuro pode impactar seu humor e refor\u00e7ar sentimentos como tristeza e introspec\u00e7\u00e3o.","og_url":"https:\/\/www.em.com.br\/emfoco\/2025\/09\/24\/a-cor-que-mais-representa-a-tristeza-segundo-a-ciencia\/","og_site_name":"Estado de Minas - Em foco","article_published_time":"2025-09-24T16:28:00+00:00","article_modified_time":"2025-09-23T21:07:09+00:00","og_image":[{"width":1280,"height":720,"url":"https:\/\/www.em.com.br\/emfoco\/wp-content\/uploads\/2025\/09\/Tristeza_1758635749734.jpg","type":"image\/jpeg"}],"author":"Gabriel Martins","twitter_card":"summary_large_image","twitter_misc":{"Escrito por":"Gabriel Martins","Est. tempo de leitura":"3 minutos"},"schema":{"@context":"https:\/\/schema.org","@graph":[{"@type":"WebPage","@id":"https:\/\/www.em.com.br\/emfoco\/2025\/09\/24\/a-cor-que-mais-representa-a-tristeza-segundo-a-ciencia\/","url":"https:\/\/www.em.com.br\/emfoco\/2025\/09\/24\/a-cor-que-mais-representa-a-tristeza-segundo-a-ciencia\/","name":"A cor que mais representa a tristeza segundo a ci\u00eancia - Estado de Minas - Em foco","isPartOf":{"@id":"https:\/\/www.em.com.br\/emfoco\/#website"},"primaryImageOfPage":{"@id":"https:\/\/www.em.com.br\/emfoco\/2025\/09\/24\/a-cor-que-mais-representa-a-tristeza-segundo-a-ciencia\/#primaryimage"},"image":{"@id":"https:\/\/www.em.com.br\/emfoco\/2025\/09\/24\/a-cor-que-mais-representa-a-tristeza-segundo-a-ciencia\/#primaryimage"},"thumbnailUrl":"https:\/\/www.em.com.br\/emfoco\/wp-content\/uploads\/2025\/09\/Tristeza_1758635749734.jpg","datePublished":"2025-09-24T16:28:00+00:00","dateModified":"2025-09-23T21:07:09+00:00","author":{"@id":"https:\/\/www.em.com.br\/emfoco\/#\/schema\/person\/1c9ddeab18b98abeffef834667bcf08a"},"description":"A psicologia das cores mostra que o azul escuro pode impactar seu humor e refor\u00e7ar sentimentos como tristeza e introspec\u00e7\u00e3o.","breadcrumb":{"@id":"https:\/\/www.em.com.br\/emfoco\/2025\/09\/24\/a-cor-que-mais-representa-a-tristeza-segundo-a-ciencia\/#breadcrumb"},"inLanguage":"pt-BR","potentialAction":[{"@type":"ReadAction","target":["https:\/\/www.em.com.br\/emfoco\/2025\/09\/24\/a-cor-que-mais-representa-a-tristeza-segundo-a-ciencia\/"]}]},{"@type":"ImageObject","inLanguage":"pt-BR","@id":"https:\/\/www.em.com.br\/emfoco\/2025\/09\/24\/a-cor-que-mais-representa-a-tristeza-segundo-a-ciencia\/#primaryimage","url":"https:\/\/www.em.com.br\/emfoco\/wp-content\/uploads\/2025\/09\/Tristeza_1758635749734.jpg","contentUrl":"https:\/\/www.em.com.br\/emfoco\/wp-content\/uploads\/2025\/09\/Tristeza_1758635749734.jpg","width":1280,"height":720,"caption":"Ambientes com tons azulados que refor\u00e7am isolamento social - Cr\u00e9ditos: depositphotos.com \/ VitalikRadko"},{"@type":"BreadcrumbList","@id":"https:\/\/www.em.com.br\/emfoco\/2025\/09\/24\/a-cor-que-mais-representa-a-tristeza-segundo-a-ciencia\/#breadcrumb","itemListElement":[{"@type":"ListItem","position":1,"name":"In\u00edcio","item":"https:\/\/www.em.com.br\/emfoco\/"},{"@type":"ListItem","position":2,"name":"A cor que mais representa a tristeza segundo a ci\u00eancia"}]},{"@type":"WebSite","@id":"https:\/\/www.em.com.br\/emfoco\/#website","url":"https:\/\/www.em.com.br\/emfoco\/","name":"Estado de Minas - Em foco","description":"Acompanhe as \u00faltimas not\u00edcias e fique bem informado sobre tudo o que acontece em Minas Gerais, Brasil e no mundo.","potentialAction":[{"@type":"SearchAction","target":{"@type":"EntryPoint","urlTemplate":"https:\/\/www.em.com.br\/emfoco\/?s={search_term_string}"},"query-input":{"@type":"PropertyValueSpecification","valueRequired":true,"valueName":"search_term_string"}}],"inLanguage":"pt-BR"},{"@type":"Person","@id":"https:\/\/www.em.com.br\/emfoco\/#\/schema\/person\/1c9ddeab18b98abeffef834667bcf08a","name":"Gabriel Martins","image":{"@type":"ImageObject","inLanguage":"pt-BR","@id":"https:\/\/www.em.com.br\/emfoco\/#\/schema\/person\/image\/","url":"https:\/\/secure.gravatar.com\/avatar\/f0f1e2efdfd88f1ad2cb08c5c2731e50?s=96&d=mm&r=g","contentUrl":"https:\/\/secure.gravatar.com\/avatar\/f0f1e2efdfd88f1ad2cb08c5c2731e50?s=96&d=mm&r=g","caption":"Gabriel Martins"},"sameAs":["https:\/\/www.em.com.br\/emfoco\/"],"url":"https:\/\/www.em.com.br\/emfoco\/author\/gabrielmartinsmyth\/"}]}},"_links":{"self":[{"href":"https:\/\/www.em.com.br\/emfoco\/wp-json\/wp\/v2\/posts\/107138","targetHints":{"allow":["GET"]}}],"collection":[{"href":"https:\/\/www.em.com.br\/emfoco\/wp-json\/wp\/v2\/posts"}],"about":[{"href":"https:\/\/www.em.com.br\/emfoco\/wp-json\/wp\/v2\/types\/post"}],"author":[{"embeddable":true,"href":"https:\/\/www.em.com.br\/emfoco\/wp-json\/wp\/v2\/users\/13"}],"replies":[{"embeddable":true,"href":"https:\/\/www.em.com.br\/emfoco\/wp-json\/wp\/v2\/comments?post=107138"}],"version-history":[{"count":1,"href":"https:\/\/www.em.com.br\/emfoco\/wp-json\/wp\/v2\/posts\/107138\/revisions"}],"predecessor-version":[{"id":107178,"href":"https:\/\/www.em.com.br\/emfoco\/wp-json\/wp\/v2\/posts\/107138\/revisions\/107178"}],"wp:featuredmedia":[{"embeddable":true,"href":"https:\/\/www.em.com.br\/emfoco\/wp-json\/wp\/v2\/media\/107169"}],"wp:attachment":[{"href":"https:\/\/www.em.com.br\/emfoco\/wp-json\/wp\/v2\/media?parent=107138"}],"wp:term":[{"taxonomy":"category","embeddable":true,"href":"https:\/\/www.em.com.br\/emfoco\/wp-json\/wp\/v2\/categories?post=107138"},{"taxonomy":"post_tag","embeddable":true,"href":"https:\/\/www.em.com.br\/emfoco\/wp-json\/wp\/v2\/tags?post=107138"}],"curies":[{"name":"wp","href":"https:\/\/api.w.org\/{rel}","templated":true}]}}