{"id":107006,"date":"2025-09-23T15:28:00","date_gmt":"2025-09-23T18:28:00","guid":{"rendered":"https:\/\/www.em.com.br\/emfoco\/?p=107006"},"modified":"2025-09-22T23:04:50","modified_gmt":"2025-09-23T02:04:50","slug":"como-transformar-sua-casa-com-essas-plantas-ornamentais-faceis-de-cuidar","status":"publish","type":"post","link":"https:\/\/www.em.com.br\/emfoco\/2025\/09\/23\/como-transformar-sua-casa-com-essas-plantas-ornamentais-faceis-de-cuidar\/","title":{"rendered":"Como transformar sua casa com essas plantas ornamentais f\u00e1ceis de cuidar"},"content":{"rendered":"\n<p>Usar <strong>plantas na decora\u00e7\u00e3o<\/strong> \u00e9 tend\u00eancia para deixar os ambientes mais acolhedores e sofisticados. Elas purificam o ar, trazem frescor e podem ser cultivadas sem grandes dificuldades com os cuidados certos.<\/p>\n\n\n\n<ul class=\"wp-block-list\">\n<li>Plantas f\u00e1ceis de cultivar mesmo em espa\u00e7os pequenos<\/li>\n\n\n\n<li>Dicas de posicionamento para cada tipo de ambiente<\/li>\n\n\n\n<li>Cuidados pr\u00e1ticos para manter folhas sempre bonitas<\/li>\n<\/ul>\n\n\n\n<h2 class=\"wp-block-heading\">Por que as plantas viraram tend\u00eancia na decora\u00e7\u00e3o de interiores?<\/h2>\n\n\n\n<p>As plantas deixaram de ser apenas detalhe est\u00e9tico e hoje s\u00e3o pe\u00e7as centrais no design de interiores. <strong>Eles trazem aconchego, naturalidade e melhoram a qualidade do ar<\/strong>, criando equil\u00edbrio visual e emocional no ambiente.<\/p>\n\n\n\n<p>Al\u00e9m da beleza, muitos estudos associam a presen\u00e7a de <a href=\"https:\/\/herbarium.com.br\/blog\/2024\/04\/19\/conheca-plantas-medicinais-que-podem-amenizar-sintomas-do-estresse\/\" target=\"_blank\" rel=\"noreferrer noopener\">plantas \u00e0 redu\u00e7\u00e3o de estresse<\/a> e aumento da produtividade. Assim, tornam-se recurso acess\u00edvel e poderoso para transformar qualquer espa\u00e7o em lar mais vivo e inspirador.<\/p>\n\n\n\n<figure class=\"wp-block-image size-large\"><img loading=\"lazy\" decoding=\"async\" width=\"1024\" height=\"576\" src=\"https:\/\/www.em.com.br\/emfoco\/wp-content\/uploads\/2025\/09\/Zamioculca_1758581243825-1024x576.jpg\" alt=\"Como transformar sua casa com essas plantas ornamentais f\u00e1ceis de cuidar\" class=\"wp-image-107013\" srcset=\"https:\/\/www.em.com.br\/emfoco\/wp-content\/uploads\/2025\/09\/Zamioculca_1758581243825-1024x576.jpg 1024w, https:\/\/www.em.com.br\/emfoco\/wp-content\/uploads\/2025\/09\/Zamioculca_1758581243825-300x169.jpg 300w, https:\/\/www.em.com.br\/emfoco\/wp-content\/uploads\/2025\/09\/Zamioculca_1758581243825-768x432.jpg 768w, https:\/\/www.em.com.br\/emfoco\/wp-content\/uploads\/2025\/09\/Zamioculca_1758581243825-750x422.jpg 750w, https:\/\/www.em.com.br\/emfoco\/wp-content\/uploads\/2025\/09\/Zamioculca_1758581243825-1140x642.jpg 1140w, https:\/\/www.em.com.br\/emfoco\/wp-content\/uploads\/2025\/09\/Zamioculca_1758581243825.jpg 1279w\" sizes=\"auto, (max-width: 1024px) 100vw, 1024px\" \/><figcaption class=\"wp-element-caption\">Purifica\u00e7\u00e3o do ar que contribui para ambientes mais saud\u00e1veis &#8211; Cr\u00e9ditos: depositphotos.com \/ j_ilina<\/figcaption><\/figure>\n\n\n\n<h2 class=\"wp-block-heading\">Quais plantas est\u00e3o entre as mais usadas na decora\u00e7\u00e3o?<\/h2>\n\n\n\n<p>Algumas esp\u00e9cies ganharam destaque por unir resist\u00eancia, beleza e adapta\u00e7\u00e3o a diferentes espa\u00e7os. Confira as op\u00e7\u00f5es mais procuradas para salas, quartos e varandas atualmente.<\/p>\n\n\n\n<ul class=\"wp-block-list\">\n<li>Costela-de-ad\u00e3o: exuberante, combina com ambientes amplos<\/li>\n\n\n\n<li>Zamioculca: resistente e ideal para quem tem pouca luz natural<\/li>\n\n\n\n<li>Espada-de-S\u00e3o-Jorge: al\u00e9m de decorativa, ajuda na purifica\u00e7\u00e3o do ar<\/li>\n<\/ul>\n\n\n\n<h2 class=\"wp-block-heading\">Como cultivar plantas de interior com facilidade?<\/h2>\n\n\n\n<p>O cultivo depende de observar a necessidade de cada esp\u00e9cie quanto a luz, rega e aduba\u00e7\u00e3o. <strong>O segredo \u00e9 entender o ritmo de cada planta e ajustar os cuidados de acordo com o ambiente.<\/strong><\/p>\n\n\n\n<p>Rega em excesso \u00e9 um dos erros mais comuns. A recomenda\u00e7\u00e3o \u00e9 sempre verificar a umidade da terra antes de molhar. Al\u00e9m disso, adubar a cada dois meses mant\u00e9m os nutrientes ativos para folhas mais saud\u00e1veis.<\/p>\n\n\n\n<figure class=\"wp-block-image size-large\"><img loading=\"lazy\" decoding=\"async\" width=\"1024\" height=\"576\" src=\"https:\/\/www.em.com.br\/emfoco\/wp-content\/uploads\/2025\/09\/sansevieria_1757510073514-1024x576.jpg\" alt=\"Fa\u00e7a sua espada-de-S\u00e3o-Jorge crescer e florescer usando um copo de refrigerante\" class=\"wp-image-102601\" srcset=\"https:\/\/www.em.com.br\/emfoco\/wp-content\/uploads\/2025\/09\/sansevieria_1757510073514-1024x576.jpg 1024w, https:\/\/www.em.com.br\/emfoco\/wp-content\/uploads\/2025\/09\/sansevieria_1757510073514-300x169.jpg 300w, https:\/\/www.em.com.br\/emfoco\/wp-content\/uploads\/2025\/09\/sansevieria_1757510073514-768x432.jpg 768w, https:\/\/www.em.com.br\/emfoco\/wp-content\/uploads\/2025\/09\/sansevieria_1757510073514-750x422.jpg 750w, https:\/\/www.em.com.br\/emfoco\/wp-content\/uploads\/2025\/09\/sansevieria_1757510073514-1140x641.jpg 1140w, https:\/\/www.em.com.br\/emfoco\/wp-content\/uploads\/2025\/09\/sansevieria_1757510073514.jpg 1280w\" sizes=\"auto, (max-width: 1024px) 100vw, 1024px\" \/><figcaption class=\"wp-element-caption\">Est\u00edmulo visual e emocional com o verde da natureza dentro de casa &#8211; Cr\u00e9ditos: depositphotos.com \/ olga18x27<\/figcaption><\/figure>\n\n\n\n<p><em>Leia mais: <a href=\"https:\/\/www.em.com.br\/emfoco\/2025\/09\/21\/como-decorar-sua-sala-com-objetos-de-decoracao-baratos\/\" target=\"_blank\" rel=\"noreferrer noopener\">Como decorar sua sala com objetos de decora\u00e7\u00e3o baratos<\/a><\/em><\/p>\n\n\n\n<h2 class=\"wp-block-heading\">Onde posicionar as plantas dentro da casa?<\/h2>\n\n\n\n<p>O local correto faz diferen\u00e7a para manter a planta bonita e saud\u00e1vel. Ambientes bem iluminados favorecem esp\u00e9cies tropicais, enquanto plantas de sombra preferem \u00e1reas com luz indireta. <strong>Posicionar no espa\u00e7o certo garante durabilidade.<\/strong><\/p>\n\n\n\n<p>Al\u00e9m do aspecto funcional, o posicionamento tamb\u00e9m tem papel decorativo. Cestos, suportes suspensos e vasos estilizados ajudam a valorizar tanto o espa\u00e7o quanto a planta escolhida, criando harmonia visual.<\/p>\n\n\n\n<h2 class=\"wp-block-heading\">Quais dicas extras ajudam a manter as plantas sempre bonitas?<\/h2>\n\n\n\n<p>Pequenos cuidados fazem grande diferen\u00e7a no resultado final da decora\u00e7\u00e3o. Al\u00e9m de regar e adubar, aten\u00e7\u00e3o a detalhes de manuten\u00e7\u00e3o garante um toque profissional e charme natural aos ambientes.<\/p>\n\n\n\n<ul class=\"wp-block-list\">\n<li>Limpe folhas com pano \u00famido para evitar poeira acumulada<\/li>\n\n\n\n<li>Gire os vasos a cada semana para crescimento uniforme<\/li>\n\n\n\n<li>Combine esp\u00e9cies diferentes para criar contraste visual<\/li>\n<\/ul>\n","protected":false},"excerpt":{"rendered":"<p>Usar plantas na decora\u00e7\u00e3o \u00e9 tend\u00eancia para deixar os ambientes mais acolhedores e sofisticados. Elas purificam o ar, trazem frescor e podem ser cultivadas sem grandes dificuldades com os cuidados certos. Por que as plantas viraram tend\u00eancia na decora\u00e7\u00e3o de interiores? As plantas deixaram de ser apenas detalhe est\u00e9tico e hoje s\u00e3o pe\u00e7as centrais no [&hellip;]<\/p>\n","protected":false},"author":13,"featured_media":95593,"comment_status":"open","ping_status":"open","sticky":false,"template":"","format":"standard","meta":{"jnews-multi-image_gallery":[],"jnews_single_post":{"format":"standard"},"jnews_primary_category":[],"jnews_social_meta":[],"jnews_override_counter":[],"footnotes":""},"categories":[8819],"tags":[4687,12986],"class_list":["post-107006","post","type-post","status-publish","format-standard","has-post-thumbnail","hentry","category-curiosidades","tag-decoracao","tag-plantas-decorativas"],"yoast_head":"<!-- This site is optimized with the Yoast SEO plugin v23.8 - https:\/\/yoast.com\/wordpress\/plugins\/seo\/ -->\n<title>Como transformar sua casa com essas plantas ornamentais f\u00e1ceis de cuidar - Estado de Minas - Em foco<\/title>\n<meta name=\"description\" content=\"Plantas decoram, purificam o ar e deixam os ambientes mais acolhedores. Confira como us\u00e1-las mesmo em espa\u00e7os pequenos.\" \/>\n<meta name=\"robots\" content=\"index, follow, max-snippet:-1, max-image-preview:large, max-video-preview:-1\" \/>\n<link rel=\"canonical\" href=\"https:\/\/www.em.com.br\/emfoco\/2025\/09\/23\/como-transformar-sua-casa-com-essas-plantas-ornamentais-faceis-de-cuidar\/\" \/>\n<meta property=\"og:locale\" content=\"pt_BR\" \/>\n<meta property=\"og:type\" content=\"article\" \/>\n<meta property=\"og:title\" content=\"Como transformar sua casa com essas plantas ornamentais f\u00e1ceis de cuidar - Estado de Minas - Em foco\" \/>\n<meta property=\"og:description\" content=\"Plantas decoram, purificam o ar e deixam os ambientes mais acolhedores. Confira como us\u00e1-las mesmo em espa\u00e7os pequenos.\" \/>\n<meta property=\"og:url\" content=\"https:\/\/www.em.com.br\/emfoco\/2025\/09\/23\/como-transformar-sua-casa-com-essas-plantas-ornamentais-faceis-de-cuidar\/\" \/>\n<meta property=\"og:site_name\" content=\"Estado de Minas - Em foco\" \/>\n<meta property=\"article:published_time\" content=\"2025-09-23T18:28:00+00:00\" \/>\n<meta property=\"article:modified_time\" content=\"2025-09-23T02:04:50+00:00\" \/>\n<meta property=\"og:image\" content=\"https:\/\/www.em.com.br\/emfoco\/wp-content\/uploads\/2025\/08\/Plantas-pendentes-casa_1755893542124.jpg\" \/>\n\t<meta property=\"og:image:width\" content=\"1280\" \/>\n\t<meta property=\"og:image:height\" content=\"720\" \/>\n\t<meta property=\"og:image:type\" content=\"image\/jpeg\" \/>\n<meta name=\"author\" content=\"Gabriel Martins\" \/>\n<meta name=\"twitter:card\" content=\"summary_large_image\" \/>\n<meta name=\"twitter:label1\" content=\"Escrito por\" \/>\n\t<meta name=\"twitter:data1\" content=\"Gabriel Martins\" \/>\n\t<meta name=\"twitter:label2\" content=\"Est. tempo de leitura\" \/>\n\t<meta name=\"twitter:data2\" content=\"4 minutos\" \/>\n<!-- \/ Yoast SEO plugin. -->","yoast_head_json":{"title":"Como transformar sua casa com essas plantas ornamentais f\u00e1ceis de cuidar - Estado de Minas - Em foco","description":"Plantas decoram, purificam o ar e deixam os ambientes mais acolhedores. Confira como us\u00e1-las mesmo em espa\u00e7os pequenos.","robots":{"index":"index","follow":"follow","max-snippet":"max-snippet:-1","max-image-preview":"max-image-preview:large","max-video-preview":"max-video-preview:-1"},"canonical":"https:\/\/www.em.com.br\/emfoco\/2025\/09\/23\/como-transformar-sua-casa-com-essas-plantas-ornamentais-faceis-de-cuidar\/","og_locale":"pt_BR","og_type":"article","og_title":"Como transformar sua casa com essas plantas ornamentais f\u00e1ceis de cuidar - Estado de Minas - Em foco","og_description":"Plantas decoram, purificam o ar e deixam os ambientes mais acolhedores. Confira como us\u00e1-las mesmo em espa\u00e7os pequenos.","og_url":"https:\/\/www.em.com.br\/emfoco\/2025\/09\/23\/como-transformar-sua-casa-com-essas-plantas-ornamentais-faceis-de-cuidar\/","og_site_name":"Estado de Minas - Em foco","article_published_time":"2025-09-23T18:28:00+00:00","article_modified_time":"2025-09-23T02:04:50+00:00","og_image":[{"width":1280,"height":720,"url":"https:\/\/www.em.com.br\/emfoco\/wp-content\/uploads\/2025\/08\/Plantas-pendentes-casa_1755893542124.jpg","type":"image\/jpeg"}],"author":"Gabriel Martins","twitter_card":"summary_large_image","twitter_misc":{"Escrito por":"Gabriel Martins","Est. tempo de leitura":"4 minutos"},"schema":{"@context":"https:\/\/schema.org","@graph":[{"@type":"WebPage","@id":"https:\/\/www.em.com.br\/emfoco\/2025\/09\/23\/como-transformar-sua-casa-com-essas-plantas-ornamentais-faceis-de-cuidar\/","url":"https:\/\/www.em.com.br\/emfoco\/2025\/09\/23\/como-transformar-sua-casa-com-essas-plantas-ornamentais-faceis-de-cuidar\/","name":"Como transformar sua casa com essas plantas ornamentais f\u00e1ceis de cuidar - Estado de Minas - Em foco","isPartOf":{"@id":"https:\/\/www.em.com.br\/emfoco\/#website"},"primaryImageOfPage":{"@id":"https:\/\/www.em.com.br\/emfoco\/2025\/09\/23\/como-transformar-sua-casa-com-essas-plantas-ornamentais-faceis-de-cuidar\/#primaryimage"},"image":{"@id":"https:\/\/www.em.com.br\/emfoco\/2025\/09\/23\/como-transformar-sua-casa-com-essas-plantas-ornamentais-faceis-de-cuidar\/#primaryimage"},"thumbnailUrl":"https:\/\/www.em.com.br\/emfoco\/wp-content\/uploads\/2025\/08\/Plantas-pendentes-casa_1755893542124.jpg","datePublished":"2025-09-23T18:28:00+00:00","dateModified":"2025-09-23T02:04:50+00:00","author":{"@id":"https:\/\/www.em.com.br\/emfoco\/#\/schema\/person\/1c9ddeab18b98abeffef834667bcf08a"},"description":"Plantas decoram, purificam o ar e deixam os ambientes mais acolhedores. Confira como us\u00e1-las mesmo em espa\u00e7os pequenos.","breadcrumb":{"@id":"https:\/\/www.em.com.br\/emfoco\/2025\/09\/23\/como-transformar-sua-casa-com-essas-plantas-ornamentais-faceis-de-cuidar\/#breadcrumb"},"inLanguage":"pt-BR","potentialAction":[{"@type":"ReadAction","target":["https:\/\/www.em.com.br\/emfoco\/2025\/09\/23\/como-transformar-sua-casa-com-essas-plantas-ornamentais-faceis-de-cuidar\/"]}]},{"@type":"ImageObject","inLanguage":"pt-BR","@id":"https:\/\/www.em.com.br\/emfoco\/2025\/09\/23\/como-transformar-sua-casa-com-essas-plantas-ornamentais-faceis-de-cuidar\/#primaryimage","url":"https:\/\/www.em.com.br\/emfoco\/wp-content\/uploads\/2025\/08\/Plantas-pendentes-casa_1755893542124.jpg","contentUrl":"https:\/\/www.em.com.br\/emfoco\/wp-content\/uploads\/2025\/08\/Plantas-pendentes-casa_1755893542124.jpg","width":1280,"height":720,"caption":"Formas seguras de cuidar das suas plantas"},{"@type":"BreadcrumbList","@id":"https:\/\/www.em.com.br\/emfoco\/2025\/09\/23\/como-transformar-sua-casa-com-essas-plantas-ornamentais-faceis-de-cuidar\/#breadcrumb","itemListElement":[{"@type":"ListItem","position":1,"name":"In\u00edcio","item":"https:\/\/www.em.com.br\/emfoco\/"},{"@type":"ListItem","position":2,"name":"Como transformar sua casa com essas plantas ornamentais f\u00e1ceis de cuidar"}]},{"@type":"WebSite","@id":"https:\/\/www.em.com.br\/emfoco\/#website","url":"https:\/\/www.em.com.br\/emfoco\/","name":"Estado de Minas - Em foco","description":"Acompanhe as \u00faltimas not\u00edcias e fique bem informado sobre tudo o que acontece em Minas Gerais, Brasil e no mundo.","potentialAction":[{"@type":"SearchAction","target":{"@type":"EntryPoint","urlTemplate":"https:\/\/www.em.com.br\/emfoco\/?s={search_term_string}"},"query-input":{"@type":"PropertyValueSpecification","valueRequired":true,"valueName":"search_term_string"}}],"inLanguage":"pt-BR"},{"@type":"Person","@id":"https:\/\/www.em.com.br\/emfoco\/#\/schema\/person\/1c9ddeab18b98abeffef834667bcf08a","name":"Gabriel Martins","image":{"@type":"ImageObject","inLanguage":"pt-BR","@id":"https:\/\/www.em.com.br\/emfoco\/#\/schema\/person\/image\/","url":"https:\/\/secure.gravatar.com\/avatar\/f0f1e2efdfd88f1ad2cb08c5c2731e50?s=96&d=mm&r=g","contentUrl":"https:\/\/secure.gravatar.com\/avatar\/f0f1e2efdfd88f1ad2cb08c5c2731e50?s=96&d=mm&r=g","caption":"Gabriel Martins"},"sameAs":["https:\/\/www.em.com.br\/emfoco\/"],"url":"https:\/\/www.em.com.br\/emfoco\/author\/gabrielmartinsmyth\/"}]}},"_links":{"self":[{"href":"https:\/\/www.em.com.br\/emfoco\/wp-json\/wp\/v2\/posts\/107006","targetHints":{"allow":["GET"]}}],"collection":[{"href":"https:\/\/www.em.com.br\/emfoco\/wp-json\/wp\/v2\/posts"}],"about":[{"href":"https:\/\/www.em.com.br\/emfoco\/wp-json\/wp\/v2\/types\/post"}],"author":[{"embeddable":true,"href":"https:\/\/www.em.com.br\/emfoco\/wp-json\/wp\/v2\/users\/13"}],"replies":[{"embeddable":true,"href":"https:\/\/www.em.com.br\/emfoco\/wp-json\/wp\/v2\/comments?post=107006"}],"version-history":[{"count":1,"href":"https:\/\/www.em.com.br\/emfoco\/wp-json\/wp\/v2\/posts\/107006\/revisions"}],"predecessor-version":[{"id":107014,"href":"https:\/\/www.em.com.br\/emfoco\/wp-json\/wp\/v2\/posts\/107006\/revisions\/107014"}],"wp:featuredmedia":[{"embeddable":true,"href":"https:\/\/www.em.com.br\/emfoco\/wp-json\/wp\/v2\/media\/95593"}],"wp:attachment":[{"href":"https:\/\/www.em.com.br\/emfoco\/wp-json\/wp\/v2\/media?parent=107006"}],"wp:term":[{"taxonomy":"category","embeddable":true,"href":"https:\/\/www.em.com.br\/emfoco\/wp-json\/wp\/v2\/categories?post=107006"},{"taxonomy":"post_tag","embeddable":true,"href":"https:\/\/www.em.com.br\/emfoco\/wp-json\/wp\/v2\/tags?post=107006"}],"curies":[{"name":"wp","href":"https:\/\/api.w.org\/{rel}","templated":true}]}}