{"id":107005,"date":"2025-09-23T15:18:00","date_gmt":"2025-09-23T18:18:00","guid":{"rendered":"https:\/\/www.em.com.br\/emfoco\/?p=107005"},"modified":"2025-09-22T19:47:07","modified_gmt":"2025-09-22T22:47:07","slug":"o-lado-oculto-desses-3-signos-que-quase-ninguem-conhece","status":"publish","type":"post","link":"https:\/\/www.em.com.br\/emfoco\/2025\/09\/23\/o-lado-oculto-desses-3-signos-que-quase-ninguem-conhece\/","title":{"rendered":"O lado oculto desses 3 signos que quase ningu\u00e9m conhece"},"content":{"rendered":"\n<p>Alguns signos do zod\u00edaco guardam caracter\u00edsticas menos comentadas, que revelam facetas surpreendentes de suas personalidades. Descubra agora quais s\u00e3o e como elas se manifestam.<\/p>\n\n\n\n<ul class=\"wp-block-list\">\n<li>Escorpi\u00e3o e sua intensidade emocional velada<\/li>\n\n\n\n<li>G\u00eameos e os dilemas internos pouco notados<\/li>\n\n\n\n<li>Capric\u00f3rnio e a sensibilidade escondida atr\u00e1s da rigidez<\/li>\n<\/ul>\n\n\n\n<h2 class=\"wp-block-heading\">Por que o lado oculto de escorpi\u00e3o desperta tanto interesse?<\/h2>\n\n\n\n<p><strong>Escorpi\u00e3o \u00e9 conhecido por sua intensidade e profundidade emocional<\/strong>, mas nem sempre essa for\u00e7a \u00e9 vis\u00edvel. Muitas vezes, o signo demonstra autocontrole, escondendo vulnerabilidades que podem surpreender quem convive de perto.<\/p>\n\n\n\n<p>A <a href=\"https:\/\/www.otempo.com.br\/interessa\/2024\/8\/8\/psicologo-aborda-beneficios-e-maleficios-de-se-guardar-um-segred\" target=\"_blank\" rel=\"noreferrer noopener\">necessidade de manter segredos<\/a> e proteger sua intimidade cria uma aura de mist\u00e9rio. Esse comportamento faz com que os outros vejam apenas parte de sua ess\u00eancia, refor\u00e7ando a ideia de que sempre h\u00e1 algo a mais por tr\u00e1s.<\/p>\n\n\n\n<figure class=\"wp-block-image size-large\"><img loading=\"lazy\" decoding=\"async\" width=\"1024\" height=\"576\" src=\"https:\/\/www.em.com.br\/emfoco\/wp-content\/uploads\/2025\/09\/Guardar-segredos_1758580954881-1024x576.jpg\" alt=\"O lado oculto desses 3 signos que quase ningu\u00e9m conhece\" class=\"wp-image-107009\" srcset=\"https:\/\/www.em.com.br\/emfoco\/wp-content\/uploads\/2025\/09\/Guardar-segredos_1758580954881-1024x576.jpg 1024w, https:\/\/www.em.com.br\/emfoco\/wp-content\/uploads\/2025\/09\/Guardar-segredos_1758580954881-300x169.jpg 300w, https:\/\/www.em.com.br\/emfoco\/wp-content\/uploads\/2025\/09\/Guardar-segredos_1758580954881-768x432.jpg 768w, https:\/\/www.em.com.br\/emfoco\/wp-content\/uploads\/2025\/09\/Guardar-segredos_1758580954881-750x422.jpg 750w, https:\/\/www.em.com.br\/emfoco\/wp-content\/uploads\/2025\/09\/Guardar-segredos_1758580954881-1140x641.jpg 1140w, https:\/\/www.em.com.br\/emfoco\/wp-content\/uploads\/2025\/09\/Guardar-segredos_1758580954881.jpg 1280w\" sizes=\"auto, (max-width: 1024px) 100vw, 1024px\" \/><figcaption class=\"wp-element-caption\">Emo\u00e7\u00f5es profundas que ficam veladas por tr\u00e1s da imagem controlada &#8211; Cr\u00e9ditos: depositphotos.com \/ HayDmitriy<\/figcaption><\/figure>\n\n\n\n<h2 class=\"wp-block-heading\">Quais caracter\u00edsticas ocultas g\u00eameos pode revelar?<\/h2>\n\n\n\n<p>Por tr\u00e1s da imagem soci\u00e1vel e comunicativa, g\u00eameos guarda inseguran\u00e7as e questionamentos internos que raramente s\u00e3o expostos. Essas d\u00favidas pessoais influenciam suas escolhas e podem gerar instabilidade emocional.<\/p>\n\n\n\n<ul class=\"wp-block-list\">\n<li>Inseguran\u00e7a ao tomar decis\u00f5es importantes<\/li>\n\n\n\n<li>Tend\u00eancia a se adaptar tanto que perde a pr\u00f3pria ess\u00eancia<\/li>\n\n\n\n<li>Desejo secreto por estabilidade e rotina<\/li>\n<\/ul>\n\n\n\n<h2 class=\"wp-block-heading\">De que forma capric\u00f3rnio mostra um lado oculto inesperado?<\/h2>\n\n\n\n<p>Capric\u00f3rnio costuma ser associado \u00e0 disciplina e \u00e0 rigidez, mas h\u00e1 uma sensibilidade emocional que poucos percebem. <strong>Esse signo sente profundamente, mas prefere n\u00e3o demonstrar para manter a imagem de firmeza<\/strong>.<\/p>\n\n\n\n<p>Esse contraste entre for\u00e7a externa e delicadeza interna explica por que muitas vezes capric\u00f3rnio surpreende em momentos de fragilidade, revelando uma humanidade intensa e discreta.<\/p>\n\n\n\n<figure class=\"wp-block-image size-large\"><img loading=\"lazy\" decoding=\"async\" width=\"1024\" height=\"576\" src=\"https:\/\/www.em.com.br\/emfoco\/wp-content\/uploads\/2025\/09\/Sensibilidade-emocional_1758581001013-1024x576.jpg\" alt=\"O lado oculto desses 3 signos que quase ningu\u00e9m conhece\" class=\"wp-image-107010\" srcset=\"https:\/\/www.em.com.br\/emfoco\/wp-content\/uploads\/2025\/09\/Sensibilidade-emocional_1758581001013-1024x576.jpg 1024w, https:\/\/www.em.com.br\/emfoco\/wp-content\/uploads\/2025\/09\/Sensibilidade-emocional_1758581001013-300x169.jpg 300w, https:\/\/www.em.com.br\/emfoco\/wp-content\/uploads\/2025\/09\/Sensibilidade-emocional_1758581001013-768x432.jpg 768w, https:\/\/www.em.com.br\/emfoco\/wp-content\/uploads\/2025\/09\/Sensibilidade-emocional_1758581001013-750x422.jpg 750w, https:\/\/www.em.com.br\/emfoco\/wp-content\/uploads\/2025\/09\/Sensibilidade-emocional_1758581001013-1140x641.jpg 1140w, https:\/\/www.em.com.br\/emfoco\/wp-content\/uploads\/2025\/09\/Sensibilidade-emocional_1758581001013.jpg 1280w\" sizes=\"auto, (max-width: 1024px) 100vw, 1024px\" \/><figcaption class=\"wp-element-caption\">Fragilidade emocional revelada apenas em rela\u00e7\u00f5es \u00edntimas &#8211; Cr\u00e9ditos: depositphotos.com \/ HayDmitriy<\/figcaption><\/figure>\n\n\n\n<p><em>Leia mais: <a href=\"https:\/\/www.em.com.br\/emfoco\/2025\/09\/21\/esses-4-signos-do-zodiaco-sao-considerados-maus-motoristas\/\" target=\"_blank\" rel=\"noreferrer noopener\">Esses 4 signos do zod\u00edaco s\u00e3o considerados maus motoristas<\/a><\/em><\/p>\n\n\n\n<h2 class=\"wp-block-heading\">Como essas facetas ocultas impactam relacionamentos?<\/h2>\n\n\n\n<p>Quando escorpi\u00e3o, g\u00eameos e capric\u00f3rnio deixam transparecer seus lados menos conhecidos, criam v\u00ednculos mais aut\u00eanticos. Isso porque a sinceridade emocional fortalece a confian\u00e7a e a conex\u00e3o nas rela\u00e7\u00f5es pessoais.<\/p>\n\n\n\n<p>Reconhecer essas caracter\u00edsticas ocultas ajuda a compreender melhor suas atitudes. <strong>Isso permite construir relacionamentos mais equilibrados, baseados em aceita\u00e7\u00e3o e compreens\u00e3o m\u00fatua<\/strong>.<\/p>\n\n\n\n<h2 class=\"wp-block-heading\">Quais curiosidades pr\u00e1ticas sobre esses signos vale conhecer?<\/h2>\n\n\n\n<p>Apesar de suas diferen\u00e7as, escorpi\u00e3o, g\u00eameos e capric\u00f3rnio compartilham o fato de esconder parte de suas personalidades. Isso gera fasc\u00ednio e curiosidade nos que convivem com eles.<\/p>\n\n\n\n<ul class=\"wp-block-list\">\n<li>Escorpi\u00e3o costuma usar o sil\u00eancio como forma de prote\u00e7\u00e3o<\/li>\n\n\n\n<li>G\u00eameos cria vers\u00f5es diferentes de si conforme o ambiente<\/li>\n\n\n\n<li>Capric\u00f3rnio s\u00f3 mostra vulnerabilidade a quem confia muito<\/li>\n<\/ul>\n","protected":false},"excerpt":{"rendered":"<p>Alguns signos do zod\u00edaco guardam caracter\u00edsticas menos comentadas, que revelam facetas surpreendentes de suas personalidades. Descubra agora quais s\u00e3o e como elas se manifestam. Por que o lado oculto de escorpi\u00e3o desperta tanto interesse? Escorpi\u00e3o \u00e9 conhecido por sua intensidade e profundidade emocional, mas nem sempre essa for\u00e7a \u00e9 vis\u00edvel. Muitas vezes, o signo demonstra [&hellip;]<\/p>\n","protected":false},"author":13,"featured_media":107008,"comment_status":"open","ping_status":"open","sticky":false,"template":"","format":"standard","meta":{"jnews-multi-image_gallery":[],"jnews_single_post":{"format":"standard"},"jnews_primary_category":[],"jnews_social_meta":[],"jnews_override_counter":[],"footnotes":""},"categories":[25],"tags":[297,16405,881,168],"class_list":["post-107005","post","type-post","status-publish","format-standard","has-post-thumbnail","hentry","category-signos","tag-astrologia","tag-lado-oculto","tag-misterios","tag-signos"],"yoast_head":"<!-- This site is optimized with the Yoast SEO plugin v23.8 - https:\/\/yoast.com\/wordpress\/plugins\/seo\/ -->\n<title>O lado oculto desses 3 signos que quase ningu\u00e9m conhece - Estado de Minas - Em foco<\/title>\n<meta name=\"description\" content=\"Alguns signos guardam tra\u00e7os profundos e pouco falados. Conhe\u00e7a as facetas emocionais que Escorpi\u00e3o, G\u00eameos e Capric\u00f3rnio escondem.\" \/>\n<meta name=\"robots\" content=\"index, follow, max-snippet:-1, max-image-preview:large, max-video-preview:-1\" \/>\n<link rel=\"canonical\" href=\"https:\/\/www.em.com.br\/emfoco\/2025\/09\/23\/o-lado-oculto-desses-3-signos-que-quase-ninguem-conhece\/\" \/>\n<meta property=\"og:locale\" content=\"pt_BR\" \/>\n<meta property=\"og:type\" content=\"article\" \/>\n<meta property=\"og:title\" content=\"O lado oculto desses 3 signos que quase ningu\u00e9m conhece - Estado de Minas - Em foco\" \/>\n<meta property=\"og:description\" content=\"Alguns signos guardam tra\u00e7os profundos e pouco falados. Conhe\u00e7a as facetas emocionais que Escorpi\u00e3o, G\u00eameos e Capric\u00f3rnio escondem.\" \/>\n<meta property=\"og:url\" content=\"https:\/\/www.em.com.br\/emfoco\/2025\/09\/23\/o-lado-oculto-desses-3-signos-que-quase-ninguem-conhece\/\" \/>\n<meta property=\"og:site_name\" content=\"Estado de Minas - Em foco\" \/>\n<meta property=\"article:published_time\" content=\"2025-09-23T18:18:00+00:00\" \/>\n<meta property=\"article:modified_time\" content=\"2025-09-22T22:47:07+00:00\" \/>\n<meta property=\"og:image\" content=\"https:\/\/www.em.com.br\/emfoco\/wp-content\/uploads\/2025\/09\/signos-do-zodiaco_1758580913696.jpg\" \/>\n\t<meta property=\"og:image:width\" content=\"1280\" \/>\n\t<meta property=\"og:image:height\" content=\"720\" \/>\n\t<meta property=\"og:image:type\" content=\"image\/jpeg\" \/>\n<meta name=\"author\" content=\"Gabriel Martins\" \/>\n<meta name=\"twitter:card\" content=\"summary_large_image\" \/>\n<meta name=\"twitter:label1\" content=\"Escrito por\" \/>\n\t<meta name=\"twitter:data1\" content=\"Gabriel Martins\" \/>\n\t<meta name=\"twitter:label2\" content=\"Est. tempo de leitura\" \/>\n\t<meta name=\"twitter:data2\" content=\"3 minutos\" \/>\n<!-- \/ Yoast SEO plugin. -->","yoast_head_json":{"title":"O lado oculto desses 3 signos que quase ningu\u00e9m conhece - Estado de Minas - Em foco","description":"Alguns signos guardam tra\u00e7os profundos e pouco falados. Conhe\u00e7a as facetas emocionais que Escorpi\u00e3o, G\u00eameos e Capric\u00f3rnio escondem.","robots":{"index":"index","follow":"follow","max-snippet":"max-snippet:-1","max-image-preview":"max-image-preview:large","max-video-preview":"max-video-preview:-1"},"canonical":"https:\/\/www.em.com.br\/emfoco\/2025\/09\/23\/o-lado-oculto-desses-3-signos-que-quase-ninguem-conhece\/","og_locale":"pt_BR","og_type":"article","og_title":"O lado oculto desses 3 signos que quase ningu\u00e9m conhece - Estado de Minas - Em foco","og_description":"Alguns signos guardam tra\u00e7os profundos e pouco falados. Conhe\u00e7a as facetas emocionais que Escorpi\u00e3o, G\u00eameos e Capric\u00f3rnio escondem.","og_url":"https:\/\/www.em.com.br\/emfoco\/2025\/09\/23\/o-lado-oculto-desses-3-signos-que-quase-ninguem-conhece\/","og_site_name":"Estado de Minas - Em foco","article_published_time":"2025-09-23T18:18:00+00:00","article_modified_time":"2025-09-22T22:47:07+00:00","og_image":[{"width":1280,"height":720,"url":"https:\/\/www.em.com.br\/emfoco\/wp-content\/uploads\/2025\/09\/signos-do-zodiaco_1758580913696.jpg","type":"image\/jpeg"}],"author":"Gabriel Martins","twitter_card":"summary_large_image","twitter_misc":{"Escrito por":"Gabriel Martins","Est. tempo de leitura":"3 minutos"},"schema":{"@context":"https:\/\/schema.org","@graph":[{"@type":"WebPage","@id":"https:\/\/www.em.com.br\/emfoco\/2025\/09\/23\/o-lado-oculto-desses-3-signos-que-quase-ninguem-conhece\/","url":"https:\/\/www.em.com.br\/emfoco\/2025\/09\/23\/o-lado-oculto-desses-3-signos-que-quase-ninguem-conhece\/","name":"O lado oculto desses 3 signos que quase ningu\u00e9m conhece - Estado de Minas - Em foco","isPartOf":{"@id":"https:\/\/www.em.com.br\/emfoco\/#website"},"primaryImageOfPage":{"@id":"https:\/\/www.em.com.br\/emfoco\/2025\/09\/23\/o-lado-oculto-desses-3-signos-que-quase-ninguem-conhece\/#primaryimage"},"image":{"@id":"https:\/\/www.em.com.br\/emfoco\/2025\/09\/23\/o-lado-oculto-desses-3-signos-que-quase-ninguem-conhece\/#primaryimage"},"thumbnailUrl":"https:\/\/www.em.com.br\/emfoco\/wp-content\/uploads\/2025\/09\/signos-do-zodiaco_1758580913696.jpg","datePublished":"2025-09-23T18:18:00+00:00","dateModified":"2025-09-22T22:47:07+00:00","author":{"@id":"https:\/\/www.em.com.br\/emfoco\/#\/schema\/person\/1c9ddeab18b98abeffef834667bcf08a"},"description":"Alguns signos guardam tra\u00e7os profundos e pouco falados. Conhe\u00e7a as facetas emocionais que Escorpi\u00e3o, G\u00eameos e Capric\u00f3rnio escondem.","breadcrumb":{"@id":"https:\/\/www.em.com.br\/emfoco\/2025\/09\/23\/o-lado-oculto-desses-3-signos-que-quase-ninguem-conhece\/#breadcrumb"},"inLanguage":"pt-BR","potentialAction":[{"@type":"ReadAction","target":["https:\/\/www.em.com.br\/emfoco\/2025\/09\/23\/o-lado-oculto-desses-3-signos-que-quase-ninguem-conhece\/"]}]},{"@type":"ImageObject","inLanguage":"pt-BR","@id":"https:\/\/www.em.com.br\/emfoco\/2025\/09\/23\/o-lado-oculto-desses-3-signos-que-quase-ninguem-conhece\/#primaryimage","url":"https:\/\/www.em.com.br\/emfoco\/wp-content\/uploads\/2025\/09\/signos-do-zodiaco_1758580913696.jpg","contentUrl":"https:\/\/www.em.com.br\/emfoco\/wp-content\/uploads\/2025\/09\/signos-do-zodiaco_1758580913696.jpg","width":1280,"height":720,"caption":"Conflito interno entre o que se sente e o que se mostra ao mundo - Cr\u00e9ditos: depositphotos.com \/ HayDmitriy"},{"@type":"BreadcrumbList","@id":"https:\/\/www.em.com.br\/emfoco\/2025\/09\/23\/o-lado-oculto-desses-3-signos-que-quase-ninguem-conhece\/#breadcrumb","itemListElement":[{"@type":"ListItem","position":1,"name":"In\u00edcio","item":"https:\/\/www.em.com.br\/emfoco\/"},{"@type":"ListItem","position":2,"name":"O lado oculto desses 3 signos que quase ningu\u00e9m conhece"}]},{"@type":"WebSite","@id":"https:\/\/www.em.com.br\/emfoco\/#website","url":"https:\/\/www.em.com.br\/emfoco\/","name":"Estado de Minas - Em foco","description":"Acompanhe as \u00faltimas not\u00edcias e fique bem informado sobre tudo o que acontece em Minas Gerais, Brasil e no mundo.","potentialAction":[{"@type":"SearchAction","target":{"@type":"EntryPoint","urlTemplate":"https:\/\/www.em.com.br\/emfoco\/?s={search_term_string}"},"query-input":{"@type":"PropertyValueSpecification","valueRequired":true,"valueName":"search_term_string"}}],"inLanguage":"pt-BR"},{"@type":"Person","@id":"https:\/\/www.em.com.br\/emfoco\/#\/schema\/person\/1c9ddeab18b98abeffef834667bcf08a","name":"Gabriel Martins","image":{"@type":"ImageObject","inLanguage":"pt-BR","@id":"https:\/\/www.em.com.br\/emfoco\/#\/schema\/person\/image\/","url":"https:\/\/secure.gravatar.com\/avatar\/f0f1e2efdfd88f1ad2cb08c5c2731e50?s=96&d=mm&r=g","contentUrl":"https:\/\/secure.gravatar.com\/avatar\/f0f1e2efdfd88f1ad2cb08c5c2731e50?s=96&d=mm&r=g","caption":"Gabriel Martins"},"sameAs":["https:\/\/www.em.com.br\/emfoco\/"],"url":"https:\/\/www.em.com.br\/emfoco\/author\/gabrielmartinsmyth\/"}]}},"_links":{"self":[{"href":"https:\/\/www.em.com.br\/emfoco\/wp-json\/wp\/v2\/posts\/107005","targetHints":{"allow":["GET"]}}],"collection":[{"href":"https:\/\/www.em.com.br\/emfoco\/wp-json\/wp\/v2\/posts"}],"about":[{"href":"https:\/\/www.em.com.br\/emfoco\/wp-json\/wp\/v2\/types\/post"}],"author":[{"embeddable":true,"href":"https:\/\/www.em.com.br\/emfoco\/wp-json\/wp\/v2\/users\/13"}],"replies":[{"embeddable":true,"href":"https:\/\/www.em.com.br\/emfoco\/wp-json\/wp\/v2\/comments?post=107005"}],"version-history":[{"count":1,"href":"https:\/\/www.em.com.br\/emfoco\/wp-json\/wp\/v2\/posts\/107005\/revisions"}],"predecessor-version":[{"id":107011,"href":"https:\/\/www.em.com.br\/emfoco\/wp-json\/wp\/v2\/posts\/107005\/revisions\/107011"}],"wp:featuredmedia":[{"embeddable":true,"href":"https:\/\/www.em.com.br\/emfoco\/wp-json\/wp\/v2\/media\/107008"}],"wp:attachment":[{"href":"https:\/\/www.em.com.br\/emfoco\/wp-json\/wp\/v2\/media?parent=107005"}],"wp:term":[{"taxonomy":"category","embeddable":true,"href":"https:\/\/www.em.com.br\/emfoco\/wp-json\/wp\/v2\/categories?post=107005"},{"taxonomy":"post_tag","embeddable":true,"href":"https:\/\/www.em.com.br\/emfoco\/wp-json\/wp\/v2\/tags?post=107005"}],"curies":[{"name":"wp","href":"https:\/\/api.w.org\/{rel}","templated":true}]}}