{"id":106794,"date":"2025-09-23T20:28:00","date_gmt":"2025-09-23T23:28:00","guid":{"rendered":"https:\/\/www.em.com.br\/emfoco\/?p=106794"},"modified":"2025-09-22T10:25:40","modified_gmt":"2025-09-22T13:25:40","slug":"o-sul-do-brasil-esconde-cidades-que-parecem-ter-saido-da-europa","status":"publish","type":"post","link":"https:\/\/www.em.com.br\/emfoco\/2025\/09\/23\/o-sul-do-brasil-esconde-cidades-que-parecem-ter-saido-da-europa\/","title":{"rendered":"O sul do Brasil esconde cidades que parecem ter sa\u00eddo da Europa"},"content":{"rendered":"\n<p>O inverno no&nbsp;<strong>Rio Grande do Sul<\/strong>&nbsp;transforma o estado em um dos destinos mais desejados do Brasil. A combina\u00e7\u00e3o de paisagens deslumbrantes, cultura rica e temperaturas amenas atrai viajantes de todas as partes. Vamos explorar alguns dos destinos mais incr\u00edveis para visitar nesta esta\u00e7\u00e3o.<\/p>\n\n\n\n<ul class=\"wp-block-list\">\n<li><strong>Gramado<\/strong>\u00a0e\u00a0<strong>Canela<\/strong>: Charme europeu nas cidades serranas.<\/li>\n\n\n\n<li><strong>Bento Gon\u00e7alves<\/strong>: Experi\u00eancias \u00fanicas no Vale dos Vinhedos.<\/li>\n\n\n\n<li><strong>S\u00e3o Jos\u00e9 dos Ausentes<\/strong>: Paisagens naturais espetaculares.<\/li>\n<\/ul>\n\n\n\n<h2 class=\"wp-block-heading\">O que torna Gramado e Canela o cora\u00e7\u00e3o da Serra Ga\u00facha?<\/h2>\n\n\n\n<p>A Serra Ga\u00facha \u00e9 um dos destinos mais procurados durante o inverno. Gramado e Canela oferecem uma experi\u00eancia de viagem \u00fanica, com sua arquitetura europeia e eventos culturais. Passear pela Av. Borges de Medeiros, em Gramado, \u00e9 uma viagem aos Alpes su\u00ed\u00e7os.<\/p>\n\n\n\n<h2 class=\"wp-block-heading\">O que fazer em Bento Gon\u00e7alves durante o inverno?<\/h2>\n\n\n\n<p>Conhecida pelo\u00a0<strong><a href=\"https:\/\/enoturismo.conchaytoro.com\/pt-br\/o-que-e-o-enoturismo-e-onde-pratica-lo\/\" target=\"_blank\" rel=\"noreferrer noopener\">enoturismo<\/a><\/strong>, Bento Gon\u00e7alves se destaca pelo Vale dos Vinhedos. As vin\u00edcolas proporcionam visitas inesquec\u00edveis, com degusta\u00e7\u00f5es e tours que revelam o segredo dos vinhos ga\u00fachos.<\/p>\n\n\n\n<figure class=\"wp-block-image\"><img decoding=\"async\" src=\"https:\/\/www.em.com.br\/emfoco\/wp-content\/uploads\/2025\/09\/viagem-romantica-brasil_1757087821186-1024x576.jpg\" alt=\"\"\/><figcaption class=\"wp-element-caption\">Uma visitinha a gramado pode ser interessante &#8211; Cr\u00e9ditos: depositphotos.com \/ pedromoraesphotos<\/figcaption><\/figure>\n\n\n\n<p>No&nbsp;<strong>Campo dos Bugres<\/strong>, as paisagens repletas de parreirais criam um cen\u00e1rio encantador. Aproveite os roteiros pelas vin\u00edcolas para conhecer mais sobre a cultura e os sabores do Sul. Em julho, diversas vin\u00edcolas promovem eventos especiais para celebrar os vinhos de inverno.<\/p>\n\n\n\n<h2 class=\"wp-block-heading\">Por que visitar S\u00e3o Jos\u00e9 dos Ausentes?<\/h2>\n\n\n\n<p>S\u00e3o Jos\u00e9 dos Ausentes \u00e9 um tesouro escondido com paisagens incr\u00edveis. Aqui, voc\u00ea encontra c\u00e2nions impressionantes e uma natureza praticamente intocada. Ideal para quem busca tranquilidade e beleza.<\/p>\n\n\n\n<p>Dica r\u00e1pida: N\u00e3o perca o nascer do sol no C\u00e2nion Monte Negro! A vista \u00e9 simplesmente espetacular.<\/p>\n\n\n\n<p>Leia tamb\u00e9m: <a href=\"https:\/\/www.em.com.br\/emfoco\/2025\/09\/21\/as-cidades-mais-coloridas-do-mundo-que-parecem-ter-saido-de-um-sonho\/\" target=\"_blank\" rel=\"noreferrer noopener\">As cidades mais coloridas do mundo que parecem ter sa\u00eddo de um sonho<\/a><\/p>\n\n\n\n<h2 class=\"wp-block-heading\">Como aproveitar a programa\u00e7\u00e3o cultural no inverno ga\u00facho?<\/h2>\n\n\n\n<p>A riqueza cultural do Rio Grande do Sul fica evidente nas v\u00e1rias festas e eventos durante o inverno. Desde o&nbsp;<strong>Festival de Cinema de Gramado<\/strong>&nbsp;at\u00e9 as Festas de Inverno nas cidades menores, h\u00e1 sempre algo acontecendo para entreter os visitantes. Al\u00e9m disso, em junho, ocorre o Festival Internacional de M\u00fasica de Bento Gon\u00e7alves, trazendo ainda mais diversidade \u00e0 programa\u00e7\u00e3o.<\/p>\n\n\n\n<h2 class=\"wp-block-heading\">Vale a pena viajar para o Rio Grande do Sul em outras \u00e9pocas do ano?<\/h2>\n\n\n\n<ul class=\"wp-block-list\">\n<li>A diversidade de paisagens permite experi\u00eancias \u00fanicas em qualquer esta\u00e7\u00e3o.<\/li>\n\n\n\n<li>Cultura e gastronomia ricas fazem do RS um destino imperd\u00edvel.<\/li>\n\n\n\n<li>Hospedagens encantadoras que oferecem conforto e charme.<\/li>\n<\/ul>\n","protected":false},"excerpt":{"rendered":"<p>O inverno no&nbsp;Rio Grande do Sul&nbsp;transforma o estado em um dos destinos mais desejados do Brasil. A combina\u00e7\u00e3o de paisagens deslumbrantes, cultura rica e temperaturas amenas atrai viajantes de todas as partes. Vamos explorar alguns dos destinos mais incr\u00edveis para visitar nesta esta\u00e7\u00e3o. O que torna Gramado e Canela o cora\u00e7\u00e3o da Serra Ga\u00facha? A [&hellip;]<\/p>\n","protected":false},"author":11,"featured_media":41977,"comment_status":"open","ping_status":"open","sticky":false,"template":"","format":"standard","meta":{"jnews-multi-image_gallery":[],"jnews_single_post":{"format":"standard"},"jnews_primary_category":[],"jnews_social_meta":[],"jnews_override_counter":[],"footnotes":""},"categories":[26,1],"tags":[183,1181,157],"class_list":["post-106794","post","type-post","status-publish","format-standard","has-post-thumbnail","hentry","category-cidades","category-noticias","tag-cidades","tag-sul-do-brasil","tag-turismo"],"yoast_head":"<!-- This site is optimized with the Yoast SEO plugin v23.8 - https:\/\/yoast.com\/wordpress\/plugins\/seo\/ -->\n<title>O sul do Brasil esconde cidades que parecem ter sa\u00eddo da Europa - Estado de Minas - Em foco<\/title>\n<meta name=\"description\" content=\"O Sul do Brasil oferece paisagens incr\u00edveis e festivais de inverno imperd\u00edveis. Conhe\u00e7a os principais roteiros.\" \/>\n<meta name=\"robots\" content=\"index, follow, max-snippet:-1, max-image-preview:large, max-video-preview:-1\" \/>\n<link rel=\"canonical\" href=\"https:\/\/www.em.com.br\/emfoco\/2025\/09\/23\/o-sul-do-brasil-esconde-cidades-que-parecem-ter-saido-da-europa\/\" \/>\n<meta property=\"og:locale\" content=\"pt_BR\" \/>\n<meta property=\"og:type\" content=\"article\" \/>\n<meta property=\"og:title\" content=\"O sul do Brasil esconde cidades que parecem ter sa\u00eddo da Europa - Estado de Minas - Em foco\" \/>\n<meta property=\"og:description\" content=\"O Sul do Brasil oferece paisagens incr\u00edveis e festivais de inverno imperd\u00edveis. Conhe\u00e7a os principais roteiros.\" \/>\n<meta property=\"og:url\" content=\"https:\/\/www.em.com.br\/emfoco\/2025\/09\/23\/o-sul-do-brasil-esconde-cidades-que-parecem-ter-saido-da-europa\/\" \/>\n<meta property=\"og:site_name\" content=\"Estado de Minas - Em foco\" \/>\n<meta property=\"article:published_time\" content=\"2025-09-23T23:28:00+00:00\" \/>\n<meta property=\"article:modified_time\" content=\"2025-09-22T13:25:40+00:00\" \/>\n<meta property=\"og:image\" content=\"https:\/\/www.em.com.br\/emfoco\/wp-content\/uploads\/2025\/04\/5664983441_2776862288_b.jpg\" \/>\n\t<meta property=\"og:image:width\" content=\"1280\" \/>\n\t<meta property=\"og:image:height\" content=\"720\" \/>\n\t<meta property=\"og:image:type\" content=\"image\/jpeg\" \/>\n<meta name=\"author\" content=\"Andre\u0301 Rangel\u00a0\" \/>\n<meta name=\"twitter:card\" content=\"summary_large_image\" \/>\n<meta name=\"twitter:label1\" content=\"Escrito por\" \/>\n\t<meta name=\"twitter:data1\" content=\"Andre\u0301 Rangel\u00a0\" \/>\n\t<meta name=\"twitter:label2\" content=\"Est. tempo de leitura\" \/>\n\t<meta name=\"twitter:data2\" content=\"3 minutos\" \/>\n<!-- \/ Yoast SEO plugin. -->","yoast_head_json":{"title":"O sul do Brasil esconde cidades que parecem ter sa\u00eddo da Europa - Estado de Minas - Em foco","description":"O Sul do Brasil oferece paisagens incr\u00edveis e festivais de inverno imperd\u00edveis. Conhe\u00e7a os principais roteiros.","robots":{"index":"index","follow":"follow","max-snippet":"max-snippet:-1","max-image-preview":"max-image-preview:large","max-video-preview":"max-video-preview:-1"},"canonical":"https:\/\/www.em.com.br\/emfoco\/2025\/09\/23\/o-sul-do-brasil-esconde-cidades-que-parecem-ter-saido-da-europa\/","og_locale":"pt_BR","og_type":"article","og_title":"O sul do Brasil esconde cidades que parecem ter sa\u00eddo da Europa - Estado de Minas - Em foco","og_description":"O Sul do Brasil oferece paisagens incr\u00edveis e festivais de inverno imperd\u00edveis. Conhe\u00e7a os principais roteiros.","og_url":"https:\/\/www.em.com.br\/emfoco\/2025\/09\/23\/o-sul-do-brasil-esconde-cidades-que-parecem-ter-saido-da-europa\/","og_site_name":"Estado de Minas - Em foco","article_published_time":"2025-09-23T23:28:00+00:00","article_modified_time":"2025-09-22T13:25:40+00:00","og_image":[{"width":1280,"height":720,"url":"https:\/\/www.em.com.br\/emfoco\/wp-content\/uploads\/2025\/04\/5664983441_2776862288_b.jpg","type":"image\/jpeg"}],"author":"Andre\u0301 Rangel\u00a0","twitter_card":"summary_large_image","twitter_misc":{"Escrito por":"Andre\u0301 Rangel\u00a0","Est. tempo de leitura":"3 minutos"},"schema":{"@context":"https:\/\/schema.org","@graph":[{"@type":"WebPage","@id":"https:\/\/www.em.com.br\/emfoco\/2025\/09\/23\/o-sul-do-brasil-esconde-cidades-que-parecem-ter-saido-da-europa\/","url":"https:\/\/www.em.com.br\/emfoco\/2025\/09\/23\/o-sul-do-brasil-esconde-cidades-que-parecem-ter-saido-da-europa\/","name":"O sul do Brasil esconde cidades que parecem ter sa\u00eddo da Europa - Estado de Minas - Em foco","isPartOf":{"@id":"https:\/\/www.em.com.br\/emfoco\/#website"},"primaryImageOfPage":{"@id":"https:\/\/www.em.com.br\/emfoco\/2025\/09\/23\/o-sul-do-brasil-esconde-cidades-que-parecem-ter-saido-da-europa\/#primaryimage"},"image":{"@id":"https:\/\/www.em.com.br\/emfoco\/2025\/09\/23\/o-sul-do-brasil-esconde-cidades-que-parecem-ter-saido-da-europa\/#primaryimage"},"thumbnailUrl":"https:\/\/www.em.com.br\/emfoco\/wp-content\/uploads\/2025\/04\/5664983441_2776862288_b.jpg","datePublished":"2025-09-23T23:28:00+00:00","dateModified":"2025-09-22T13:25:40+00:00","author":{"@id":"https:\/\/www.em.com.br\/emfoco\/#\/schema\/person\/60eda09c1fedf0d6891f4cef4b60b8b8"},"description":"O Sul do Brasil oferece paisagens incr\u00edveis e festivais de inverno imperd\u00edveis. Conhe\u00e7a os principais roteiros.","breadcrumb":{"@id":"https:\/\/www.em.com.br\/emfoco\/2025\/09\/23\/o-sul-do-brasil-esconde-cidades-que-parecem-ter-saido-da-europa\/#breadcrumb"},"inLanguage":"pt-BR","potentialAction":[{"@type":"ReadAction","target":["https:\/\/www.em.com.br\/emfoco\/2025\/09\/23\/o-sul-do-brasil-esconde-cidades-que-parecem-ter-saido-da-europa\/"]}]},{"@type":"ImageObject","inLanguage":"pt-BR","@id":"https:\/\/www.em.com.br\/emfoco\/2025\/09\/23\/o-sul-do-brasil-esconde-cidades-que-parecem-ter-saido-da-europa\/#primaryimage","url":"https:\/\/www.em.com.br\/emfoco\/wp-content\/uploads\/2025\/04\/5664983441_2776862288_b.jpg","contentUrl":"https:\/\/www.em.com.br\/emfoco\/wp-content\/uploads\/2025\/04\/5664983441_2776862288_b.jpg","width":1280,"height":720,"caption":"Centro de Gramado RS - Cr\u00e9ditos: Divulga\u00e7\u00e3o\/Flickr"},{"@type":"BreadcrumbList","@id":"https:\/\/www.em.com.br\/emfoco\/2025\/09\/23\/o-sul-do-brasil-esconde-cidades-que-parecem-ter-saido-da-europa\/#breadcrumb","itemListElement":[{"@type":"ListItem","position":1,"name":"In\u00edcio","item":"https:\/\/www.em.com.br\/emfoco\/"},{"@type":"ListItem","position":2,"name":"O sul do Brasil esconde cidades que parecem ter sa\u00eddo da Europa"}]},{"@type":"WebSite","@id":"https:\/\/www.em.com.br\/emfoco\/#website","url":"https:\/\/www.em.com.br\/emfoco\/","name":"Estado de Minas - Em foco","description":"Acompanhe as \u00faltimas not\u00edcias e fique bem informado sobre tudo o que acontece em Minas Gerais, Brasil e no mundo.","potentialAction":[{"@type":"SearchAction","target":{"@type":"EntryPoint","urlTemplate":"https:\/\/www.em.com.br\/emfoco\/?s={search_term_string}"},"query-input":{"@type":"PropertyValueSpecification","valueRequired":true,"valueName":"search_term_string"}}],"inLanguage":"pt-BR"},{"@type":"Person","@id":"https:\/\/www.em.com.br\/emfoco\/#\/schema\/person\/60eda09c1fedf0d6891f4cef4b60b8b8","name":"Andre\u0301 Rangel\u00a0","image":{"@type":"ImageObject","inLanguage":"pt-BR","@id":"https:\/\/www.em.com.br\/emfoco\/#\/schema\/person\/image\/","url":"https:\/\/secure.gravatar.com\/avatar\/6234dc814c77c8ef6d8bba622c787efc?s=96&d=mm&r=g","contentUrl":"https:\/\/secure.gravatar.com\/avatar\/6234dc814c77c8ef6d8bba622c787efc?s=96&d=mm&r=g","caption":"Andre\u0301 Rangel\u00a0"},"url":"https:\/\/www.em.com.br\/emfoco\/author\/luizmyth\/"}]}},"_links":{"self":[{"href":"https:\/\/www.em.com.br\/emfoco\/wp-json\/wp\/v2\/posts\/106794","targetHints":{"allow":["GET"]}}],"collection":[{"href":"https:\/\/www.em.com.br\/emfoco\/wp-json\/wp\/v2\/posts"}],"about":[{"href":"https:\/\/www.em.com.br\/emfoco\/wp-json\/wp\/v2\/types\/post"}],"author":[{"embeddable":true,"href":"https:\/\/www.em.com.br\/emfoco\/wp-json\/wp\/v2\/users\/11"}],"replies":[{"embeddable":true,"href":"https:\/\/www.em.com.br\/emfoco\/wp-json\/wp\/v2\/comments?post=106794"}],"version-history":[{"count":3,"href":"https:\/\/www.em.com.br\/emfoco\/wp-json\/wp\/v2\/posts\/106794\/revisions"}],"predecessor-version":[{"id":106826,"href":"https:\/\/www.em.com.br\/emfoco\/wp-json\/wp\/v2\/posts\/106794\/revisions\/106826"}],"wp:featuredmedia":[{"embeddable":true,"href":"https:\/\/www.em.com.br\/emfoco\/wp-json\/wp\/v2\/media\/41977"}],"wp:attachment":[{"href":"https:\/\/www.em.com.br\/emfoco\/wp-json\/wp\/v2\/media?parent=106794"}],"wp:term":[{"taxonomy":"category","embeddable":true,"href":"https:\/\/www.em.com.br\/emfoco\/wp-json\/wp\/v2\/categories?post=106794"},{"taxonomy":"post_tag","embeddable":true,"href":"https:\/\/www.em.com.br\/emfoco\/wp-json\/wp\/v2\/tags?post=106794"}],"curies":[{"name":"wp","href":"https:\/\/api.w.org\/{rel}","templated":true}]}}