{"id":106595,"date":"2025-09-24T12:30:00","date_gmt":"2025-09-24T15:30:00","guid":{"rendered":"https:\/\/www.em.com.br\/emfoco\/?p=106595"},"modified":"2025-09-24T11:16:18","modified_gmt":"2025-09-24T14:16:18","slug":"varios-produtos-de-frango-foram-recolhidos-devido-a-possivel-presenca-de-listeria","status":"publish","type":"post","link":"https:\/\/www.em.com.br\/emfoco\/2025\/09\/24\/varios-produtos-de-frango-foram-recolhidos-devido-a-possivel-presenca-de-listeria\/","title":{"rendered":"V\u00e1rios produtos de frango foram recolhidos devido \u00e0 poss\u00edvel presen\u00e7a de listeria"},"content":{"rendered":"\n<p>Uma s\u00e9rie de&nbsp;<strong>produtos de frango<\/strong>&nbsp;est\u00e1 sendo&nbsp;<strong>recolhida<\/strong>&nbsp;das prateleiras devido \u00e0 potencial contamina\u00e7\u00e3o com&nbsp;<strong>Listeria monocytogenes<\/strong>. A a\u00e7\u00e3o preventiva visa garantir a seguran\u00e7a alimentar dos consumidores. Veja abaixo os principais detalhes deste recall.<\/p>\n\n\n\n<ul class=\"wp-block-list\">\n<li>Produtos afetados incluem coxinhas e fil\u00e9s de frango de diversas marcas.<\/li>\n\n\n\n<li>A retirada \u00e9 liderada pelos grupos varejistas\u00a0<strong>Colruyt<\/strong>\u00a0e\u00a0<strong>Paas Food Industries<\/strong>.<\/li>\n\n\n\n<li>Consumo dos produtos implicados deve ser evitado; reembolso dispon\u00edvel nos pontos de venda.<\/li>\n<\/ul>\n\n\n\n<h2 class=\"wp-block-heading\">Por que os produtos de frango foram recolhidos?<\/h2>\n\n\n\n<p>A decis\u00e3o de remo\u00e7\u00e3o dos&nbsp;<strong>produtos de frango<\/strong>&nbsp;foi tomada em consulta com a&nbsp;<strong>Ag\u00eancia Federal para a Seguran\u00e7a da Cadeia Alimentar (FASFC)<\/strong>&nbsp;ap\u00f3s detec\u00e7\u00e3o de risco de contamina\u00e7\u00e3o por listeria. A&nbsp;<strong>Listeria<\/strong>&nbsp;\u00e9 uma bact\u00e9ria (<em>Listeria monocytogenes<\/em>) que causa a doen\u00e7a conhecida como&nbsp;<strong>listeriose<\/strong>, geralmente atrav\u00e9s do consumo de alimentos contaminados, como queijos, carnes processadas e vegetais crus. Os sintomas incluem febre, dores musculares, diarreia, e podem evoluir para uma doen\u00e7a grave, especialmente em gr\u00e1vidas, idosos e pessoas com o sistema imunit\u00e1rio comprometido, havendo risco de aborto, infe\u00e7\u00f5es no sistema nervoso e at\u00e9 morte. A preven\u00e7\u00e3o passa por boas pr\u00e1ticas de higiene, um bom cozimento dos alimentos e evitar o consumo de produtos de risco. Essa bact\u00e9ria pode causar s\u00e9rios riscos \u00e0 sa\u00fade, especialmente em popula\u00e7\u00f5es vulner\u00e1veis.<\/p>\n\n\n\n<figure class=\"wp-block-image size-large\"><img loading=\"lazy\" decoding=\"async\" width=\"1024\" height=\"576\" src=\"https:\/\/www.em.com.br\/emfoco\/wp-content\/uploads\/2025\/09\/Coxinhas-de-Frango_1758469807598-1024x576.jpg\" alt=\"\" class=\"wp-image-106602\" srcset=\"https:\/\/www.em.com.br\/emfoco\/wp-content\/uploads\/2025\/09\/Coxinhas-de-Frango_1758469807598-1024x576.jpg 1024w, https:\/\/www.em.com.br\/emfoco\/wp-content\/uploads\/2025\/09\/Coxinhas-de-Frango_1758469807598-300x169.jpg 300w, https:\/\/www.em.com.br\/emfoco\/wp-content\/uploads\/2025\/09\/Coxinhas-de-Frango_1758469807598-768x432.jpg 768w, https:\/\/www.em.com.br\/emfoco\/wp-content\/uploads\/2025\/09\/Coxinhas-de-Frango_1758469807598-750x422.jpg 750w, https:\/\/www.em.com.br\/emfoco\/wp-content\/uploads\/2025\/09\/Coxinhas-de-Frango_1758469807598-1140x641.jpg 1140w, https:\/\/www.em.com.br\/emfoco\/wp-content\/uploads\/2025\/09\/Coxinhas-de-Frango_1758469807598.jpg 1280w\" sizes=\"auto, (max-width: 1024px) 100vw, 1024px\" \/><figcaption class=\"wp-element-caption\">Pe\u00e7as de frango s\u00e3o retiradas dos pontos de venda &#8211; Cr\u00e9ditos: depositphotos.com \/ aleksandrtalancev51@gmail.com<\/figcaption><\/figure>\n\n\n\n<h2 class=\"wp-block-heading\">Quais produtos est\u00e3o envolvidos no recall?<\/h2>\n\n\n\n<p>Os produtos afetados incluem uma gama de itens populares, vendidos entre&nbsp;<strong>08\/09\/2025<\/strong>&nbsp;e&nbsp;<strong>18\/09\/2025<\/strong>, com lotes espec\u00edficos identificados:<\/p>\n\n\n\n<ul class=\"wp-block-list\">\n<li><strong>Coxinhas de Frango &#8220;Chicken BBQ Apero&#8221;<\/strong>\u00a0da marca\u00a0<strong>Spar<\/strong>;<\/li>\n\n\n\n<li><strong>Kipborrelbout Grillmix Gekook<\/strong>\u00a0da\u00a0<strong>Paas Food Industries<\/strong>;<\/li>\n\n\n\n<li><strong>Coxas de frango cozidas ao colorau<\/strong>;<\/li>\n\n\n\n<li><strong>Fil\u00e9 de Frango Cozido PEZO<\/strong>\u00a0da\u00a0<strong>Paas Food Industries<\/strong>.<\/li>\n<\/ul>\n\n\n\n<h2 class=\"wp-block-heading\">O que os consumidores devem fazer?<\/h2>\n\n\n\n<p>Se voc\u00ea adquiriu algum dos produtos mencionados, \u00e9 essencial&nbsp;<strong>n\u00e3o consumi-los<\/strong>. Voc\u00ea deve devolv\u00ea-los ao local de compra para obter um&nbsp;<strong>reembolso<\/strong>. Os varejistas envolvidos no recall incluem lojas do&nbsp;<strong>Grupo Spar Colruyt<\/strong>,&nbsp;<strong>Intermarch\u00e9<\/strong>,&nbsp;<strong>Delfood<\/strong>&nbsp;e&nbsp;<strong>Lambrechts<\/strong>.<\/p>\n\n\n\n<h2 class=\"wp-block-heading\">Quais li\u00e7\u00f5es s\u00e3o importantes sobre seguran\u00e7a alimentar?<\/h2>\n\n\n\n<ul class=\"wp-block-list\">\n<li>Sempre verifique a origem e seguran\u00e7a dos produtos aliment\u00edcios antes do consumo.<\/li>\n\n\n\n<li>Fique atento a campanhas de recall fortalecendo a sa\u00fade coletiva.<\/li>\n\n\n\n<li>Mantenha-se informado sobre novidades em segmentos de alimenta\u00e7\u00e3o.<\/li>\n<\/ul>\n","protected":false},"excerpt":{"rendered":"<p>Uma s\u00e9rie de&nbsp;produtos de frango&nbsp;est\u00e1 sendo&nbsp;recolhida&nbsp;das prateleiras devido \u00e0 potencial contamina\u00e7\u00e3o com&nbsp;Listeria monocytogenes. A a\u00e7\u00e3o preventiva visa garantir a seguran\u00e7a alimentar dos consumidores. Veja abaixo os principais detalhes deste recall. Por que os produtos de frango foram recolhidos? A decis\u00e3o de remo\u00e7\u00e3o dos&nbsp;produtos de frango&nbsp;foi tomada em consulta com a&nbsp;Ag\u00eancia Federal para a Seguran\u00e7a da [&hellip;]<\/p>\n","protected":false},"author":11,"featured_media":106603,"comment_status":"open","ping_status":"open","sticky":false,"template":"","format":"standard","meta":{"jnews-multi-image_gallery":[],"jnews_single_post":{"format":"standard"},"jnews_primary_category":[],"jnews_social_meta":[],"jnews_override_counter":[],"footnotes":""},"categories":[8819,1],"tags":[3561,16365,9963,15731,8605],"class_list":["post-106595","post","type-post","status-publish","format-standard","has-post-thumbnail","hentry","category-curiosidades","category-noticias","tag-frango","tag-listeria","tag-recall","tag-risco-a-saude","tag-supermercados"],"yoast_head":"<!-- This site is optimized with the Yoast SEO plugin v23.8 - https:\/\/yoast.com\/wordpress\/plugins\/seo\/ -->\n<title>V\u00e1rios produtos de frango foram recolhidos devido \u00e0 poss\u00edvel presen\u00e7a de listeria - Estado de Minas - Em foco<\/title>\n<meta name=\"description\" content=\"Produtos populares de frango s\u00e3o recolhidos por risco de infec\u00e7\u00e3o grave. Veja as marcas envolvidas no recall.\" \/>\n<meta name=\"robots\" content=\"index, follow, max-snippet:-1, max-image-preview:large, max-video-preview:-1\" \/>\n<link rel=\"canonical\" href=\"https:\/\/www.em.com.br\/emfoco\/2025\/09\/24\/varios-produtos-de-frango-foram-recolhidos-devido-a-possivel-presenca-de-listeria\/\" \/>\n<meta property=\"og:locale\" content=\"pt_BR\" \/>\n<meta property=\"og:type\" content=\"article\" \/>\n<meta property=\"og:title\" content=\"V\u00e1rios produtos de frango foram recolhidos devido \u00e0 poss\u00edvel presen\u00e7a de listeria - Estado de Minas - Em foco\" \/>\n<meta property=\"og:description\" content=\"Produtos populares de frango s\u00e3o recolhidos por risco de infec\u00e7\u00e3o grave. Veja as marcas envolvidas no recall.\" \/>\n<meta property=\"og:url\" content=\"https:\/\/www.em.com.br\/emfoco\/2025\/09\/24\/varios-produtos-de-frango-foram-recolhidos-devido-a-possivel-presenca-de-listeria\/\" \/>\n<meta property=\"og:site_name\" content=\"Estado de Minas - Em foco\" \/>\n<meta property=\"article:published_time\" content=\"2025-09-24T15:30:00+00:00\" \/>\n<meta property=\"article:modified_time\" content=\"2025-09-24T14:16:18+00:00\" \/>\n<meta property=\"og:image\" content=\"https:\/\/www.em.com.br\/emfoco\/wp-content\/uploads\/2025\/09\/Coxinhas-de-Frango_1758469856287.jpg\" \/>\n\t<meta property=\"og:image:width\" content=\"1280\" \/>\n\t<meta property=\"og:image:height\" content=\"720\" \/>\n\t<meta property=\"og:image:type\" content=\"image\/jpeg\" \/>\n<meta name=\"author\" content=\"Andre\u0301 Rangel\u00a0\" \/>\n<meta name=\"twitter:card\" content=\"summary_large_image\" \/>\n<meta name=\"twitter:label1\" content=\"Escrito por\" \/>\n\t<meta name=\"twitter:data1\" content=\"Andre\u0301 Rangel\u00a0\" \/>\n\t<meta name=\"twitter:label2\" content=\"Est. tempo de leitura\" \/>\n\t<meta name=\"twitter:data2\" content=\"3 minutos\" \/>\n<!-- \/ Yoast SEO plugin. -->","yoast_head_json":{"title":"V\u00e1rios produtos de frango foram recolhidos devido \u00e0 poss\u00edvel presen\u00e7a de listeria - Estado de Minas - Em foco","description":"Produtos populares de frango s\u00e3o recolhidos por risco de infec\u00e7\u00e3o grave. Veja as marcas envolvidas no recall.","robots":{"index":"index","follow":"follow","max-snippet":"max-snippet:-1","max-image-preview":"max-image-preview:large","max-video-preview":"max-video-preview:-1"},"canonical":"https:\/\/www.em.com.br\/emfoco\/2025\/09\/24\/varios-produtos-de-frango-foram-recolhidos-devido-a-possivel-presenca-de-listeria\/","og_locale":"pt_BR","og_type":"article","og_title":"V\u00e1rios produtos de frango foram recolhidos devido \u00e0 poss\u00edvel presen\u00e7a de listeria - Estado de Minas - Em foco","og_description":"Produtos populares de frango s\u00e3o recolhidos por risco de infec\u00e7\u00e3o grave. Veja as marcas envolvidas no recall.","og_url":"https:\/\/www.em.com.br\/emfoco\/2025\/09\/24\/varios-produtos-de-frango-foram-recolhidos-devido-a-possivel-presenca-de-listeria\/","og_site_name":"Estado de Minas - Em foco","article_published_time":"2025-09-24T15:30:00+00:00","article_modified_time":"2025-09-24T14:16:18+00:00","og_image":[{"width":1280,"height":720,"url":"https:\/\/www.em.com.br\/emfoco\/wp-content\/uploads\/2025\/09\/Coxinhas-de-Frango_1758469856287.jpg","type":"image\/jpeg"}],"author":"Andre\u0301 Rangel\u00a0","twitter_card":"summary_large_image","twitter_misc":{"Escrito por":"Andre\u0301 Rangel\u00a0","Est. tempo de leitura":"3 minutos"},"schema":{"@context":"https:\/\/schema.org","@graph":[{"@type":"WebPage","@id":"https:\/\/www.em.com.br\/emfoco\/2025\/09\/24\/varios-produtos-de-frango-foram-recolhidos-devido-a-possivel-presenca-de-listeria\/","url":"https:\/\/www.em.com.br\/emfoco\/2025\/09\/24\/varios-produtos-de-frango-foram-recolhidos-devido-a-possivel-presenca-de-listeria\/","name":"V\u00e1rios produtos de frango foram recolhidos devido \u00e0 poss\u00edvel presen\u00e7a de listeria - Estado de Minas - Em foco","isPartOf":{"@id":"https:\/\/www.em.com.br\/emfoco\/#website"},"primaryImageOfPage":{"@id":"https:\/\/www.em.com.br\/emfoco\/2025\/09\/24\/varios-produtos-de-frango-foram-recolhidos-devido-a-possivel-presenca-de-listeria\/#primaryimage"},"image":{"@id":"https:\/\/www.em.com.br\/emfoco\/2025\/09\/24\/varios-produtos-de-frango-foram-recolhidos-devido-a-possivel-presenca-de-listeria\/#primaryimage"},"thumbnailUrl":"https:\/\/www.em.com.br\/emfoco\/wp-content\/uploads\/2025\/09\/Coxinhas-de-Frango_1758469856287.jpg","datePublished":"2025-09-24T15:30:00+00:00","dateModified":"2025-09-24T14:16:18+00:00","author":{"@id":"https:\/\/www.em.com.br\/emfoco\/#\/schema\/person\/60eda09c1fedf0d6891f4cef4b60b8b8"},"description":"Produtos populares de frango s\u00e3o recolhidos por risco de infec\u00e7\u00e3o grave. Veja as marcas envolvidas no recall.","breadcrumb":{"@id":"https:\/\/www.em.com.br\/emfoco\/2025\/09\/24\/varios-produtos-de-frango-foram-recolhidos-devido-a-possivel-presenca-de-listeria\/#breadcrumb"},"inLanguage":"pt-BR","potentialAction":[{"@type":"ReadAction","target":["https:\/\/www.em.com.br\/emfoco\/2025\/09\/24\/varios-produtos-de-frango-foram-recolhidos-devido-a-possivel-presenca-de-listeria\/"]}]},{"@type":"ImageObject","inLanguage":"pt-BR","@id":"https:\/\/www.em.com.br\/emfoco\/2025\/09\/24\/varios-produtos-de-frango-foram-recolhidos-devido-a-possivel-presenca-de-listeria\/#primaryimage","url":"https:\/\/www.em.com.br\/emfoco\/wp-content\/uploads\/2025\/09\/Coxinhas-de-Frango_1758469856287.jpg","contentUrl":"https:\/\/www.em.com.br\/emfoco\/wp-content\/uploads\/2025\/09\/Coxinhas-de-Frango_1758469856287.jpg","width":1280,"height":720,"caption":"Frango com risco de contamina\u00e7\u00e3o - Cr\u00e9ditos: depositphotos.com \/ AnkevanWyk"},{"@type":"BreadcrumbList","@id":"https:\/\/www.em.com.br\/emfoco\/2025\/09\/24\/varios-produtos-de-frango-foram-recolhidos-devido-a-possivel-presenca-de-listeria\/#breadcrumb","itemListElement":[{"@type":"ListItem","position":1,"name":"In\u00edcio","item":"https:\/\/www.em.com.br\/emfoco\/"},{"@type":"ListItem","position":2,"name":"V\u00e1rios produtos de frango foram recolhidos devido \u00e0 poss\u00edvel presen\u00e7a de listeria"}]},{"@type":"WebSite","@id":"https:\/\/www.em.com.br\/emfoco\/#website","url":"https:\/\/www.em.com.br\/emfoco\/","name":"Estado de Minas - Em foco","description":"Acompanhe as \u00faltimas not\u00edcias e fique bem informado sobre tudo o que acontece em Minas Gerais, Brasil e no mundo.","potentialAction":[{"@type":"SearchAction","target":{"@type":"EntryPoint","urlTemplate":"https:\/\/www.em.com.br\/emfoco\/?s={search_term_string}"},"query-input":{"@type":"PropertyValueSpecification","valueRequired":true,"valueName":"search_term_string"}}],"inLanguage":"pt-BR"},{"@type":"Person","@id":"https:\/\/www.em.com.br\/emfoco\/#\/schema\/person\/60eda09c1fedf0d6891f4cef4b60b8b8","name":"Andre\u0301 Rangel\u00a0","image":{"@type":"ImageObject","inLanguage":"pt-BR","@id":"https:\/\/www.em.com.br\/emfoco\/#\/schema\/person\/image\/","url":"https:\/\/secure.gravatar.com\/avatar\/6234dc814c77c8ef6d8bba622c787efc?s=96&d=mm&r=g","contentUrl":"https:\/\/secure.gravatar.com\/avatar\/6234dc814c77c8ef6d8bba622c787efc?s=96&d=mm&r=g","caption":"Andre\u0301 Rangel\u00a0"},"url":"https:\/\/www.em.com.br\/emfoco\/author\/luizmyth\/"}]}},"_links":{"self":[{"href":"https:\/\/www.em.com.br\/emfoco\/wp-json\/wp\/v2\/posts\/106595","targetHints":{"allow":["GET"]}}],"collection":[{"href":"https:\/\/www.em.com.br\/emfoco\/wp-json\/wp\/v2\/posts"}],"about":[{"href":"https:\/\/www.em.com.br\/emfoco\/wp-json\/wp\/v2\/types\/post"}],"author":[{"embeddable":true,"href":"https:\/\/www.em.com.br\/emfoco\/wp-json\/wp\/v2\/users\/11"}],"replies":[{"embeddable":true,"href":"https:\/\/www.em.com.br\/emfoco\/wp-json\/wp\/v2\/comments?post=106595"}],"version-history":[{"count":2,"href":"https:\/\/www.em.com.br\/emfoco\/wp-json\/wp\/v2\/posts\/106595\/revisions"}],"predecessor-version":[{"id":106604,"href":"https:\/\/www.em.com.br\/emfoco\/wp-json\/wp\/v2\/posts\/106595\/revisions\/106604"}],"wp:featuredmedia":[{"embeddable":true,"href":"https:\/\/www.em.com.br\/emfoco\/wp-json\/wp\/v2\/media\/106603"}],"wp:attachment":[{"href":"https:\/\/www.em.com.br\/emfoco\/wp-json\/wp\/v2\/media?parent=106595"}],"wp:term":[{"taxonomy":"category","embeddable":true,"href":"https:\/\/www.em.com.br\/emfoco\/wp-json\/wp\/v2\/categories?post=106595"},{"taxonomy":"post_tag","embeddable":true,"href":"https:\/\/www.em.com.br\/emfoco\/wp-json\/wp\/v2\/tags?post=106595"}],"curies":[{"name":"wp","href":"https:\/\/api.w.org\/{rel}","templated":true}]}}