{"id":106590,"date":"2025-09-22T10:00:00","date_gmt":"2025-09-22T13:00:00","guid":{"rendered":"https:\/\/www.em.com.br\/emfoco\/?p=106590"},"modified":"2025-09-21T19:53:46","modified_gmt":"2025-09-21T22:53:46","slug":"esses-habitos-de-sono-sao-tipicos-de-pessoas-muito-talentosas-e-inteligencia-alta","status":"publish","type":"post","link":"https:\/\/www.em.com.br\/emfoco\/2025\/09\/22\/esses-habitos-de-sono-sao-tipicos-de-pessoas-muito-talentosas-e-inteligencia-alta\/","title":{"rendered":"Esses h\u00e1bitos de sono s\u00e3o t\u00edpicos de pessoas muito talentosas e intelig\u00eancia alta"},"content":{"rendered":"\n<p>As&nbsp;<strong>pessoas com alto coeficiente intelectual<\/strong>&nbsp;ou&nbsp;<strong>altas capacidades<\/strong>&nbsp;(AACC) apresentam caracter\u00edsticas especiais, inclusive na hora de dormir. Embora muitas vezes pensemos que um QI elevado resulta em melhor desempenho acad\u00eamico, na verdade, isso \u00e9 apenas parte de um quadro mais complexo. Este artigo explora como as AACC impactam os h\u00e1bitos de sono.<\/p>\n\n\n\n<ul class=\"wp-block-list\">\n<li>Rela\u00e7\u00e3o espec\u00edfica entre altas capacidades e padr\u00f5es de sono.<\/li>\n\n\n\n<li>Efeitos do sono na mem\u00f3ria emocional e criativa.<\/li>\n\n\n\n<li>Dicas para melhorar a qualidade do descanso em pessoas com AACC.<\/li>\n<\/ul>\n\n\n\n<h2 class=\"wp-block-heading\">Como dorme uma pessoa com altas capacidades?<\/h2>\n\n\n\n<p>As&nbsp;<strong>pessoas com AACC<\/strong>&nbsp;possuem uma&nbsp;<strong>atividade cerebral intensa<\/strong>&nbsp;mesmo durante o sono. Segundo a psic\u00f3loga especializada&nbsp;<strong>Arielle Adda<\/strong>, a hiperatividade cerebral \u00e9 comum nesse grupo, tornando o processo de relaxamento algo desafiador.<\/p>\n\n\n\n<p>Diversos estudos, como o de&nbsp;<strong>Nerea G\u00f3mez Rodr\u00edguez<\/strong>, mostram que essas pessoas passam por um n\u00famero maior de ciclos de sono. Os ciclos REM, por sua vez, s\u00e3o mais numerosos, mas costumam ser de menor dura\u00e7\u00e3o em compara\u00e7\u00e3o \u00e0 m\u00e9dia da popula\u00e7\u00e3o.<\/p>\n\n\n\n<h2 class=\"wp-block-heading\">Quais benef\u00edcios e desafios o sono traz para pessoas com AACC?<\/h2>\n\n\n\n<p>O&nbsp;<strong>sono nas pessoas com AACC<\/strong>&nbsp;traz vantagens, como maior mem\u00f3ria emocional e capacidade criativa. Contudo, tamb\u00e9m pode gerar sonhos intensos que influenciam negativamente a qualidade do descanso, al\u00e9m de provocar ansiedade ou acordar durante a noite.<\/p>\n\n\n\n<figure class=\"wp-block-image\"><img decoding=\"async\" src=\"https:\/\/www.em.com.br\/emfoco\/wp-content\/uploads\/2025\/03\/dormir_1741995356456-1024x576.jpg\" alt=\"\"\/><figcaption class=\"wp-element-caption\">Pessoa dormindo tranquilamente &#8211; Cr\u00e9ditos: depositphotos.com \/ AntonLozovoy<\/figcaption><\/figure>\n\n\n\n<p>Ainda que haja mais ciclos de sono, a intensifica\u00e7\u00e3o desses ciclos pode ser prejudicial ao bem-estar geral dessa popula\u00e7\u00e3o.<\/p>\n\n\n\n<h2 class=\"wp-block-heading\">Como melhorar o descanso?<\/h2>\n\n\n\n<p>Existem&nbsp;<strong>estrat\u00e9gias<\/strong>&nbsp;que ajudam a relaxar a mente. T\u00e9cnicas como medita\u00e7\u00e3o e exerc\u00edcios de respira\u00e7\u00e3o s\u00e3o eficazes. \u00c9 importante evitar est\u00edmulos antes de dormir, como telas de aparelhos digitais ou alimentos estimulantes.<\/p>\n\n\n\n<p>Em casos mais severos, \u00e9 poss\u00edvel considerar tratamento farmacol\u00f3gico sob orienta\u00e7\u00e3o m\u00e9dica, sendo que hipn\u00f3ticos n\u00e3o-benzodiazep\u00ednicos e suplementos como a melatonina est\u00e3o entre as op\u00e7\u00f5es dispon\u00edveis.<\/p>\n\n\n\n<h2 class=\"wp-block-heading\">Por que \u00e9 fundamental compreender o sono?<\/h2>\n\n\n\n<ul class=\"wp-block-list\">\n<li>O sono tem grande impacto na qualidade de vida das pessoas com AACC.<\/li>\n\n\n\n<li>Estrat\u00e9gias de relaxamento podem melhorar significativamente o descanso.<\/li>\n\n\n\n<li>A consulta m\u00e9dica \u00e9 fundamental para um tratamento adequado e seguro.<\/li>\n<\/ul>\n","protected":false},"excerpt":{"rendered":"<p>As&nbsp;pessoas com alto coeficiente intelectual&nbsp;ou&nbsp;altas capacidades&nbsp;(AACC) apresentam caracter\u00edsticas especiais, inclusive na hora de dormir. Embora muitas vezes pensemos que um QI elevado resulta em melhor desempenho acad\u00eamico, na verdade, isso \u00e9 apenas parte de um quadro mais complexo. Este artigo explora como as AACC impactam os h\u00e1bitos de sono. Como dorme uma pessoa com altas [&hellip;]<\/p>\n","protected":false},"author":11,"featured_media":28921,"comment_status":"open","ping_status":"open","sticky":false,"template":"","format":"standard","meta":{"jnews-multi-image_gallery":[],"jnews_single_post":{"format":"standard"},"jnews_primary_category":[],"jnews_social_meta":[],"jnews_override_counter":[],"footnotes":""},"categories":[8819,1],"tags":[4947,4312,5439,9709,1925],"class_list":["post-106590","post","type-post","status-publish","format-standard","has-post-thumbnail","hentry","category-curiosidades","category-noticias","tag-ansiedade","tag-cerebro","tag-criatividade","tag-qi","tag-sono"],"yoast_head":"<!-- This site is optimized with the Yoast SEO plugin v23.8 - https:\/\/yoast.com\/wordpress\/plugins\/seo\/ -->\n<title>Esses h\u00e1bitos de sono s\u00e3o t\u00edpicos de pessoas muito talentosas e intelig\u00eancia alta - Estado de Minas - Em foco<\/title>\n<meta name=\"description\" content=\"Estudos mostram que pessoas com QI alto t\u00eam padr\u00f5es de sono intensos e diferentes. Entenda o impacto disso na criatividade e ansiedade.\" \/>\n<meta name=\"robots\" content=\"index, follow, max-snippet:-1, max-image-preview:large, max-video-preview:-1\" \/>\n<link rel=\"canonical\" href=\"https:\/\/www.em.com.br\/emfoco\/2025\/09\/22\/esses-habitos-de-sono-sao-tipicos-de-pessoas-muito-talentosas-e-inteligencia-alta\/\" \/>\n<meta property=\"og:locale\" content=\"pt_BR\" \/>\n<meta property=\"og:type\" content=\"article\" \/>\n<meta property=\"og:title\" content=\"Esses h\u00e1bitos de sono s\u00e3o t\u00edpicos de pessoas muito talentosas e intelig\u00eancia alta - Estado de Minas - Em foco\" \/>\n<meta property=\"og:description\" content=\"Estudos mostram que pessoas com QI alto t\u00eam padr\u00f5es de sono intensos e diferentes. Entenda o impacto disso na criatividade e ansiedade.\" \/>\n<meta property=\"og:url\" content=\"https:\/\/www.em.com.br\/emfoco\/2025\/09\/22\/esses-habitos-de-sono-sao-tipicos-de-pessoas-muito-talentosas-e-inteligencia-alta\/\" \/>\n<meta property=\"og:site_name\" content=\"Estado de Minas - Em foco\" \/>\n<meta property=\"article:published_time\" content=\"2025-09-22T13:00:00+00:00\" \/>\n<meta property=\"article:modified_time\" content=\"2025-09-21T22:53:46+00:00\" \/>\n<meta property=\"og:image\" content=\"https:\/\/www.em.com.br\/emfoco\/wp-content\/uploads\/2025\/03\/dormir_1741995392340.jpg\" \/>\n\t<meta property=\"og:image:width\" content=\"1280\" \/>\n\t<meta property=\"og:image:height\" content=\"720\" \/>\n\t<meta property=\"og:image:type\" content=\"image\/jpeg\" \/>\n<meta name=\"author\" content=\"Andre\u0301 Rangel\u00a0\" \/>\n<meta name=\"twitter:card\" content=\"summary_large_image\" \/>\n<meta name=\"twitter:label1\" content=\"Escrito por\" \/>\n\t<meta name=\"twitter:data1\" content=\"Andre\u0301 Rangel\u00a0\" \/>\n\t<meta name=\"twitter:label2\" content=\"Est. tempo de leitura\" \/>\n\t<meta name=\"twitter:data2\" content=\"3 minutos\" \/>\n<!-- \/ Yoast SEO plugin. -->","yoast_head_json":{"title":"Esses h\u00e1bitos de sono s\u00e3o t\u00edpicos de pessoas muito talentosas e intelig\u00eancia alta - Estado de Minas - Em foco","description":"Estudos mostram que pessoas com QI alto t\u00eam padr\u00f5es de sono intensos e diferentes. Entenda o impacto disso na criatividade e ansiedade.","robots":{"index":"index","follow":"follow","max-snippet":"max-snippet:-1","max-image-preview":"max-image-preview:large","max-video-preview":"max-video-preview:-1"},"canonical":"https:\/\/www.em.com.br\/emfoco\/2025\/09\/22\/esses-habitos-de-sono-sao-tipicos-de-pessoas-muito-talentosas-e-inteligencia-alta\/","og_locale":"pt_BR","og_type":"article","og_title":"Esses h\u00e1bitos de sono s\u00e3o t\u00edpicos de pessoas muito talentosas e intelig\u00eancia alta - Estado de Minas - Em foco","og_description":"Estudos mostram que pessoas com QI alto t\u00eam padr\u00f5es de sono intensos e diferentes. Entenda o impacto disso na criatividade e ansiedade.","og_url":"https:\/\/www.em.com.br\/emfoco\/2025\/09\/22\/esses-habitos-de-sono-sao-tipicos-de-pessoas-muito-talentosas-e-inteligencia-alta\/","og_site_name":"Estado de Minas - Em foco","article_published_time":"2025-09-22T13:00:00+00:00","article_modified_time":"2025-09-21T22:53:46+00:00","og_image":[{"width":1280,"height":720,"url":"https:\/\/www.em.com.br\/emfoco\/wp-content\/uploads\/2025\/03\/dormir_1741995392340.jpg","type":"image\/jpeg"}],"author":"Andre\u0301 Rangel\u00a0","twitter_card":"summary_large_image","twitter_misc":{"Escrito por":"Andre\u0301 Rangel\u00a0","Est. tempo de leitura":"3 minutos"},"schema":{"@context":"https:\/\/schema.org","@graph":[{"@type":"WebPage","@id":"https:\/\/www.em.com.br\/emfoco\/2025\/09\/22\/esses-habitos-de-sono-sao-tipicos-de-pessoas-muito-talentosas-e-inteligencia-alta\/","url":"https:\/\/www.em.com.br\/emfoco\/2025\/09\/22\/esses-habitos-de-sono-sao-tipicos-de-pessoas-muito-talentosas-e-inteligencia-alta\/","name":"Esses h\u00e1bitos de sono s\u00e3o t\u00edpicos de pessoas muito talentosas e intelig\u00eancia alta - Estado de Minas - Em foco","isPartOf":{"@id":"https:\/\/www.em.com.br\/emfoco\/#website"},"primaryImageOfPage":{"@id":"https:\/\/www.em.com.br\/emfoco\/2025\/09\/22\/esses-habitos-de-sono-sao-tipicos-de-pessoas-muito-talentosas-e-inteligencia-alta\/#primaryimage"},"image":{"@id":"https:\/\/www.em.com.br\/emfoco\/2025\/09\/22\/esses-habitos-de-sono-sao-tipicos-de-pessoas-muito-talentosas-e-inteligencia-alta\/#primaryimage"},"thumbnailUrl":"https:\/\/www.em.com.br\/emfoco\/wp-content\/uploads\/2025\/03\/dormir_1741995392340.jpg","datePublished":"2025-09-22T13:00:00+00:00","dateModified":"2025-09-21T22:53:46+00:00","author":{"@id":"https:\/\/www.em.com.br\/emfoco\/#\/schema\/person\/60eda09c1fedf0d6891f4cef4b60b8b8"},"description":"Estudos mostram que pessoas com QI alto t\u00eam padr\u00f5es de sono intensos e diferentes. Entenda o impacto disso na criatividade e ansiedade.","breadcrumb":{"@id":"https:\/\/www.em.com.br\/emfoco\/2025\/09\/22\/esses-habitos-de-sono-sao-tipicos-de-pessoas-muito-talentosas-e-inteligencia-alta\/#breadcrumb"},"inLanguage":"pt-BR","potentialAction":[{"@type":"ReadAction","target":["https:\/\/www.em.com.br\/emfoco\/2025\/09\/22\/esses-habitos-de-sono-sao-tipicos-de-pessoas-muito-talentosas-e-inteligencia-alta\/"]}]},{"@type":"ImageObject","inLanguage":"pt-BR","@id":"https:\/\/www.em.com.br\/emfoco\/2025\/09\/22\/esses-habitos-de-sono-sao-tipicos-de-pessoas-muito-talentosas-e-inteligencia-alta\/#primaryimage","url":"https:\/\/www.em.com.br\/emfoco\/wp-content\/uploads\/2025\/03\/dormir_1741995392340.jpg","contentUrl":"https:\/\/www.em.com.br\/emfoco\/wp-content\/uploads\/2025\/03\/dormir_1741995392340.jpg","width":1280,"height":720,"caption":"Homem dormindo - Cr\u00e9ditos: depositphotos.com \/ Milkos"},{"@type":"BreadcrumbList","@id":"https:\/\/www.em.com.br\/emfoco\/2025\/09\/22\/esses-habitos-de-sono-sao-tipicos-de-pessoas-muito-talentosas-e-inteligencia-alta\/#breadcrumb","itemListElement":[{"@type":"ListItem","position":1,"name":"In\u00edcio","item":"https:\/\/www.em.com.br\/emfoco\/"},{"@type":"ListItem","position":2,"name":"Esses h\u00e1bitos de sono s\u00e3o t\u00edpicos de pessoas muito talentosas e intelig\u00eancia alta"}]},{"@type":"WebSite","@id":"https:\/\/www.em.com.br\/emfoco\/#website","url":"https:\/\/www.em.com.br\/emfoco\/","name":"Estado de Minas - Em foco","description":"Acompanhe as \u00faltimas not\u00edcias e fique bem informado sobre tudo o que acontece em Minas Gerais, Brasil e no mundo.","potentialAction":[{"@type":"SearchAction","target":{"@type":"EntryPoint","urlTemplate":"https:\/\/www.em.com.br\/emfoco\/?s={search_term_string}"},"query-input":{"@type":"PropertyValueSpecification","valueRequired":true,"valueName":"search_term_string"}}],"inLanguage":"pt-BR"},{"@type":"Person","@id":"https:\/\/www.em.com.br\/emfoco\/#\/schema\/person\/60eda09c1fedf0d6891f4cef4b60b8b8","name":"Andre\u0301 Rangel\u00a0","image":{"@type":"ImageObject","inLanguage":"pt-BR","@id":"https:\/\/www.em.com.br\/emfoco\/#\/schema\/person\/image\/","url":"https:\/\/secure.gravatar.com\/avatar\/6234dc814c77c8ef6d8bba622c787efc?s=96&d=mm&r=g","contentUrl":"https:\/\/secure.gravatar.com\/avatar\/6234dc814c77c8ef6d8bba622c787efc?s=96&d=mm&r=g","caption":"Andre\u0301 Rangel\u00a0"},"url":"https:\/\/www.em.com.br\/emfoco\/author\/luizmyth\/"}]}},"_links":{"self":[{"href":"https:\/\/www.em.com.br\/emfoco\/wp-json\/wp\/v2\/posts\/106590","targetHints":{"allow":["GET"]}}],"collection":[{"href":"https:\/\/www.em.com.br\/emfoco\/wp-json\/wp\/v2\/posts"}],"about":[{"href":"https:\/\/www.em.com.br\/emfoco\/wp-json\/wp\/v2\/types\/post"}],"author":[{"embeddable":true,"href":"https:\/\/www.em.com.br\/emfoco\/wp-json\/wp\/v2\/users\/11"}],"replies":[{"embeddable":true,"href":"https:\/\/www.em.com.br\/emfoco\/wp-json\/wp\/v2\/comments?post=106590"}],"version-history":[{"count":2,"href":"https:\/\/www.em.com.br\/emfoco\/wp-json\/wp\/v2\/posts\/106590\/revisions"}],"predecessor-version":[{"id":106609,"href":"https:\/\/www.em.com.br\/emfoco\/wp-json\/wp\/v2\/posts\/106590\/revisions\/106609"}],"wp:featuredmedia":[{"embeddable":true,"href":"https:\/\/www.em.com.br\/emfoco\/wp-json\/wp\/v2\/media\/28921"}],"wp:attachment":[{"href":"https:\/\/www.em.com.br\/emfoco\/wp-json\/wp\/v2\/media?parent=106590"}],"wp:term":[{"taxonomy":"category","embeddable":true,"href":"https:\/\/www.em.com.br\/emfoco\/wp-json\/wp\/v2\/categories?post=106590"},{"taxonomy":"post_tag","embeddable":true,"href":"https:\/\/www.em.com.br\/emfoco\/wp-json\/wp\/v2\/tags?post=106590"}],"curies":[{"name":"wp","href":"https:\/\/api.w.org\/{rel}","templated":true}]}}