{"id":10655,"date":"2025-01-14T20:20:00","date_gmt":"2025-01-14T23:20:00","guid":{"rendered":"https:\/\/www.em.com.br\/emfoco\/?p=10655"},"modified":"2025-01-14T11:51:01","modified_gmt":"2025-01-14T14:51:01","slug":"seu-beneficio-do-inss-vai-aumentar-em-2025","status":"publish","type":"post","link":"https:\/\/www.em.com.br\/emfoco\/2025\/01\/14\/seu-beneficio-do-inss-vai-aumentar-em-2025\/","title":{"rendered":"Seu benef\u00edcio do INSS vai aumentar em 2025?"},"content":{"rendered":"\n<p>Os aposentados do Instituto Nacional do Seguro Social (<a href=\"https:\/\/www.gov.br\/inss\/pt-br\" target=\"_blank\" rel=\"noreferrer noopener\">INSS<\/a>) come\u00e7ar\u00e3o 2025 com uma not\u00edcia favor\u00e1vel: os <a href=\"https:\/\/www.em.com.br\/emfoco\/2025\/01\/13\/adeus-colesterol-conheca-os-beneficios-do-vinho-tinto-seco-para-o-coracao\/\" target=\"_blank\" rel=\"noreferrer noopener\">benef\u00edcios <\/a>ser\u00e3o reajustados em 4,77% a partir de fevereiro. Este aumento, alinhado com a infla\u00e7\u00e3o acumulada do per\u00edodo, proporcionar\u00e1 melhorias financeiras a milh\u00f5es de aposentados e pensionistas em todo o Brasil.<\/p>\n\n\n\n<p>O novo teto para os pagamentos do INSS subir\u00e1 de R$ 7.786,01 para R$ 8.157,40, conforme informado por fontes confi\u00e1veis. Este reajuste \u00e9 crucial para assegurar que os aposentados mantenham seu poder de compra e qualidade de vida. No entanto, \u00e9 importante observar que nem todos os benefici\u00e1rios ser\u00e3o impactados de maneira equivalente, pois o aumento n\u00e3o reflete a infla\u00e7\u00e3o para todos.<\/p>\n\n\n\n<h2 class=\"wp-block-heading\">Quem Tem Direito ao Reajuste?<\/h2>\n\n\n\n<p>Todos os benefici\u00e1rios do INSS que estavam recebendo pagamentos em 1\u00ba de fevereiro de 2024 ter\u00e3o direito ao reajuste de 4,77%. Para aqueles que come\u00e7aram a receber benef\u00edcios ap\u00f3s essa data, o ajuste ser\u00e1 aplicado proporcionalmente ao per\u00edodo da concess\u00e3o.<\/p>\n\n\n<div class=\"wp-block-image\">\n<figure class=\"aligncenter size-large\"><img loading=\"lazy\" decoding=\"async\" width=\"1024\" height=\"576\" src=\"https:\/\/www.em.com.br\/emfoco\/wp-content\/uploads\/2024\/12\/INSSss-1024x576.jpg\" alt=\"\" class=\"wp-image-5155\" srcset=\"https:\/\/www.em.com.br\/emfoco\/wp-content\/uploads\/2024\/12\/INSSss-1024x576.jpg 1024w, https:\/\/www.em.com.br\/emfoco\/wp-content\/uploads\/2024\/12\/INSSss-300x169.jpg 300w, https:\/\/www.em.com.br\/emfoco\/wp-content\/uploads\/2024\/12\/INSSss-768x432.jpg 768w, https:\/\/www.em.com.br\/emfoco\/wp-content\/uploads\/2024\/12\/INSSss-750x422.jpg 750w, https:\/\/www.em.com.br\/emfoco\/wp-content\/uploads\/2024\/12\/INSSss-1140x641.jpg 1140w, https:\/\/www.em.com.br\/emfoco\/wp-content\/uploads\/2024\/12\/INSSss.jpg 1280w\" sizes=\"auto, (max-width: 1024px) 100vw, 1024px\" \/><figcaption class=\"wp-element-caption\">INSS- Cr\u00e9ditos: depositphotos.com \/ fernandokazuo<\/figcaption><\/figure><\/div>\n\n\n<p>Esse ajuste \u00e9 um reflexo do \u00cdndice Nacional de Pre\u00e7os ao Consumidor (INPC) do per\u00edodo, proporcionando um aumento significativo para aqueles que recebem acima do sal\u00e1rio m\u00ednimo. Especialistas destacam a relev\u00e2ncia deste aumento para garantir estabilidade econ\u00f4mica aos aposentados.<\/p>\n\n\n\n<h2 class=\"wp-block-heading\">Quando os Aposentados Receber\u00e3o o Reajuste?<\/h2>\n\n\n\n<p>O pagamento do reajuste est\u00e1 programado para ocorrer em duas datas distintas:<\/p>\n\n\n\n<ul class=\"wp-block-list\">\n<li>Benefici\u00e1rios que recebem o sal\u00e1rio m\u00ednimo: a partir de 27 de janeiro de 2025.<\/li>\n\n\n\n<li>Demais benefici\u00e1rios: a partir de 3 de fevereiro de 2025.<\/li>\n<\/ul>\n\n\n\n<p>Com este ajuste, o valor m\u00e1ximo que os benefici\u00e1rios podem receber passar\u00e1 a ser de R$ 8.157,40, representando um al\u00edvio financeiro importante para muitos aposentados.<\/p>\n\n\n\n<h2 class=\"wp-block-heading\">Como Verificar o Valor Atualizado do Benef\u00edcio?<\/h2>\n\n\n\n<p>Para consultar o valor atualizado do seu benef\u00edcio, os aposentados t\u00eam algumas op\u00e7\u00f5es pr\u00e1ticas:<\/p>\n\n\n\n<ol class=\"wp-block-list\">\n<li><strong>Site ou aplicativo Meu INSS:<\/strong> Acesse com seu CPF e senha para verificar extratos de pagamento.<\/li>\n\n\n\n<li><strong>Central de Atendimento 135:<\/strong> Ligue e forne\u00e7a seu CPF e informa\u00e7\u00f5es necess\u00e1rias para obter detalhes do seu benef\u00edcio.<\/li>\n<\/ol>\n\n\n\n<p>Essas ferramentas tornam mais simples e acess\u00edvel a tarefa de monitorar os valores dos benef\u00edcios ap\u00f3s o reajuste.<\/p>\n\n\n\n<h2 class=\"wp-block-heading\">A Import\u00e2ncia do Reajuste dos Benef\u00edcios<\/h2>\n\n\n\n<p>O reajuste dos benef\u00edcios do INSS desempenha um papel fundamental na economia dos aposentados e pensionistas, garantindo que suas receitas acompanhem, ao menos em parte, o custo de vida em ascens\u00e3o. A pol\u00edtica de reajuste visa, portanto, assegurar uma vida digna, embora o aumento nem sempre coincida exatamente com o ritmo inflacion\u00e1rio para todos os benefici\u00e1rios.<\/p>\n\n\n\n<p>A atualiza\u00e7\u00e3o dos valores dos benef\u00edcios do INSS tamb\u00e9m sinaliza o compromisso do governo em adapt\u00e1-los \u00e0s mudan\u00e7as econ\u00f4micas, procurando minimizar as desigualdades entre aqueles que recebem diferentes quantias. No entanto, a discuss\u00e3o sobre a adequa\u00e7\u00e3o dos aumentos e sua cobertura permanece um tema relevante na sociedade.<\/p>\n","protected":false},"excerpt":{"rendered":"<p>Os aposentados do Instituto Nacional do Seguro Social (INSS) come\u00e7ar\u00e3o 2025 com uma not\u00edcia favor\u00e1vel: os benef\u00edcios ser\u00e3o reajustados em 4,77% a partir de fevereiro. Este aumento, alinhado com a infla\u00e7\u00e3o acumulada do per\u00edodo, proporcionar\u00e1 melhorias financeiras a milh\u00f5es de aposentados e pensionistas em todo o Brasil. O novo teto para os pagamentos do INSS [&hellip;]<\/p>\n","protected":false},"author":7,"featured_media":3820,"comment_status":"open","ping_status":"open","sticky":false,"template":"","format":"standard","meta":{"jnews-multi-image_gallery":[],"jnews_single_post":{"format":"standard"},"jnews_primary_category":[],"jnews_social_meta":[],"jnews_override_counter":[],"footnotes":""},"categories":[28],"tags":[782,172,174,3472],"class_list":["post-10655","post","type-post","status-publish","format-standard","has-post-thumbnail","hentry","category-economia","tag-782","tag-aposentadoria","tag-inss","tag-reajuste-de-beneficios"],"yoast_head":"<!-- This site is optimized with the Yoast SEO plugin v23.8 - https:\/\/yoast.com\/wordpress\/plugins\/seo\/ -->\n<title>Seu benef\u00edcio do INSS vai aumentar em 2025? - Estado de Minas - Em foco<\/title>\n<meta name=\"description\" content=\"O reajuste dos benef\u00edcios do INSS em 2025 trar\u00e1 melhorias financeiras a milh\u00f5es de aposentados e pensionistas do Brasil. Confira as novas datas e valores de pagamento.\" \/>\n<meta name=\"robots\" content=\"index, follow, max-snippet:-1, max-image-preview:large, max-video-preview:-1\" \/>\n<link rel=\"canonical\" href=\"https:\/\/www.em.com.br\/emfoco\/2025\/01\/14\/seu-beneficio-do-inss-vai-aumentar-em-2025\/\" \/>\n<meta property=\"og:locale\" content=\"pt_BR\" \/>\n<meta property=\"og:type\" content=\"article\" \/>\n<meta property=\"og:title\" content=\"Seu benef\u00edcio do INSS vai aumentar em 2025? - Estado de Minas - Em foco\" \/>\n<meta property=\"og:description\" content=\"O reajuste dos benef\u00edcios do INSS em 2025 trar\u00e1 melhorias financeiras a milh\u00f5es de aposentados e pensionistas do Brasil. Confira as novas datas e valores de pagamento.\" \/>\n<meta property=\"og:url\" content=\"https:\/\/www.em.com.br\/emfoco\/2025\/01\/14\/seu-beneficio-do-inss-vai-aumentar-em-2025\/\" \/>\n<meta property=\"og:site_name\" content=\"Estado de Minas - Em foco\" \/>\n<meta property=\"article:published_time\" content=\"2025-01-14T23:20:00+00:00\" \/>\n<meta property=\"article:modified_time\" content=\"2025-01-14T14:51:01+00:00\" \/>\n<meta property=\"og:image\" content=\"https:\/\/www.em.com.br\/emfoco\/wp-content\/uploads\/2024\/12\/INSS_1733632363748.jpg\" \/>\n\t<meta property=\"og:image:width\" content=\"1280\" \/>\n\t<meta property=\"og:image:height\" content=\"720\" \/>\n\t<meta property=\"og:image:type\" content=\"image\/jpeg\" \/>\n<meta name=\"author\" content=\"Kelvin\" \/>\n<meta name=\"twitter:card\" content=\"summary_large_image\" \/>\n<meta name=\"twitter:label1\" content=\"Escrito por\" \/>\n\t<meta name=\"twitter:data1\" content=\"Kelvin\" \/>\n\t<meta name=\"twitter:label2\" content=\"Est. tempo de leitura\" \/>\n\t<meta name=\"twitter:data2\" content=\"3 minutos\" \/>\n<!-- \/ Yoast SEO plugin. -->","yoast_head_json":{"title":"Seu benef\u00edcio do INSS vai aumentar em 2025? - Estado de Minas - Em foco","description":"O reajuste dos benef\u00edcios do INSS em 2025 trar\u00e1 melhorias financeiras a milh\u00f5es de aposentados e pensionistas do Brasil. Confira as novas datas e valores de pagamento.","robots":{"index":"index","follow":"follow","max-snippet":"max-snippet:-1","max-image-preview":"max-image-preview:large","max-video-preview":"max-video-preview:-1"},"canonical":"https:\/\/www.em.com.br\/emfoco\/2025\/01\/14\/seu-beneficio-do-inss-vai-aumentar-em-2025\/","og_locale":"pt_BR","og_type":"article","og_title":"Seu benef\u00edcio do INSS vai aumentar em 2025? - Estado de Minas - Em foco","og_description":"O reajuste dos benef\u00edcios do INSS em 2025 trar\u00e1 melhorias financeiras a milh\u00f5es de aposentados e pensionistas do Brasil. Confira as novas datas e valores de pagamento.","og_url":"https:\/\/www.em.com.br\/emfoco\/2025\/01\/14\/seu-beneficio-do-inss-vai-aumentar-em-2025\/","og_site_name":"Estado de Minas - Em foco","article_published_time":"2025-01-14T23:20:00+00:00","article_modified_time":"2025-01-14T14:51:01+00:00","og_image":[{"width":1280,"height":720,"url":"https:\/\/www.em.com.br\/emfoco\/wp-content\/uploads\/2024\/12\/INSS_1733632363748.jpg","type":"image\/jpeg"}],"author":"Kelvin","twitter_card":"summary_large_image","twitter_misc":{"Escrito por":"Kelvin","Est. tempo de leitura":"3 minutos"},"schema":{"@context":"https:\/\/schema.org","@graph":[{"@type":"WebPage","@id":"https:\/\/www.em.com.br\/emfoco\/2025\/01\/14\/seu-beneficio-do-inss-vai-aumentar-em-2025\/","url":"https:\/\/www.em.com.br\/emfoco\/2025\/01\/14\/seu-beneficio-do-inss-vai-aumentar-em-2025\/","name":"Seu benef\u00edcio do INSS vai aumentar em 2025? - Estado de Minas - Em foco","isPartOf":{"@id":"https:\/\/www.em.com.br\/emfoco\/#website"},"primaryImageOfPage":{"@id":"https:\/\/www.em.com.br\/emfoco\/2025\/01\/14\/seu-beneficio-do-inss-vai-aumentar-em-2025\/#primaryimage"},"image":{"@id":"https:\/\/www.em.com.br\/emfoco\/2025\/01\/14\/seu-beneficio-do-inss-vai-aumentar-em-2025\/#primaryimage"},"thumbnailUrl":"https:\/\/www.em.com.br\/emfoco\/wp-content\/uploads\/2024\/12\/INSS_1733632363748.jpg","datePublished":"2025-01-14T23:20:00+00:00","dateModified":"2025-01-14T14:51:01+00:00","author":{"@id":"https:\/\/www.em.com.br\/emfoco\/#\/schema\/person\/fb0a7f48c6fbb94b83f413a80f61917d"},"description":"O reajuste dos benef\u00edcios do INSS em 2025 trar\u00e1 melhorias financeiras a milh\u00f5es de aposentados e pensionistas do Brasil. Confira as novas datas e valores de pagamento.","breadcrumb":{"@id":"https:\/\/www.em.com.br\/emfoco\/2025\/01\/14\/seu-beneficio-do-inss-vai-aumentar-em-2025\/#breadcrumb"},"inLanguage":"pt-BR","potentialAction":[{"@type":"ReadAction","target":["https:\/\/www.em.com.br\/emfoco\/2025\/01\/14\/seu-beneficio-do-inss-vai-aumentar-em-2025\/"]}]},{"@type":"ImageObject","inLanguage":"pt-BR","@id":"https:\/\/www.em.com.br\/emfoco\/2025\/01\/14\/seu-beneficio-do-inss-vai-aumentar-em-2025\/#primaryimage","url":"https:\/\/www.em.com.br\/emfoco\/wp-content\/uploads\/2024\/12\/INSS_1733632363748.jpg","contentUrl":"https:\/\/www.em.com.br\/emfoco\/wp-content\/uploads\/2024\/12\/INSS_1733632363748.jpg","width":1280,"height":720,"caption":"INSS - Cr\u00e9ditos: depositphotos.com \/ AngelaMacario"},{"@type":"BreadcrumbList","@id":"https:\/\/www.em.com.br\/emfoco\/2025\/01\/14\/seu-beneficio-do-inss-vai-aumentar-em-2025\/#breadcrumb","itemListElement":[{"@type":"ListItem","position":1,"name":"In\u00edcio","item":"https:\/\/www.em.com.br\/emfoco\/"},{"@type":"ListItem","position":2,"name":"Seu benef\u00edcio do INSS vai aumentar em 2025?"}]},{"@type":"WebSite","@id":"https:\/\/www.em.com.br\/emfoco\/#website","url":"https:\/\/www.em.com.br\/emfoco\/","name":"Estado de Minas - Em foco","description":"Acompanhe as \u00faltimas not\u00edcias e fique bem informado sobre tudo o que acontece em Minas Gerais, Brasil e no mundo.","potentialAction":[{"@type":"SearchAction","target":{"@type":"EntryPoint","urlTemplate":"https:\/\/www.em.com.br\/emfoco\/?s={search_term_string}"},"query-input":{"@type":"PropertyValueSpecification","valueRequired":true,"valueName":"search_term_string"}}],"inLanguage":"pt-BR"},{"@type":"Person","@id":"https:\/\/www.em.com.br\/emfoco\/#\/schema\/person\/fb0a7f48c6fbb94b83f413a80f61917d","name":"Kelvin","image":{"@type":"ImageObject","inLanguage":"pt-BR","@id":"https:\/\/www.em.com.br\/emfoco\/#\/schema\/person\/image\/","url":"https:\/\/secure.gravatar.com\/avatar\/e74f84337e6bf6c4c5e88fbdffa05270?s=96&d=mm&r=g","contentUrl":"https:\/\/secure.gravatar.com\/avatar\/e74f84337e6bf6c4c5e88fbdffa05270?s=96&d=mm&r=g","caption":"Kelvin"},"sameAs":["https:\/\/www.em.com.br\/emfoco"],"url":"https:\/\/www.em.com.br\/emfoco\/author\/kelvinmyth\/"}]}},"_links":{"self":[{"href":"https:\/\/www.em.com.br\/emfoco\/wp-json\/wp\/v2\/posts\/10655","targetHints":{"allow":["GET"]}}],"collection":[{"href":"https:\/\/www.em.com.br\/emfoco\/wp-json\/wp\/v2\/posts"}],"about":[{"href":"https:\/\/www.em.com.br\/emfoco\/wp-json\/wp\/v2\/types\/post"}],"author":[{"embeddable":true,"href":"https:\/\/www.em.com.br\/emfoco\/wp-json\/wp\/v2\/users\/7"}],"replies":[{"embeddable":true,"href":"https:\/\/www.em.com.br\/emfoco\/wp-json\/wp\/v2\/comments?post=10655"}],"version-history":[{"count":2,"href":"https:\/\/www.em.com.br\/emfoco\/wp-json\/wp\/v2\/posts\/10655\/revisions"}],"predecessor-version":[{"id":10658,"href":"https:\/\/www.em.com.br\/emfoco\/wp-json\/wp\/v2\/posts\/10655\/revisions\/10658"}],"wp:featuredmedia":[{"embeddable":true,"href":"https:\/\/www.em.com.br\/emfoco\/wp-json\/wp\/v2\/media\/3820"}],"wp:attachment":[{"href":"https:\/\/www.em.com.br\/emfoco\/wp-json\/wp\/v2\/media?parent=10655"}],"wp:term":[{"taxonomy":"category","embeddable":true,"href":"https:\/\/www.em.com.br\/emfoco\/wp-json\/wp\/v2\/categories?post=10655"},{"taxonomy":"post_tag","embeddable":true,"href":"https:\/\/www.em.com.br\/emfoco\/wp-json\/wp\/v2\/tags?post=10655"}],"curies":[{"name":"wp","href":"https:\/\/api.w.org\/{rel}","templated":true}]}}