{"id":106407,"date":"2025-09-22T14:08:00","date_gmt":"2025-09-22T17:08:00","guid":{"rendered":"https:\/\/www.em.com.br\/emfoco\/?p=106407"},"modified":"2025-09-20T14:08:17","modified_gmt":"2025-09-20T17:08:17","slug":"a-cidade-nordestina-que-virou-simbolo-de-bem-estar-com-custo-acessivel","status":"publish","type":"post","link":"https:\/\/www.em.com.br\/emfoco\/2025\/09\/22\/a-cidade-nordestina-que-virou-simbolo-de-bem-estar-com-custo-acessivel\/","title":{"rendered":"A cidade nordestina que virou s\u00edmbolo de bem-estar com custo acess\u00edvel"},"content":{"rendered":"\n<p>Fortaleza, capital do Cear\u00e1, combina qualidade de vida, belas praias e boa infraestrutura urbana, atraindo moradores e turistas que buscam bem-estar e custo acess\u00edvel.<\/p>\n\n\n\n<ul class=\"wp-block-list\">\n<li>Belezas naturais e clima agrad\u00e1vel<\/li>\n\n\n\n<li>Custo de vida competitivo<\/li>\n\n\n\n<li>Infraestrutura urbana em crescimento<\/li>\n<\/ul>\n\n\n\n<h2 class=\"wp-block-heading\">Como \u00e9 a qualidade de vida em Fortaleza?<\/h2>\n\n\n\n<p>A cidade se destaca por oferecer um estilo de vida equilibrado, unindo modernidade e tradi\u00e7\u00e3o. <strong>Fortaleza \u00e9 conhecida por suas praias urbanas e \u00e1reas de lazer<\/strong>, que atraem tanto moradores quanto visitantes.<\/p>\n\n\n\n<p>O clima quente e ensolarado durante boa parte do ano favorece a pr\u00e1tica de atividades ao ar livre. A presen\u00e7a de centros culturais, shoppings e vida noturna diversificada refor\u00e7a o bem-estar dos habitantes.<\/p>\n\n\n\n<blockquote class=\"tiktok-embed\" cite=\"https:\/\/www.tiktok.com\/@chartmaps\/video\/7322573003701685510\" data-video-id=\"7322573003701685510\" style=\"max-width: 605px;min-width: 325px;\" > <section> <a target=\"_blank\" title=\"@chartmaps\" href=\"https:\/\/www.tiktok.com\/@chartmaps?refer=embed\">@chartmaps<\/a> A capital cearense, Fortaleza! <a title=\"fortal\" target=\"_blank\" href=\"https:\/\/www.tiktok.com\/tag\/fortal?refer=embed\">#fortal<\/a> <a title=\"fortaleza\" target=\"_blank\" href=\"https:\/\/www.tiktok.com\/tag\/fortaleza?refer=embed\">#fortaleza<\/a> <a title=\"fortalezace\" target=\"_blank\" href=\"https:\/\/www.tiktok.com\/tag\/fortalezace?refer=embed\">#fortalezace<\/a> <a title=\"ceara\" target=\"_blank\" href=\"https:\/\/www.tiktok.com\/tag\/ceara?refer=embed\">#ceara<\/a> <a title=\"praia\" target=\"_blank\" href=\"https:\/\/www.tiktok.com\/tag\/praia?refer=embed\">#praia<\/a> <a title=\"nordeste\" target=\"_blank\" href=\"https:\/\/www.tiktok.com\/tag\/nordeste?refer=embed\">#nordeste<\/a> <a title=\"nordestino\" target=\"_blank\" href=\"https:\/\/www.tiktok.com\/tag\/nordestino?refer=embed\">#nordestino<\/a> <a title=\"ferias\" target=\"_blank\" href=\"https:\/\/www.tiktok.com\/tag\/ferias?refer=embed\">#ferias<\/a> <a title=\"geografia\" target=\"_blank\" href=\"https:\/\/www.tiktok.com\/tag\/geografia?refer=embed\">#geografia<\/a> <a title=\"mapas\" target=\"_blank\" href=\"https:\/\/www.tiktok.com\/tag\/mapas?refer=embed\">#mapas<\/a> <a title=\"exploracao\" target=\"_blank\" href=\"https:\/\/www.tiktok.com\/tag\/exploracao?refer=embed\">#exploracao<\/a> <a target=\"_blank\" title=\"\u266c Memory Reboot - Narvent &#38; V\u00d8J\" href=\"https:\/\/www.tiktok.com\/music\/Memory-Reboot-7187522881587267586?refer=embed\">\u266c Memory Reboot &#8211; Narvent &#38; V\u00d8J<\/a> <\/section> <\/blockquote> <script async src=\"https:\/\/www.tiktok.com\/embed.js\"><\/script>\n\n\n\n<h2 class=\"wp-block-heading\">Quais s\u00e3o os custos de vida para morar em Fortaleza?<\/h2>\n\n\n\n<p>O custo de vida em <a href=\"https:\/\/www.fortaleza.ce.gov.br\/\" target=\"_blank\" rel=\"noreferrer noopener\">Fortaleza <\/a>tende a ser mais acess\u00edvel do que em capitais do Sudeste, especialmente em habita\u00e7\u00e3o e alimenta\u00e7\u00e3o. Isso atrai estudantes, profissionais e fam\u00edlias que buscam equil\u00edbrio financeiro.<\/p>\n\n\n\n<ul class=\"wp-block-list\">\n<li>Aluguel mais barato em compara\u00e7\u00e3o com capitais maiores<\/li>\n\n\n\n<li>Boa oferta de mercados e feiras regionais<\/li>\n\n\n\n<li>Transporte p\u00fablico variado, embora com desafios de mobilidade<\/li>\n<\/ul>\n\n\n\n<h2 class=\"wp-block-heading\">Fortaleza \u00e9 uma boa cidade para trabalho e estudos?<\/h2>\n\n\n\n<p>A capital concentra oportunidades em turismo, com\u00e9rcio, servi\u00e7os e tecnologia. <strong>O setor tur\u00edstico impulsiona a economia local<\/strong>, gerando empregos diretos e indiretos durante todo o ano.<\/p>\n\n\n\n<p>Na educa\u00e7\u00e3o, a cidade conta com universidades renomadas e centros de pesquisa que atraem estudantes de diferentes regi\u00f5es, fortalecendo o ambiente acad\u00eamico.<\/p>\n\n\n\n<figure class=\"wp-block-image size-large\"><img loading=\"lazy\" decoding=\"async\" width=\"1024\" height=\"576\" src=\"https:\/\/www.em.com.br\/emfoco\/wp-content\/uploads\/2025\/06\/Fortaleza_1749566619267-1024x576.jpg\" alt=\"O segredo do Nordeste revelado! Por que todos querem visitar esse lugar?\" class=\"wp-image-58246\" srcset=\"https:\/\/www.em.com.br\/emfoco\/wp-content\/uploads\/2025\/06\/Fortaleza_1749566619267-1024x576.jpg 1024w, https:\/\/www.em.com.br\/emfoco\/wp-content\/uploads\/2025\/06\/Fortaleza_1749566619267-300x169.jpg 300w, https:\/\/www.em.com.br\/emfoco\/wp-content\/uploads\/2025\/06\/Fortaleza_1749566619267-768x432.jpg 768w, https:\/\/www.em.com.br\/emfoco\/wp-content\/uploads\/2025\/06\/Fortaleza_1749566619267-750x422.jpg 750w, https:\/\/www.em.com.br\/emfoco\/wp-content\/uploads\/2025\/06\/Fortaleza_1749566619267-1140x641.jpg 1140w, https:\/\/www.em.com.br\/emfoco\/wp-content\/uploads\/2025\/06\/Fortaleza_1749566619267.jpg 1280w\" sizes=\"auto, (max-width: 1024px) 100vw, 1024px\" \/><figcaption class=\"wp-element-caption\">Fortaleza, Cear\u00e1 &#8211; Cr\u00e9ditos &#8211; Cr\u00e9ditos: depositphotos.com \/ moviafilmes<\/figcaption><\/figure>\n\n\n\n<p><em>Leia mais: <a href=\"https:\/\/www.em.com.br\/emfoco\/2025\/05\/14\/destino-na-europa-com-custo-acessivel-e-uma-qualidade-de-vida-surpreendente\/\" target=\"_blank\" rel=\"noreferrer noopener\">Destino na Europa com custo acess\u00edvel e uma qualidade de vida surpreendente<\/a><\/em><\/p>\n\n\n\n<h2 class=\"wp-block-heading\">Como \u00e9 o lazer e a cultura em Fortaleza?<\/h2>\n\n\n\n<p>Fortaleza oferece uma agenda cultural intensa, com teatros, centros de arte e festas tradicionais. Os espa\u00e7os p\u00fablicos pr\u00f3ximos \u00e0 orla tornam a cidade vibrante e acolhedora.<\/p>\n\n\n\n<p>Al\u00e9m disso, a gastronomia regional \u00e9 uma atra\u00e7\u00e3o \u00e0 parte, com destaque para frutos do mar e pratos t\u00edpicos nordestinos, que refor\u00e7am a identidade cultural local.<\/p>\n\n\n\n<h2 class=\"wp-block-heading\">Quais dicas pr\u00e1ticas ajudam quem deseja morar em Fortaleza?<\/h2>\n\n\n\n<p>Antes de se mudar para Fortaleza, \u00e9 importante planejar quest\u00f5es relacionadas ao bairro, transporte e estilo de vida. Essa prepara\u00e7\u00e3o contribui para melhor adapta\u00e7\u00e3o.<\/p>\n\n\n\n<ul class=\"wp-block-list\">\n<li>Prefira bairros com boa mobilidade e servi\u00e7os pr\u00f3ximos<\/li>\n\n\n\n<li>Adapte-se ao clima quente com h\u00e1bitos adequados<\/li>\n\n\n\n<li>Aproveite o lazer gratuito nas praias urbanas<\/li>\n<\/ul>\n","protected":false},"excerpt":{"rendered":"<p>Fortaleza, capital do Cear\u00e1, combina qualidade de vida, belas praias e boa infraestrutura urbana, atraindo moradores e turistas que buscam bem-estar e custo acess\u00edvel. Como \u00e9 a qualidade de vida em Fortaleza? A cidade se destaca por oferecer um estilo de vida equilibrado, unindo modernidade e tradi\u00e7\u00e3o. Fortaleza \u00e9 conhecida por suas praias urbanas e [&hellip;]<\/p>\n","protected":false},"author":13,"featured_media":58247,"comment_status":"open","ping_status":"open","sticky":false,"template":"","format":"standard","meta":{"jnews-multi-image_gallery":[],"jnews_single_post":{"format":"standard"},"jnews_primary_category":[],"jnews_social_meta":[],"jnews_override_counter":[],"footnotes":""},"categories":[26],"tags":[3260,367,1189,327],"class_list":["post-106407","post","type-post","status-publish","format-standard","has-post-thumbnail","hentry","category-cidades","tag-ceara","tag-custo-de-vida","tag-fortaleza","tag-qualidade-de-vida"],"yoast_head":"<!-- This site is optimized with the Yoast SEO plugin v23.8 - https:\/\/yoast.com\/wordpress\/plugins\/seo\/ -->\n<title>A cidade nordestina que virou s\u00edmbolo de bem-estar com custo acess\u00edvel - Estado de Minas - Em foco<\/title>\n<meta name=\"description\" content=\"Vida boa, clima quente e pre\u00e7os baixos tornam Fortaleza uma das cidades mais queridas do Brasil atualmente.\" \/>\n<meta name=\"robots\" content=\"index, follow, max-snippet:-1, max-image-preview:large, max-video-preview:-1\" \/>\n<link rel=\"canonical\" href=\"https:\/\/www.em.com.br\/emfoco\/2025\/09\/22\/a-cidade-nordestina-que-virou-simbolo-de-bem-estar-com-custo-acessivel\/\" \/>\n<meta property=\"og:locale\" content=\"pt_BR\" \/>\n<meta property=\"og:type\" content=\"article\" \/>\n<meta property=\"og:title\" content=\"A cidade nordestina que virou s\u00edmbolo de bem-estar com custo acess\u00edvel - Estado de Minas - Em foco\" \/>\n<meta property=\"og:description\" content=\"Vida boa, clima quente e pre\u00e7os baixos tornam Fortaleza uma das cidades mais queridas do Brasil atualmente.\" \/>\n<meta property=\"og:url\" content=\"https:\/\/www.em.com.br\/emfoco\/2025\/09\/22\/a-cidade-nordestina-que-virou-simbolo-de-bem-estar-com-custo-acessivel\/\" \/>\n<meta property=\"og:site_name\" content=\"Estado de Minas - Em foco\" \/>\n<meta property=\"article:published_time\" content=\"2025-09-22T17:08:00+00:00\" \/>\n<meta property=\"article:modified_time\" content=\"2025-09-20T17:08:17+00:00\" \/>\n<meta property=\"og:image\" content=\"https:\/\/www.em.com.br\/emfoco\/wp-content\/uploads\/2025\/06\/Fortaleza_1749566651898.jpg\" \/>\n\t<meta property=\"og:image:width\" content=\"1280\" \/>\n\t<meta property=\"og:image:height\" content=\"720\" \/>\n\t<meta property=\"og:image:type\" content=\"image\/jpeg\" \/>\n<meta name=\"author\" content=\"Gabriel Martins\" \/>\n<meta name=\"twitter:card\" content=\"summary_large_image\" \/>\n<meta name=\"twitter:label1\" content=\"Escrito por\" \/>\n\t<meta name=\"twitter:data1\" content=\"Gabriel Martins\" \/>\n\t<meta name=\"twitter:label2\" content=\"Est. tempo de leitura\" \/>\n\t<meta name=\"twitter:data2\" content=\"3 minutos\" \/>\n<!-- \/ Yoast SEO plugin. -->","yoast_head_json":{"title":"A cidade nordestina que virou s\u00edmbolo de bem-estar com custo acess\u00edvel - Estado de Minas - Em foco","description":"Vida boa, clima quente e pre\u00e7os baixos tornam Fortaleza uma das cidades mais queridas do Brasil atualmente.","robots":{"index":"index","follow":"follow","max-snippet":"max-snippet:-1","max-image-preview":"max-image-preview:large","max-video-preview":"max-video-preview:-1"},"canonical":"https:\/\/www.em.com.br\/emfoco\/2025\/09\/22\/a-cidade-nordestina-que-virou-simbolo-de-bem-estar-com-custo-acessivel\/","og_locale":"pt_BR","og_type":"article","og_title":"A cidade nordestina que virou s\u00edmbolo de bem-estar com custo acess\u00edvel - Estado de Minas - Em foco","og_description":"Vida boa, clima quente e pre\u00e7os baixos tornam Fortaleza uma das cidades mais queridas do Brasil atualmente.","og_url":"https:\/\/www.em.com.br\/emfoco\/2025\/09\/22\/a-cidade-nordestina-que-virou-simbolo-de-bem-estar-com-custo-acessivel\/","og_site_name":"Estado de Minas - Em foco","article_published_time":"2025-09-22T17:08:00+00:00","article_modified_time":"2025-09-20T17:08:17+00:00","og_image":[{"width":1280,"height":720,"url":"https:\/\/www.em.com.br\/emfoco\/wp-content\/uploads\/2025\/06\/Fortaleza_1749566651898.jpg","type":"image\/jpeg"}],"author":"Gabriel Martins","twitter_card":"summary_large_image","twitter_misc":{"Escrito por":"Gabriel Martins","Est. tempo de leitura":"3 minutos"},"schema":{"@context":"https:\/\/schema.org","@graph":[{"@type":"WebPage","@id":"https:\/\/www.em.com.br\/emfoco\/2025\/09\/22\/a-cidade-nordestina-que-virou-simbolo-de-bem-estar-com-custo-acessivel\/","url":"https:\/\/www.em.com.br\/emfoco\/2025\/09\/22\/a-cidade-nordestina-que-virou-simbolo-de-bem-estar-com-custo-acessivel\/","name":"A cidade nordestina que virou s\u00edmbolo de bem-estar com custo acess\u00edvel - Estado de Minas - Em foco","isPartOf":{"@id":"https:\/\/www.em.com.br\/emfoco\/#website"},"primaryImageOfPage":{"@id":"https:\/\/www.em.com.br\/emfoco\/2025\/09\/22\/a-cidade-nordestina-que-virou-simbolo-de-bem-estar-com-custo-acessivel\/#primaryimage"},"image":{"@id":"https:\/\/www.em.com.br\/emfoco\/2025\/09\/22\/a-cidade-nordestina-que-virou-simbolo-de-bem-estar-com-custo-acessivel\/#primaryimage"},"thumbnailUrl":"https:\/\/www.em.com.br\/emfoco\/wp-content\/uploads\/2025\/06\/Fortaleza_1749566651898.jpg","datePublished":"2025-09-22T17:08:00+00:00","dateModified":"2025-09-20T17:08:17+00:00","author":{"@id":"https:\/\/www.em.com.br\/emfoco\/#\/schema\/person\/1c9ddeab18b98abeffef834667bcf08a"},"description":"Vida boa, clima quente e pre\u00e7os baixos tornam Fortaleza uma das cidades mais queridas do Brasil atualmente.","breadcrumb":{"@id":"https:\/\/www.em.com.br\/emfoco\/2025\/09\/22\/a-cidade-nordestina-que-virou-simbolo-de-bem-estar-com-custo-acessivel\/#breadcrumb"},"inLanguage":"pt-BR","potentialAction":[{"@type":"ReadAction","target":["https:\/\/www.em.com.br\/emfoco\/2025\/09\/22\/a-cidade-nordestina-que-virou-simbolo-de-bem-estar-com-custo-acessivel\/"]}]},{"@type":"ImageObject","inLanguage":"pt-BR","@id":"https:\/\/www.em.com.br\/emfoco\/2025\/09\/22\/a-cidade-nordestina-que-virou-simbolo-de-bem-estar-com-custo-acessivel\/#primaryimage","url":"https:\/\/www.em.com.br\/emfoco\/wp-content\/uploads\/2025\/06\/Fortaleza_1749566651898.jpg","contentUrl":"https:\/\/www.em.com.br\/emfoco\/wp-content\/uploads\/2025\/06\/Fortaleza_1749566651898.jpg","width":1280,"height":720,"caption":"Sa\u00fade acess\u00edvel melhora o bem-estar na terceira idade - Cr\u00e9ditos: depositphotos.com \/ Ranimiro"},{"@type":"BreadcrumbList","@id":"https:\/\/www.em.com.br\/emfoco\/2025\/09\/22\/a-cidade-nordestina-que-virou-simbolo-de-bem-estar-com-custo-acessivel\/#breadcrumb","itemListElement":[{"@type":"ListItem","position":1,"name":"In\u00edcio","item":"https:\/\/www.em.com.br\/emfoco\/"},{"@type":"ListItem","position":2,"name":"A cidade nordestina que virou s\u00edmbolo de bem-estar com custo acess\u00edvel"}]},{"@type":"WebSite","@id":"https:\/\/www.em.com.br\/emfoco\/#website","url":"https:\/\/www.em.com.br\/emfoco\/","name":"Estado de Minas - Em foco","description":"Acompanhe as \u00faltimas not\u00edcias e fique bem informado sobre tudo o que acontece em Minas Gerais, Brasil e no mundo.","potentialAction":[{"@type":"SearchAction","target":{"@type":"EntryPoint","urlTemplate":"https:\/\/www.em.com.br\/emfoco\/?s={search_term_string}"},"query-input":{"@type":"PropertyValueSpecification","valueRequired":true,"valueName":"search_term_string"}}],"inLanguage":"pt-BR"},{"@type":"Person","@id":"https:\/\/www.em.com.br\/emfoco\/#\/schema\/person\/1c9ddeab18b98abeffef834667bcf08a","name":"Gabriel Martins","image":{"@type":"ImageObject","inLanguage":"pt-BR","@id":"https:\/\/www.em.com.br\/emfoco\/#\/schema\/person\/image\/","url":"https:\/\/secure.gravatar.com\/avatar\/f0f1e2efdfd88f1ad2cb08c5c2731e50?s=96&d=mm&r=g","contentUrl":"https:\/\/secure.gravatar.com\/avatar\/f0f1e2efdfd88f1ad2cb08c5c2731e50?s=96&d=mm&r=g","caption":"Gabriel Martins"},"sameAs":["https:\/\/www.em.com.br\/emfoco\/"],"url":"https:\/\/www.em.com.br\/emfoco\/author\/gabrielmartinsmyth\/"}]}},"_links":{"self":[{"href":"https:\/\/www.em.com.br\/emfoco\/wp-json\/wp\/v2\/posts\/106407","targetHints":{"allow":["GET"]}}],"collection":[{"href":"https:\/\/www.em.com.br\/emfoco\/wp-json\/wp\/v2\/posts"}],"about":[{"href":"https:\/\/www.em.com.br\/emfoco\/wp-json\/wp\/v2\/types\/post"}],"author":[{"embeddable":true,"href":"https:\/\/www.em.com.br\/emfoco\/wp-json\/wp\/v2\/users\/13"}],"replies":[{"embeddable":true,"href":"https:\/\/www.em.com.br\/emfoco\/wp-json\/wp\/v2\/comments?post=106407"}],"version-history":[{"count":1,"href":"https:\/\/www.em.com.br\/emfoco\/wp-json\/wp\/v2\/posts\/106407\/revisions"}],"predecessor-version":[{"id":106414,"href":"https:\/\/www.em.com.br\/emfoco\/wp-json\/wp\/v2\/posts\/106407\/revisions\/106414"}],"wp:featuredmedia":[{"embeddable":true,"href":"https:\/\/www.em.com.br\/emfoco\/wp-json\/wp\/v2\/media\/58247"}],"wp:attachment":[{"href":"https:\/\/www.em.com.br\/emfoco\/wp-json\/wp\/v2\/media?parent=106407"}],"wp:term":[{"taxonomy":"category","embeddable":true,"href":"https:\/\/www.em.com.br\/emfoco\/wp-json\/wp\/v2\/categories?post=106407"},{"taxonomy":"post_tag","embeddable":true,"href":"https:\/\/www.em.com.br\/emfoco\/wp-json\/wp\/v2\/tags?post=106407"}],"curies":[{"name":"wp","href":"https:\/\/api.w.org\/{rel}","templated":true}]}}