{"id":106291,"date":"2025-09-21T11:38:00","date_gmt":"2025-09-21T14:38:00","guid":{"rendered":"https:\/\/www.em.com.br\/emfoco\/?p=106291"},"modified":"2025-09-19T23:25:37","modified_gmt":"2025-09-20T02:25:37","slug":"aprenda-a-cultivar-morangos-direto-da-sua-varanda","status":"publish","type":"post","link":"https:\/\/www.em.com.br\/emfoco\/2025\/09\/21\/aprenda-a-cultivar-morangos-direto-da-sua-varanda\/","title":{"rendered":"Aprenda a cultivar morangos direto da sua varanda"},"content":{"rendered":"\n<p>O <strong>cultivo de morangos<\/strong> \u00e9 uma pr\u00e1tica que atrai muitos entusiastas da jardinagem, especialmente pelo desafio de colher frutos suculentos e saborosos diretamente de casa. Mesmo aqueles que disp\u00f5em de espa\u00e7os reduzidos em apartamentos ou resid\u00eancias urbanas podem usufruir de deliciosos morangos plantando-os em <strong>locais pequenos,<\/strong> como <strong>vasos<\/strong> e <strong>jardineiras.<\/strong> Al\u00e9m de ser uma atividade gratificante, o cultivo de morangos oferece um frescor e um sabor que produtos comprados muitas vezes n\u00e3o conseguem igualar.<\/p>\n\n\n\n<p>Nos \u00faltimos anos, a pr\u00e1tica de cultivo em pequenos espa\u00e7os tornou-se cada vez mais popular, n\u00e3o s\u00f3 pela conveni\u00eancia, mas tamb\u00e9m pela conex\u00e3o que proporciona entre o indiv\u00edduo e a natureza em ambientes urbanos. A <strong>introdu\u00e7\u00e3o<\/strong> <strong>de t\u00e9cnicas modernas<\/strong> permite que o cultivo de morangos seja vi\u00e1vel at\u00e9 mesmo para aqueles que est\u00e3o apenas come\u00e7ando na <strong>jardinagem.<\/strong> No entanto, \u00e9 importante destacar alguns aspectos essenciais para garantir uma colheita doce e abundante.<\/p>\n\n\n\n<h2 class=\"wp-block-heading\">Quais s\u00e3o os requisitos b\u00e1sicos para o cultivo de morangos?<\/h2>\n\n\n\n<p>Morangos precisam de algumas condi\u00e7\u00f5es espec\u00edficas para crescer de <strong>forma saud\u00e1vel.<\/strong> Primeiramente, \u00e9 crucial que recebam de seis a oito horas de luz solar direta por dia. Al\u00e9m disso, necessitam de um solo bem drenado, rico em <a href=\"https:\/\/rehagro.com.br\/blog\/materia-organica-no-solo\/\" target=\"_blank\" rel=\"noopener\">mat\u00e9ria org\u00e2nica<\/a>. A escolha do local adequado \u00e9 fundamental; vasos ou jardineiras devem ter furos na base para permitir a <strong>drenagem,<\/strong> evitando assim o ac\u00famulo de \u00e1gua que pode apodrecer as ra\u00edzes. Uma mistura de solo com <strong>h\u00famus de minhoca<\/strong> pode melhorar bastante a fertilidade e a reten\u00e7\u00e3o de umidade necess\u00e1ria para o desenvolvimento saud\u00e1vel das plantas.&nbsp;<\/p>\n\n\n\n<h2 class=\"wp-block-heading\">Quais s\u00e3o as variedades de morangos ideais para pequenos espa\u00e7os?<\/h2>\n\n\n\n<p>Ao optar por<strong> cultivar morangos<\/strong> em espa\u00e7os limitados, a escolha da <strong>variedade ideal faz toda a diferen\u00e7a<\/strong>. Variedades de morangos que frutificam de forma cont\u00ednua, como os morangos de dia neutro, s\u00e3o excelentes para pequenos cultivos. Estas variedades suportam bem o cultivo em recipientes e produzem frutos t\u00e3o saborosos quanto os cultivados em grandes <a href=\"https:\/\/www.em.com.br\/emfoco\/2025\/08\/05\/essa-tecnica-simples-esta-transformando-apartamentos-em-hortas-produtivas\/\" target=\"_blank\" rel=\"noopener\">hortas<\/a>. Al\u00e9m disso, algumas esp\u00e9cies espec\u00edficas para cultivo em vasos, como as <strong>alpinas,<\/strong> podem ser uma escolha acertada para iniciantes, pois adaptam-se facilmente ao cultivo em pequenos espa\u00e7os.&nbsp;<\/p>\n\n\n<div class=\"wp-block-image\">\n<figure class=\"aligncenter size-large\"><img loading=\"lazy\" decoding=\"async\" width=\"1024\" height=\"576\" src=\"https:\/\/www.em.com.br\/emfoco\/wp-content\/uploads\/2025\/03\/morango-suco_1741705681265-1024x576.jpg\" alt=\"Tudo o que voc\u00ea precisa saber para cultivar morangos em vasos\" class=\"wp-image-27487\" srcset=\"https:\/\/www.em.com.br\/emfoco\/wp-content\/uploads\/2025\/03\/morango-suco_1741705681265-1024x576.jpg 1024w, https:\/\/www.em.com.br\/emfoco\/wp-content\/uploads\/2025\/03\/morango-suco_1741705681265-300x169.jpg 300w, https:\/\/www.em.com.br\/emfoco\/wp-content\/uploads\/2025\/03\/morango-suco_1741705681265-768x432.jpg 768w, https:\/\/www.em.com.br\/emfoco\/wp-content\/uploads\/2025\/03\/morango-suco_1741705681265-750x422.jpg 750w, https:\/\/www.em.com.br\/emfoco\/wp-content\/uploads\/2025\/03\/morango-suco_1741705681265-1140x641.jpg 1140w, https:\/\/www.em.com.br\/emfoco\/wp-content\/uploads\/2025\/03\/morango-suco_1741705681265.jpg 1280w\" sizes=\"auto, (max-width: 1024px) 100vw, 1024px\" \/><figcaption class=\"wp-element-caption\">Morangos precisam de algumas condi\u00e7\u00f5es espec\u00edficas para crescer de forma saud\u00e1vel &#8211; Cr\u00e9ditos: depositphotos.com \/ MarinaKuznetsovaBO<\/figcaption><\/figure><\/div>\n\n\n<h2 class=\"wp-block-heading\">Quais s\u00e3o as etapas para iniciar um cultivo bem-sucedido?<\/h2>\n\n\n\n<p>Iniciar o cultivo de morangos em casa requer aten\u00e7\u00e3o a alguns passos essenciais. Primeiro, escolha recipientes adequados que permitam um crescimento saud\u00e1vel das ra\u00edzes. Utilize um substrato enriquecido e plante mudas em \u00e9pocas adequadas, geralmente no in\u00edcio da primavera. Durante o crescimento, \u00e9 essencial regar de maneira moderada e regular, garantindo que a terra n\u00e3o seque completamente entre as regas. A fertiliza\u00e7\u00e3o deve ser feita com modera\u00e7\u00e3o, usando fertilizantes especiais para morangos ou org\u00e2nicos, se poss\u00edvel.&nbsp;<\/p>\n\n\n\n<ul class=\"wp-block-list\">\n<li><strong>Escolher o local certo:<\/strong> Varandas, quintais e at\u00e9 janelas ensolaradas podem servir de local adequado.<\/li>\n\n\n\n<li><strong>Optar por variedades espec\u00edficas:<\/strong> Como os morangos de dia neutro ou alpinos, que se adaptam bem a pequenos espa\u00e7os.<\/li>\n\n\n\n<li><strong>Regar e adubar adequadamente:<\/strong> Monitorar a umidade do solo e fornecer nutrientes na quantidade certa.<\/li>\n<\/ul>\n\n\n\n<h2 class=\"wp-block-heading\">Como garantir morangos ainda mais doces?<\/h2>\n\n\n\n<p>O segredo para morangos mais doces est\u00e1 em um cuidado constante e cuidadoso do solo e da planta. Morangos tendem a ser mais doces quando a planta est\u00e1 em um ambiente rico em nutrientes e recebendo a quantidade certa de luz solar. Al\u00e9m disso, \u00e9 recomendado evitar a colheita em dias chuvosos e esperar de dois a tr\u00eas dias ap\u00f3s uma chuva para que os frutos fiquem mais doces e saborosos gra\u00e7as \u00e0 redu\u00e7\u00e3o da umidade. Uma dica difundida em plataformas como o <strong>YouTube<\/strong>, por jardineiros de diferentes partes do mundo, \u00e9 usar cobertura morta no solo para minimizar a perda de \u00e1gua e melhorar o sabor dos frutos.<\/p>\n\n\n\n<p>Em s\u00edntese, cultivar morangos em locais pequenos n\u00e3o \u00e9 apenas poss\u00edvel, mas tamb\u00e9m extremamente pr\u00e1tico e vantajoso. Prestando aten\u00e7\u00e3o aos cuidados b\u00e1sicos e mantendo um ambiente adequado, qualquer pessoa pode desfrutar do prazer de colher e saborear seus pr\u00f3prios morangos frescos em casa.<\/p>\n","protected":false},"excerpt":{"rendered":"<p>O cultivo de morangos \u00e9 uma pr\u00e1tica que atrai muitos entusiastas da jardinagem, especialmente pelo desafio de colher frutos suculentos e saborosos diretamente de casa. Mesmo aqueles que disp\u00f5em de espa\u00e7os reduzidos em apartamentos ou resid\u00eancias urbanas podem usufruir de deliciosos morangos plantando-os em locais pequenos, como vasos e jardineiras. Al\u00e9m de ser uma atividade [&hellip;]<\/p>\n","protected":false},"author":9,"featured_media":52966,"comment_status":"open","ping_status":"open","sticky":false,"template":"","format":"standard","meta":{"jnews-multi-image_gallery":[],"jnews_single_post":{"format":"standard"},"jnews_primary_category":[],"jnews_social_meta":[],"jnews_override_counter":[],"footnotes":""},"categories":[8819,1],"tags":[16317,3792,5182],"class_list":["post-106291","post","type-post","status-publish","format-standard","has-post-thumbnail","hentry","category-curiosidades","category-noticias","tag-cultivos","tag-horta","tag-morangos"],"yoast_head":"<!-- This site is optimized with the Yoast SEO plugin v23.8 - https:\/\/yoast.com\/wordpress\/plugins\/seo\/ -->\n<title>Aprenda a cultivar morangos direto da sua varanda<\/title>\n<meta name=\"description\" content=\"Cultive morangos em vasos ou pequenos espa\u00e7os com dicas simples e colha frutos doces e frescos mesmo em apartamentos ou varandas.\" \/>\n<meta name=\"robots\" content=\"index, follow, max-snippet:-1, max-image-preview:large, max-video-preview:-1\" \/>\n<link rel=\"canonical\" href=\"https:\/\/www.em.com.br\/emfoco\/2025\/09\/21\/aprenda-a-cultivar-morangos-direto-da-sua-varanda\/\" \/>\n<meta property=\"og:locale\" content=\"pt_BR\" \/>\n<meta property=\"og:type\" content=\"article\" \/>\n<meta property=\"og:title\" content=\"Aprenda a cultivar morangos direto da sua varanda\" \/>\n<meta property=\"og:description\" content=\"Cultive morangos em vasos ou pequenos espa\u00e7os com dicas simples e colha frutos doces e frescos mesmo em apartamentos ou varandas.\" \/>\n<meta property=\"og:url\" content=\"https:\/\/www.em.com.br\/emfoco\/2025\/09\/21\/aprenda-a-cultivar-morangos-direto-da-sua-varanda\/\" \/>\n<meta property=\"og:site_name\" content=\"Estado de Minas - Em foco\" \/>\n<meta property=\"article:published_time\" content=\"2025-09-21T14:38:00+00:00\" \/>\n<meta property=\"article:modified_time\" content=\"2025-09-20T02:25:37+00:00\" \/>\n<meta property=\"og:image\" content=\"https:\/\/www.em.com.br\/emfoco\/wp-content\/uploads\/2025\/05\/morango-plantacao_1748531287316.jpg\" \/>\n\t<meta property=\"og:image:width\" content=\"1280\" \/>\n\t<meta property=\"og:image:height\" content=\"720\" \/>\n\t<meta property=\"og:image:type\" content=\"image\/jpeg\" \/>\n<meta name=\"author\" content=\"Daniely Cardoso\" \/>\n<meta name=\"twitter:card\" content=\"summary_large_image\" \/>\n<meta name=\"twitter:label1\" content=\"Escrito por\" \/>\n\t<meta name=\"twitter:data1\" content=\"Daniely Cardoso\" \/>\n\t<meta name=\"twitter:label2\" content=\"Est. tempo de leitura\" \/>\n\t<meta name=\"twitter:data2\" content=\"4 minutos\" \/>\n<!-- \/ Yoast SEO plugin. -->","yoast_head_json":{"title":"Aprenda a cultivar morangos direto da sua varanda","description":"Cultive morangos em vasos ou pequenos espa\u00e7os com dicas simples e colha frutos doces e frescos mesmo em apartamentos ou varandas.","robots":{"index":"index","follow":"follow","max-snippet":"max-snippet:-1","max-image-preview":"max-image-preview:large","max-video-preview":"max-video-preview:-1"},"canonical":"https:\/\/www.em.com.br\/emfoco\/2025\/09\/21\/aprenda-a-cultivar-morangos-direto-da-sua-varanda\/","og_locale":"pt_BR","og_type":"article","og_title":"Aprenda a cultivar morangos direto da sua varanda","og_description":"Cultive morangos em vasos ou pequenos espa\u00e7os com dicas simples e colha frutos doces e frescos mesmo em apartamentos ou varandas.","og_url":"https:\/\/www.em.com.br\/emfoco\/2025\/09\/21\/aprenda-a-cultivar-morangos-direto-da-sua-varanda\/","og_site_name":"Estado de Minas - Em foco","article_published_time":"2025-09-21T14:38:00+00:00","article_modified_time":"2025-09-20T02:25:37+00:00","og_image":[{"width":1280,"height":720,"url":"https:\/\/www.em.com.br\/emfoco\/wp-content\/uploads\/2025\/05\/morango-plantacao_1748531287316.jpg","type":"image\/jpeg"}],"author":"Daniely Cardoso","twitter_card":"summary_large_image","twitter_misc":{"Escrito por":"Daniely Cardoso","Est. tempo de leitura":"4 minutos"},"schema":{"@context":"https:\/\/schema.org","@graph":[{"@type":"WebPage","@id":"https:\/\/www.em.com.br\/emfoco\/2025\/09\/21\/aprenda-a-cultivar-morangos-direto-da-sua-varanda\/","url":"https:\/\/www.em.com.br\/emfoco\/2025\/09\/21\/aprenda-a-cultivar-morangos-direto-da-sua-varanda\/","name":"Aprenda a cultivar morangos direto da sua varanda","isPartOf":{"@id":"https:\/\/www.em.com.br\/emfoco\/#website"},"primaryImageOfPage":{"@id":"https:\/\/www.em.com.br\/emfoco\/2025\/09\/21\/aprenda-a-cultivar-morangos-direto-da-sua-varanda\/#primaryimage"},"image":{"@id":"https:\/\/www.em.com.br\/emfoco\/2025\/09\/21\/aprenda-a-cultivar-morangos-direto-da-sua-varanda\/#primaryimage"},"thumbnailUrl":"https:\/\/www.em.com.br\/emfoco\/wp-content\/uploads\/2025\/05\/morango-plantacao_1748531287316.jpg","datePublished":"2025-09-21T14:38:00+00:00","dateModified":"2025-09-20T02:25:37+00:00","author":{"@id":"https:\/\/www.em.com.br\/emfoco\/#\/schema\/person\/0a8186d72f2c3a5c6276d90b41f271a0"},"description":"Cultive morangos em vasos ou pequenos espa\u00e7os com dicas simples e colha frutos doces e frescos mesmo em apartamentos ou varandas.","breadcrumb":{"@id":"https:\/\/www.em.com.br\/emfoco\/2025\/09\/21\/aprenda-a-cultivar-morangos-direto-da-sua-varanda\/#breadcrumb"},"inLanguage":"pt-BR","potentialAction":[{"@type":"ReadAction","target":["https:\/\/www.em.com.br\/emfoco\/2025\/09\/21\/aprenda-a-cultivar-morangos-direto-da-sua-varanda\/"]}]},{"@type":"ImageObject","inLanguage":"pt-BR","@id":"https:\/\/www.em.com.br\/emfoco\/2025\/09\/21\/aprenda-a-cultivar-morangos-direto-da-sua-varanda\/#primaryimage","url":"https:\/\/www.em.com.br\/emfoco\/wp-content\/uploads\/2025\/05\/morango-plantacao_1748531287316.jpg","contentUrl":"https:\/\/www.em.com.br\/emfoco\/wp-content\/uploads\/2025\/05\/morango-plantacao_1748531287316.jpg","width":1280,"height":720,"caption":"Ao optar por cultivar morangos em espa\u00e7os limitados - Cr\u00e9ditos: depositphotos.com \/ marinagreen"},{"@type":"BreadcrumbList","@id":"https:\/\/www.em.com.br\/emfoco\/2025\/09\/21\/aprenda-a-cultivar-morangos-direto-da-sua-varanda\/#breadcrumb","itemListElement":[{"@type":"ListItem","position":1,"name":"In\u00edcio","item":"https:\/\/www.em.com.br\/emfoco\/"},{"@type":"ListItem","position":2,"name":"Aprenda a cultivar morangos direto da sua varanda"}]},{"@type":"WebSite","@id":"https:\/\/www.em.com.br\/emfoco\/#website","url":"https:\/\/www.em.com.br\/emfoco\/","name":"Estado de Minas - Em foco","description":"Acompanhe as \u00faltimas not\u00edcias e fique bem informado sobre tudo o que acontece em Minas Gerais, Brasil e no mundo.","potentialAction":[{"@type":"SearchAction","target":{"@type":"EntryPoint","urlTemplate":"https:\/\/www.em.com.br\/emfoco\/?s={search_term_string}"},"query-input":{"@type":"PropertyValueSpecification","valueRequired":true,"valueName":"search_term_string"}}],"inLanguage":"pt-BR"},{"@type":"Person","@id":"https:\/\/www.em.com.br\/emfoco\/#\/schema\/person\/0a8186d72f2c3a5c6276d90b41f271a0","name":"Daniely Cardoso","image":{"@type":"ImageObject","inLanguage":"pt-BR","@id":"https:\/\/www.em.com.br\/emfoco\/#\/schema\/person\/image\/","url":"https:\/\/secure.gravatar.com\/avatar\/4b80ddbd124d1f071b626d52d62e5dff?s=96&d=mm&r=g","contentUrl":"https:\/\/secure.gravatar.com\/avatar\/4b80ddbd124d1f071b626d52d62e5dff?s=96&d=mm&r=g","caption":"Daniely Cardoso"},"url":"https:\/\/www.em.com.br\/emfoco\/author\/danielymyth\/"}]}},"_links":{"self":[{"href":"https:\/\/www.em.com.br\/emfoco\/wp-json\/wp\/v2\/posts\/106291","targetHints":{"allow":["GET"]}}],"collection":[{"href":"https:\/\/www.em.com.br\/emfoco\/wp-json\/wp\/v2\/posts"}],"about":[{"href":"https:\/\/www.em.com.br\/emfoco\/wp-json\/wp\/v2\/types\/post"}],"author":[{"embeddable":true,"href":"https:\/\/www.em.com.br\/emfoco\/wp-json\/wp\/v2\/users\/9"}],"replies":[{"embeddable":true,"href":"https:\/\/www.em.com.br\/emfoco\/wp-json\/wp\/v2\/comments?post=106291"}],"version-history":[{"count":2,"href":"https:\/\/www.em.com.br\/emfoco\/wp-json\/wp\/v2\/posts\/106291\/revisions"}],"predecessor-version":[{"id":106345,"href":"https:\/\/www.em.com.br\/emfoco\/wp-json\/wp\/v2\/posts\/106291\/revisions\/106345"}],"wp:featuredmedia":[{"embeddable":true,"href":"https:\/\/www.em.com.br\/emfoco\/wp-json\/wp\/v2\/media\/52966"}],"wp:attachment":[{"href":"https:\/\/www.em.com.br\/emfoco\/wp-json\/wp\/v2\/media?parent=106291"}],"wp:term":[{"taxonomy":"category","embeddable":true,"href":"https:\/\/www.em.com.br\/emfoco\/wp-json\/wp\/v2\/categories?post=106291"},{"taxonomy":"post_tag","embeddable":true,"href":"https:\/\/www.em.com.br\/emfoco\/wp-json\/wp\/v2\/tags?post=106291"}],"curies":[{"name":"wp","href":"https:\/\/api.w.org\/{rel}","templated":true}]}}