{"id":106273,"date":"2025-09-19T20:48:00","date_gmt":"2025-09-19T23:48:00","guid":{"rendered":"https:\/\/www.em.com.br\/emfoco\/?p=106273"},"modified":"2025-09-19T18:50:50","modified_gmt":"2025-09-19T21:50:50","slug":"cores-de-cabelo-que-vao-bombar-no-verao-e-deixar-seu-visual-mais-leve","status":"publish","type":"post","link":"https:\/\/www.em.com.br\/emfoco\/2025\/09\/19\/cores-de-cabelo-que-vao-bombar-no-verao-e-deixar-seu-visual-mais-leve\/","title":{"rendered":"Cores de cabelo que v\u00e3o bombar no ver\u00e3o e deixar seu visual mais leve"},"content":{"rendered":"\n<p>A esta\u00e7\u00e3o mais quente do ano bate \u00e0 porta, anunciando um cen\u00e1rio prop\u00edcio para transforma\u00e7\u00f5es est\u00e9ticas. As tinturas de cabelo despontam como protagonistas, pois al\u00e9m de enfatizarem a beleza individual, elevam a autoconfian\u00e7a. No caloroso ver\u00e3o de 2025\/2026, a paleta de cores surge enaltecendo a diversidade dos tons de pele, garantindo efeitos de ilumina\u00e7\u00e3o singulares ao delinear o rosto e aumentar a modernidade do visual.<\/p>\n\n\n\n<p>Cores vibrantes como castanho mel, chocolate gold e caramelo iluminado dominam as prefer\u00eancias. Elevando o brilho e a suavidade, complementam-se com tons como toffee e loiro bege vanilla, que proporcionam uma apar\u00eancia deslumbrante e contempor\u00e2nea. Tecnologias e m\u00e9todos, como mechas e degrad\u00eas, s\u00e3o explorados para real\u00e7ar o dinamismo e a profundidade dos cabelos, ajustando-se a diferentes tipos, sejam eles lisos ou cacheados, segundo o site <a href=\"https:\/\/www.katiaribeiro.com.br\/cores-tendencia-2025-2026-descubra-as-maiores-tendencias-de-cores-de-cabelos-para-este-verao\/\" target=\"_blank\" rel=\"noreferrer noopener\">Katia Ribeiro.<\/a><\/p>\n\n\n\n<h2 class=\"wp-block-heading\">Quais fatores influenciam na escolha da cor ideal?<\/h2>\n\n\n\n<p>A sele\u00e7\u00e3o de uma tonalidade perfeita vai al\u00e9m da moda. Observa-se uma s\u00e9rie de elementos cruciais que complementam a decis\u00e3o: o estilo pessoal, a manuten\u00e7\u00e3o desejada e a intera\u00e7\u00e3o da cor com o tom de pele. Ao compreender esses fatores, cada pessoa pode escolher uma cor que acentue suas caracter\u00edsticas, oferecendo uma sensa\u00e7\u00e3o de identidade e bem-estar.<\/p>\n\n\n\n<h2 class=\"wp-block-heading\">Por que investir em cores de cabelo da moda?<\/h2>\n\n\n\n<p>Atualizar o <a href=\"https:\/\/www.em.com.br\/emfoco\/2025\/09\/17\/essa-nova-escova-progressiva-alisa-sem-agredir-e-dura-muito-mais\/\" target=\"_blank\" rel=\"noreferrer noopener\">tom do cabelo<\/a> com nuances em destaque proporciona um sentimento revigorante de renova\u00e7\u00e3o e uma autoestima elevada. As cores modernas e radiantes delineiam o rosto de maneira \u00fanica, moldam a beleza natural e transformam cortes e finaliza\u00e7\u00f5es em obras de arte. Manter a hidrata\u00e7\u00e3o dos fios e cuidados espec\u00edficos assegura um brilho duradouro e a integridade do cabelo.<\/p>\n\n\n<div class=\"wp-block-image\">\n<figure class=\"aligncenter size-large\"><img loading=\"lazy\" decoding=\"async\" width=\"1024\" height=\"576\" src=\"https:\/\/www.em.com.br\/emfoco\/wp-content\/uploads\/2025\/09\/cabelo-cores_1758318471609-1024x576.jpg\" alt=\"Cores de cabelo que v\u00e3o bombar no ver\u00e3o e deixar seu visual mais leve\" class=\"wp-image-106288\" srcset=\"https:\/\/www.em.com.br\/emfoco\/wp-content\/uploads\/2025\/09\/cabelo-cores_1758318471609-1024x576.jpg 1024w, https:\/\/www.em.com.br\/emfoco\/wp-content\/uploads\/2025\/09\/cabelo-cores_1758318471609-300x169.jpg 300w, https:\/\/www.em.com.br\/emfoco\/wp-content\/uploads\/2025\/09\/cabelo-cores_1758318471609-768x432.jpg 768w, https:\/\/www.em.com.br\/emfoco\/wp-content\/uploads\/2025\/09\/cabelo-cores_1758318471609-750x422.jpg 750w, https:\/\/www.em.com.br\/emfoco\/wp-content\/uploads\/2025\/09\/cabelo-cores_1758318471609-1140x641.jpg 1140w, https:\/\/www.em.com.br\/emfoco\/wp-content\/uploads\/2025\/09\/cabelo-cores_1758318471609.jpg 1280w\" sizes=\"auto, (max-width: 1024px) 100vw, 1024px\" \/><figcaption class=\"wp-element-caption\">Essa mudan\u00e7a no cabelo \u00e9 tudo o que voc\u00ea precisa para renovar a autoestima (Cr\u00e9ditos: depositphotos.com \/ IgorVetushko)<\/figcaption><\/figure><\/div>\n\n\n<h2 class=\"wp-block-heading\">Como manter o cabelo colorido saud\u00e1vel e vibrante?<\/h2>\n\n\n\n<p>Para sustentar a vivacidade dos fios tingidos, \u00e9 essencial adotar uma rotina de cuidados que envolva hidrata\u00e7\u00e3o frequente, escolha de produtos apropriados para cabelos tingidos, e cortes regulares para preven\u00e7\u00e3o de pontas duplas, segundo o site <a href=\"https:\/\/crocheonline.com.br\/2025\/09\/13\/seu-cabelo-pode-estar-sofrendo-com-o-verao-sem-voce-perceber\/\" target=\"_blank\" rel=\"noreferrer noopener\">Croch\u00ea Online<\/a>. Essas pr\u00e1ticas n\u00e3o s\u00f3 prolongam a vivacidade da cor, como tamb\u00e9m promovem a sa\u00fade capilar, garantindo que o visual continue impec\u00e1vel durante toda a temporada.<\/p>\n\n\n\n<p>Em suma, optar por cores de cabelo que sintonizem com a persona individual enquanto refletem as tend\u00eancias vigentes \u00e9 a chave para um visual cheio de vida, eleg\u00e2ncia e contemporaneidade. Com uma prepara\u00e7\u00e3o e manuten\u00e7\u00e3o adequadas, o cabelo n\u00e3o apenas refor\u00e7a a beleza externa como fortalece a seguran\u00e7a interna. A escolha judiciosa da tonalidade se transforma em um ato de afirma\u00e7\u00e3o pessoal e um salto em dire\u00e7\u00e3o ao autodescobrimento.<\/p>\n","protected":false},"excerpt":{"rendered":"<p>A esta\u00e7\u00e3o mais quente do ano bate \u00e0 porta, anunciando um cen\u00e1rio prop\u00edcio para transforma\u00e7\u00f5es est\u00e9ticas. As tinturas de cabelo despontam como protagonistas, pois al\u00e9m de enfatizarem a beleza individual, elevam a autoconfian\u00e7a. No caloroso ver\u00e3o de 2025\/2026, a paleta de cores surge enaltecendo a diversidade dos tons de pele, garantindo efeitos de ilumina\u00e7\u00e3o singulares [&hellip;]<\/p>\n","protected":false},"author":10,"featured_media":106287,"comment_status":"open","ping_status":"open","sticky":false,"template":"","format":"standard","meta":{"jnews-multi-image_gallery":[],"jnews_single_post":{"format":"standard"},"jnews_primary_category":[],"jnews_social_meta":[],"jnews_override_counter":[],"footnotes":""},"categories":[8691],"tags":[2616,5678,1827],"class_list":["post-106273","post","type-post","status-publish","format-standard","has-post-thumbnail","hentry","category-bem-estar","tag-beleza","tag-cores-de-cabelo","tag-verao"],"yoast_head":"<!-- This site is optimized with the Yoast SEO plugin v23.8 - https:\/\/yoast.com\/wordpress\/plugins\/seo\/ -->\n<title>Cores de cabelo que v\u00e3o bombar no ver\u00e3o e deixar seu visual mais leve - Estado de Minas - Em foco<\/title>\n<meta name=\"description\" content=\"O ver\u00e3o chegou com cores de cabelo que destacam sua beleza natural e ainda ajudam a elevar a autoconfian\u00e7a\" \/>\n<meta name=\"robots\" content=\"index, follow, max-snippet:-1, max-image-preview:large, max-video-preview:-1\" \/>\n<link rel=\"canonical\" href=\"https:\/\/www.em.com.br\/emfoco\/2025\/09\/19\/cores-de-cabelo-que-vao-bombar-no-verao-e-deixar-seu-visual-mais-leve\/\" \/>\n<meta property=\"og:locale\" content=\"pt_BR\" \/>\n<meta property=\"og:type\" content=\"article\" \/>\n<meta property=\"og:title\" content=\"Cores de cabelo que v\u00e3o bombar no ver\u00e3o e deixar seu visual mais leve - Estado de Minas - Em foco\" \/>\n<meta property=\"og:description\" content=\"O ver\u00e3o chegou com cores de cabelo que destacam sua beleza natural e ainda ajudam a elevar a autoconfian\u00e7a\" \/>\n<meta property=\"og:url\" content=\"https:\/\/www.em.com.br\/emfoco\/2025\/09\/19\/cores-de-cabelo-que-vao-bombar-no-verao-e-deixar-seu-visual-mais-leve\/\" \/>\n<meta property=\"og:site_name\" content=\"Estado de Minas - Em foco\" \/>\n<meta property=\"article:published_time\" content=\"2025-09-19T23:48:00+00:00\" \/>\n<meta property=\"article:modified_time\" content=\"2025-09-19T21:50:50+00:00\" \/>\n<meta property=\"og:image\" content=\"https:\/\/www.em.com.br\/emfoco\/wp-content\/uploads\/2025\/09\/cabelo-cores_1758318396962.jpg\" \/>\n\t<meta property=\"og:image:width\" content=\"1280\" \/>\n\t<meta property=\"og:image:height\" content=\"720\" \/>\n\t<meta property=\"og:image:type\" content=\"image\/jpeg\" \/>\n<meta name=\"author\" content=\"Patryck Reinehr\" \/>\n<meta name=\"twitter:card\" content=\"summary_large_image\" \/>\n<meta name=\"twitter:label1\" content=\"Escrito por\" \/>\n\t<meta name=\"twitter:data1\" content=\"Patryck Reinehr\" \/>\n\t<meta name=\"twitter:label2\" content=\"Est. tempo de leitura\" \/>\n\t<meta name=\"twitter:data2\" content=\"3 minutos\" \/>\n<!-- \/ Yoast SEO plugin. -->","yoast_head_json":{"title":"Cores de cabelo que v\u00e3o bombar no ver\u00e3o e deixar seu visual mais leve - Estado de Minas - Em foco","description":"O ver\u00e3o chegou com cores de cabelo que destacam sua beleza natural e ainda ajudam a elevar a autoconfian\u00e7a","robots":{"index":"index","follow":"follow","max-snippet":"max-snippet:-1","max-image-preview":"max-image-preview:large","max-video-preview":"max-video-preview:-1"},"canonical":"https:\/\/www.em.com.br\/emfoco\/2025\/09\/19\/cores-de-cabelo-que-vao-bombar-no-verao-e-deixar-seu-visual-mais-leve\/","og_locale":"pt_BR","og_type":"article","og_title":"Cores de cabelo que v\u00e3o bombar no ver\u00e3o e deixar seu visual mais leve - Estado de Minas - Em foco","og_description":"O ver\u00e3o chegou com cores de cabelo que destacam sua beleza natural e ainda ajudam a elevar a autoconfian\u00e7a","og_url":"https:\/\/www.em.com.br\/emfoco\/2025\/09\/19\/cores-de-cabelo-que-vao-bombar-no-verao-e-deixar-seu-visual-mais-leve\/","og_site_name":"Estado de Minas - Em foco","article_published_time":"2025-09-19T23:48:00+00:00","article_modified_time":"2025-09-19T21:50:50+00:00","og_image":[{"width":1280,"height":720,"url":"https:\/\/www.em.com.br\/emfoco\/wp-content\/uploads\/2025\/09\/cabelo-cores_1758318396962.jpg","type":"image\/jpeg"}],"author":"Patryck Reinehr","twitter_card":"summary_large_image","twitter_misc":{"Escrito por":"Patryck Reinehr","Est. tempo de leitura":"3 minutos"},"schema":{"@context":"https:\/\/schema.org","@graph":[{"@type":"WebPage","@id":"https:\/\/www.em.com.br\/emfoco\/2025\/09\/19\/cores-de-cabelo-que-vao-bombar-no-verao-e-deixar-seu-visual-mais-leve\/","url":"https:\/\/www.em.com.br\/emfoco\/2025\/09\/19\/cores-de-cabelo-que-vao-bombar-no-verao-e-deixar-seu-visual-mais-leve\/","name":"Cores de cabelo que v\u00e3o bombar no ver\u00e3o e deixar seu visual mais leve - Estado de Minas - Em foco","isPartOf":{"@id":"https:\/\/www.em.com.br\/emfoco\/#website"},"primaryImageOfPage":{"@id":"https:\/\/www.em.com.br\/emfoco\/2025\/09\/19\/cores-de-cabelo-que-vao-bombar-no-verao-e-deixar-seu-visual-mais-leve\/#primaryimage"},"image":{"@id":"https:\/\/www.em.com.br\/emfoco\/2025\/09\/19\/cores-de-cabelo-que-vao-bombar-no-verao-e-deixar-seu-visual-mais-leve\/#primaryimage"},"thumbnailUrl":"https:\/\/www.em.com.br\/emfoco\/wp-content\/uploads\/2025\/09\/cabelo-cores_1758318396962.jpg","datePublished":"2025-09-19T23:48:00+00:00","dateModified":"2025-09-19T21:50:50+00:00","author":{"@id":"https:\/\/www.em.com.br\/emfoco\/#\/schema\/person\/43407752bebcbbb4d0ec79deedc0d7ce"},"description":"O ver\u00e3o chegou com cores de cabelo que destacam sua beleza natural e ainda ajudam a elevar a autoconfian\u00e7a","breadcrumb":{"@id":"https:\/\/www.em.com.br\/emfoco\/2025\/09\/19\/cores-de-cabelo-que-vao-bombar-no-verao-e-deixar-seu-visual-mais-leve\/#breadcrumb"},"inLanguage":"pt-BR","potentialAction":[{"@type":"ReadAction","target":["https:\/\/www.em.com.br\/emfoco\/2025\/09\/19\/cores-de-cabelo-que-vao-bombar-no-verao-e-deixar-seu-visual-mais-leve\/"]}]},{"@type":"ImageObject","inLanguage":"pt-BR","@id":"https:\/\/www.em.com.br\/emfoco\/2025\/09\/19\/cores-de-cabelo-que-vao-bombar-no-verao-e-deixar-seu-visual-mais-leve\/#primaryimage","url":"https:\/\/www.em.com.br\/emfoco\/wp-content\/uploads\/2025\/09\/cabelo-cores_1758318396962.jpg","contentUrl":"https:\/\/www.em.com.br\/emfoco\/wp-content\/uploads\/2025\/09\/cabelo-cores_1758318396962.jpg","width":1280,"height":720,"caption":"D\u00ea brilho aos fios com essa cor queridinha do ver\u00e3o (Cr\u00e9ditos: depositphotos.com \/ IgorVetushko)"},{"@type":"BreadcrumbList","@id":"https:\/\/www.em.com.br\/emfoco\/2025\/09\/19\/cores-de-cabelo-que-vao-bombar-no-verao-e-deixar-seu-visual-mais-leve\/#breadcrumb","itemListElement":[{"@type":"ListItem","position":1,"name":"In\u00edcio","item":"https:\/\/www.em.com.br\/emfoco\/"},{"@type":"ListItem","position":2,"name":"Cores de cabelo que v\u00e3o bombar no ver\u00e3o e deixar seu visual mais leve"}]},{"@type":"WebSite","@id":"https:\/\/www.em.com.br\/emfoco\/#website","url":"https:\/\/www.em.com.br\/emfoco\/","name":"Estado de Minas - Em foco","description":"Acompanhe as \u00faltimas not\u00edcias e fique bem informado sobre tudo o que acontece em Minas Gerais, Brasil e no mundo.","potentialAction":[{"@type":"SearchAction","target":{"@type":"EntryPoint","urlTemplate":"https:\/\/www.em.com.br\/emfoco\/?s={search_term_string}"},"query-input":{"@type":"PropertyValueSpecification","valueRequired":true,"valueName":"search_term_string"}}],"inLanguage":"pt-BR"},{"@type":"Person","@id":"https:\/\/www.em.com.br\/emfoco\/#\/schema\/person\/43407752bebcbbb4d0ec79deedc0d7ce","name":"Patryck Reinehr","image":{"@type":"ImageObject","inLanguage":"pt-BR","@id":"https:\/\/www.em.com.br\/emfoco\/#\/schema\/person\/image\/","url":"https:\/\/secure.gravatar.com\/avatar\/570c7fb2898c0e2df0823196891bea88?s=96&d=mm&r=g","contentUrl":"https:\/\/secure.gravatar.com\/avatar\/570c7fb2898c0e2df0823196891bea88?s=96&d=mm&r=g","caption":"Patryck Reinehr"},"url":"https:\/\/www.em.com.br\/emfoco\/author\/patryckmyth\/"}]}},"_links":{"self":[{"href":"https:\/\/www.em.com.br\/emfoco\/wp-json\/wp\/v2\/posts\/106273","targetHints":{"allow":["GET"]}}],"collection":[{"href":"https:\/\/www.em.com.br\/emfoco\/wp-json\/wp\/v2\/posts"}],"about":[{"href":"https:\/\/www.em.com.br\/emfoco\/wp-json\/wp\/v2\/types\/post"}],"author":[{"embeddable":true,"href":"https:\/\/www.em.com.br\/emfoco\/wp-json\/wp\/v2\/users\/10"}],"replies":[{"embeddable":true,"href":"https:\/\/www.em.com.br\/emfoco\/wp-json\/wp\/v2\/comments?post=106273"}],"version-history":[{"count":1,"href":"https:\/\/www.em.com.br\/emfoco\/wp-json\/wp\/v2\/posts\/106273\/revisions"}],"predecessor-version":[{"id":106289,"href":"https:\/\/www.em.com.br\/emfoco\/wp-json\/wp\/v2\/posts\/106273\/revisions\/106289"}],"wp:featuredmedia":[{"embeddable":true,"href":"https:\/\/www.em.com.br\/emfoco\/wp-json\/wp\/v2\/media\/106287"}],"wp:attachment":[{"href":"https:\/\/www.em.com.br\/emfoco\/wp-json\/wp\/v2\/media?parent=106273"}],"wp:term":[{"taxonomy":"category","embeddable":true,"href":"https:\/\/www.em.com.br\/emfoco\/wp-json\/wp\/v2\/categories?post=106273"},{"taxonomy":"post_tag","embeddable":true,"href":"https:\/\/www.em.com.br\/emfoco\/wp-json\/wp\/v2\/tags?post=106273"}],"curies":[{"name":"wp","href":"https:\/\/api.w.org\/{rel}","templated":true}]}}