{"id":106202,"date":"2025-09-21T16:38:00","date_gmt":"2025-09-21T19:38:00","guid":{"rendered":"https:\/\/www.em.com.br\/emfoco\/?p=106202"},"modified":"2025-09-19T17:48:11","modified_gmt":"2025-09-19T20:48:11","slug":"bpc-garante-salario-minimo-para-idosos-e-pessoas-com-deficiencia-2","status":"publish","type":"post","link":"https:\/\/www.em.com.br\/emfoco\/2025\/09\/21\/bpc-garante-salario-minimo-para-idosos-e-pessoas-com-deficiencia-2\/","title":{"rendered":"BPC garante sal\u00e1rio m\u00ednimo para idosos e pessoas com defici\u00eancia"},"content":{"rendered":"\n<p>O <strong>Benef\u00edcio de Presta\u00e7\u00e3o Continuada<\/strong> (BPC) \u00e9 um importante suporte social garantido pelo governo brasileiro, destinado a cidad\u00e3os que necessitam de aux\u00edlio financeiro. Em 2025, o <strong>BPC <\/strong>continua a desempenhar um papel crucial, proporcionando um sal\u00e1rio m\u00ednimo mensal a idosos com 65 anos ou mais e pessoas com defici\u00eancia de qualquer idade, desde que comprovem baixa renda.<\/p>\n\n\n\n<p>Este guia tem como objetivo orientar, passo a passo, a verifica\u00e7\u00e3o do direito ao <strong>BPC<\/strong>, al\u00e9m de fornecer instru\u00e7\u00f5es detalhadas sobre como solicitar o benef\u00edcio. Ao seguir essas diretrizes, \u00e9 poss\u00edvel assegurar que todas as etapas sejam cumpridas de forma eficaz.<\/p>\n\n\n\n<h2 class=\"wp-block-heading\">Quem tem direito ao BPC em 2025?<\/h2>\n\n\n<div class=\"wp-block-image\">\n<figure class=\"aligncenter size-large\"><img loading=\"lazy\" decoding=\"async\" width=\"1024\" height=\"576\" src=\"https:\/\/www.em.com.br\/emfoco\/wp-content\/uploads\/2025\/06\/idoso-tecnologia_1745341129302-1024x576.jpg\" alt=\"O que fazer quando o pagamento do BPC n\u00e3o cai na conta do benefici\u00e1rio\" class=\"wp-image-54994\" srcset=\"https:\/\/www.em.com.br\/emfoco\/wp-content\/uploads\/2025\/06\/idoso-tecnologia_1745341129302-1024x576.jpg 1024w, https:\/\/www.em.com.br\/emfoco\/wp-content\/uploads\/2025\/06\/idoso-tecnologia_1745341129302-300x169.jpg 300w, https:\/\/www.em.com.br\/emfoco\/wp-content\/uploads\/2025\/06\/idoso-tecnologia_1745341129302-768x432.jpg 768w, https:\/\/www.em.com.br\/emfoco\/wp-content\/uploads\/2025\/06\/idoso-tecnologia_1745341129302-750x422.jpg 750w, https:\/\/www.em.com.br\/emfoco\/wp-content\/uploads\/2025\/06\/idoso-tecnologia_1745341129302-1140x641.jpg 1140w, https:\/\/www.em.com.br\/emfoco\/wp-content\/uploads\/2025\/06\/idoso-tecnologia_1745341129302.jpg 1280w\" sizes=\"auto, (max-width: 1024px) 100vw, 1024px\" \/><figcaption class=\"wp-element-caption\">Idoso usando o tablet &#8211; Cr\u00e9ditos: depositphotos.com \/ HayDmitriy<\/figcaption><\/figure><\/div>\n\n\n<p>A elegibilidade para o <strong>BPC <\/strong>\u00e9 determinada por crit\u00e9rios espec\u00edficos. Primeiramente, \u00e9 necess\u00e1rio ser idoso, com idade igual ou superior a 65 anos, ou ser uma pessoa com defici\u00eancia que comprometa sua capacidade de viver de forma independente ou se manter em um emprego remunerado. Al\u00e9m disso, \u00e9 essencial que a renda familiar mensal per capita seja inferior a 1\/4 do sal\u00e1rio m\u00ednimo vigente.<\/p>\n\n\n\n<ul class=\"wp-block-list\">\n<li><strong>Idosos:<\/strong> 65 anos ou mais.<\/li>\n\n\n\n<li><strong>Pessoas com defici\u00eancia:<\/strong> de qualquer idade, com impedimentos de longo prazo.<\/li>\n\n\n\n<li><strong>Renda familiar:<\/strong> inferior a 1\/4 do sal\u00e1rio m\u00ednimo por pessoa.<\/li>\n<\/ul>\n\n\n\n<h2 class=\"wp-block-heading\">O que \u00e9 necess\u00e1rio para solicitar o BPC?<\/h2>\n\n\n\n<p>Para dar in\u00edcio ao processo de solicita\u00e7\u00e3o do <strong>BPC<\/strong>, \u00e9 imprescind\u00edvel reunir uma s\u00e9rie de documentos. Estes documentos s\u00e3o cruciais para que o <strong>INSS <\/strong>possa avaliar a situa\u00e7\u00e3o do benefici\u00e1rio e determinar seu direito ao benef\u00edcio. Os documentos principais incluem:<\/p>\n\n\n\n<ol class=\"wp-block-list\">\n<li>Documentos de identifica\u00e7\u00e3o pessoal: RG, CPF e comprovante de resid\u00eancia.<\/li>\n\n\n\n<li>Comprovante de renda de todos os membros da fam\u00edlia.<\/li>\n\n\n\n<li>Laudos m\u00e9dicos, caso seja uma pessoa com defici\u00eancia.<\/li>\n\n\n\n<li><strong>Cadastro \u00danico<\/strong> (Cad\u00danico) atualizado, que \u00e9 obrigat\u00f3rio.<\/li>\n<\/ol>\n\n\n\n<h2 class=\"wp-block-heading\">Como verificar a elegibilidade para o BPC?<\/h2>\n\n\n\n<p>Antes de solicitar o benef\u00edcio, \u00e9 essencial verificar se atende a todos os crit\u00e9rios de elegibilidade. O processo de verifica\u00e7\u00e3o da elegibilidade pode ser feito de maneira simples atrav\u00e9s das seguintes etapas:<\/p>\n\n\n\n<ol class=\"wp-block-list\">\n<li>Consultar o site ou aplicativo <strong><a href=\"https:\/\/meu.inss.gov.br\/\" target=\"_blank\" rel=\"noreferrer noopener\">Meu INSS<\/a><\/strong> e verificar crit\u00e9rios atualizados.<\/li>\n\n\n\n<li>Calcular a renda per capita da fam\u00edlia dividindo a renda total pelo n\u00famero de membros da fam\u00edlia.<\/li>\n\n\n\n<li>Verificar se a documenta\u00e7\u00e3o est\u00e1 completa e atualizada.<\/li>\n<\/ol>\n\n\n\n<p>Leia mais: <a href=\"https:\/\/www.em.com.br\/emfoco\/2025\/09\/12\/alem-do-beneficio-mensal-o-bpc-esconde-vantagens-valiosas\/\" target=\"_blank\" rel=\"noreferrer noopener\">Al\u00e9m do benef\u00edcio mensal o BPC esconde vantagens valiosas<\/a><\/p>\n\n\n\n<h2 class=\"wp-block-heading\">Como solicitar o BPC em 2025?<\/h2>\n\n\n\n<p>A solicita\u00e7\u00e3o do <strong>BPC <\/strong>pode ser feita de modo online ou presencialmente. Veja como proceder em cada um dos casos:<\/p>\n\n\n\n<h2 class=\"wp-block-heading\">Solicita\u00e7\u00e3o online:<\/h2>\n\n\n\n<ul class=\"wp-block-list\">\n<li>Acesse o site ou aplicativo <strong>Meu INSS<\/strong>;<\/li>\n\n\n\n<li>Fa\u00e7a login com seus dados ou crie um cadastro;<\/li>\n\n\n\n<li>Selecione a op\u00e7\u00e3o &#8220;<strong>Novo Pedido<\/strong>&#8221; e clique em <strong>Benef\u00edcio de Presta\u00e7\u00e3o Continuada<\/strong>;<\/li>\n\n\n\n<li>Acompanhe o andamento pelo mesmo aplicativo ou portal.<\/li>\n<\/ul>\n\n\n\n<h2 class=\"wp-block-heading\">Solicita\u00e7\u00e3o presencial:<\/h2>\n\n\n\n<ul class=\"wp-block-list\">\n<li>Marque uma visita ao <strong>INSS <\/strong>atrav\u00e9s do telefone 135 ou pelo site\/aplicativo <strong>Meu INSS<\/strong>;<\/li>\n\n\n\n<li>Leve todos os documentos pessoais e comprovantes necess\u00e1rios;<\/li>\n\n\n\n<li>Realize a solicita\u00e7\u00e3o na ag\u00eancia na data e hora agendada.<\/li>\n<\/ul>\n\n\n\n<p>O processo de aprova\u00e7\u00e3o pode levar algum tempo, por isso \u00e9 importante acompanhar frequentemente o status da solicita\u00e7\u00e3o por meio dos canais disponibilizados pelo <strong>INSS<\/strong>. Assim, assegura-se que o requerimento avance sem problemas. Seguindo essas etapas, a obten\u00e7\u00e3o do <strong>BPC <\/strong>torna-se um processo descomplicado, garantindo o acesso a esse benef\u00edcio essencial.<\/p>\n","protected":false},"excerpt":{"rendered":"<p>O Benef\u00edcio de Presta\u00e7\u00e3o Continuada (BPC) \u00e9 um importante suporte social garantido pelo governo brasileiro, destinado a cidad\u00e3os que necessitam de aux\u00edlio financeiro. Em 2025, o BPC continua a desempenhar um papel crucial, proporcionando um sal\u00e1rio m\u00ednimo mensal a idosos com 65 anos ou mais e pessoas com defici\u00eancia de qualquer idade, desde que comprovem [&hellip;]<\/p>\n","protected":false},"author":20,"featured_media":89942,"comment_status":"open","ping_status":"open","sticky":false,"template":"","format":"standard","meta":{"jnews-multi-image_gallery":[],"jnews_single_post":{"format":"standard"},"jnews_primary_category":[],"jnews_social_meta":[],"jnews_override_counter":[],"footnotes":""},"categories":[28,1],"tags":[256,257,258],"class_list":["post-106202","post","type-post","status-publish","format-standard","has-post-thumbnail","hentry","category-economia","category-noticias","tag-beneficios","tag-bpc","tag-loas"],"yoast_head":"<!-- This site is optimized with the Yoast SEO plugin v23.8 - https:\/\/yoast.com\/wordpress\/plugins\/seo\/ -->\n<title>BPC garante sal\u00e1rio m\u00ednimo para idosos e pessoas com defici\u00eancia - Estado de Minas - Em foco<\/title>\n<meta name=\"description\" content=\"Veja quem tem direito ao BPC em 2025 e aprenda a solicitar o benef\u00edcio online ou presencialmente. Saiba quais documentos s\u00e3o necess\u00e1rios.\" \/>\n<meta name=\"robots\" content=\"index, follow, max-snippet:-1, max-image-preview:large, max-video-preview:-1\" \/>\n<link rel=\"canonical\" href=\"https:\/\/www.em.com.br\/emfoco\/2025\/09\/21\/bpc-garante-salario-minimo-para-idosos-e-pessoas-com-deficiencia-2\/\" \/>\n<meta property=\"og:locale\" content=\"pt_BR\" \/>\n<meta property=\"og:type\" content=\"article\" \/>\n<meta property=\"og:title\" content=\"BPC garante sal\u00e1rio m\u00ednimo para idosos e pessoas com defici\u00eancia - Estado de Minas - Em foco\" \/>\n<meta property=\"og:description\" content=\"Veja quem tem direito ao BPC em 2025 e aprenda a solicitar o benef\u00edcio online ou presencialmente. Saiba quais documentos s\u00e3o necess\u00e1rios.\" \/>\n<meta property=\"og:url\" content=\"https:\/\/www.em.com.br\/emfoco\/2025\/09\/21\/bpc-garante-salario-minimo-para-idosos-e-pessoas-com-deficiencia-2\/\" \/>\n<meta property=\"og:site_name\" content=\"Estado de Minas - Em foco\" \/>\n<meta property=\"article:published_time\" content=\"2025-09-21T19:38:00+00:00\" \/>\n<meta property=\"article:modified_time\" content=\"2025-09-19T20:48:11+00:00\" \/>\n<meta property=\"og:image\" content=\"https:\/\/www.em.com.br\/emfoco\/wp-content\/uploads\/2025\/08\/calculadora-dinheiro_1754959238129.jpg\" \/>\n\t<meta property=\"og:image:width\" content=\"1280\" \/>\n\t<meta property=\"og:image:height\" content=\"720\" \/>\n\t<meta property=\"og:image:type\" content=\"image\/jpeg\" \/>\n<meta name=\"author\" content=\"Ingrid Diniz\" \/>\n<meta name=\"twitter:card\" content=\"summary_large_image\" \/>\n<meta name=\"twitter:label1\" content=\"Escrito por\" \/>\n\t<meta name=\"twitter:data1\" content=\"Ingrid Diniz\" \/>\n\t<meta name=\"twitter:label2\" content=\"Est. tempo de leitura\" \/>\n\t<meta name=\"twitter:data2\" content=\"4 minutos\" \/>\n<!-- \/ Yoast SEO plugin. -->","yoast_head_json":{"title":"BPC garante sal\u00e1rio m\u00ednimo para idosos e pessoas com defici\u00eancia - Estado de Minas - Em foco","description":"Veja quem tem direito ao BPC em 2025 e aprenda a solicitar o benef\u00edcio online ou presencialmente. Saiba quais documentos s\u00e3o necess\u00e1rios.","robots":{"index":"index","follow":"follow","max-snippet":"max-snippet:-1","max-image-preview":"max-image-preview:large","max-video-preview":"max-video-preview:-1"},"canonical":"https:\/\/www.em.com.br\/emfoco\/2025\/09\/21\/bpc-garante-salario-minimo-para-idosos-e-pessoas-com-deficiencia-2\/","og_locale":"pt_BR","og_type":"article","og_title":"BPC garante sal\u00e1rio m\u00ednimo para idosos e pessoas com defici\u00eancia - Estado de Minas - Em foco","og_description":"Veja quem tem direito ao BPC em 2025 e aprenda a solicitar o benef\u00edcio online ou presencialmente. Saiba quais documentos s\u00e3o necess\u00e1rios.","og_url":"https:\/\/www.em.com.br\/emfoco\/2025\/09\/21\/bpc-garante-salario-minimo-para-idosos-e-pessoas-com-deficiencia-2\/","og_site_name":"Estado de Minas - Em foco","article_published_time":"2025-09-21T19:38:00+00:00","article_modified_time":"2025-09-19T20:48:11+00:00","og_image":[{"width":1280,"height":720,"url":"https:\/\/www.em.com.br\/emfoco\/wp-content\/uploads\/2025\/08\/calculadora-dinheiro_1754959238129.jpg","type":"image\/jpeg"}],"author":"Ingrid Diniz","twitter_card":"summary_large_image","twitter_misc":{"Escrito por":"Ingrid Diniz","Est. tempo de leitura":"4 minutos"},"schema":{"@context":"https:\/\/schema.org","@graph":[{"@type":"WebPage","@id":"https:\/\/www.em.com.br\/emfoco\/2025\/09\/21\/bpc-garante-salario-minimo-para-idosos-e-pessoas-com-deficiencia-2\/","url":"https:\/\/www.em.com.br\/emfoco\/2025\/09\/21\/bpc-garante-salario-minimo-para-idosos-e-pessoas-com-deficiencia-2\/","name":"BPC garante sal\u00e1rio m\u00ednimo para idosos e pessoas com defici\u00eancia - Estado de Minas - Em foco","isPartOf":{"@id":"https:\/\/www.em.com.br\/emfoco\/#website"},"primaryImageOfPage":{"@id":"https:\/\/www.em.com.br\/emfoco\/2025\/09\/21\/bpc-garante-salario-minimo-para-idosos-e-pessoas-com-deficiencia-2\/#primaryimage"},"image":{"@id":"https:\/\/www.em.com.br\/emfoco\/2025\/09\/21\/bpc-garante-salario-minimo-para-idosos-e-pessoas-com-deficiencia-2\/#primaryimage"},"thumbnailUrl":"https:\/\/www.em.com.br\/emfoco\/wp-content\/uploads\/2025\/08\/calculadora-dinheiro_1754959238129.jpg","datePublished":"2025-09-21T19:38:00+00:00","dateModified":"2025-09-19T20:48:11+00:00","author":{"@id":"https:\/\/www.em.com.br\/emfoco\/#\/schema\/person\/649e610b4eb8fff87ff394e54fe17b2b"},"description":"Veja quem tem direito ao BPC em 2025 e aprenda a solicitar o benef\u00edcio online ou presencialmente. Saiba quais documentos s\u00e3o necess\u00e1rios.","breadcrumb":{"@id":"https:\/\/www.em.com.br\/emfoco\/2025\/09\/21\/bpc-garante-salario-minimo-para-idosos-e-pessoas-com-deficiencia-2\/#breadcrumb"},"inLanguage":"pt-BR","potentialAction":[{"@type":"ReadAction","target":["https:\/\/www.em.com.br\/emfoco\/2025\/09\/21\/bpc-garante-salario-minimo-para-idosos-e-pessoas-com-deficiencia-2\/"]}]},{"@type":"ImageObject","inLanguage":"pt-BR","@id":"https:\/\/www.em.com.br\/emfoco\/2025\/09\/21\/bpc-garante-salario-minimo-para-idosos-e-pessoas-com-deficiencia-2\/#primaryimage","url":"https:\/\/www.em.com.br\/emfoco\/wp-content\/uploads\/2025\/08\/calculadora-dinheiro_1754959238129.jpg","contentUrl":"https:\/\/www.em.com.br\/emfoco\/wp-content\/uploads\/2025\/08\/calculadora-dinheiro_1754959238129.jpg","width":1280,"height":720,"caption":"BPC 2026 novo valor e quem tem direito - Cr\u00e9ditos: depositphotos.com \/ Tapanakornkaow@gmail.com"},{"@type":"BreadcrumbList","@id":"https:\/\/www.em.com.br\/emfoco\/2025\/09\/21\/bpc-garante-salario-minimo-para-idosos-e-pessoas-com-deficiencia-2\/#breadcrumb","itemListElement":[{"@type":"ListItem","position":1,"name":"In\u00edcio","item":"https:\/\/www.em.com.br\/emfoco\/"},{"@type":"ListItem","position":2,"name":"BPC garante sal\u00e1rio m\u00ednimo para idosos e pessoas com defici\u00eancia"}]},{"@type":"WebSite","@id":"https:\/\/www.em.com.br\/emfoco\/#website","url":"https:\/\/www.em.com.br\/emfoco\/","name":"Estado de Minas - Em foco","description":"Acompanhe as \u00faltimas not\u00edcias e fique bem informado sobre tudo o que acontece em Minas Gerais, Brasil e no mundo.","potentialAction":[{"@type":"SearchAction","target":{"@type":"EntryPoint","urlTemplate":"https:\/\/www.em.com.br\/emfoco\/?s={search_term_string}"},"query-input":{"@type":"PropertyValueSpecification","valueRequired":true,"valueName":"search_term_string"}}],"inLanguage":"pt-BR"},{"@type":"Person","@id":"https:\/\/www.em.com.br\/emfoco\/#\/schema\/person\/649e610b4eb8fff87ff394e54fe17b2b","name":"Ingrid Diniz","image":{"@type":"ImageObject","inLanguage":"pt-BR","@id":"https:\/\/www.em.com.br\/emfoco\/#\/schema\/person\/image\/","url":"https:\/\/secure.gravatar.com\/avatar\/a3baa1449ec5c39b4c42babc9d4f3951?s=96&d=mm&r=g","contentUrl":"https:\/\/secure.gravatar.com\/avatar\/a3baa1449ec5c39b4c42babc9d4f3951?s=96&d=mm&r=g","caption":"Ingrid Diniz"},"sameAs":["https:\/\/www.em.com.br\/"],"url":"https:\/\/www.em.com.br\/emfoco\/author\/ingridmyth\/"}]}},"_links":{"self":[{"href":"https:\/\/www.em.com.br\/emfoco\/wp-json\/wp\/v2\/posts\/106202","targetHints":{"allow":["GET"]}}],"collection":[{"href":"https:\/\/www.em.com.br\/emfoco\/wp-json\/wp\/v2\/posts"}],"about":[{"href":"https:\/\/www.em.com.br\/emfoco\/wp-json\/wp\/v2\/types\/post"}],"author":[{"embeddable":true,"href":"https:\/\/www.em.com.br\/emfoco\/wp-json\/wp\/v2\/users\/20"}],"replies":[{"embeddable":true,"href":"https:\/\/www.em.com.br\/emfoco\/wp-json\/wp\/v2\/comments?post=106202"}],"version-history":[{"count":1,"href":"https:\/\/www.em.com.br\/emfoco\/wp-json\/wp\/v2\/posts\/106202\/revisions"}],"predecessor-version":[{"id":106241,"href":"https:\/\/www.em.com.br\/emfoco\/wp-json\/wp\/v2\/posts\/106202\/revisions\/106241"}],"wp:featuredmedia":[{"embeddable":true,"href":"https:\/\/www.em.com.br\/emfoco\/wp-json\/wp\/v2\/media\/89942"}],"wp:attachment":[{"href":"https:\/\/www.em.com.br\/emfoco\/wp-json\/wp\/v2\/media?parent=106202"}],"wp:term":[{"taxonomy":"category","embeddable":true,"href":"https:\/\/www.em.com.br\/emfoco\/wp-json\/wp\/v2\/categories?post=106202"},{"taxonomy":"post_tag","embeddable":true,"href":"https:\/\/www.em.com.br\/emfoco\/wp-json\/wp\/v2\/tags?post=106202"}],"curies":[{"name":"wp","href":"https:\/\/api.w.org\/{rel}","templated":true}]}}