{"id":106176,"date":"2025-09-22T07:08:00","date_gmt":"2025-09-22T10:08:00","guid":{"rendered":"https:\/\/www.em.com.br\/emfoco\/?p=106176"},"modified":"2025-09-19T16:43:19","modified_gmt":"2025-09-19T19:43:19","slug":"dispositivos-invisiveis-que-sugam-sua-conta-de-energia-sem-voce-perceber","status":"publish","type":"post","link":"https:\/\/www.em.com.br\/emfoco\/2025\/09\/22\/dispositivos-invisiveis-que-sugam-sua-conta-de-energia-sem-voce-perceber\/","title":{"rendered":"Dispositivos \u201cinvis\u00edveis\u201d que sugam sua conta de energia sem voc\u00ea perceber"},"content":{"rendered":"\n<p>Muitos aparelhos que ficam em modo de espera ou s\u00e3o antigos aumentam sua conta de luz sem voc\u00ea perceber. Com ajustes simples, \u00e9 poss\u00edvel reduzir de 10% a 20% desse consumo despercebido.<\/p>\n\n\n\n<ul class=\"wp-block-list\">\n<li>Entenda o que s\u00e3o consumidores invis\u00edveis de energia<\/li>\n\n\n\n<li>Quais aparelhos deixam sua casa consumindo sem uso ativo<\/li>\n\n\n\n<li>Maneiras pr\u00e1ticas de economizar energia em casa<\/li>\n<\/ul>\n\n\n\n<h2 class=\"wp-block-heading\">O que s\u00e3o consumidores invis\u00edveis de eletricidade?<\/h2>\n\n\n\n<p><a href=\"https:\/\/www.be-the-story.com\/pt\/ambiente\/o-consumo-de-energia-que-se-esconde-atras-da-cortina\/\" target=\"_blank\" rel=\"noreferrer noopener\">Consumidores invis\u00edveis <\/a>s\u00e3o aparelhos que permanecem ligados mesmo quando voc\u00ea acha que desligou \u2014 por exemplo, porque ficam em modo de espera ou conectados \u00e0 tomada sem uso. O efeito acumulado pode pesar bastante na conta el\u00e9trica.<\/p>\n\n\n\n<p><strong>Esses dispositivos ocultos podem representar entre 10% e 20% do consumo mensal<\/strong>, segundo estimativas populares. Mesmo carregadores, TVs, cafeteiras autom\u00e1ticas ou eletr\u00f4nicos modernos contribuem para esse gasto se n\u00e3o forem desligados adequadamente.<\/p>\n\n\n\n<figure class=\"wp-block-image size-large\"><img loading=\"lazy\" decoding=\"async\" width=\"1024\" height=\"576\" src=\"https:\/\/www.em.com.br\/emfoco\/wp-content\/uploads\/2025\/09\/Cafeteira-eletrica_1758310731800-1024x576.jpg\" alt=\"Economia de at\u00e9 20% na conta com simples ajustes no uso de aparelhos - Cr\u00e9ditos: depositphotos.com \/ serezniy\" class=\"wp-image-106179\" srcset=\"https:\/\/www.em.com.br\/emfoco\/wp-content\/uploads\/2025\/09\/Cafeteira-eletrica_1758310731800-1024x576.jpg 1024w, https:\/\/www.em.com.br\/emfoco\/wp-content\/uploads\/2025\/09\/Cafeteira-eletrica_1758310731800-300x169.jpg 300w, https:\/\/www.em.com.br\/emfoco\/wp-content\/uploads\/2025\/09\/Cafeteira-eletrica_1758310731800-768x432.jpg 768w, https:\/\/www.em.com.br\/emfoco\/wp-content\/uploads\/2025\/09\/Cafeteira-eletrica_1758310731800-750x422.jpg 750w, https:\/\/www.em.com.br\/emfoco\/wp-content\/uploads\/2025\/09\/Cafeteira-eletrica_1758310731800-1140x641.jpg 1140w, https:\/\/www.em.com.br\/emfoco\/wp-content\/uploads\/2025\/09\/Cafeteira-eletrica_1758310731800.jpg 1280w\" sizes=\"auto, (max-width: 1024px) 100vw, 1024px\" \/><figcaption class=\"wp-element-caption\">Economia de at\u00e9 20% na conta com simples ajustes no uso de aparelhos &#8211; Cr\u00e9ditos: depositphotos.com \/ serezniy<\/figcaption><\/figure>\n\n\n\n<h2 class=\"wp-block-heading\">Quais aparelhos mais desperdi\u00e7am energia silenciosamente?<\/h2>\n\n\n\n<p>V\u00e1rios itens do dia a dia continuam consumindo energia mesmo quando \u201caparentemente desligados\u201d. Conhecer esses vil\u00f5es ajuda a controlar melhor os custos.<\/p>\n\n\n\n<ul class=\"wp-block-list\">\n<li>Televisores e aparelhos em standby<\/li>\n\n\n\n<li>Carregadores de celular conectados sem uso<\/li>\n\n\n\n<li>Equipamentos antigos de alto consumo, como m\u00e1quinas de caf\u00e9 e TVs grandes<\/li>\n\n\n\n<li>L\u00e2mpadas hal\u00f3genas e modelos antigos<\/li>\n\n\n\n<li>Dispositivos com LED antigo ou que n\u00e3o possuem selo de efici\u00eancia<\/li>\n<\/ul>\n\n\n\n<h2 class=\"wp-block-heading\">Como aparelhos antigos elevam sua conta de luz?<\/h2>\n\n\n\n<p>Equipamentos mais velhos tendem a ter inefici\u00eancia energ\u00e9tica: gastar\u00e3o mais para desempenhar a mesma fun\u00e7\u00e3o que modelos modernos. Isso inclui maior consumo para aquecer, iluminar ou manter componentes internos ativos.<\/p>\n\n\n\n<p><strong>Atualizar aparelhos por vers\u00f5es com selo de efici\u00eancia pode gerar economia significativa<\/strong>. Substituir l\u00e2mpadas, eletrodom\u00e9sticos velhos ou dispositivos sem classifica\u00e7\u00e3o energ\u00e9tica reduz o uso desnecess\u00e1rio de energia.<\/p>\n\n\n\n<figure class=\"wp-block-image size-large\"><img loading=\"lazy\" decoding=\"async\" width=\"1024\" height=\"576\" src=\"https:\/\/www.em.com.br\/emfoco\/wp-content\/uploads\/2025\/09\/Carregador-de-celular_1758310769129-1024x576.jpg\" alt=\"Dispositivos \u201cinvis\u00edveis\u201d que sugam sua conta de energia sem voc\u00ea perceber\" class=\"wp-image-106180\" srcset=\"https:\/\/www.em.com.br\/emfoco\/wp-content\/uploads\/2025\/09\/Carregador-de-celular_1758310769129-1024x576.jpg 1024w, https:\/\/www.em.com.br\/emfoco\/wp-content\/uploads\/2025\/09\/Carregador-de-celular_1758310769129-300x169.jpg 300w, https:\/\/www.em.com.br\/emfoco\/wp-content\/uploads\/2025\/09\/Carregador-de-celular_1758310769129-768x432.jpg 768w, https:\/\/www.em.com.br\/emfoco\/wp-content\/uploads\/2025\/09\/Carregador-de-celular_1758310769129-750x422.jpg 750w, https:\/\/www.em.com.br\/emfoco\/wp-content\/uploads\/2025\/09\/Carregador-de-celular_1758310769129-1140x641.jpg 1140w, https:\/\/www.em.com.br\/emfoco\/wp-content\/uploads\/2025\/09\/Carregador-de-celular_1758310769129.jpg 1280w\" sizes=\"auto, (max-width: 1024px) 100vw, 1024px\" \/><figcaption class=\"wp-element-caption\">Substitui\u00e7\u00e3o de l\u00e2mpadas e eletros antigos por modelos eficientes &#8211; Cr\u00e9ditos: depositphotos.com \/ ruslanchik<\/figcaption><\/figure>\n\n\n\n<p><em>Leia mais: <a href=\"https:\/\/www.em.com.br\/emfoco\/2025\/09\/19\/o-eletrodomestico-que-voce-deve-sempre-desligar-pois-ele-aumenta-sua-conta-de-luz\/\" target=\"_blank\" rel=\"noreferrer noopener\">O eletrodom\u00e9stico que voc\u00ea deve sempre desligar, pois ele aumenta sua conta de luz<\/a><\/em><\/p>\n\n\n\n<h2 class=\"wp-block-heading\">Que pr\u00e1ticas simples ajudam a cortar esse consumo invis\u00edvel?<\/h2>\n\n\n\n<p>Pequenas mudan\u00e7as no uso dos aparelhos e no comportamento dom\u00e9stico j\u00e1 t\u00eam impacto real na fatura el\u00e9trica se adotadas de forma constante.<\/p>\n\n\n\n<ul class=\"wp-block-list\">\n<li>Desconecte carregadores e dispositivos da tomada ao terminar de usar<\/li>\n\n\n\n<li>Utilize r\u00e9gua ou multi-tomadas com interruptor para desligar v\u00e1rios aparelhos de uma s\u00f3 vez<\/li>\n\n\n\n<li>Troque l\u00e2mpadas hal\u00f3genas por LEDs eficientes<\/li>\n<\/ul>\n\n\n\n<h2 class=\"wp-block-heading\">Quais benef\u00edcios voc\u00ea colhe ao controlar esse tipo de consumo?<\/h2>\n\n\n\n<p>Reduzir gastos invis\u00edveis traz vantagens financeiras e ambientais. A economia aparece logo nas primeiras contas de luz, e o impacto ambiental tamb\u00e9m \u00e9 not\u00e1vel.<\/p>\n\n\n\n<ul class=\"wp-block-list\">\n<li>Redu\u00e7\u00e3o de at\u00e9 20% no valor da conta mensal<\/li>\n\n\n\n<li>Vida \u00fatil maior para aparelhos novos, evitando sobrecarga constante<\/li>\n\n\n\n<li>Menor pegada de carbono e consumo consciente de energia el\u00e9trica<\/li>\n<\/ul>\n","protected":false},"excerpt":{"rendered":"<p>Muitos aparelhos que ficam em modo de espera ou s\u00e3o antigos aumentam sua conta de luz sem voc\u00ea perceber. Com ajustes simples, \u00e9 poss\u00edvel reduzir de 10% a 20% desse consumo despercebido. O que s\u00e3o consumidores invis\u00edveis de eletricidade? Consumidores invis\u00edveis s\u00e3o aparelhos que permanecem ligados mesmo quando voc\u00ea acha que desligou \u2014 por exemplo, [&hellip;]<\/p>\n","protected":false},"author":13,"featured_media":106178,"comment_status":"open","ping_status":"open","sticky":false,"template":"","format":"standard","meta":{"jnews-multi-image_gallery":[],"jnews_single_post":{"format":"standard"},"jnews_primary_category":[],"jnews_social_meta":[],"jnews_override_counter":[],"footnotes":""},"categories":[8819],"tags":[16285,1018,16284],"class_list":["post-106176","post","type-post","status-publish","format-standard","has-post-thumbnail","hentry","category-curiosidades","tag-consumo-mensal","tag-conta-de-luz","tag-gastos-imprevisiveis"],"yoast_head":"<!-- This site is optimized with the Yoast SEO plugin v23.8 - https:\/\/yoast.com\/wordpress\/plugins\/seo\/ -->\n<title>Dispositivos \u201cinvis\u00edveis\u201d que sugam sua conta de energia sem voc\u00ea perceber - Estado de Minas - Em foco<\/title>\n<meta name=\"description\" content=\"Aparelhos em modo de espera podem consumir at\u00e9 20% da sua energia. Veja como evitar esse gasto invis\u00edvel e economizar na conta de luz.\" \/>\n<meta name=\"robots\" content=\"index, follow, max-snippet:-1, max-image-preview:large, max-video-preview:-1\" \/>\n<link rel=\"canonical\" href=\"https:\/\/www.em.com.br\/emfoco\/2025\/09\/22\/dispositivos-invisiveis-que-sugam-sua-conta-de-energia-sem-voce-perceber\/\" \/>\n<meta property=\"og:locale\" content=\"pt_BR\" \/>\n<meta property=\"og:type\" content=\"article\" \/>\n<meta property=\"og:title\" content=\"Dispositivos \u201cinvis\u00edveis\u201d que sugam sua conta de energia sem voc\u00ea perceber - Estado de Minas - Em foco\" \/>\n<meta property=\"og:description\" content=\"Aparelhos em modo de espera podem consumir at\u00e9 20% da sua energia. Veja como evitar esse gasto invis\u00edvel e economizar na conta de luz.\" \/>\n<meta property=\"og:url\" content=\"https:\/\/www.em.com.br\/emfoco\/2025\/09\/22\/dispositivos-invisiveis-que-sugam-sua-conta-de-energia-sem-voce-perceber\/\" \/>\n<meta property=\"og:site_name\" content=\"Estado de Minas - Em foco\" \/>\n<meta property=\"article:published_time\" content=\"2025-09-22T10:08:00+00:00\" \/>\n<meta property=\"article:modified_time\" content=\"2025-09-19T19:43:19+00:00\" \/>\n<meta property=\"og:image\" content=\"https:\/\/www.em.com.br\/emfoco\/wp-content\/uploads\/2025\/09\/Conta-de-energia_1758310675444.jpg\" \/>\n\t<meta property=\"og:image:width\" content=\"1280\" \/>\n\t<meta property=\"og:image:height\" content=\"720\" \/>\n\t<meta property=\"og:image:type\" content=\"image\/jpeg\" \/>\n<meta name=\"author\" content=\"Gabriel Martins\" \/>\n<meta name=\"twitter:card\" content=\"summary_large_image\" \/>\n<meta name=\"twitter:label1\" content=\"Escrito por\" \/>\n\t<meta name=\"twitter:data1\" content=\"Gabriel Martins\" \/>\n\t<meta name=\"twitter:label2\" content=\"Est. tempo de leitura\" \/>\n\t<meta name=\"twitter:data2\" content=\"3 minutos\" \/>\n<!-- \/ Yoast SEO plugin. -->","yoast_head_json":{"title":"Dispositivos \u201cinvis\u00edveis\u201d que sugam sua conta de energia sem voc\u00ea perceber - Estado de Minas - Em foco","description":"Aparelhos em modo de espera podem consumir at\u00e9 20% da sua energia. Veja como evitar esse gasto invis\u00edvel e economizar na conta de luz.","robots":{"index":"index","follow":"follow","max-snippet":"max-snippet:-1","max-image-preview":"max-image-preview:large","max-video-preview":"max-video-preview:-1"},"canonical":"https:\/\/www.em.com.br\/emfoco\/2025\/09\/22\/dispositivos-invisiveis-que-sugam-sua-conta-de-energia-sem-voce-perceber\/","og_locale":"pt_BR","og_type":"article","og_title":"Dispositivos \u201cinvis\u00edveis\u201d que sugam sua conta de energia sem voc\u00ea perceber - Estado de Minas - Em foco","og_description":"Aparelhos em modo de espera podem consumir at\u00e9 20% da sua energia. Veja como evitar esse gasto invis\u00edvel e economizar na conta de luz.","og_url":"https:\/\/www.em.com.br\/emfoco\/2025\/09\/22\/dispositivos-invisiveis-que-sugam-sua-conta-de-energia-sem-voce-perceber\/","og_site_name":"Estado de Minas - Em foco","article_published_time":"2025-09-22T10:08:00+00:00","article_modified_time":"2025-09-19T19:43:19+00:00","og_image":[{"width":1280,"height":720,"url":"https:\/\/www.em.com.br\/emfoco\/wp-content\/uploads\/2025\/09\/Conta-de-energia_1758310675444.jpg","type":"image\/jpeg"}],"author":"Gabriel Martins","twitter_card":"summary_large_image","twitter_misc":{"Escrito por":"Gabriel Martins","Est. tempo de leitura":"3 minutos"},"schema":{"@context":"https:\/\/schema.org","@graph":[{"@type":"WebPage","@id":"https:\/\/www.em.com.br\/emfoco\/2025\/09\/22\/dispositivos-invisiveis-que-sugam-sua-conta-de-energia-sem-voce-perceber\/","url":"https:\/\/www.em.com.br\/emfoco\/2025\/09\/22\/dispositivos-invisiveis-que-sugam-sua-conta-de-energia-sem-voce-perceber\/","name":"Dispositivos \u201cinvis\u00edveis\u201d que sugam sua conta de energia sem voc\u00ea perceber - Estado de Minas - Em foco","isPartOf":{"@id":"https:\/\/www.em.com.br\/emfoco\/#website"},"primaryImageOfPage":{"@id":"https:\/\/www.em.com.br\/emfoco\/2025\/09\/22\/dispositivos-invisiveis-que-sugam-sua-conta-de-energia-sem-voce-perceber\/#primaryimage"},"image":{"@id":"https:\/\/www.em.com.br\/emfoco\/2025\/09\/22\/dispositivos-invisiveis-que-sugam-sua-conta-de-energia-sem-voce-perceber\/#primaryimage"},"thumbnailUrl":"https:\/\/www.em.com.br\/emfoco\/wp-content\/uploads\/2025\/09\/Conta-de-energia_1758310675444.jpg","datePublished":"2025-09-22T10:08:00+00:00","dateModified":"2025-09-19T19:43:19+00:00","author":{"@id":"https:\/\/www.em.com.br\/emfoco\/#\/schema\/person\/1c9ddeab18b98abeffef834667bcf08a"},"description":"Aparelhos em modo de espera podem consumir at\u00e9 20% da sua energia. Veja como evitar esse gasto invis\u00edvel e economizar na conta de luz.","breadcrumb":{"@id":"https:\/\/www.em.com.br\/emfoco\/2025\/09\/22\/dispositivos-invisiveis-que-sugam-sua-conta-de-energia-sem-voce-perceber\/#breadcrumb"},"inLanguage":"pt-BR","potentialAction":[{"@type":"ReadAction","target":["https:\/\/www.em.com.br\/emfoco\/2025\/09\/22\/dispositivos-invisiveis-que-sugam-sua-conta-de-energia-sem-voce-perceber\/"]}]},{"@type":"ImageObject","inLanguage":"pt-BR","@id":"https:\/\/www.em.com.br\/emfoco\/2025\/09\/22\/dispositivos-invisiveis-que-sugam-sua-conta-de-energia-sem-voce-perceber\/#primaryimage","url":"https:\/\/www.em.com.br\/emfoco\/wp-content\/uploads\/2025\/09\/Conta-de-energia_1758310675444.jpg","contentUrl":"https:\/\/www.em.com.br\/emfoco\/wp-content\/uploads\/2025\/09\/Conta-de-energia_1758310675444.jpg","width":1280,"height":720,"caption":"Corte de desperd\u00edcio com uso de r\u00e9guas inteligentes e h\u00e1bitos conscientes - Cr\u00e9ditos: depositphotos.com \/ volgariver"},{"@type":"BreadcrumbList","@id":"https:\/\/www.em.com.br\/emfoco\/2025\/09\/22\/dispositivos-invisiveis-que-sugam-sua-conta-de-energia-sem-voce-perceber\/#breadcrumb","itemListElement":[{"@type":"ListItem","position":1,"name":"In\u00edcio","item":"https:\/\/www.em.com.br\/emfoco\/"},{"@type":"ListItem","position":2,"name":"Dispositivos \u201cinvis\u00edveis\u201d que sugam sua conta de energia sem voc\u00ea perceber"}]},{"@type":"WebSite","@id":"https:\/\/www.em.com.br\/emfoco\/#website","url":"https:\/\/www.em.com.br\/emfoco\/","name":"Estado de Minas - Em foco","description":"Acompanhe as \u00faltimas not\u00edcias e fique bem informado sobre tudo o que acontece em Minas Gerais, Brasil e no mundo.","potentialAction":[{"@type":"SearchAction","target":{"@type":"EntryPoint","urlTemplate":"https:\/\/www.em.com.br\/emfoco\/?s={search_term_string}"},"query-input":{"@type":"PropertyValueSpecification","valueRequired":true,"valueName":"search_term_string"}}],"inLanguage":"pt-BR"},{"@type":"Person","@id":"https:\/\/www.em.com.br\/emfoco\/#\/schema\/person\/1c9ddeab18b98abeffef834667bcf08a","name":"Gabriel Martins","image":{"@type":"ImageObject","inLanguage":"pt-BR","@id":"https:\/\/www.em.com.br\/emfoco\/#\/schema\/person\/image\/","url":"https:\/\/secure.gravatar.com\/avatar\/f0f1e2efdfd88f1ad2cb08c5c2731e50?s=96&d=mm&r=g","contentUrl":"https:\/\/secure.gravatar.com\/avatar\/f0f1e2efdfd88f1ad2cb08c5c2731e50?s=96&d=mm&r=g","caption":"Gabriel Martins"},"sameAs":["https:\/\/www.em.com.br\/emfoco\/"],"url":"https:\/\/www.em.com.br\/emfoco\/author\/gabrielmartinsmyth\/"}]}},"_links":{"self":[{"href":"https:\/\/www.em.com.br\/emfoco\/wp-json\/wp\/v2\/posts\/106176","targetHints":{"allow":["GET"]}}],"collection":[{"href":"https:\/\/www.em.com.br\/emfoco\/wp-json\/wp\/v2\/posts"}],"about":[{"href":"https:\/\/www.em.com.br\/emfoco\/wp-json\/wp\/v2\/types\/post"}],"author":[{"embeddable":true,"href":"https:\/\/www.em.com.br\/emfoco\/wp-json\/wp\/v2\/users\/13"}],"replies":[{"embeddable":true,"href":"https:\/\/www.em.com.br\/emfoco\/wp-json\/wp\/v2\/comments?post=106176"}],"version-history":[{"count":1,"href":"https:\/\/www.em.com.br\/emfoco\/wp-json\/wp\/v2\/posts\/106176\/revisions"}],"predecessor-version":[{"id":106181,"href":"https:\/\/www.em.com.br\/emfoco\/wp-json\/wp\/v2\/posts\/106176\/revisions\/106181"}],"wp:featuredmedia":[{"embeddable":true,"href":"https:\/\/www.em.com.br\/emfoco\/wp-json\/wp\/v2\/media\/106178"}],"wp:attachment":[{"href":"https:\/\/www.em.com.br\/emfoco\/wp-json\/wp\/v2\/media?parent=106176"}],"wp:term":[{"taxonomy":"category","embeddable":true,"href":"https:\/\/www.em.com.br\/emfoco\/wp-json\/wp\/v2\/categories?post=106176"},{"taxonomy":"post_tag","embeddable":true,"href":"https:\/\/www.em.com.br\/emfoco\/wp-json\/wp\/v2\/tags?post=106176"}],"curies":[{"name":"wp","href":"https:\/\/api.w.org\/{rel}","templated":true}]}}