{"id":106175,"date":"2025-09-22T13:08:00","date_gmt":"2025-09-22T16:08:00","guid":{"rendered":"https:\/\/www.em.com.br\/emfoco\/?p=106175"},"modified":"2025-09-19T17:15:28","modified_gmt":"2025-09-19T20:15:28","slug":"interruptor-soltando-faisca-saiba-quando-chamar-o-eletricista","status":"publish","type":"post","link":"https:\/\/www.em.com.br\/emfoco\/2025\/09\/22\/interruptor-soltando-faisca-saiba-quando-chamar-o-eletricista\/","title":{"rendered":"Interruptor soltando fa\u00edsca? Saiba quando chamar o eletricista"},"content":{"rendered":"\n<p>Notar uma pequena fa\u00edsca ao acionar o interruptor \u00e9 mais comum do que parece, mas pode sinalizar falhas internas que exigem aten\u00e7\u00e3o imediata para evitar riscos maiores.<\/p>\n\n\n\n<ul class=\"wp-block-list\">\n<li>Fa\u00edscas podem ser normais em casos espec\u00edficos<\/li>\n\n\n\n<li>Identificar sinais de desgaste evita acidentes<\/li>\n\n\n\n<li>Manuten\u00e7\u00e3o preventiva garante mais seguran\u00e7a<\/li>\n<\/ul>\n\n\n\n<h2 class=\"wp-block-heading\">Por que acontece a fa\u00edsca ao ligar o interruptor?<\/h2>\n\n\n\n<p>Ao ligar um interruptor, ocorre a passagem repentina de energia pelo circuito. <strong>Essa descarga r\u00e1pida pode gerar uma fa\u00edsca vis\u00edvel no momento do contato<\/strong>, especialmente em aparelhos com maior consumo el\u00e9trico.<\/p>\n\n\n\n<p>No entanto, quando o fen\u00f4meno se torna frequente ou intenso, pode indicar problemas de desgaste nos contatos internos do interruptor ou at\u00e9 sobrecarga da instala\u00e7\u00e3o el\u00e9trica.<\/p>\n\n\n\n<figure class=\"wp-block-image size-large\"><img loading=\"lazy\" decoding=\"async\" width=\"1024\" height=\"576\" src=\"https:\/\/www.em.com.br\/emfoco\/wp-content\/uploads\/2025\/09\/Interruptor-de-luz_1758312662638-1024x576.jpg\" alt=\"Interruptor soltando fa\u00edsca? Saiba quando chamar o eletricista\" class=\"wp-image-106208\" srcset=\"https:\/\/www.em.com.br\/emfoco\/wp-content\/uploads\/2025\/09\/Interruptor-de-luz_1758312662638-1024x576.jpg 1024w, https:\/\/www.em.com.br\/emfoco\/wp-content\/uploads\/2025\/09\/Interruptor-de-luz_1758312662638-300x169.jpg 300w, https:\/\/www.em.com.br\/emfoco\/wp-content\/uploads\/2025\/09\/Interruptor-de-luz_1758312662638-768x432.jpg 768w, https:\/\/www.em.com.br\/emfoco\/wp-content\/uploads\/2025\/09\/Interruptor-de-luz_1758312662638-750x422.jpg 750w, https:\/\/www.em.com.br\/emfoco\/wp-content\/uploads\/2025\/09\/Interruptor-de-luz_1758312662638-1140x641.jpg 1140w, https:\/\/www.em.com.br\/emfoco\/wp-content\/uploads\/2025\/09\/Interruptor-de-luz_1758312662638.jpg 1280w\" sizes=\"auto, (max-width: 1024px) 100vw, 1024px\" \/><figcaption class=\"wp-element-caption\">Preven\u00e7\u00e3o de curtos com substitui\u00e7\u00e3o de interruptores desgastados &#8211; Cr\u00e9ditos: depositphotos.com \/ VitalikRadko<\/figcaption><\/figure>\n\n\n\n<h2 class=\"wp-block-heading\">Quais sinais indicam que a fa\u00edsca n\u00e3o \u00e9 normal?<\/h2>\n\n\n\n<p>Existem alguns sinais que ajudam a identificar quando o problema ultrapassa o aceit\u00e1vel. Nesses casos, a fa\u00edsca pode representar risco real de <a href=\"https:\/\/celesp.com.br\/curto-circuito\/\" target=\"_blank\" rel=\"noreferrer noopener\">curto-circuito ou inc\u00eandio<\/a>.<\/p>\n\n\n\n<ul class=\"wp-block-list\">\n<li>Interruptor apresentando calor excessivo ou cheiro de queimado<\/li>\n\n\n\n<li>Fa\u00edscas vis\u00edveis com maior intensidade e frequ\u00eancia<\/li>\n\n\n\n<li>Luzes que piscam ou apresentam instabilidade ao acionar<\/li>\n<\/ul>\n\n\n\n<h2 class=\"wp-block-heading\">O que pode acontecer se o problema for ignorado?<\/h2>\n\n\n\n<p><strong>Deixar o interruptor continuar faiscando sem manuten\u00e7\u00e3o aumenta o risco de inc\u00eandios dom\u00e9sticos<\/strong>. O superaquecimento interno do sistema pode comprometer fios, causar derretimento de componentes e at\u00e9 eletrocutar o usu\u00e1rio.<\/p>\n\n\n\n<p>Al\u00e9m do perigo imediato, a sobrecarga na instala\u00e7\u00e3o el\u00e9trica pode se estender para outros pontos da rede, afetando eletrodom\u00e9sticos e reduzindo a seguran\u00e7a geral do im\u00f3vel.<\/p>\n\n\n\n<figure class=\"wp-block-image size-large\"><img loading=\"lazy\" decoding=\"async\" width=\"1024\" height=\"576\" src=\"https:\/\/www.em.com.br\/emfoco\/wp-content\/uploads\/2025\/09\/Interruptor-de-luz_1758312702194-1024x576.jpg\" alt=\"Interruptor soltando fa\u00edsca? Saiba quando chamar o eletricista\" class=\"wp-image-106210\" srcset=\"https:\/\/www.em.com.br\/emfoco\/wp-content\/uploads\/2025\/09\/Interruptor-de-luz_1758312702194-1024x576.jpg 1024w, https:\/\/www.em.com.br\/emfoco\/wp-content\/uploads\/2025\/09\/Interruptor-de-luz_1758312702194-300x169.jpg 300w, https:\/\/www.em.com.br\/emfoco\/wp-content\/uploads\/2025\/09\/Interruptor-de-luz_1758312702194-768x432.jpg 768w, https:\/\/www.em.com.br\/emfoco\/wp-content\/uploads\/2025\/09\/Interruptor-de-luz_1758312702194-750x422.jpg 750w, https:\/\/www.em.com.br\/emfoco\/wp-content\/uploads\/2025\/09\/Interruptor-de-luz_1758312702194-1140x641.jpg 1140w, https:\/\/www.em.com.br\/emfoco\/wp-content\/uploads\/2025\/09\/Interruptor-de-luz_1758312702194.jpg 1280w\" sizes=\"auto, (max-width: 1024px) 100vw, 1024px\" \/><figcaption class=\"wp-element-caption\">Redu\u00e7\u00e3o de riscos com manuten\u00e7\u00e3o peri\u00f3dica da instala\u00e7\u00e3o el\u00e9trica &#8211; Cr\u00e9ditos: depositphotos.com \/ Koldunov<\/figcaption><\/figure>\n\n\n\n<p><em>Leia mais: <a href=\"https:\/\/www.em.com.br\/emfoco\/2025\/08\/16\/como-saber-se-o-chuveiro-eletrico-virou-o-vilao-da-sua-conta-de-luz\/\" target=\"_blank\" rel=\"noreferrer noopener\">Como saber se o chuveiro el\u00e9trico virou o vil\u00e3o da sua conta de luz<\/a><\/em><\/p>\n\n\n\n<h2 class=\"wp-block-heading\">Como prevenir problemas relacionados a fa\u00edscas em interruptores?<\/h2>\n\n\n\n<p>Adotar medidas simples de manuten\u00e7\u00e3o preventiva \u00e9 essencial. A instala\u00e7\u00e3o el\u00e9trica deve estar sempre em boas condi\u00e7\u00f5es, seguindo normas adequadas de seguran\u00e7a e com inspe\u00e7\u00f5es peri\u00f3dicas realizadas por profissionais.<\/p>\n\n\n\n<p><strong>Usar interruptores e materiais certificados reduz bastante as chances de falhas el\u00e9tricas<\/strong>. Al\u00e9m disso, a troca de equipamentos antigos ajuda a evitar riscos de curto e superaquecimento.<\/p>\n\n\n\n<h2 class=\"wp-block-heading\">Quais cuidados pr\u00e1ticos garantem mais seguran\u00e7a?<\/h2>\n\n\n\n<p>Algumas pr\u00e1ticas simples podem ser aplicadas no dia a dia para evitar problemas el\u00e9tricos e aumentar a seguran\u00e7a em casa.<\/p>\n\n\n\n<ul class=\"wp-block-list\">\n<li>Substituir interruptores antigos ou que apresentem desgaste<\/li>\n\n\n\n<li>Contratar eletricista para revisar a instala\u00e7\u00e3o periodicamente<\/li>\n\n\n\n<li>Evitar ligar aparelhos de alta pot\u00eancia em circuitos fr\u00e1geis<\/li>\n<\/ul>\n","protected":false},"excerpt":{"rendered":"<p>Notar uma pequena fa\u00edsca ao acionar o interruptor \u00e9 mais comum do que parece, mas pode sinalizar falhas internas que exigem aten\u00e7\u00e3o imediata para evitar riscos maiores. Por que acontece a fa\u00edsca ao ligar o interruptor? Ao ligar um interruptor, ocorre a passagem repentina de energia pelo circuito. Essa descarga r\u00e1pida pode gerar uma fa\u00edsca [&hellip;]<\/p>\n","protected":false},"author":13,"featured_media":106206,"comment_status":"open","ping_status":"open","sticky":false,"template":"","format":"standard","meta":{"jnews-multi-image_gallery":[],"jnews_single_post":{"format":"standard"},"jnews_primary_category":[],"jnews_social_meta":[],"jnews_override_counter":[],"footnotes":""},"categories":[8819],"tags":[16290,16291,16292],"class_list":["post-106175","post","type-post","status-publish","format-standard","has-post-thumbnail","hentry","category-curiosidades","tag-faisca","tag-interruptor","tag-problemas-eletricos"],"yoast_head":"<!-- This site is optimized with the Yoast SEO plugin v23.8 - https:\/\/yoast.com\/wordpress\/plugins\/seo\/ -->\n<title>Interruptor soltando fa\u00edsca? Saiba quando chamar o eletricista - Estado de Minas - Em foco<\/title>\n<meta name=\"description\" content=\"Evite riscos de inc\u00eandio e curtos-circuitos com cuidados simples em interruptores que apresentam fa\u00edscas constantes.\" \/>\n<meta name=\"robots\" content=\"index, follow, max-snippet:-1, max-image-preview:large, max-video-preview:-1\" \/>\n<link rel=\"canonical\" href=\"https:\/\/www.em.com.br\/emfoco\/2025\/09\/22\/interruptor-soltando-faisca-saiba-quando-chamar-o-eletricista\/\" \/>\n<meta property=\"og:locale\" content=\"pt_BR\" \/>\n<meta property=\"og:type\" content=\"article\" \/>\n<meta property=\"og:title\" content=\"Interruptor soltando fa\u00edsca? Saiba quando chamar o eletricista - Estado de Minas - Em foco\" \/>\n<meta property=\"og:description\" content=\"Evite riscos de inc\u00eandio e curtos-circuitos com cuidados simples em interruptores que apresentam fa\u00edscas constantes.\" \/>\n<meta property=\"og:url\" content=\"https:\/\/www.em.com.br\/emfoco\/2025\/09\/22\/interruptor-soltando-faisca-saiba-quando-chamar-o-eletricista\/\" \/>\n<meta property=\"og:site_name\" content=\"Estado de Minas - Em foco\" \/>\n<meta property=\"article:published_time\" content=\"2025-09-22T16:08:00+00:00\" \/>\n<meta property=\"article:modified_time\" content=\"2025-09-19T20:15:28+00:00\" \/>\n<meta property=\"og:image\" content=\"https:\/\/www.em.com.br\/emfoco\/wp-content\/uploads\/2025\/09\/Interruptor-faisca_1758312572849.jpg\" \/>\n\t<meta property=\"og:image:width\" content=\"1279\" \/>\n\t<meta property=\"og:image:height\" content=\"720\" \/>\n\t<meta property=\"og:image:type\" content=\"image\/jpeg\" \/>\n<meta name=\"author\" content=\"Gabriel Martins\" \/>\n<meta name=\"twitter:card\" content=\"summary_large_image\" \/>\n<meta name=\"twitter:label1\" content=\"Escrito por\" \/>\n\t<meta name=\"twitter:data1\" content=\"Gabriel Martins\" \/>\n\t<meta name=\"twitter:label2\" content=\"Est. tempo de leitura\" \/>\n\t<meta name=\"twitter:data2\" content=\"3 minutos\" \/>\n<!-- \/ Yoast SEO plugin. -->","yoast_head_json":{"title":"Interruptor soltando fa\u00edsca? Saiba quando chamar o eletricista - Estado de Minas - Em foco","description":"Evite riscos de inc\u00eandio e curtos-circuitos com cuidados simples em interruptores que apresentam fa\u00edscas constantes.","robots":{"index":"index","follow":"follow","max-snippet":"max-snippet:-1","max-image-preview":"max-image-preview:large","max-video-preview":"max-video-preview:-1"},"canonical":"https:\/\/www.em.com.br\/emfoco\/2025\/09\/22\/interruptor-soltando-faisca-saiba-quando-chamar-o-eletricista\/","og_locale":"pt_BR","og_type":"article","og_title":"Interruptor soltando fa\u00edsca? Saiba quando chamar o eletricista - Estado de Minas - Em foco","og_description":"Evite riscos de inc\u00eandio e curtos-circuitos com cuidados simples em interruptores que apresentam fa\u00edscas constantes.","og_url":"https:\/\/www.em.com.br\/emfoco\/2025\/09\/22\/interruptor-soltando-faisca-saiba-quando-chamar-o-eletricista\/","og_site_name":"Estado de Minas - Em foco","article_published_time":"2025-09-22T16:08:00+00:00","article_modified_time":"2025-09-19T20:15:28+00:00","og_image":[{"width":1279,"height":720,"url":"https:\/\/www.em.com.br\/emfoco\/wp-content\/uploads\/2025\/09\/Interruptor-faisca_1758312572849.jpg","type":"image\/jpeg"}],"author":"Gabriel Martins","twitter_card":"summary_large_image","twitter_misc":{"Escrito por":"Gabriel Martins","Est. tempo de leitura":"3 minutos"},"schema":{"@context":"https:\/\/schema.org","@graph":[{"@type":"WebPage","@id":"https:\/\/www.em.com.br\/emfoco\/2025\/09\/22\/interruptor-soltando-faisca-saiba-quando-chamar-o-eletricista\/","url":"https:\/\/www.em.com.br\/emfoco\/2025\/09\/22\/interruptor-soltando-faisca-saiba-quando-chamar-o-eletricista\/","name":"Interruptor soltando fa\u00edsca? Saiba quando chamar o eletricista - Estado de Minas - Em foco","isPartOf":{"@id":"https:\/\/www.em.com.br\/emfoco\/#website"},"primaryImageOfPage":{"@id":"https:\/\/www.em.com.br\/emfoco\/2025\/09\/22\/interruptor-soltando-faisca-saiba-quando-chamar-o-eletricista\/#primaryimage"},"image":{"@id":"https:\/\/www.em.com.br\/emfoco\/2025\/09\/22\/interruptor-soltando-faisca-saiba-quando-chamar-o-eletricista\/#primaryimage"},"thumbnailUrl":"https:\/\/www.em.com.br\/emfoco\/wp-content\/uploads\/2025\/09\/Interruptor-faisca_1758312572849.jpg","datePublished":"2025-09-22T16:08:00+00:00","dateModified":"2025-09-19T20:15:28+00:00","author":{"@id":"https:\/\/www.em.com.br\/emfoco\/#\/schema\/person\/1c9ddeab18b98abeffef834667bcf08a"},"description":"Evite riscos de inc\u00eandio e curtos-circuitos com cuidados simples em interruptores que apresentam fa\u00edscas constantes.","breadcrumb":{"@id":"https:\/\/www.em.com.br\/emfoco\/2025\/09\/22\/interruptor-soltando-faisca-saiba-quando-chamar-o-eletricista\/#breadcrumb"},"inLanguage":"pt-BR","potentialAction":[{"@type":"ReadAction","target":["https:\/\/www.em.com.br\/emfoco\/2025\/09\/22\/interruptor-soltando-faisca-saiba-quando-chamar-o-eletricista\/"]}]},{"@type":"ImageObject","inLanguage":"pt-BR","@id":"https:\/\/www.em.com.br\/emfoco\/2025\/09\/22\/interruptor-soltando-faisca-saiba-quando-chamar-o-eletricista\/#primaryimage","url":"https:\/\/www.em.com.br\/emfoco\/wp-content\/uploads\/2025\/09\/Interruptor-faisca_1758312572849.jpg","contentUrl":"https:\/\/www.em.com.br\/emfoco\/wp-content\/uploads\/2025\/09\/Interruptor-faisca_1758312572849.jpg","width":1279,"height":720,"caption":"Identifica\u00e7\u00e3o precoce de falhas que evitam acidentes dom\u00e9sticos - Cr\u00e9ditos: depositphotos.com \/ thomland"},{"@type":"BreadcrumbList","@id":"https:\/\/www.em.com.br\/emfoco\/2025\/09\/22\/interruptor-soltando-faisca-saiba-quando-chamar-o-eletricista\/#breadcrumb","itemListElement":[{"@type":"ListItem","position":1,"name":"In\u00edcio","item":"https:\/\/www.em.com.br\/emfoco\/"},{"@type":"ListItem","position":2,"name":"Interruptor soltando fa\u00edsca? Saiba quando chamar o eletricista"}]},{"@type":"WebSite","@id":"https:\/\/www.em.com.br\/emfoco\/#website","url":"https:\/\/www.em.com.br\/emfoco\/","name":"Estado de Minas - Em foco","description":"Acompanhe as \u00faltimas not\u00edcias e fique bem informado sobre tudo o que acontece em Minas Gerais, Brasil e no mundo.","potentialAction":[{"@type":"SearchAction","target":{"@type":"EntryPoint","urlTemplate":"https:\/\/www.em.com.br\/emfoco\/?s={search_term_string}"},"query-input":{"@type":"PropertyValueSpecification","valueRequired":true,"valueName":"search_term_string"}}],"inLanguage":"pt-BR"},{"@type":"Person","@id":"https:\/\/www.em.com.br\/emfoco\/#\/schema\/person\/1c9ddeab18b98abeffef834667bcf08a","name":"Gabriel Martins","image":{"@type":"ImageObject","inLanguage":"pt-BR","@id":"https:\/\/www.em.com.br\/emfoco\/#\/schema\/person\/image\/","url":"https:\/\/secure.gravatar.com\/avatar\/f0f1e2efdfd88f1ad2cb08c5c2731e50?s=96&d=mm&r=g","contentUrl":"https:\/\/secure.gravatar.com\/avatar\/f0f1e2efdfd88f1ad2cb08c5c2731e50?s=96&d=mm&r=g","caption":"Gabriel Martins"},"sameAs":["https:\/\/www.em.com.br\/emfoco\/"],"url":"https:\/\/www.em.com.br\/emfoco\/author\/gabrielmartinsmyth\/"}]}},"_links":{"self":[{"href":"https:\/\/www.em.com.br\/emfoco\/wp-json\/wp\/v2\/posts\/106175","targetHints":{"allow":["GET"]}}],"collection":[{"href":"https:\/\/www.em.com.br\/emfoco\/wp-json\/wp\/v2\/posts"}],"about":[{"href":"https:\/\/www.em.com.br\/emfoco\/wp-json\/wp\/v2\/types\/post"}],"author":[{"embeddable":true,"href":"https:\/\/www.em.com.br\/emfoco\/wp-json\/wp\/v2\/users\/13"}],"replies":[{"embeddable":true,"href":"https:\/\/www.em.com.br\/emfoco\/wp-json\/wp\/v2\/comments?post=106175"}],"version-history":[{"count":1,"href":"https:\/\/www.em.com.br\/emfoco\/wp-json\/wp\/v2\/posts\/106175\/revisions"}],"predecessor-version":[{"id":106212,"href":"https:\/\/www.em.com.br\/emfoco\/wp-json\/wp\/v2\/posts\/106175\/revisions\/106212"}],"wp:featuredmedia":[{"embeddable":true,"href":"https:\/\/www.em.com.br\/emfoco\/wp-json\/wp\/v2\/media\/106206"}],"wp:attachment":[{"href":"https:\/\/www.em.com.br\/emfoco\/wp-json\/wp\/v2\/media?parent=106175"}],"wp:term":[{"taxonomy":"category","embeddable":true,"href":"https:\/\/www.em.com.br\/emfoco\/wp-json\/wp\/v2\/categories?post=106175"},{"taxonomy":"post_tag","embeddable":true,"href":"https:\/\/www.em.com.br\/emfoco\/wp-json\/wp\/v2\/tags?post=106175"}],"curies":[{"name":"wp","href":"https:\/\/api.w.org\/{rel}","templated":true}]}}