{"id":106054,"date":"2025-09-21T12:48:00","date_gmt":"2025-09-21T15:48:00","guid":{"rendered":"https:\/\/www.em.com.br\/emfoco\/?p=106054"},"modified":"2025-09-19T14:28:08","modified_gmt":"2025-09-19T17:28:08","slug":"cinco-achados-incriveis-que-ocupam-pouco-espaco-mas-com-muito-estilo","status":"publish","type":"post","link":"https:\/\/www.em.com.br\/emfoco\/2025\/09\/21\/cinco-achados-incriveis-que-ocupam-pouco-espaco-mas-com-muito-estilo\/","title":{"rendered":"Cinco achados incr\u00edveis que ocupam pouco espa\u00e7o, mas com muito estilo"},"content":{"rendered":"\n<p>Na busca por produtos inusitados nos grandes supermercados, encontramos itens que podem surpreender e encantar os consumidores. Entre v\u00e1rias&nbsp;<strong>ofertas<\/strong>&nbsp;especiais, destacamos a presen\u00e7a de um item na&nbsp;<strong>Aldi<\/strong>&nbsp;que promete voltar a ser tend\u00eancia, principalmente em apartamentos menores: o&nbsp;<strong>puff de armazenamento<\/strong>. Este artigo explora essa e outras descobertas exclusivas que voc\u00ea pode encontrar em suas compras.<\/p>\n\n\n\n<ul class=\"wp-block-list\">\n<li><strong>Puff de armazenamento<\/strong>\u00a0da Aldi como solu\u00e7\u00e3o ideal para espa\u00e7os reduzidos.<\/li>\n\n\n\n<li>Inovadora\u00a0<strong>m\u00e1quina de passar camisas<\/strong>\u00a0da\u00a0<strong>Lidl<\/strong>\u00a0para um guarda-roupa impec\u00e1vel.<\/li>\n\n\n\n<li><strong>Aparelhos<\/strong>\u00a0para lidar com a umidade alta de forma eficaz e pr\u00e1tica.<\/li>\n<\/ul>\n\n\n\n<h2 class=\"wp-block-heading\">Por que o puff de armazenamento da Aldi \u00e9 solu\u00e7\u00e3o para espa\u00e7os pequenos?<\/h2>\n\n\n\n<p>Os\u00a0<strong>puffs de armazenamento<\/strong>\u00a0estavam em alta algumas d\u00e9cadas atr\u00e1s, usados para <a href=\"https:\/\/www.em.com.br\/emfoco\/2025\/09\/07\/ideias-criativas-para-decorar-patio-pequeno-e-ganhar-mais-espaco\/\" target=\"_blank\" rel=\"noreferrer noopener\">otimizar espa\u00e7o<\/a> e adicionar funcionalidade aos ambientes. Recentemente, a Aldi relan\u00e7ou esta pe\u00e7a com design atual, sendo uma escolha perfeita para quem busca um lar organizado e funcional, especialmente em cidades de apartamentos menores como\u00a0<strong>S\u00e3o Paulo<\/strong>\u00a0e\u00a0<strong>Rio de Janeiro<\/strong>.<\/p>\n\n\n\n<h2 class=\"wp-block-heading\">Como funciona a m\u00e1quina de passar camisas da Lidl?<\/h2>\n\n\n\n<p>O ato de passar camisas e blusas pode ser uma tarefa desafiadora, mas a\u00a0<strong>m\u00e1quina inovadora da Lidl<\/strong>\u00a0promete facilitar esta atividade. O aparelho oferece secagem e passadoria em um \u00fanico passo, otimizando o tempo dos usu\u00e1rios. Esse modelo j\u00e1 teve destaque em sites de decora\u00e7\u00e3o como\u00a0<strong>Casa Vogue<\/strong>\u00a0e recebeu boas avalia\u00e7\u00f5es em f\u00f3runs digitais.<\/p>\n\n\n\n<h2 class=\"wp-block-heading\">Por que investir em um desumidificador el\u00e9trico?<\/h2>\n\n\n\n<p>Nos meses de\u00a0<strong>outono<\/strong>, com aumento da umidade, utilizar um\u00a0<strong>desumidificador<\/strong>\u00a0pode prevenir danos aos m\u00f3veis e\u00a0<em>promover sa\u00fade<\/em>. A\u00a0<strong>Penny Market<\/strong>\u00a0oferece uma solu\u00e7\u00e3o pr\u00e1tica com o\u00a0<strong>Steck! desumidificador el\u00e9trico<\/strong>\u00a0a um pre\u00e7o competitivo. O uso de aparelhos similares est\u00e1 crescendo em regi\u00f5es metropolitanas do\u00a0<strong>Brasil<\/strong>, principalmente devido \u00e0 preocupa\u00e7\u00e3o com o bem-estar dom\u00e9stico.<\/p>\n\n\n\n<figure class=\"wp-block-image size-large\"><img loading=\"lazy\" decoding=\"async\" width=\"1024\" height=\"576\" src=\"https:\/\/www.em.com.br\/emfoco\/wp-content\/uploads\/2025\/09\/desumidificador-eletrico_1758306018788-1024x576.jpg\" alt=\"\" class=\"wp-image-106090\" srcset=\"https:\/\/www.em.com.br\/emfoco\/wp-content\/uploads\/2025\/09\/desumidificador-eletrico_1758306018788-1024x576.jpg 1024w, https:\/\/www.em.com.br\/emfoco\/wp-content\/uploads\/2025\/09\/desumidificador-eletrico_1758306018788-300x169.jpg 300w, https:\/\/www.em.com.br\/emfoco\/wp-content\/uploads\/2025\/09\/desumidificador-eletrico_1758306018788-768x432.jpg 768w, https:\/\/www.em.com.br\/emfoco\/wp-content\/uploads\/2025\/09\/desumidificador-eletrico_1758306018788-750x422.jpg 750w, https:\/\/www.em.com.br\/emfoco\/wp-content\/uploads\/2025\/09\/desumidificador-eletrico_1758306018788-1140x641.jpg 1140w, https:\/\/www.em.com.br\/emfoco\/wp-content\/uploads\/2025\/09\/desumidificador-eletrico_1758306018788.jpg 1280w\" sizes=\"auto, (max-width: 1024px) 100vw, 1024px\" \/><figcaption class=\"wp-element-caption\">Objetos que trazem conforto &#8211; Cr\u00e9ditos: depositphotos.com \/ maryviolet<\/figcaption><\/figure>\n\n\n\n<h2 class=\"wp-block-heading\">Por que panelas de a\u00e7o inoxid\u00e1vel representam investimento inteligente?<\/h2>\n\n\n\n<p>Para os entusiastas da culin\u00e1ria, a&nbsp;<strong>Interspar<\/strong>&nbsp;apresenta um&nbsp;<strong>conjunto de panelas premium<\/strong>&nbsp;de a\u00e7o inoxid\u00e1vel, garantindo uma cozinha mais eficiente e sustent\u00e1vel gra\u00e7as \u00e0 condu\u00e7\u00e3o uniforme do calor e economia de energia. Segundo especialistas da&nbsp;<strong>Associa\u00e7\u00e3o Brasileira de Gastronomia<\/strong>, investir nesse tipo de panela pode aumentar a durabilidade dos utens\u00edlios e reduzir o consumo energ\u00e9tico no longo prazo.<\/p>\n\n\n\n<h2 class=\"wp-block-heading\">Quais alternativas existem para persianas e cortinas tradicionais?<\/h2>\n\n\n\n<p>Substituir\u00a0<strong>persianas<\/strong>\u00a0tradicionais por<a href=\"https:\/\/www.sp.senac.br\/blog\/artigo\/decoracao-pratica-8-dicas\" target=\"_blank\" rel=\"noreferrer noopener\"> solu\u00e7\u00f5es mais pr\u00e1ticas pode transformar a decora\u00e7\u00e3o do lar<\/a>. A Aldi oferece\u00a0<strong>rolos de tecido dupla camada<\/strong>\u00a0que s\u00e3o f\u00e1ceis de instalar e limpar, dispon\u00edveis em diferentes tamanhos e cores, proporcionando um ambiente moderno e funcional, tend\u00eancia observada em grandes cidades como\u00a0<strong>Lisboa<\/strong>\u00a0e\u00a0<strong>Buenos Aires<\/strong>.<\/p>\n\n\n\n<h2 class=\"wp-block-heading\">Quais as principais conclus\u00f5es sobre os produtos inusitados nos supermercados?<\/h2>\n\n\n\n<ul class=\"wp-block-list\">\n<li>Os\u00a0<strong>puffs de armazenamento<\/strong>\u00a0reaparecem como aliados dos espa\u00e7os compactos.<\/li>\n\n\n\n<li>Inova\u00e7\u00f5es como a m\u00e1quina de passar da Lidl revolucionam o cuidado com roupas.<\/li>\n\n\n\n<li>Solu\u00e7\u00f5es pr\u00e1ticas e acess\u00edveis s\u00e3o cada vez mais comuns nas prateleiras.<\/li>\n<\/ul>\n","protected":false},"excerpt":{"rendered":"<p>Na busca por produtos inusitados nos grandes supermercados, encontramos itens que podem surpreender e encantar os consumidores. Entre v\u00e1rias&nbsp;ofertas&nbsp;especiais, destacamos a presen\u00e7a de um item na&nbsp;Aldi&nbsp;que promete voltar a ser tend\u00eancia, principalmente em apartamentos menores: o&nbsp;puff de armazenamento. Este artigo explora essa e outras descobertas exclusivas que voc\u00ea pode encontrar em suas compras. Por que [&hellip;]<\/p>\n","protected":false},"author":11,"featured_media":106093,"comment_status":"open","ping_status":"open","sticky":false,"template":"","format":"standard","meta":{"jnews-multi-image_gallery":[],"jnews_single_post":{"format":"standard"},"jnews_primary_category":[],"jnews_social_meta":[],"jnews_override_counter":[],"footnotes":""},"categories":[8819,1],"tags":[11844,2911,4687,1706],"class_list":["post-106054","post","type-post","status-publish","format-standard","has-post-thumbnail","hentry","category-curiosidades","category-noticias","tag-apartamento","tag-casa","tag-decoracao","tag-espaco"],"yoast_head":"<!-- This site is optimized with the Yoast SEO plugin v23.8 - https:\/\/yoast.com\/wordpress\/plugins\/seo\/ -->\n<title>Cinco achados incr\u00edveis que ocupam pouco espa\u00e7o, mas com muito estilo - Estado de Minas - Em foco<\/title>\n<meta name=\"description\" content=\"Os produtos inusitados da Aldi, Lidl e Penny viraram tend\u00eancias entre quem busca solu\u00e7\u00f5es pr\u00e1ticas e acess\u00edveis para casa.\" \/>\n<meta name=\"robots\" content=\"index, follow, max-snippet:-1, max-image-preview:large, max-video-preview:-1\" \/>\n<link rel=\"canonical\" href=\"https:\/\/www.em.com.br\/emfoco\/2025\/09\/21\/cinco-achados-incriveis-que-ocupam-pouco-espaco-mas-com-muito-estilo\/\" \/>\n<meta property=\"og:locale\" content=\"pt_BR\" \/>\n<meta property=\"og:type\" content=\"article\" \/>\n<meta property=\"og:title\" content=\"Cinco achados incr\u00edveis que ocupam pouco espa\u00e7o, mas com muito estilo - Estado de Minas - Em foco\" \/>\n<meta property=\"og:description\" content=\"Os produtos inusitados da Aldi, Lidl e Penny viraram tend\u00eancias entre quem busca solu\u00e7\u00f5es pr\u00e1ticas e acess\u00edveis para casa.\" \/>\n<meta property=\"og:url\" content=\"https:\/\/www.em.com.br\/emfoco\/2025\/09\/21\/cinco-achados-incriveis-que-ocupam-pouco-espaco-mas-com-muito-estilo\/\" \/>\n<meta property=\"og:site_name\" content=\"Estado de Minas - Em foco\" \/>\n<meta property=\"article:published_time\" content=\"2025-09-21T15:48:00+00:00\" \/>\n<meta property=\"article:modified_time\" content=\"2025-09-19T17:28:08+00:00\" \/>\n<meta property=\"og:image\" content=\"https:\/\/www.em.com.br\/emfoco\/wp-content\/uploads\/2025\/09\/persianas-de-tecido_1758306126578.jpg\" \/>\n\t<meta property=\"og:image:width\" content=\"1280\" \/>\n\t<meta property=\"og:image:height\" content=\"720\" \/>\n\t<meta property=\"og:image:type\" content=\"image\/jpeg\" \/>\n<meta name=\"author\" content=\"Andre\u0301 Rangel\u00a0\" \/>\n<meta name=\"twitter:card\" content=\"summary_large_image\" \/>\n<meta name=\"twitter:label1\" content=\"Escrito por\" \/>\n\t<meta name=\"twitter:data1\" content=\"Andre\u0301 Rangel\u00a0\" \/>\n\t<meta name=\"twitter:label2\" content=\"Est. tempo de leitura\" \/>\n\t<meta name=\"twitter:data2\" content=\"3 minutos\" \/>\n<!-- \/ Yoast SEO plugin. -->","yoast_head_json":{"title":"Cinco achados incr\u00edveis que ocupam pouco espa\u00e7o, mas com muito estilo - Estado de Minas - Em foco","description":"Os produtos inusitados da Aldi, Lidl e Penny viraram tend\u00eancias entre quem busca solu\u00e7\u00f5es pr\u00e1ticas e acess\u00edveis para casa.","robots":{"index":"index","follow":"follow","max-snippet":"max-snippet:-1","max-image-preview":"max-image-preview:large","max-video-preview":"max-video-preview:-1"},"canonical":"https:\/\/www.em.com.br\/emfoco\/2025\/09\/21\/cinco-achados-incriveis-que-ocupam-pouco-espaco-mas-com-muito-estilo\/","og_locale":"pt_BR","og_type":"article","og_title":"Cinco achados incr\u00edveis que ocupam pouco espa\u00e7o, mas com muito estilo - Estado de Minas - Em foco","og_description":"Os produtos inusitados da Aldi, Lidl e Penny viraram tend\u00eancias entre quem busca solu\u00e7\u00f5es pr\u00e1ticas e acess\u00edveis para casa.","og_url":"https:\/\/www.em.com.br\/emfoco\/2025\/09\/21\/cinco-achados-incriveis-que-ocupam-pouco-espaco-mas-com-muito-estilo\/","og_site_name":"Estado de Minas - Em foco","article_published_time":"2025-09-21T15:48:00+00:00","article_modified_time":"2025-09-19T17:28:08+00:00","og_image":[{"width":1280,"height":720,"url":"https:\/\/www.em.com.br\/emfoco\/wp-content\/uploads\/2025\/09\/persianas-de-tecido_1758306126578.jpg","type":"image\/jpeg"}],"author":"Andre\u0301 Rangel\u00a0","twitter_card":"summary_large_image","twitter_misc":{"Escrito por":"Andre\u0301 Rangel\u00a0","Est. tempo de leitura":"3 minutos"},"schema":{"@context":"https:\/\/schema.org","@graph":[{"@type":"WebPage","@id":"https:\/\/www.em.com.br\/emfoco\/2025\/09\/21\/cinco-achados-incriveis-que-ocupam-pouco-espaco-mas-com-muito-estilo\/","url":"https:\/\/www.em.com.br\/emfoco\/2025\/09\/21\/cinco-achados-incriveis-que-ocupam-pouco-espaco-mas-com-muito-estilo\/","name":"Cinco achados incr\u00edveis que ocupam pouco espa\u00e7o, mas com muito estilo - Estado de Minas - Em foco","isPartOf":{"@id":"https:\/\/www.em.com.br\/emfoco\/#website"},"primaryImageOfPage":{"@id":"https:\/\/www.em.com.br\/emfoco\/2025\/09\/21\/cinco-achados-incriveis-que-ocupam-pouco-espaco-mas-com-muito-estilo\/#primaryimage"},"image":{"@id":"https:\/\/www.em.com.br\/emfoco\/2025\/09\/21\/cinco-achados-incriveis-que-ocupam-pouco-espaco-mas-com-muito-estilo\/#primaryimage"},"thumbnailUrl":"https:\/\/www.em.com.br\/emfoco\/wp-content\/uploads\/2025\/09\/persianas-de-tecido_1758306126578.jpg","datePublished":"2025-09-21T15:48:00+00:00","dateModified":"2025-09-19T17:28:08+00:00","author":{"@id":"https:\/\/www.em.com.br\/emfoco\/#\/schema\/person\/60eda09c1fedf0d6891f4cef4b60b8b8"},"description":"Os produtos inusitados da Aldi, Lidl e Penny viraram tend\u00eancias entre quem busca solu\u00e7\u00f5es pr\u00e1ticas e acess\u00edveis para casa.","breadcrumb":{"@id":"https:\/\/www.em.com.br\/emfoco\/2025\/09\/21\/cinco-achados-incriveis-que-ocupam-pouco-espaco-mas-com-muito-estilo\/#breadcrumb"},"inLanguage":"pt-BR","potentialAction":[{"@type":"ReadAction","target":["https:\/\/www.em.com.br\/emfoco\/2025\/09\/21\/cinco-achados-incriveis-que-ocupam-pouco-espaco-mas-com-muito-estilo\/"]}]},{"@type":"ImageObject","inLanguage":"pt-BR","@id":"https:\/\/www.em.com.br\/emfoco\/2025\/09\/21\/cinco-achados-incriveis-que-ocupam-pouco-espaco-mas-com-muito-estilo\/#primaryimage","url":"https:\/\/www.em.com.br\/emfoco\/wp-content\/uploads\/2025\/09\/persianas-de-tecido_1758306126578.jpg","contentUrl":"https:\/\/www.em.com.br\/emfoco\/wp-content\/uploads\/2025\/09\/persianas-de-tecido_1758306126578.jpg","width":1280,"height":720,"caption":"Boas persianas de tecido - Cr\u00e9ditos: depositphotos.com \/ jrphoto"},{"@type":"BreadcrumbList","@id":"https:\/\/www.em.com.br\/emfoco\/2025\/09\/21\/cinco-achados-incriveis-que-ocupam-pouco-espaco-mas-com-muito-estilo\/#breadcrumb","itemListElement":[{"@type":"ListItem","position":1,"name":"In\u00edcio","item":"https:\/\/www.em.com.br\/emfoco\/"},{"@type":"ListItem","position":2,"name":"Cinco achados incr\u00edveis que ocupam pouco espa\u00e7o, mas com muito estilo"}]},{"@type":"WebSite","@id":"https:\/\/www.em.com.br\/emfoco\/#website","url":"https:\/\/www.em.com.br\/emfoco\/","name":"Estado de Minas - Em foco","description":"Acompanhe as \u00faltimas not\u00edcias e fique bem informado sobre tudo o que acontece em Minas Gerais, Brasil e no mundo.","potentialAction":[{"@type":"SearchAction","target":{"@type":"EntryPoint","urlTemplate":"https:\/\/www.em.com.br\/emfoco\/?s={search_term_string}"},"query-input":{"@type":"PropertyValueSpecification","valueRequired":true,"valueName":"search_term_string"}}],"inLanguage":"pt-BR"},{"@type":"Person","@id":"https:\/\/www.em.com.br\/emfoco\/#\/schema\/person\/60eda09c1fedf0d6891f4cef4b60b8b8","name":"Andre\u0301 Rangel\u00a0","image":{"@type":"ImageObject","inLanguage":"pt-BR","@id":"https:\/\/www.em.com.br\/emfoco\/#\/schema\/person\/image\/","url":"https:\/\/secure.gravatar.com\/avatar\/6234dc814c77c8ef6d8bba622c787efc?s=96&d=mm&r=g","contentUrl":"https:\/\/secure.gravatar.com\/avatar\/6234dc814c77c8ef6d8bba622c787efc?s=96&d=mm&r=g","caption":"Andre\u0301 Rangel\u00a0"},"url":"https:\/\/www.em.com.br\/emfoco\/author\/luizmyth\/"}]}},"_links":{"self":[{"href":"https:\/\/www.em.com.br\/emfoco\/wp-json\/wp\/v2\/posts\/106054","targetHints":{"allow":["GET"]}}],"collection":[{"href":"https:\/\/www.em.com.br\/emfoco\/wp-json\/wp\/v2\/posts"}],"about":[{"href":"https:\/\/www.em.com.br\/emfoco\/wp-json\/wp\/v2\/types\/post"}],"author":[{"embeddable":true,"href":"https:\/\/www.em.com.br\/emfoco\/wp-json\/wp\/v2\/users\/11"}],"replies":[{"embeddable":true,"href":"https:\/\/www.em.com.br\/emfoco\/wp-json\/wp\/v2\/comments?post=106054"}],"version-history":[{"count":4,"href":"https:\/\/www.em.com.br\/emfoco\/wp-json\/wp\/v2\/posts\/106054\/revisions"}],"predecessor-version":[{"id":106094,"href":"https:\/\/www.em.com.br\/emfoco\/wp-json\/wp\/v2\/posts\/106054\/revisions\/106094"}],"wp:featuredmedia":[{"embeddable":true,"href":"https:\/\/www.em.com.br\/emfoco\/wp-json\/wp\/v2\/media\/106093"}],"wp:attachment":[{"href":"https:\/\/www.em.com.br\/emfoco\/wp-json\/wp\/v2\/media?parent=106054"}],"wp:term":[{"taxonomy":"category","embeddable":true,"href":"https:\/\/www.em.com.br\/emfoco\/wp-json\/wp\/v2\/categories?post=106054"},{"taxonomy":"post_tag","embeddable":true,"href":"https:\/\/www.em.com.br\/emfoco\/wp-json\/wp\/v2\/tags?post=106054"}],"curies":[{"name":"wp","href":"https:\/\/api.w.org\/{rel}","templated":true}]}}