{"id":106017,"date":"2025-09-20T18:38:00","date_gmt":"2025-09-20T21:38:00","guid":{"rendered":"https:\/\/www.em.com.br\/emfoco\/?p=106017"},"modified":"2025-09-19T13:39:19","modified_gmt":"2025-09-19T16:39:19","slug":"valores-do-bolsa-familia-incluem-adicionais-para-criancas-e-jovens","status":"publish","type":"post","link":"https:\/\/www.em.com.br\/emfoco\/2025\/09\/20\/valores-do-bolsa-familia-incluem-adicionais-para-criancas-e-jovens\/","title":{"rendered":"Valores do Bolsa Fam\u00edlia incluem adicionais para crian\u00e7as e jovens"},"content":{"rendered":"\n<p>O programa <strong>Bolsa Fam\u00edlia<\/strong>, uma iniciativa essencial do <strong>Governo Federal do Brasil<\/strong>, \u00e9 um mecanismo fundamental para a transfer\u00eancia de renda e combate \u00e0 pobreza. Este programa tem como objetivo principal oferecer suporte financeiro \u00e0s fam\u00edlias em situa\u00e7\u00e3o de vulnerabilidade, assegurando sua subsist\u00eancia e promovendo dignidade. A recente rodada de pagamentos come\u00e7ou neste m\u00eas, com um total de R$ 12,96 bilh\u00f5es investidos pelo <strong>Minist\u00e9rio do Desenvolvimento e Assist\u00eancia Social, Fam\u00edlia e Combate \u00e0 Fome<\/strong> (MDS), abrangendo 19,07 milh\u00f5es de domic\u00edlios em todo o pa\u00eds.<\/p>\n\n\n\n<p>Os benef\u00edcios do <strong>Bolsa Fam\u00edlia<\/strong> s\u00e3o distribu\u00eddos conforme o <strong>N\u00famero de Identifica\u00e7\u00e3o Social<\/strong> (NIS) de forma escalonada, com poss\u00edveis antecipa\u00e7\u00f5es em situa\u00e7\u00f5es emergenciais. As regi\u00f5es do <strong>Nordeste, Sudeste e Norte<\/strong> concentram os maiores n\u00fameros de fam\u00edlias beneficiadas, refletindo diferen\u00e7as regionais de vulnerabilidade no <strong>Brasil <\/strong>e a necessidade de pol\u00edticas sociais direcionadas.<\/p>\n\n\n\n<h2 class=\"wp-block-heading\">Estrutura e benef\u00edcios do programa<\/h2>\n\n\n<div class=\"wp-block-image\">\n<figure class=\"aligncenter size-large\"><img loading=\"lazy\" decoding=\"async\" width=\"1024\" height=\"576\" src=\"https:\/\/www.em.com.br\/emfoco\/wp-content\/uploads\/2025\/06\/bolsa-familia_1748976725057-1024x576.jpg\" alt=\"Bolsa Fam\u00edlia e BPC \u00e9 uma \u00f3tima uni\u00e3o dos benef\u00edcios para a sua fam\u00edlia\" class=\"wp-image-54998\" srcset=\"https:\/\/www.em.com.br\/emfoco\/wp-content\/uploads\/2025\/06\/bolsa-familia_1748976725057-1024x576.jpg 1024w, https:\/\/www.em.com.br\/emfoco\/wp-content\/uploads\/2025\/06\/bolsa-familia_1748976725057-300x169.jpg 300w, https:\/\/www.em.com.br\/emfoco\/wp-content\/uploads\/2025\/06\/bolsa-familia_1748976725057-768x432.jpg 768w, https:\/\/www.em.com.br\/emfoco\/wp-content\/uploads\/2025\/06\/bolsa-familia_1748976725057-750x422.jpg 750w, https:\/\/www.em.com.br\/emfoco\/wp-content\/uploads\/2025\/06\/bolsa-familia_1748976725057-1140x641.jpg 1140w, https:\/\/www.em.com.br\/emfoco\/wp-content\/uploads\/2025\/06\/bolsa-familia_1748976725057.jpg 1280w\" sizes=\"auto, (max-width: 1024px) 100vw, 1024px\" \/><figcaption class=\"wp-element-caption\">M\u00e3os segurando moedas &#8211; Cr\u00e9ditos: depositphotos.com \/ serezniy<\/figcaption><\/figure><\/div>\n\n\n<p>O <strong>Bolsa Fam\u00edlia<\/strong> \u00e9 estruturado para garantir assist\u00eancia b\u00e1sica e criar incentivos para o desenvolvimento infantil e juvenil. Destaca-se o <strong>Benef\u00edcio Primeira Inf\u00e2ncia<\/strong>, que oferece um adicional de R$ 150 por crian\u00e7a de zero a sete anos, al\u00e9m de R$ 50 extras para adolescentes de sete a 18 anos, fortalecendo o suporte \u00e0s fam\u00edlias com dependentes nessas faixas et\u00e1rias.<\/p>\n\n\n\n<p>A abrang\u00eancia do programa tamb\u00e9m inclui benef\u00edcios complementares, como valores extras destinados a gestantes, nutrizes e fam\u00edlias em extrema pobreza. Tal estrutura refor\u00e7a a preocupa\u00e7\u00e3o do governo com a forma\u00e7\u00e3o das novas gera\u00e7\u00f5es e com a redu\u00e7\u00e3o das desigualdades intergeracionais.<\/p>\n\n\n\n<h2 class=\"wp-block-heading\">Desafios na execu\u00e7\u00e3o e perspectivas futuras<\/h2>\n\n\n\n<p>Apesar do impacto positivo, o <strong>Bolsa Fam\u00edlia<\/strong> enfrenta desafios para manter a efici\u00eancia, especialmente diante de crises econ\u00f4micas e oscila\u00e7\u00f5es do mercado de trabalho. A regra de prote\u00e7\u00e3o permite que fam\u00edlias que tenham aumento tempor\u00e1rio de renda permane\u00e7am recebendo parte do benef\u00edcio, garantindo uma transi\u00e7\u00e3o mais segura.<\/p>\n\n\n\n<p>A evolu\u00e7\u00e3o do programa passa por constantes ajustes para ampliar a cobertura e reduzir poss\u00edveis exclus\u00f5es. O aprimoramento das bases de dados e o monitoramento rigoroso s\u00e3o fundamentais para preservar a integridade do Bolsa Fam\u00edlia e seu papel na diminui\u00e7\u00e3o da pobreza.<\/p>\n\n\n\n<h2 class=\"wp-block-heading\">Impacto social e inclus\u00e3o<\/h2>\n\n\n\n<p>O impacto do <strong><a href=\"https:\/\/www.gov.br\/mds\/pt-br\/acoes-e-programas\/bolsa-familia\" target=\"_blank\" rel=\"noreferrer noopener\">Bolsa Fam\u00edlia<\/a><\/strong> transcende a renda, promovendo inclus\u00e3o social e acesso a direitos b\u00e1sicos. Mulheres s\u00e3o maioria entre os benefici\u00e1rios, ressaltando a import\u00e2ncia do programa para o empoderamento feminino e o combate \u00e0 desigualdade de g\u00eanero.<\/p>\n\n\n\n<p>Fam\u00edlias ind\u00edgenas, quilombolas e em risco de inseguran\u00e7a alimentar tamb\u00e9m recebem aten\u00e7\u00e3o especial, evidenciando o compromisso com a diversidade e a justi\u00e7a social. Essas medidas tornam o programa uma refer\u00eancia internacional em pol\u00edticas p\u00fablicas de transfer\u00eancia de renda.<\/p>\n\n\n\n<p>Leia mais: <a href=\"https:\/\/www.em.com.br\/emfoco\/2025\/09\/19\/quem-nao-cumprir-as-regras-do-bolsa-familia-pode-perder-o-beneficio-em-setembro\/\" target=\"_blank\" rel=\"noreferrer noopener\">Quem n\u00e3o cumprir as regras do Bolsa Fam\u00edlia pode perder o benef\u00edcio em setembro<\/a><\/p>\n\n\n\n<h2 class=\"wp-block-heading\">Import\u00e2ncia cont\u00ednua e avan\u00e7os<\/h2>\n\n\n\n<p>O <strong>Bolsa Fam\u00edlia<\/strong> segue como pilar central no enfrentamento da pobreza no <strong>Brasil<\/strong>, sendo adaptado para atender \u00e0s demandas emergentes das popula\u00e7\u00f5es vulner\u00e1veis. Em 2025, a expectativa \u00e9 de fortalecimento das estrat\u00e9gias de inclus\u00e3o e aprimoramento dos processos para alcan\u00e7ar quem mais precisa.<\/p>\n\n\n\n<p>Ao manter o foco em adapta\u00e7\u00e3o e inova\u00e7\u00e3o, o programa consolida seu papel como ferramenta vital para promover avan\u00e7os sociais, reduzir desigualdades e garantir condi\u00e7\u00f5es dignas de vida para milh\u00f5es de brasileiros.<\/p>\n","protected":false},"excerpt":{"rendered":"<p>O programa Bolsa Fam\u00edlia, uma iniciativa essencial do Governo Federal do Brasil, \u00e9 um mecanismo fundamental para a transfer\u00eancia de renda e combate \u00e0 pobreza. Este programa tem como objetivo principal oferecer suporte financeiro \u00e0s fam\u00edlias em situa\u00e7\u00e3o de vulnerabilidade, assegurando sua subsist\u00eancia e promovendo dignidade. A recente rodada de pagamentos come\u00e7ou neste m\u00eas, com [&hellip;]<\/p>\n","protected":false},"author":20,"featured_media":55004,"comment_status":"open","ping_status":"open","sticky":false,"template":"","format":"standard","meta":{"jnews-multi-image_gallery":[],"jnews_single_post":{"format":"standard"},"jnews_primary_category":[],"jnews_social_meta":[],"jnews_override_counter":[],"footnotes":""},"categories":[28,1],"tags":[209,1114,16253],"class_list":["post-106017","post","type-post","status-publish","format-standard","has-post-thumbnail","hentry","category-economia","category-noticias","tag-bolsa-familia","tag-mds","tag-ministerio-do-desenvolvimento"],"yoast_head":"<!-- This site is optimized with the Yoast SEO plugin v23.8 - https:\/\/yoast.com\/wordpress\/plugins\/seo\/ -->\n<title>Valores do Bolsa Fam\u00edlia incluem adicionais para crian\u00e7as e jovens - Estado de Minas - Em foco<\/title>\n<meta name=\"description\" content=\"Saiba os valores e quem tem direito ao Bolsa Fam\u00edlia 2025, incluindo o Benef\u00edcio Primeira Inf\u00e2ncia e extras para adolescentes e gestantes.\" \/>\n<meta name=\"robots\" content=\"index, follow, max-snippet:-1, max-image-preview:large, max-video-preview:-1\" \/>\n<link rel=\"canonical\" href=\"https:\/\/www.em.com.br\/emfoco\/2025\/09\/20\/valores-do-bolsa-familia-incluem-adicionais-para-criancas-e-jovens\/\" \/>\n<meta property=\"og:locale\" content=\"pt_BR\" \/>\n<meta property=\"og:type\" content=\"article\" \/>\n<meta property=\"og:title\" content=\"Valores do Bolsa Fam\u00edlia incluem adicionais para crian\u00e7as e jovens - Estado de Minas - Em foco\" \/>\n<meta property=\"og:description\" content=\"Saiba os valores e quem tem direito ao Bolsa Fam\u00edlia 2025, incluindo o Benef\u00edcio Primeira Inf\u00e2ncia e extras para adolescentes e gestantes.\" \/>\n<meta property=\"og:url\" content=\"https:\/\/www.em.com.br\/emfoco\/2025\/09\/20\/valores-do-bolsa-familia-incluem-adicionais-para-criancas-e-jovens\/\" \/>\n<meta property=\"og:site_name\" content=\"Estado de Minas - Em foco\" \/>\n<meta property=\"article:published_time\" content=\"2025-09-20T21:38:00+00:00\" \/>\n<meta property=\"article:modified_time\" content=\"2025-09-19T16:39:19+00:00\" \/>\n<meta property=\"og:image\" content=\"https:\/\/www.em.com.br\/emfoco\/wp-content\/uploads\/2025\/06\/dinheiro-reais_1748976565269.jpg\" \/>\n\t<meta property=\"og:image:width\" content=\"1280\" \/>\n\t<meta property=\"og:image:height\" content=\"720\" \/>\n\t<meta property=\"og:image:type\" content=\"image\/jpeg\" \/>\n<meta name=\"author\" content=\"Ingrid Diniz\" \/>\n<meta name=\"twitter:card\" content=\"summary_large_image\" \/>\n<meta name=\"twitter:label1\" content=\"Escrito por\" \/>\n\t<meta name=\"twitter:data1\" content=\"Ingrid Diniz\" \/>\n\t<meta name=\"twitter:label2\" content=\"Est. tempo de leitura\" \/>\n\t<meta name=\"twitter:data2\" content=\"4 minutos\" \/>\n<!-- \/ Yoast SEO plugin. -->","yoast_head_json":{"title":"Valores do Bolsa Fam\u00edlia incluem adicionais para crian\u00e7as e jovens - Estado de Minas - Em foco","description":"Saiba os valores e quem tem direito ao Bolsa Fam\u00edlia 2025, incluindo o Benef\u00edcio Primeira Inf\u00e2ncia e extras para adolescentes e gestantes.","robots":{"index":"index","follow":"follow","max-snippet":"max-snippet:-1","max-image-preview":"max-image-preview:large","max-video-preview":"max-video-preview:-1"},"canonical":"https:\/\/www.em.com.br\/emfoco\/2025\/09\/20\/valores-do-bolsa-familia-incluem-adicionais-para-criancas-e-jovens\/","og_locale":"pt_BR","og_type":"article","og_title":"Valores do Bolsa Fam\u00edlia incluem adicionais para crian\u00e7as e jovens - Estado de Minas - Em foco","og_description":"Saiba os valores e quem tem direito ao Bolsa Fam\u00edlia 2025, incluindo o Benef\u00edcio Primeira Inf\u00e2ncia e extras para adolescentes e gestantes.","og_url":"https:\/\/www.em.com.br\/emfoco\/2025\/09\/20\/valores-do-bolsa-familia-incluem-adicionais-para-criancas-e-jovens\/","og_site_name":"Estado de Minas - Em foco","article_published_time":"2025-09-20T21:38:00+00:00","article_modified_time":"2025-09-19T16:39:19+00:00","og_image":[{"width":1280,"height":720,"url":"https:\/\/www.em.com.br\/emfoco\/wp-content\/uploads\/2025\/06\/dinheiro-reais_1748976565269.jpg","type":"image\/jpeg"}],"author":"Ingrid Diniz","twitter_card":"summary_large_image","twitter_misc":{"Escrito por":"Ingrid Diniz","Est. tempo de leitura":"4 minutos"},"schema":{"@context":"https:\/\/schema.org","@graph":[{"@type":"WebPage","@id":"https:\/\/www.em.com.br\/emfoco\/2025\/09\/20\/valores-do-bolsa-familia-incluem-adicionais-para-criancas-e-jovens\/","url":"https:\/\/www.em.com.br\/emfoco\/2025\/09\/20\/valores-do-bolsa-familia-incluem-adicionais-para-criancas-e-jovens\/","name":"Valores do Bolsa Fam\u00edlia incluem adicionais para crian\u00e7as e jovens - Estado de Minas - Em foco","isPartOf":{"@id":"https:\/\/www.em.com.br\/emfoco\/#website"},"primaryImageOfPage":{"@id":"https:\/\/www.em.com.br\/emfoco\/2025\/09\/20\/valores-do-bolsa-familia-incluem-adicionais-para-criancas-e-jovens\/#primaryimage"},"image":{"@id":"https:\/\/www.em.com.br\/emfoco\/2025\/09\/20\/valores-do-bolsa-familia-incluem-adicionais-para-criancas-e-jovens\/#primaryimage"},"thumbnailUrl":"https:\/\/www.em.com.br\/emfoco\/wp-content\/uploads\/2025\/06\/dinheiro-reais_1748976565269.jpg","datePublished":"2025-09-20T21:38:00+00:00","dateModified":"2025-09-19T16:39:19+00:00","author":{"@id":"https:\/\/www.em.com.br\/emfoco\/#\/schema\/person\/649e610b4eb8fff87ff394e54fe17b2b"},"description":"Saiba os valores e quem tem direito ao Bolsa Fam\u00edlia 2025, incluindo o Benef\u00edcio Primeira Inf\u00e2ncia e extras para adolescentes e gestantes.","breadcrumb":{"@id":"https:\/\/www.em.com.br\/emfoco\/2025\/09\/20\/valores-do-bolsa-familia-incluem-adicionais-para-criancas-e-jovens\/#breadcrumb"},"inLanguage":"pt-BR","potentialAction":[{"@type":"ReadAction","target":["https:\/\/www.em.com.br\/emfoco\/2025\/09\/20\/valores-do-bolsa-familia-incluem-adicionais-para-criancas-e-jovens\/"]}]},{"@type":"ImageObject","inLanguage":"pt-BR","@id":"https:\/\/www.em.com.br\/emfoco\/2025\/09\/20\/valores-do-bolsa-familia-incluem-adicionais-para-criancas-e-jovens\/#primaryimage","url":"https:\/\/www.em.com.br\/emfoco\/wp-content\/uploads\/2025\/06\/dinheiro-reais_1748976565269.jpg","contentUrl":"https:\/\/www.em.com.br\/emfoco\/wp-content\/uploads\/2025\/06\/dinheiro-reais_1748976565269.jpg","width":1280,"height":720,"caption":"Aumento do INSS para idosos - Cr\u00e9ditos: depositphotos.com \/ verganifotografia"},{"@type":"BreadcrumbList","@id":"https:\/\/www.em.com.br\/emfoco\/2025\/09\/20\/valores-do-bolsa-familia-incluem-adicionais-para-criancas-e-jovens\/#breadcrumb","itemListElement":[{"@type":"ListItem","position":1,"name":"In\u00edcio","item":"https:\/\/www.em.com.br\/emfoco\/"},{"@type":"ListItem","position":2,"name":"Valores do Bolsa Fam\u00edlia incluem adicionais para crian\u00e7as e jovens"}]},{"@type":"WebSite","@id":"https:\/\/www.em.com.br\/emfoco\/#website","url":"https:\/\/www.em.com.br\/emfoco\/","name":"Estado de Minas - Em foco","description":"Acompanhe as \u00faltimas not\u00edcias e fique bem informado sobre tudo o que acontece em Minas Gerais, Brasil e no mundo.","potentialAction":[{"@type":"SearchAction","target":{"@type":"EntryPoint","urlTemplate":"https:\/\/www.em.com.br\/emfoco\/?s={search_term_string}"},"query-input":{"@type":"PropertyValueSpecification","valueRequired":true,"valueName":"search_term_string"}}],"inLanguage":"pt-BR"},{"@type":"Person","@id":"https:\/\/www.em.com.br\/emfoco\/#\/schema\/person\/649e610b4eb8fff87ff394e54fe17b2b","name":"Ingrid Diniz","image":{"@type":"ImageObject","inLanguage":"pt-BR","@id":"https:\/\/www.em.com.br\/emfoco\/#\/schema\/person\/image\/","url":"https:\/\/secure.gravatar.com\/avatar\/a3baa1449ec5c39b4c42babc9d4f3951?s=96&d=mm&r=g","contentUrl":"https:\/\/secure.gravatar.com\/avatar\/a3baa1449ec5c39b4c42babc9d4f3951?s=96&d=mm&r=g","caption":"Ingrid Diniz"},"sameAs":["https:\/\/www.em.com.br\/"],"url":"https:\/\/www.em.com.br\/emfoco\/author\/ingridmyth\/"}]}},"_links":{"self":[{"href":"https:\/\/www.em.com.br\/emfoco\/wp-json\/wp\/v2\/posts\/106017","targetHints":{"allow":["GET"]}}],"collection":[{"href":"https:\/\/www.em.com.br\/emfoco\/wp-json\/wp\/v2\/posts"}],"about":[{"href":"https:\/\/www.em.com.br\/emfoco\/wp-json\/wp\/v2\/types\/post"}],"author":[{"embeddable":true,"href":"https:\/\/www.em.com.br\/emfoco\/wp-json\/wp\/v2\/users\/20"}],"replies":[{"embeddable":true,"href":"https:\/\/www.em.com.br\/emfoco\/wp-json\/wp\/v2\/comments?post=106017"}],"version-history":[{"count":1,"href":"https:\/\/www.em.com.br\/emfoco\/wp-json\/wp\/v2\/posts\/106017\/revisions"}],"predecessor-version":[{"id":106061,"href":"https:\/\/www.em.com.br\/emfoco\/wp-json\/wp\/v2\/posts\/106017\/revisions\/106061"}],"wp:featuredmedia":[{"embeddable":true,"href":"https:\/\/www.em.com.br\/emfoco\/wp-json\/wp\/v2\/media\/55004"}],"wp:attachment":[{"href":"https:\/\/www.em.com.br\/emfoco\/wp-json\/wp\/v2\/media?parent=106017"}],"wp:term":[{"taxonomy":"category","embeddable":true,"href":"https:\/\/www.em.com.br\/emfoco\/wp-json\/wp\/v2\/categories?post=106017"},{"taxonomy":"post_tag","embeddable":true,"href":"https:\/\/www.em.com.br\/emfoco\/wp-json\/wp\/v2\/tags?post=106017"}],"curies":[{"name":"wp","href":"https:\/\/api.w.org\/{rel}","templated":true}]}}