{"id":105856,"date":"2025-09-20T14:48:47","date_gmt":"2025-09-20T17:48:47","guid":{"rendered":"https:\/\/www.em.com.br\/emfoco\/?p=105856"},"modified":"2025-09-19T11:29:50","modified_gmt":"2025-09-19T14:29:50","slug":"pomadas-que-aliviam-picadas-de-insetos-rapidamente","status":"publish","type":"post","link":"https:\/\/www.em.com.br\/emfoco\/2025\/09\/20\/pomadas-que-aliviam-picadas-de-insetos-rapidamente\/","title":{"rendered":"Pomadas que aliviam picadas de insetos rapidamente"},"content":{"rendered":"\n<p><strong>Picadas de insetos<\/strong> s\u00e3o situa\u00e7\u00f5es comuns, principalmente em locais de <strong>clima quente<\/strong> ou <strong>durante<\/strong> <strong>a esta\u00e7\u00e3o do ver\u00e3o<\/strong>. Al\u00e9m de provocarem coceira, vermelhid\u00e3o e incha\u00e7o, algumas pessoas podem desenvolver rea\u00e7\u00f5es al\u00e9rgicas intensas. Nesses momentos, o uso de pomadas espec\u00edficas torna-se essencial para aliviar os sintomas rapidamente e auxiliar na recupera\u00e7\u00e3o da pele agredida.<\/p>\n\n\n\n<h2 class=\"wp-block-heading\">Para que servem as pomadas para picadas de insetos?<\/h2>\n\n\n\n<p>As pomadas para picadas t\u00eam como principal objetivo reduzir <strong>sintomas inc\u00f4modos<\/strong> como prurido, irrita\u00e7\u00e3o e inflama\u00e7\u00e3o. Essas f\u00f3rmulas re\u00fanem ingredientes com a\u00e7\u00e3o anti-inflamat\u00f3ria, calmante e cicatrizante, acelerando o processo de recupera\u00e7\u00e3o cut\u00e2nea e proporcionando al\u00edvio do desconforto causado pelas picadas.<\/p>\n\n\n\n<h2 class=\"wp-block-heading\">Como funcionam as pomadas para picadas?<\/h2>\n\n\n\n<p>A efic\u00e1cia das pomadas resulta da combina\u00e7\u00e3o de v\u00e1rios componentes ativos. Um dos mais comuns \u00e9 a <strong>hidrocortisona<\/strong>, um corticosteroide que diminui tanto o incha\u00e7o quanto a coceira de maneira r\u00e1pida. Outro exemplo \u00e9 a <strong>calamina<\/strong>, conhecida por seu efeito calmante e pela habilidade de minimizar toxinas presentes em algumas <a href=\"https:\/\/www.tuasaude.com\/alergia-a-picada-de-inseto\/\" target=\"_blank\" rel=\"noopener\">picadas de insetos<\/a>.<\/p>\n\n\n\n<p>Existem ainda alternativas formuladas com <a href=\"https:\/\/www.em.com.br\/emfoco\/2025\/09\/14\/como-hidratar-pes-secos-e-rachados-usando-ingredientes-naturais\/\" target=\"_blank\" rel=\"noopener\">ingredientes<\/a> naturais, como <strong>babosa<\/strong> (aloe vera) e <strong>\u00f3leo de melaleuca<\/strong>, ambos reconhecidos por suas propriedades anti-inflamat\u00f3rias, refrescantes e antimicrobianas. O <strong>mentol<\/strong> tamb\u00e9m aparece frequentemente, trazendo uma sensa\u00e7\u00e3o agrad\u00e1vel de frescor e combatendo a irrita\u00e7\u00e3o imediatamente ap\u00f3s o uso.<\/p>\n\n\n<div class=\"wp-block-image\">\n<figure class=\"aligncenter size-large\"><img loading=\"lazy\" decoding=\"async\" width=\"1024\" height=\"576\" src=\"https:\/\/www.em.com.br\/emfoco\/wp-content\/uploads\/2025\/04\/babosa_1745668165385-1024x576.jpg\" alt=\"5 plantas medicinais f\u00e1ceis de cultivar em casa e cheias de benef\u00edcios\" class=\"wp-image-41895\" srcset=\"https:\/\/www.em.com.br\/emfoco\/wp-content\/uploads\/2025\/04\/babosa_1745668165385-1024x576.jpg 1024w, https:\/\/www.em.com.br\/emfoco\/wp-content\/uploads\/2025\/04\/babosa_1745668165385-300x169.jpg 300w, https:\/\/www.em.com.br\/emfoco\/wp-content\/uploads\/2025\/04\/babosa_1745668165385-768x432.jpg 768w, https:\/\/www.em.com.br\/emfoco\/wp-content\/uploads\/2025\/04\/babosa_1745668165385-750x422.jpg 750w, https:\/\/www.em.com.br\/emfoco\/wp-content\/uploads\/2025\/04\/babosa_1745668165385-1140x641.jpg 1140w, https:\/\/www.em.com.br\/emfoco\/wp-content\/uploads\/2025\/04\/babosa_1745668165385.jpg 1280w\" sizes=\"auto, (max-width: 1024px) 100vw, 1024px\" \/><figcaption class=\"wp-element-caption\">Babosa &#8211; Cr\u00e9ditos: depositphotos.com \/ microgen<\/figcaption><\/figure><\/div>\n\n\n<h2 class=\"wp-block-heading\">Quais s\u00e3o as principais pomadas para picadas de insetos?<\/h2>\n\n\n\n<p>Atualmente, h\u00e1 diversas op\u00e7\u00f5es \u00e0 disposi\u00e7\u00e3o para o tratamento dessas picadas, contemplando diferentes necessidades. Entre as mais populares est\u00e3o:<\/p>\n\n\n\n<ul class=\"wp-block-list\">\n<li><strong>Cortaid<\/strong>: formula\u00e7\u00e3o \u00e0 base de hidrocortisona, indicada para rea\u00e7\u00f5es leves como as causadas por mosquitos e formigas. Pode ser encontrada facilmente em redes de farm\u00e1cias, como <strong>Drogasil<\/strong> e <strong>Raia Drogasil<\/strong> em todo o Brasil. Em cidades como <strong>S\u00e3o Paulo<\/strong> e <strong>Rio de Janeiro<\/strong>, \u00e9 poss\u00edvel encontrar essas pomadas \u00e0 pronta entrega tanto nas lojas f\u00edsicas quanto em aplicativos de farm\u00e1cias.<\/li>\n\n\n\n<li><strong>Caladryl<\/strong>: possui calamina e \u00e9 eficaz para o al\u00edvio r\u00e1pido da coceira, sendo bastante procurada para picadas de abelha e vespa. Dispon\u00edvel em farm\u00e1cias f\u00edsicas e online,\u00a0facilitando a compra em qualquer parte do pa\u00eds.<\/li>\n\n\n\n<li><strong>After Bite<\/strong>: com mentol em sua composi\u00e7\u00e3o, proporciona um al\u00edvio refrescante e \u00e9 indicado para diferentes tipos de picadas. Produto de refer\u00eancia internacional, j\u00e1 tem reconhecimento e boa aceita\u00e7\u00e3o no mercado brasileiro pela praticidade e rapidez no resultado. Al\u00e9m disso, \u00e9 frequentemente recomendado por dermatologistas em grandes centros urbanos por sua efici\u00eancia.<\/li>\n<\/ul>\n\n\n\n<h2 class=\"wp-block-heading\">Quando \u00e9 necess\u00e1rio procurar um m\u00e9dico?<\/h2>\n\n\n\n<p>Apesar da maioria dos casos poder ser resolvida apenas com pomadas t\u00f3picas, \u00e9 fundamental observar sintomas que exijam avalia\u00e7\u00e3o m\u00e9dica. Busque atendimento se os sintomas persistirem por mais de uma semana, se surgirem sinais de infec\u00e7\u00e3o (como dor intensa, forma\u00e7\u00e3o de pus ou forte vermelhid\u00e3o) ou em casos de rea\u00e7\u00f5es al\u00e9rgicas severas, como dificuldade para respirar, incha\u00e7o no rosto ou urtic\u00e1ria espalhada pelo corpo.<\/p>\n\n\n\n<p>Conte com as pomadas adequadas para aliviar os sintomas das picadas de insetos e acelerar a cicatriza\u00e7\u00e3o da pele. A escolha de produtos de qualidade e o acompanhamento dos sintomas s\u00e3o importantes para garantir a sa\u00fade, o conforto e prevenir poss\u00edveis complica\u00e7\u00f5es. Para quem mora em grandes cidades como <strong>Bras\u00edlia<\/strong> ou em regi\u00f5es mais afastadas, consultar um m\u00e9dico ou farmac\u00eautico caso haja complica\u00e7\u00f5es \u00e9 essencial para uma recupera\u00e7\u00e3o segura.<\/p>\n","protected":false},"excerpt":{"rendered":"<p>Picadas de insetos s\u00e3o situa\u00e7\u00f5es comuns, principalmente em locais de clima quente ou durante a esta\u00e7\u00e3o do ver\u00e3o. Al\u00e9m de provocarem coceira, vermelhid\u00e3o e incha\u00e7o, algumas pessoas podem desenvolver rea\u00e7\u00f5es al\u00e9rgicas intensas. Nesses momentos, o uso de pomadas espec\u00edficas torna-se essencial para aliviar os sintomas rapidamente e auxiliar na recupera\u00e7\u00e3o da pele agredida. Para que [&hellip;]<\/p>\n","protected":false},"author":9,"featured_media":105936,"comment_status":"open","ping_status":"open","sticky":false,"template":"","format":"standard","meta":{"jnews-multi-image_gallery":[],"jnews_single_post":{"format":"standard"},"jnews_primary_category":[],"jnews_social_meta":[],"jnews_override_counter":[],"footnotes":""},"categories":[8691,1],"tags":[5436,16226,16227],"class_list":["post-105856","post","type-post","status-publish","format-standard","has-post-thumbnail","hentry","category-bem-estar","category-noticias","tag-alergia","tag-picada-de-inseto","tag-pomada"],"yoast_head":"<!-- This site is optimized with the Yoast SEO plugin v23.8 - https:\/\/yoast.com\/wordpress\/plugins\/seo\/ -->\n<title>Pomadas que aliviam picadas de insetos rapidamente<\/title>\n<meta name=\"description\" content=\"Alivie coceira, vermelhid\u00e3o e incha\u00e7o de picadas de insetos com pomadas eficazes e seguras. Descubra as melhores op\u00e7\u00f5es para cada caso.\" \/>\n<meta name=\"robots\" content=\"index, follow, max-snippet:-1, max-image-preview:large, max-video-preview:-1\" \/>\n<link rel=\"canonical\" href=\"https:\/\/www.em.com.br\/emfoco\/2025\/09\/20\/pomadas-que-aliviam-picadas-de-insetos-rapidamente\/\" \/>\n<meta property=\"og:locale\" content=\"pt_BR\" \/>\n<meta property=\"og:type\" content=\"article\" \/>\n<meta property=\"og:title\" content=\"Pomadas que aliviam picadas de insetos rapidamente\" \/>\n<meta property=\"og:description\" content=\"Alivie coceira, vermelhid\u00e3o e incha\u00e7o de picadas de insetos com pomadas eficazes e seguras. Descubra as melhores op\u00e7\u00f5es para cada caso.\" \/>\n<meta property=\"og:url\" content=\"https:\/\/www.em.com.br\/emfoco\/2025\/09\/20\/pomadas-que-aliviam-picadas-de-insetos-rapidamente\/\" \/>\n<meta property=\"og:site_name\" content=\"Estado de Minas - Em foco\" \/>\n<meta property=\"article:published_time\" content=\"2025-09-20T17:48:47+00:00\" \/>\n<meta property=\"article:modified_time\" content=\"2025-09-19T14:29:50+00:00\" \/>\n<meta property=\"og:image\" content=\"https:\/\/www.em.com.br\/emfoco\/wp-content\/uploads\/2025\/09\/picada-de-inseto_1758291624814.jpg\" \/>\n\t<meta property=\"og:image:width\" content=\"1280\" \/>\n\t<meta property=\"og:image:height\" content=\"720\" \/>\n\t<meta property=\"og:image:type\" content=\"image\/jpeg\" \/>\n<meta name=\"author\" content=\"Daniely Cardoso\" \/>\n<meta name=\"twitter:card\" content=\"summary_large_image\" \/>\n<meta name=\"twitter:label1\" content=\"Escrito por\" \/>\n\t<meta name=\"twitter:data1\" content=\"Daniely Cardoso\" \/>\n\t<meta name=\"twitter:label2\" content=\"Est. tempo de leitura\" \/>\n\t<meta name=\"twitter:data2\" content=\"4 minutos\" \/>\n<!-- \/ Yoast SEO plugin. -->","yoast_head_json":{"title":"Pomadas que aliviam picadas de insetos rapidamente","description":"Alivie coceira, vermelhid\u00e3o e incha\u00e7o de picadas de insetos com pomadas eficazes e seguras. Descubra as melhores op\u00e7\u00f5es para cada caso.","robots":{"index":"index","follow":"follow","max-snippet":"max-snippet:-1","max-image-preview":"max-image-preview:large","max-video-preview":"max-video-preview:-1"},"canonical":"https:\/\/www.em.com.br\/emfoco\/2025\/09\/20\/pomadas-que-aliviam-picadas-de-insetos-rapidamente\/","og_locale":"pt_BR","og_type":"article","og_title":"Pomadas que aliviam picadas de insetos rapidamente","og_description":"Alivie coceira, vermelhid\u00e3o e incha\u00e7o de picadas de insetos com pomadas eficazes e seguras. Descubra as melhores op\u00e7\u00f5es para cada caso.","og_url":"https:\/\/www.em.com.br\/emfoco\/2025\/09\/20\/pomadas-que-aliviam-picadas-de-insetos-rapidamente\/","og_site_name":"Estado de Minas - Em foco","article_published_time":"2025-09-20T17:48:47+00:00","article_modified_time":"2025-09-19T14:29:50+00:00","og_image":[{"width":1280,"height":720,"url":"https:\/\/www.em.com.br\/emfoco\/wp-content\/uploads\/2025\/09\/picada-de-inseto_1758291624814.jpg","type":"image\/jpeg"}],"author":"Daniely Cardoso","twitter_card":"summary_large_image","twitter_misc":{"Escrito por":"Daniely Cardoso","Est. tempo de leitura":"4 minutos"},"schema":{"@context":"https:\/\/schema.org","@graph":[{"@type":"WebPage","@id":"https:\/\/www.em.com.br\/emfoco\/2025\/09\/20\/pomadas-que-aliviam-picadas-de-insetos-rapidamente\/","url":"https:\/\/www.em.com.br\/emfoco\/2025\/09\/20\/pomadas-que-aliviam-picadas-de-insetos-rapidamente\/","name":"Pomadas que aliviam picadas de insetos rapidamente","isPartOf":{"@id":"https:\/\/www.em.com.br\/emfoco\/#website"},"primaryImageOfPage":{"@id":"https:\/\/www.em.com.br\/emfoco\/2025\/09\/20\/pomadas-que-aliviam-picadas-de-insetos-rapidamente\/#primaryimage"},"image":{"@id":"https:\/\/www.em.com.br\/emfoco\/2025\/09\/20\/pomadas-que-aliviam-picadas-de-insetos-rapidamente\/#primaryimage"},"thumbnailUrl":"https:\/\/www.em.com.br\/emfoco\/wp-content\/uploads\/2025\/09\/picada-de-inseto_1758291624814.jpg","datePublished":"2025-09-20T17:48:47+00:00","dateModified":"2025-09-19T14:29:50+00:00","author":{"@id":"https:\/\/www.em.com.br\/emfoco\/#\/schema\/person\/0a8186d72f2c3a5c6276d90b41f271a0"},"description":"Alivie coceira, vermelhid\u00e3o e incha\u00e7o de picadas de insetos com pomadas eficazes e seguras. Descubra as melhores op\u00e7\u00f5es para cada caso.","breadcrumb":{"@id":"https:\/\/www.em.com.br\/emfoco\/2025\/09\/20\/pomadas-que-aliviam-picadas-de-insetos-rapidamente\/#breadcrumb"},"inLanguage":"pt-BR","potentialAction":[{"@type":"ReadAction","target":["https:\/\/www.em.com.br\/emfoco\/2025\/09\/20\/pomadas-que-aliviam-picadas-de-insetos-rapidamente\/"]}]},{"@type":"ImageObject","inLanguage":"pt-BR","@id":"https:\/\/www.em.com.br\/emfoco\/2025\/09\/20\/pomadas-que-aliviam-picadas-de-insetos-rapidamente\/#primaryimage","url":"https:\/\/www.em.com.br\/emfoco\/wp-content\/uploads\/2025\/09\/picada-de-inseto_1758291624814.jpg","contentUrl":"https:\/\/www.em.com.br\/emfoco\/wp-content\/uploads\/2025\/09\/picada-de-inseto_1758291624814.jpg","width":1280,"height":720,"caption":"As pomadas para picadas t\u00eam como principal objetivo reduzir sintomas inc\u00f4modos - Cr\u00e9ditos: depositphotos.com \/ Dimid_86"},{"@type":"BreadcrumbList","@id":"https:\/\/www.em.com.br\/emfoco\/2025\/09\/20\/pomadas-que-aliviam-picadas-de-insetos-rapidamente\/#breadcrumb","itemListElement":[{"@type":"ListItem","position":1,"name":"In\u00edcio","item":"https:\/\/www.em.com.br\/emfoco\/"},{"@type":"ListItem","position":2,"name":"Pomadas que aliviam picadas de insetos rapidamente"}]},{"@type":"WebSite","@id":"https:\/\/www.em.com.br\/emfoco\/#website","url":"https:\/\/www.em.com.br\/emfoco\/","name":"Estado de Minas - Em foco","description":"Acompanhe as \u00faltimas not\u00edcias e fique bem informado sobre tudo o que acontece em Minas Gerais, Brasil e no mundo.","potentialAction":[{"@type":"SearchAction","target":{"@type":"EntryPoint","urlTemplate":"https:\/\/www.em.com.br\/emfoco\/?s={search_term_string}"},"query-input":{"@type":"PropertyValueSpecification","valueRequired":true,"valueName":"search_term_string"}}],"inLanguage":"pt-BR"},{"@type":"Person","@id":"https:\/\/www.em.com.br\/emfoco\/#\/schema\/person\/0a8186d72f2c3a5c6276d90b41f271a0","name":"Daniely Cardoso","image":{"@type":"ImageObject","inLanguage":"pt-BR","@id":"https:\/\/www.em.com.br\/emfoco\/#\/schema\/person\/image\/","url":"https:\/\/secure.gravatar.com\/avatar\/4b80ddbd124d1f071b626d52d62e5dff?s=96&d=mm&r=g","contentUrl":"https:\/\/secure.gravatar.com\/avatar\/4b80ddbd124d1f071b626d52d62e5dff?s=96&d=mm&r=g","caption":"Daniely Cardoso"},"url":"https:\/\/www.em.com.br\/emfoco\/author\/danielymyth\/"}]}},"_links":{"self":[{"href":"https:\/\/www.em.com.br\/emfoco\/wp-json\/wp\/v2\/posts\/105856","targetHints":{"allow":["GET"]}}],"collection":[{"href":"https:\/\/www.em.com.br\/emfoco\/wp-json\/wp\/v2\/posts"}],"about":[{"href":"https:\/\/www.em.com.br\/emfoco\/wp-json\/wp\/v2\/types\/post"}],"author":[{"embeddable":true,"href":"https:\/\/www.em.com.br\/emfoco\/wp-json\/wp\/v2\/users\/9"}],"replies":[{"embeddable":true,"href":"https:\/\/www.em.com.br\/emfoco\/wp-json\/wp\/v2\/comments?post=105856"}],"version-history":[{"count":2,"href":"https:\/\/www.em.com.br\/emfoco\/wp-json\/wp\/v2\/posts\/105856\/revisions"}],"predecessor-version":[{"id":105937,"href":"https:\/\/www.em.com.br\/emfoco\/wp-json\/wp\/v2\/posts\/105856\/revisions\/105937"}],"wp:featuredmedia":[{"embeddable":true,"href":"https:\/\/www.em.com.br\/emfoco\/wp-json\/wp\/v2\/media\/105936"}],"wp:attachment":[{"href":"https:\/\/www.em.com.br\/emfoco\/wp-json\/wp\/v2\/media?parent=105856"}],"wp:term":[{"taxonomy":"category","embeddable":true,"href":"https:\/\/www.em.com.br\/emfoco\/wp-json\/wp\/v2\/categories?post=105856"},{"taxonomy":"post_tag","embeddable":true,"href":"https:\/\/www.em.com.br\/emfoco\/wp-json\/wp\/v2\/tags?post=105856"}],"curies":[{"name":"wp","href":"https:\/\/api.w.org\/{rel}","templated":true}]}}