{"id":105788,"date":"2025-09-19T07:00:00","date_gmt":"2025-09-19T10:00:00","guid":{"rendered":"https:\/\/www.em.com.br\/emfoco\/?p=105788"},"modified":"2025-09-18T21:33:57","modified_gmt":"2025-09-19T00:33:57","slug":"treino-em-jejum-e-o-atalho-definitivo-ou-armadilha","status":"publish","type":"post","link":"https:\/\/www.em.com.br\/emfoco\/2025\/09\/19\/treino-em-jejum-e-o-atalho-definitivo-ou-armadilha\/","title":{"rendered":"Treino em jejum \u00e9 o atalho definitivo ou armadilha"},"content":{"rendered":"\n<p>A busca pela perda de gordura \u00e9 um objetivo comum para quem come\u00e7a a praticar exerc\u00edcios f\u00edsicos. Entre as diversas estrat\u00e9gias comentadas, o <strong>Treino em Jejum<\/strong> ganhou popularidade como uma potencial abordagem para aumentar a queima de gordura. A teoria sugere que, ao exercitar-se num estado de jejum, o corpo recorreria \u00e0s reservas de gordura para obter energia. No entanto, a efic\u00e1cia dessa pr\u00e1tica \u00e9 mais complexa do que pode parecer inicialmente.<\/p>\n\n\n\n<p>De acordo com a m\u00e9dica nutr\u00f3loga Danielli Orletti, h\u00e1 registros de maior utiliza\u00e7\u00e3o da gordura corporal como fonte de energia durante o exerc\u00edcio em jejum, mas isso n\u00e3o equivale necessariamente ao emagrecimento desejado. A especialista enfatiza que esta pr\u00e1tica n\u00e3o \u00e9 indicada para todos os exerc\u00edcios e que pode apresentar riscos se n\u00e3o for executada corretamente. O Treino em Jejum, geralmente, ocorre ap\u00f3s um per\u00edodo de 8 a 12 horas sem ingest\u00e3o alimentar, comumente depois de uma noite de sono.<\/p>\n\n\n\n<h2 class=\"wp-block-heading\">Como o jejum influencia na queima de gordura durante os exerc\u00edcios?<\/h2>\n\n\n\n<p>A pr\u00e1tica de treinar em jejum tem como um de seus principais argumentos a alta mobiliza\u00e7\u00e3o dos \u00e1cidos graxos como fonte de energia. Durante o jejum, a presen\u00e7a reduzida de insulina no sangue estimula o corpo a utilizar gorduras como combust\u00edveis. Apesar disso, Danielli ressalta que a elimina\u00e7\u00e3o efetiva de gordura corporal depende de um balan\u00e7o energ\u00e9tico negativo cont\u00ednuo, ou seja, o gasto energ\u00e9tico total deve superar a ingest\u00e3o cal\u00f3rica.<\/p>\n\n\n<div class=\"wp-block-image\">\n<figure class=\"aligncenter size-large\"><img loading=\"lazy\" decoding=\"async\" width=\"1024\" height=\"576\" src=\"https:\/\/www.em.com.br\/emfoco\/wp-content\/uploads\/2025\/09\/Treino-em-jejum-_1758241931530-1024x576.jpg\" alt=\"\" class=\"wp-image-105816\" srcset=\"https:\/\/www.em.com.br\/emfoco\/wp-content\/uploads\/2025\/09\/Treino-em-jejum-_1758241931530-1024x576.jpg 1024w, https:\/\/www.em.com.br\/emfoco\/wp-content\/uploads\/2025\/09\/Treino-em-jejum-_1758241931530-300x169.jpg 300w, https:\/\/www.em.com.br\/emfoco\/wp-content\/uploads\/2025\/09\/Treino-em-jejum-_1758241931530-768x432.jpg 768w, https:\/\/www.em.com.br\/emfoco\/wp-content\/uploads\/2025\/09\/Treino-em-jejum-_1758241931530-750x422.jpg 750w, https:\/\/www.em.com.br\/emfoco\/wp-content\/uploads\/2025\/09\/Treino-em-jejum-_1758241931530-1140x642.jpg 1140w, https:\/\/www.em.com.br\/emfoco\/wp-content\/uploads\/2025\/09\/Treino-em-jejum-_1758241931530.jpg 1279w\" sizes=\"auto, (max-width: 1024px) 100vw, 1024px\" \/><figcaption class=\"wp-element-caption\">Treino em Jejum &#8211; Cr\u00e9ditos: depositphotos.com \/ Chinnapong<\/figcaption><\/figure><\/div>\n\n\n<h2 class=\"wp-block-heading\">A janela alimentar reduzida potencializa o emagrecimento?<\/h2>\n\n\n\n<p>Uma das formas como o jejum pode contribuir para a perda de peso \u00e9 atrav\u00e9s da redu\u00e7\u00e3o da janela alimentar \u2014 o per\u00edodo di\u00e1rio em que se consome alimentos. Com menos tempo para comer, a ingest\u00e3o cal\u00f3rica tende a ser menor, favorecendo um d\u00e9ficit cal\u00f3rico. Este ajuste pode, assim, auxiliar indiretamente no processo de emagrecimento. Contudo, \u00e9 importante observar que essa abordagem n\u00e3o \u00e9 uma solu\u00e7\u00e3o universal e deve ser adaptada \u00e0s necessidades individuais.<\/p>\n\n\n\n<h2 class=\"wp-block-heading\">Quais s\u00e3o os riscos e quem deve evitar o Treino em Jejum?<\/h2>\n\n\n\n<p>O Treino em Jejum apresenta alguns riscos significativos, principalmente para indiv\u00edduos que sofrem de certas condi\u00e7\u00f5es de <a href=\"https:\/\/www.em.com.br\/emfoco\/2025\/09\/18\/saiba-como-conquistar-rejuvenescimento-sem-perder-naturalidade\/\" target=\"_blank\" rel=\"noreferrer noopener\">sa\u00fade<\/a>. O principal perigo \u00e9 a hipoglicemia, que pode causar tonturas, desmaios e reduzir a efic\u00e1cia no exerc\u00edcio devido \u00e0 menor disponibilidade de energia. Pessoas com diabetes, hipertens\u00e3o n\u00e3o controlada, dist\u00farbios da tireoide, gestantes, lactantes e indiv\u00edduos com hist\u00f3rico de compuls\u00e3o alimentar s\u00e3o aconselhados a n\u00e3o seguir essa pr\u00e1tica.<\/p>\n\n\n\n<h2 class=\"wp-block-heading\">Que cuidados s\u00e3o necess\u00e1rios ao adotar o Treino em Jejum?<\/h2>\n\n\n\n<p>Para adotar o Treino em Jejum de forma segura, diversos aspectos devem ser considerados. Antes do exerc\u00edcio, garantir um sono de qualidade e manter-se devidamente hidratado s\u00e3o fundamentais. Durante a atividade, \u00e9 crucial respeitar os limites pessoais e estar atento a sinais de hipoglicemia. Ap\u00f3s o treino, a ingest\u00e3o de carboidratos saud\u00e1veis e prote\u00ednas de alto valor biol\u00f3gico ajuda a recupera\u00e7\u00e3o muscular e reposi\u00e7\u00e3o de glicog\u00eanio. A m\u00e9dica Danielli Ortelli enfatiza que, apesar de poder ser uma t\u00e1tica v\u00e1lida sob circunst\u00e2ncias espec\u00edficas, o Treino em Jejum n\u00e3o deve ser encarado como uma solu\u00e7\u00e3o m\u00e1gica para perda de peso.<\/p>\n\n\n<a href=\"https:\/\/www.instagram.com\/dra.annaluisabf\/\" target=\"_blank\" style=\"text-decoration: none; color: inherit;\">\n  <span style=\"display:inline-block; border:1px solid #ccc; border-radius:10px; padding:15px; max-width:550px; font-family:sans-serif; box-shadow:0 2px 5px rgba(0,0,0,0.1);\">\n    <span style=\"margin:0 0 15px 0; font-weight:bold; color:#2c3e50; text-align: center;\">Entre em contato:<\/span>\n\n    <span style=\"display:flex; align-items:center;\">\n      <img decoding=\"async\" src=\"https:\/\/www.correiobraziliense.com.br\/cbradar\/wp-content\/uploads\/2025\/08\/dra_anna_luisa.jpeg\" alt=\"Dra Anna Lu\u00edsa\" style=\"border-radius:50%; width:80px; height:80px; margin-right:15px;\">\n      <span style=\"flex:1;\">\n        <h3 style=\"margin:0 0 5px 0;\">Dra. Anna Lu\u00edsa Barbosa Fernandes<\/h3>\n        <p style=\"margin:0 0 10px 0;\">CRM-GO 33.271<\/p>\n        <span style=\"display:flex; gap:10px;\">\n          <img decoding=\"async\" src=\"https:\/\/cdn-icons-png.flaticon.com\/24\/1384\/1384063.png\" alt=\"Instagram\">\n        <\/span>\n      <\/span>\n    <\/span>\n  <\/span>\n<\/a>\n\n\n<p><\/p>\n","protected":false},"excerpt":{"rendered":"<p>A busca pela perda de gordura \u00e9 um objetivo comum para quem come\u00e7a a praticar exerc\u00edcios f\u00edsicos. Entre as diversas estrat\u00e9gias comentadas, o Treino em Jejum ganhou popularidade como uma potencial abordagem para aumentar a queima de gordura. A teoria sugere que, ao exercitar-se num estado de jejum, o corpo recorreria \u00e0s reservas de gordura [&hellip;]<\/p>\n","protected":false},"author":25,"featured_media":105815,"comment_status":"open","ping_status":"open","sticky":false,"template":"","format":"standard","meta":{"jnews-multi-image_gallery":[],"jnews_single_post":{"format":"standard"},"jnews_primary_category":[],"jnews_social_meta":[],"jnews_override_counter":[],"footnotes":""},"categories":[9053],"tags":[711,5207,327,415],"class_list":["post-105788","post","type-post","status-publish","format-standard","has-post-thumbnail","hentry","category-saude","tag-bem-estar","tag-exercicio","tag-qualidade-de-vida","tag-saude"],"yoast_head":"<!-- This site is optimized with the Yoast SEO plugin v23.8 - https:\/\/yoast.com\/wordpress\/plugins\/seo\/ -->\n<title>Treino em jejum \u00e9 o atalho definitivo ou armadilha - Estado de Minas - Em foco<\/title>\n<meta name=\"description\" content=\"Treino em jejum seduz pela rapidez por\u00e9m sinais de alerta e um passo simples ap\u00f3s o exerc\u00edcio definem se vira aliado ou vil\u00e3o\" \/>\n<meta name=\"robots\" content=\"index, follow, max-snippet:-1, max-image-preview:large, max-video-preview:-1\" \/>\n<link rel=\"canonical\" href=\"https:\/\/www.em.com.br\/emfoco\/2025\/09\/19\/treino-em-jejum-e-o-atalho-definitivo-ou-armadilha\/\" \/>\n<meta property=\"og:locale\" content=\"pt_BR\" \/>\n<meta property=\"og:type\" content=\"article\" \/>\n<meta property=\"og:title\" content=\"Treino em jejum \u00e9 o atalho definitivo ou armadilha - Estado de Minas - Em foco\" \/>\n<meta property=\"og:description\" content=\"Treino em jejum seduz pela rapidez por\u00e9m sinais de alerta e um passo simples ap\u00f3s o exerc\u00edcio definem se vira aliado ou vil\u00e3o\" \/>\n<meta property=\"og:url\" content=\"https:\/\/www.em.com.br\/emfoco\/2025\/09\/19\/treino-em-jejum-e-o-atalho-definitivo-ou-armadilha\/\" \/>\n<meta property=\"og:site_name\" content=\"Estado de Minas - Em foco\" \/>\n<meta property=\"article:published_time\" content=\"2025-09-19T10:00:00+00:00\" \/>\n<meta property=\"article:modified_time\" content=\"2025-09-19T00:33:57+00:00\" \/>\n<meta property=\"og:image\" content=\"https:\/\/www.em.com.br\/emfoco\/wp-content\/uploads\/2025\/09\/Treino-em-jejum-_1758241906308.jpg\" \/>\n\t<meta property=\"og:image:width\" content=\"1280\" \/>\n\t<meta property=\"og:image:height\" content=\"720\" \/>\n\t<meta property=\"og:image:type\" content=\"image\/jpeg\" \/>\n<meta name=\"author\" content=\"Guilherme Lopes\" \/>\n<meta name=\"twitter:card\" content=\"summary_large_image\" \/>\n<meta name=\"twitter:label1\" content=\"Escrito por\" \/>\n\t<meta name=\"twitter:data1\" content=\"Guilherme Lopes\" \/>\n\t<meta name=\"twitter:label2\" content=\"Est. tempo de leitura\" \/>\n\t<meta name=\"twitter:data2\" content=\"4 minutos\" \/>\n<!-- \/ Yoast SEO plugin. -->","yoast_head_json":{"title":"Treino em jejum \u00e9 o atalho definitivo ou armadilha - Estado de Minas - Em foco","description":"Treino em jejum seduz pela rapidez por\u00e9m sinais de alerta e um passo simples ap\u00f3s o exerc\u00edcio definem se vira aliado ou vil\u00e3o","robots":{"index":"index","follow":"follow","max-snippet":"max-snippet:-1","max-image-preview":"max-image-preview:large","max-video-preview":"max-video-preview:-1"},"canonical":"https:\/\/www.em.com.br\/emfoco\/2025\/09\/19\/treino-em-jejum-e-o-atalho-definitivo-ou-armadilha\/","og_locale":"pt_BR","og_type":"article","og_title":"Treino em jejum \u00e9 o atalho definitivo ou armadilha - Estado de Minas - Em foco","og_description":"Treino em jejum seduz pela rapidez por\u00e9m sinais de alerta e um passo simples ap\u00f3s o exerc\u00edcio definem se vira aliado ou vil\u00e3o","og_url":"https:\/\/www.em.com.br\/emfoco\/2025\/09\/19\/treino-em-jejum-e-o-atalho-definitivo-ou-armadilha\/","og_site_name":"Estado de Minas - Em foco","article_published_time":"2025-09-19T10:00:00+00:00","article_modified_time":"2025-09-19T00:33:57+00:00","og_image":[{"width":1280,"height":720,"url":"https:\/\/www.em.com.br\/emfoco\/wp-content\/uploads\/2025\/09\/Treino-em-jejum-_1758241906308.jpg","type":"image\/jpeg"}],"author":"Guilherme Lopes","twitter_card":"summary_large_image","twitter_misc":{"Escrito por":"Guilherme Lopes","Est. tempo de leitura":"4 minutos"},"schema":{"@context":"https:\/\/schema.org","@graph":[{"@type":"WebPage","@id":"https:\/\/www.em.com.br\/emfoco\/2025\/09\/19\/treino-em-jejum-e-o-atalho-definitivo-ou-armadilha\/","url":"https:\/\/www.em.com.br\/emfoco\/2025\/09\/19\/treino-em-jejum-e-o-atalho-definitivo-ou-armadilha\/","name":"Treino em jejum \u00e9 o atalho definitivo ou armadilha - Estado de Minas - Em foco","isPartOf":{"@id":"https:\/\/www.em.com.br\/emfoco\/#website"},"primaryImageOfPage":{"@id":"https:\/\/www.em.com.br\/emfoco\/2025\/09\/19\/treino-em-jejum-e-o-atalho-definitivo-ou-armadilha\/#primaryimage"},"image":{"@id":"https:\/\/www.em.com.br\/emfoco\/2025\/09\/19\/treino-em-jejum-e-o-atalho-definitivo-ou-armadilha\/#primaryimage"},"thumbnailUrl":"https:\/\/www.em.com.br\/emfoco\/wp-content\/uploads\/2025\/09\/Treino-em-jejum-_1758241906308.jpg","datePublished":"2025-09-19T10:00:00+00:00","dateModified":"2025-09-19T00:33:57+00:00","author":{"@id":"https:\/\/www.em.com.br\/emfoco\/#\/schema\/person\/f6eade2e287023da170a1b2b329f68e5"},"description":"Treino em jejum seduz pela rapidez por\u00e9m sinais de alerta e um passo simples ap\u00f3s o exerc\u00edcio definem se vira aliado ou vil\u00e3o","breadcrumb":{"@id":"https:\/\/www.em.com.br\/emfoco\/2025\/09\/19\/treino-em-jejum-e-o-atalho-definitivo-ou-armadilha\/#breadcrumb"},"inLanguage":"pt-BR","potentialAction":[{"@type":"ReadAction","target":["https:\/\/www.em.com.br\/emfoco\/2025\/09\/19\/treino-em-jejum-e-o-atalho-definitivo-ou-armadilha\/"]}]},{"@type":"ImageObject","inLanguage":"pt-BR","@id":"https:\/\/www.em.com.br\/emfoco\/2025\/09\/19\/treino-em-jejum-e-o-atalho-definitivo-ou-armadilha\/#primaryimage","url":"https:\/\/www.em.com.br\/emfoco\/wp-content\/uploads\/2025\/09\/Treino-em-jejum-_1758241906308.jpg","contentUrl":"https:\/\/www.em.com.br\/emfoco\/wp-content\/uploads\/2025\/09\/Treino-em-jejum-_1758241906308.jpg","width":1280,"height":720,"caption":"Treino em Jejum - Cr\u00e9ditos: depositphotos.com \/ Heena"},{"@type":"BreadcrumbList","@id":"https:\/\/www.em.com.br\/emfoco\/2025\/09\/19\/treino-em-jejum-e-o-atalho-definitivo-ou-armadilha\/#breadcrumb","itemListElement":[{"@type":"ListItem","position":1,"name":"In\u00edcio","item":"https:\/\/www.em.com.br\/emfoco\/"},{"@type":"ListItem","position":2,"name":"Treino em jejum \u00e9 o atalho definitivo ou armadilha"}]},{"@type":"WebSite","@id":"https:\/\/www.em.com.br\/emfoco\/#website","url":"https:\/\/www.em.com.br\/emfoco\/","name":"Estado de Minas - Em foco","description":"Acompanhe as \u00faltimas not\u00edcias e fique bem informado sobre tudo o que acontece em Minas Gerais, Brasil e no mundo.","potentialAction":[{"@type":"SearchAction","target":{"@type":"EntryPoint","urlTemplate":"https:\/\/www.em.com.br\/emfoco\/?s={search_term_string}"},"query-input":{"@type":"PropertyValueSpecification","valueRequired":true,"valueName":"search_term_string"}}],"inLanguage":"pt-BR"},{"@type":"Person","@id":"https:\/\/www.em.com.br\/emfoco\/#\/schema\/person\/f6eade2e287023da170a1b2b329f68e5","name":"Guilherme Lopes","image":{"@type":"ImageObject","inLanguage":"pt-BR","@id":"https:\/\/www.em.com.br\/emfoco\/#\/schema\/person\/image\/","url":"https:\/\/secure.gravatar.com\/avatar\/df9adfb835d344bc0af109d41756253f?s=96&d=mm&r=g","contentUrl":"https:\/\/secure.gravatar.com\/avatar\/df9adfb835d344bc0af109d41756253f?s=96&d=mm&r=g","caption":"Guilherme Lopes"},"url":"https:\/\/www.em.com.br\/emfoco\/author\/guilherme_saude\/"}]}},"_links":{"self":[{"href":"https:\/\/www.em.com.br\/emfoco\/wp-json\/wp\/v2\/posts\/105788","targetHints":{"allow":["GET"]}}],"collection":[{"href":"https:\/\/www.em.com.br\/emfoco\/wp-json\/wp\/v2\/posts"}],"about":[{"href":"https:\/\/www.em.com.br\/emfoco\/wp-json\/wp\/v2\/types\/post"}],"author":[{"embeddable":true,"href":"https:\/\/www.em.com.br\/emfoco\/wp-json\/wp\/v2\/users\/25"}],"replies":[{"embeddable":true,"href":"https:\/\/www.em.com.br\/emfoco\/wp-json\/wp\/v2\/comments?post=105788"}],"version-history":[{"count":1,"href":"https:\/\/www.em.com.br\/emfoco\/wp-json\/wp\/v2\/posts\/105788\/revisions"}],"predecessor-version":[{"id":105821,"href":"https:\/\/www.em.com.br\/emfoco\/wp-json\/wp\/v2\/posts\/105788\/revisions\/105821"}],"wp:featuredmedia":[{"embeddable":true,"href":"https:\/\/www.em.com.br\/emfoco\/wp-json\/wp\/v2\/media\/105815"}],"wp:attachment":[{"href":"https:\/\/www.em.com.br\/emfoco\/wp-json\/wp\/v2\/media?parent=105788"}],"wp:term":[{"taxonomy":"category","embeddable":true,"href":"https:\/\/www.em.com.br\/emfoco\/wp-json\/wp\/v2\/categories?post=105788"},{"taxonomy":"post_tag","embeddable":true,"href":"https:\/\/www.em.com.br\/emfoco\/wp-json\/wp\/v2\/tags?post=105788"}],"curies":[{"name":"wp","href":"https:\/\/api.w.org\/{rel}","templated":true}]}}