{"id":105660,"date":"2025-09-21T18:08:00","date_gmt":"2025-09-21T21:08:00","guid":{"rendered":"https:\/\/www.em.com.br\/emfoco\/?p=105660"},"modified":"2025-09-18T14:34:36","modified_gmt":"2025-09-18T17:34:36","slug":"receita-de-caldo-de-legumes-para-melhorar-a-saude-ossea-naturalmente","status":"publish","type":"post","link":"https:\/\/www.em.com.br\/emfoco\/2025\/09\/21\/receita-de-caldo-de-legumes-para-melhorar-a-saude-ossea-naturalmente\/","title":{"rendered":"Receita de caldo de legumes para melhorar a sa\u00fade \u00f3ssea naturalmente"},"content":{"rendered":"\n<p>Um caldo de legumes nutritivo pode ser aliado na sa\u00fade dos ossos. Rico em c\u00e1lcio e f\u00e1cil de preparar, ele ajuda a fortalecer o corpo e reduzir o risco de osteoporose.<\/p>\n\n\n\n<ul class=\"wp-block-list\">\n<li>Receita pr\u00e1tica e cheia de nutrientes<\/li>\n\n\n\n<li>Rica em c\u00e1lcio que fortalece ossos<\/li>\n\n\n\n<li>Contribui para prevenir osteoporose<\/li>\n<\/ul>\n\n\n\n<h2 class=\"wp-block-heading\">Por que o caldo de legumes \u00e9 uma fonte natural de c\u00e1lcio?<\/h2>\n\n\n\n<p><strong>O caldo de legumes \u00e9 considerado uma fonte natural de c\u00e1lcio porque combina vegetais ricos nesse mineral de forma pr\u00e1tica e saborosa.<\/strong> Esse preparo fornece um refor\u00e7o essencial para a manuten\u00e7\u00e3o da sa\u00fade \u00f3ssea.<\/p>\n\n\n\n<p>Al\u00e9m disso, o consumo frequente do caldo contribui para repor <a href=\"https:\/\/www.em.com.br\/emfoco\/2025\/08\/28\/nutrientes-essenciais-que-deixam-seu-cabelo-mais-forte-e-brilhante\/\" target=\"_blank\" rel=\"noreferrer noopener\">nutrientes importantes<\/a> que podem faltar na dieta. Sua composi\u00e7\u00e3o \u00e9 vers\u00e1til e pode ser adaptada ao paladar de cada pessoa.<\/p>\n\n\n\n<figure class=\"wp-block-image size-large\"><img loading=\"lazy\" decoding=\"async\" width=\"1024\" height=\"576\" src=\"https:\/\/www.em.com.br\/emfoco\/wp-content\/uploads\/2025\/09\/Caldo-de-legumes_1758216536603-1024x576.jpg\" alt=\"Receita de caldo de legumes para melhorar a sa\u00fade \u00f3ssea naturalmente\" class=\"wp-image-105685\" srcset=\"https:\/\/www.em.com.br\/emfoco\/wp-content\/uploads\/2025\/09\/Caldo-de-legumes_1758216536603-1024x576.jpg 1024w, https:\/\/www.em.com.br\/emfoco\/wp-content\/uploads\/2025\/09\/Caldo-de-legumes_1758216536603-300x169.jpg 300w, https:\/\/www.em.com.br\/emfoco\/wp-content\/uploads\/2025\/09\/Caldo-de-legumes_1758216536603-768x432.jpg 768w, https:\/\/www.em.com.br\/emfoco\/wp-content\/uploads\/2025\/09\/Caldo-de-legumes_1758216536603-750x422.jpg 750w, https:\/\/www.em.com.br\/emfoco\/wp-content\/uploads\/2025\/09\/Caldo-de-legumes_1758216536603-1140x641.jpg 1140w, https:\/\/www.em.com.br\/emfoco\/wp-content\/uploads\/2025\/09\/Caldo-de-legumes_1758216536603.jpg 1280w\" sizes=\"auto, (max-width: 1024px) 100vw, 1024px\" \/><figcaption class=\"wp-element-caption\">Rico em c\u00e1lcio, magn\u00e9sio e fibras essenciais para ossos &#8211; Cr\u00e9ditos: depositphotos.com \/ VadimVasenin<\/figcaption><\/figure>\n\n\n\n<h2 class=\"wp-block-heading\">Quais ingredientes voc\u00ea precisa para preparar essa receita?<\/h2>\n\n\n\n<p>Para garantir que o caldo fique nutritivo e rico em c\u00e1lcio, basta reunir alguns ingredientes simples que est\u00e3o ao alcance de qualquer cozinha.<\/p>\n\n\n\n<ul class=\"wp-block-list\">\n<li>1 litro de \u00e1gua<\/li>\n\n\n\n<li>1 cenoura picada<\/li>\n\n\n\n<li>1 batata m\u00e9dia<\/li>\n\n\n\n<li>1 talo de sals\u00e3o<\/li>\n\n\n\n<li>1 folha de couve<\/li>\n\n\n\n<li>1 ramo de br\u00f3colis<\/li>\n\n\n\n<li>1 cebola pequena<\/li>\n\n\n\n<li>2 dentes de alho<\/li>\n\n\n\n<li>Sal e ervas a gosto<\/li>\n<\/ul>\n\n\n\n<h2 class=\"wp-block-heading\">Como fazer o caldo de legumes passo a passo?<\/h2>\n\n\n\n<p><strong>Para preparar o caldo, basta refogar alho e cebola at\u00e9 dourar, acrescentar os legumes picados e cobrir com \u00e1gua.<\/strong> Em seguida, cozinhe por cerca de 30 minutos at\u00e9 que os vegetais estejam bem macios.<\/p>\n\n\n\n<p>Ap\u00f3s o cozimento, bata a mistura no liquidificador para obter uma textura cremosa ou mantenha em peda\u00e7os, conforme a prefer\u00eancia. O resultado \u00e9 um caldo nutritivo, pronto para servir quente.<\/p>\n\n\n\n<figure class=\"wp-block-image size-large\"><img loading=\"lazy\" decoding=\"async\" width=\"1024\" height=\"576\" src=\"https:\/\/www.em.com.br\/emfoco\/wp-content\/uploads\/2025\/09\/Cozinhando_1758216650923-1024x576.jpg\" alt=\"Receita de caldo de legumes para melhorar a sa\u00fade \u00f3ssea naturalmente\" class=\"wp-image-105686\" srcset=\"https:\/\/www.em.com.br\/emfoco\/wp-content\/uploads\/2025\/09\/Cozinhando_1758216650923-1024x576.jpg 1024w, https:\/\/www.em.com.br\/emfoco\/wp-content\/uploads\/2025\/09\/Cozinhando_1758216650923-300x169.jpg 300w, https:\/\/www.em.com.br\/emfoco\/wp-content\/uploads\/2025\/09\/Cozinhando_1758216650923-768x432.jpg 768w, https:\/\/www.em.com.br\/emfoco\/wp-content\/uploads\/2025\/09\/Cozinhando_1758216650923-750x422.jpg 750w, https:\/\/www.em.com.br\/emfoco\/wp-content\/uploads\/2025\/09\/Cozinhando_1758216650923-1140x641.jpg 1140w, https:\/\/www.em.com.br\/emfoco\/wp-content\/uploads\/2025\/09\/Cozinhando_1758216650923.jpg 1280w\" sizes=\"auto, (max-width: 1024px) 100vw, 1024px\" \/><figcaption class=\"wp-element-caption\">Caldo simples que previne osteoporose com consumo regular &#8211; Cr\u00e9ditos: depositphotos.com \/ eldeiv<\/figcaption><\/figure>\n\n\n\n<h2 class=\"wp-block-heading\">Quais benef\u00edcios esse caldo traz para a sa\u00fade dos ossos?<\/h2>\n\n\n\n<p><strong>Esse caldo fortalece ossos e dentes porque \u00e9 rico em c\u00e1lcio e magn\u00e9sio.<\/strong> Esses minerais trabalham juntos na manuten\u00e7\u00e3o da densidade \u00f3ssea, prevenindo problemas como a osteoporose.<\/p>\n\n\n\n<p>Al\u00e9m do c\u00e1lcio, o preparo \u00e9 rico em fibras, <a href=\"https:\/\/vidasaudavel.einstein.br\/tipos-de-vitaminas\/\" target=\"_blank\" rel=\"noreferrer noopener\">vitaminas A, C e K<\/a>, que auxiliam no metabolismo \u00f3sseo e na prote\u00e7\u00e3o contra processos inflamat\u00f3rios. Assim, torna-se um complemento saud\u00e1vel para a dieta.<\/p>\n\n\n\n<h2 class=\"wp-block-heading\">Quais dicas extras garantem ainda mais benef\u00edcios no consumo?<\/h2>\n\n\n\n<p>O caldo pode ser adaptado e enriquecido com outros ingredientes funcionais, aumentando o valor nutricional e os efeitos protetores para a sa\u00fade \u00f3ssea.<\/p>\n\n\n\n<ul class=\"wp-block-list\">\n<li>Adicione sementes de gergelim ou chia para mais c\u00e1lcio<\/li>\n\n\n\n<li>Inclua c\u00farcuma para a\u00e7\u00e3o anti-inflamat\u00f3ria<\/li>\n\n\n\n<li>Consuma pelo menos duas vezes por semana<\/li>\n<\/ul>\n","protected":false},"excerpt":{"rendered":"<p>Um caldo de legumes nutritivo pode ser aliado na sa\u00fade dos ossos. Rico em c\u00e1lcio e f\u00e1cil de preparar, ele ajuda a fortalecer o corpo e reduzir o risco de osteoporose. Por que o caldo de legumes \u00e9 uma fonte natural de c\u00e1lcio? O caldo de legumes \u00e9 considerado uma fonte natural de c\u00e1lcio porque [&hellip;]<\/p>\n","protected":false},"author":13,"featured_media":105684,"comment_status":"open","ping_status":"open","sticky":false,"template":"","format":"standard","meta":{"jnews-multi-image_gallery":[],"jnews_single_post":{"format":"standard"},"jnews_primary_category":[],"jnews_social_meta":[],"jnews_override_counter":[],"footnotes":""},"categories":[9053],"tags":[16211,13366,10753,2872],"class_list":["post-105660","post","type-post","status-publish","format-standard","has-post-thumbnail","hentry","category-saude","tag-caldo-de-legumes","tag-fortalecer-ossos","tag-osteoporose","tag-receitas"],"yoast_head":"<!-- This site is optimized with the Yoast SEO plugin v23.8 - https:\/\/yoast.com\/wordpress\/plugins\/seo\/ -->\n<title>Receita de caldo de legumes para melhorar a sa\u00fade \u00f3ssea naturalmente - Estado de Minas - Em foco<\/title>\n<meta name=\"description\" content=\"Caldo de legumes com ingredientes ricos em c\u00e1lcio ajuda a proteger ossos e articula\u00e7\u00f5es. Entenda como fazer e incluir na dieta semanal.\" \/>\n<meta name=\"robots\" content=\"index, follow, max-snippet:-1, max-image-preview:large, max-video-preview:-1\" \/>\n<link rel=\"canonical\" href=\"https:\/\/www.em.com.br\/emfoco\/2025\/09\/21\/receita-de-caldo-de-legumes-para-melhorar-a-saude-ossea-naturalmente\/\" \/>\n<meta property=\"og:locale\" content=\"pt_BR\" \/>\n<meta property=\"og:type\" content=\"article\" \/>\n<meta property=\"og:title\" content=\"Receita de caldo de legumes para melhorar a sa\u00fade \u00f3ssea naturalmente - Estado de Minas - Em foco\" \/>\n<meta property=\"og:description\" content=\"Caldo de legumes com ingredientes ricos em c\u00e1lcio ajuda a proteger ossos e articula\u00e7\u00f5es. Entenda como fazer e incluir na dieta semanal.\" \/>\n<meta property=\"og:url\" content=\"https:\/\/www.em.com.br\/emfoco\/2025\/09\/21\/receita-de-caldo-de-legumes-para-melhorar-a-saude-ossea-naturalmente\/\" \/>\n<meta property=\"og:site_name\" content=\"Estado de Minas - Em foco\" \/>\n<meta property=\"article:published_time\" content=\"2025-09-21T21:08:00+00:00\" \/>\n<meta property=\"article:modified_time\" content=\"2025-09-18T17:34:36+00:00\" \/>\n<meta property=\"og:image\" content=\"https:\/\/www.em.com.br\/emfoco\/wp-content\/uploads\/2025\/09\/Caldo-de-legumes_1758216509882.jpg\" \/>\n\t<meta property=\"og:image:width\" content=\"1280\" \/>\n\t<meta property=\"og:image:height\" content=\"720\" \/>\n\t<meta property=\"og:image:type\" content=\"image\/jpeg\" \/>\n<meta name=\"author\" content=\"Gabriel Martins\" \/>\n<meta name=\"twitter:card\" content=\"summary_large_image\" \/>\n<meta name=\"twitter:label1\" content=\"Escrito por\" \/>\n\t<meta name=\"twitter:data1\" content=\"Gabriel Martins\" \/>\n\t<meta name=\"twitter:label2\" content=\"Est. tempo de leitura\" \/>\n\t<meta name=\"twitter:data2\" content=\"3 minutos\" \/>\n<!-- \/ Yoast SEO plugin. -->","yoast_head_json":{"title":"Receita de caldo de legumes para melhorar a sa\u00fade \u00f3ssea naturalmente - Estado de Minas - Em foco","description":"Caldo de legumes com ingredientes ricos em c\u00e1lcio ajuda a proteger ossos e articula\u00e7\u00f5es. Entenda como fazer e incluir na dieta semanal.","robots":{"index":"index","follow":"follow","max-snippet":"max-snippet:-1","max-image-preview":"max-image-preview:large","max-video-preview":"max-video-preview:-1"},"canonical":"https:\/\/www.em.com.br\/emfoco\/2025\/09\/21\/receita-de-caldo-de-legumes-para-melhorar-a-saude-ossea-naturalmente\/","og_locale":"pt_BR","og_type":"article","og_title":"Receita de caldo de legumes para melhorar a sa\u00fade \u00f3ssea naturalmente - Estado de Minas - Em foco","og_description":"Caldo de legumes com ingredientes ricos em c\u00e1lcio ajuda a proteger ossos e articula\u00e7\u00f5es. Entenda como fazer e incluir na dieta semanal.","og_url":"https:\/\/www.em.com.br\/emfoco\/2025\/09\/21\/receita-de-caldo-de-legumes-para-melhorar-a-saude-ossea-naturalmente\/","og_site_name":"Estado de Minas - Em foco","article_published_time":"2025-09-21T21:08:00+00:00","article_modified_time":"2025-09-18T17:34:36+00:00","og_image":[{"width":1280,"height":720,"url":"https:\/\/www.em.com.br\/emfoco\/wp-content\/uploads\/2025\/09\/Caldo-de-legumes_1758216509882.jpg","type":"image\/jpeg"}],"author":"Gabriel Martins","twitter_card":"summary_large_image","twitter_misc":{"Escrito por":"Gabriel Martins","Est. tempo de leitura":"3 minutos"},"schema":{"@context":"https:\/\/schema.org","@graph":[{"@type":"WebPage","@id":"https:\/\/www.em.com.br\/emfoco\/2025\/09\/21\/receita-de-caldo-de-legumes-para-melhorar-a-saude-ossea-naturalmente\/","url":"https:\/\/www.em.com.br\/emfoco\/2025\/09\/21\/receita-de-caldo-de-legumes-para-melhorar-a-saude-ossea-naturalmente\/","name":"Receita de caldo de legumes para melhorar a sa\u00fade \u00f3ssea naturalmente - Estado de Minas - Em foco","isPartOf":{"@id":"https:\/\/www.em.com.br\/emfoco\/#website"},"primaryImageOfPage":{"@id":"https:\/\/www.em.com.br\/emfoco\/2025\/09\/21\/receita-de-caldo-de-legumes-para-melhorar-a-saude-ossea-naturalmente\/#primaryimage"},"image":{"@id":"https:\/\/www.em.com.br\/emfoco\/2025\/09\/21\/receita-de-caldo-de-legumes-para-melhorar-a-saude-ossea-naturalmente\/#primaryimage"},"thumbnailUrl":"https:\/\/www.em.com.br\/emfoco\/wp-content\/uploads\/2025\/09\/Caldo-de-legumes_1758216509882.jpg","datePublished":"2025-09-21T21:08:00+00:00","dateModified":"2025-09-18T17:34:36+00:00","author":{"@id":"https:\/\/www.em.com.br\/emfoco\/#\/schema\/person\/1c9ddeab18b98abeffef834667bcf08a"},"description":"Caldo de legumes com ingredientes ricos em c\u00e1lcio ajuda a proteger ossos e articula\u00e7\u00f5es. Entenda como fazer e incluir na dieta semanal.","breadcrumb":{"@id":"https:\/\/www.em.com.br\/emfoco\/2025\/09\/21\/receita-de-caldo-de-legumes-para-melhorar-a-saude-ossea-naturalmente\/#breadcrumb"},"inLanguage":"pt-BR","potentialAction":[{"@type":"ReadAction","target":["https:\/\/www.em.com.br\/emfoco\/2025\/09\/21\/receita-de-caldo-de-legumes-para-melhorar-a-saude-ossea-naturalmente\/"]}]},{"@type":"ImageObject","inLanguage":"pt-BR","@id":"https:\/\/www.em.com.br\/emfoco\/2025\/09\/21\/receita-de-caldo-de-legumes-para-melhorar-a-saude-ossea-naturalmente\/#primaryimage","url":"https:\/\/www.em.com.br\/emfoco\/wp-content\/uploads\/2025\/09\/Caldo-de-legumes_1758216509882.jpg","contentUrl":"https:\/\/www.em.com.br\/emfoco\/wp-content\/uploads\/2025\/09\/Caldo-de-legumes_1758216509882.jpg","width":1280,"height":720,"caption":"Pode ser enriquecido com c\u00farcuma, chia ou gergelim - Cr\u00e9ditos: depositphotos.com \/ VadimVasenin"},{"@type":"BreadcrumbList","@id":"https:\/\/www.em.com.br\/emfoco\/2025\/09\/21\/receita-de-caldo-de-legumes-para-melhorar-a-saude-ossea-naturalmente\/#breadcrumb","itemListElement":[{"@type":"ListItem","position":1,"name":"In\u00edcio","item":"https:\/\/www.em.com.br\/emfoco\/"},{"@type":"ListItem","position":2,"name":"Receita de caldo de legumes para melhorar a sa\u00fade \u00f3ssea naturalmente"}]},{"@type":"WebSite","@id":"https:\/\/www.em.com.br\/emfoco\/#website","url":"https:\/\/www.em.com.br\/emfoco\/","name":"Estado de Minas - Em foco","description":"Acompanhe as \u00faltimas not\u00edcias e fique bem informado sobre tudo o que acontece em Minas Gerais, Brasil e no mundo.","potentialAction":[{"@type":"SearchAction","target":{"@type":"EntryPoint","urlTemplate":"https:\/\/www.em.com.br\/emfoco\/?s={search_term_string}"},"query-input":{"@type":"PropertyValueSpecification","valueRequired":true,"valueName":"search_term_string"}}],"inLanguage":"pt-BR"},{"@type":"Person","@id":"https:\/\/www.em.com.br\/emfoco\/#\/schema\/person\/1c9ddeab18b98abeffef834667bcf08a","name":"Gabriel Martins","image":{"@type":"ImageObject","inLanguage":"pt-BR","@id":"https:\/\/www.em.com.br\/emfoco\/#\/schema\/person\/image\/","url":"https:\/\/secure.gravatar.com\/avatar\/f0f1e2efdfd88f1ad2cb08c5c2731e50?s=96&d=mm&r=g","contentUrl":"https:\/\/secure.gravatar.com\/avatar\/f0f1e2efdfd88f1ad2cb08c5c2731e50?s=96&d=mm&r=g","caption":"Gabriel Martins"},"sameAs":["https:\/\/www.em.com.br\/emfoco\/"],"url":"https:\/\/www.em.com.br\/emfoco\/author\/gabrielmartinsmyth\/"}]}},"_links":{"self":[{"href":"https:\/\/www.em.com.br\/emfoco\/wp-json\/wp\/v2\/posts\/105660","targetHints":{"allow":["GET"]}}],"collection":[{"href":"https:\/\/www.em.com.br\/emfoco\/wp-json\/wp\/v2\/posts"}],"about":[{"href":"https:\/\/www.em.com.br\/emfoco\/wp-json\/wp\/v2\/types\/post"}],"author":[{"embeddable":true,"href":"https:\/\/www.em.com.br\/emfoco\/wp-json\/wp\/v2\/users\/13"}],"replies":[{"embeddable":true,"href":"https:\/\/www.em.com.br\/emfoco\/wp-json\/wp\/v2\/comments?post=105660"}],"version-history":[{"count":1,"href":"https:\/\/www.em.com.br\/emfoco\/wp-json\/wp\/v2\/posts\/105660\/revisions"}],"predecessor-version":[{"id":105687,"href":"https:\/\/www.em.com.br\/emfoco\/wp-json\/wp\/v2\/posts\/105660\/revisions\/105687"}],"wp:featuredmedia":[{"embeddable":true,"href":"https:\/\/www.em.com.br\/emfoco\/wp-json\/wp\/v2\/media\/105684"}],"wp:attachment":[{"href":"https:\/\/www.em.com.br\/emfoco\/wp-json\/wp\/v2\/media?parent=105660"}],"wp:term":[{"taxonomy":"category","embeddable":true,"href":"https:\/\/www.em.com.br\/emfoco\/wp-json\/wp\/v2\/categories?post=105660"},{"taxonomy":"post_tag","embeddable":true,"href":"https:\/\/www.em.com.br\/emfoco\/wp-json\/wp\/v2\/tags?post=105660"}],"curies":[{"name":"wp","href":"https:\/\/api.w.org\/{rel}","templated":true}]}}