{"id":10548,"date":"2025-01-21T16:20:00","date_gmt":"2025-01-21T19:20:00","guid":{"rendered":"https:\/\/www.em.com.br\/emfoco\/?p=10548"},"modified":"2025-01-20T08:27:51","modified_gmt":"2025-01-20T11:27:51","slug":"voce-precisa-desbloquear-a-chave-para-beneficios-incriveis","status":"publish","type":"post","link":"https:\/\/www.em.com.br\/emfoco\/2025\/01\/21\/voce-precisa-desbloquear-a-chave-para-beneficios-incriveis\/","title":{"rendered":"Voc\u00ea Precisa Desbloquear a Chave para Benef\u00edcios Incr\u00edveis!"},"content":{"rendered":"\n<p>Incluir o CPF na nota fiscal \u00e9 uma pr\u00e1tica que pode proporcionar diversos benef\u00edcios para os consumidores. Al\u00e9m de auxiliar no controle tribut\u00e1rio, essa a\u00e7\u00e3o pode resultar em vantagens financeiras e recompensas oferecidas por programas estaduais e municipais. Para aqueles que pretendem aderir a essa pr\u00e1tica, \u00e9 importante entender as oportunidades que v\u00eam com a inclus\u00e3o do CPF nas compras realizadas.<\/p>\n\n\n\n<p>Em 2025, programas de nota fiscal fornecer\u00e3o incentivos n\u00e3o apenas no aspecto financeiro, mas tamb\u00e9m em servi\u00e7os e sorteios atrativos. As vantagens podem variar dependendo da regi\u00e3o, mas todos os consumidores podem se beneficiar ao participar destas iniciativas. A seguir, s\u00e3o destacados alguns dos benef\u00edcios mais comuns associados \u00e0 inclus\u00e3o do <strong><a href=\"https:\/\/www.em.com.br\/emfoco\/2025\/01\/09\/alerta-novidade-bombastica-para-quem-pede-cpf-na-nota-fiscal\/\" target=\"_blank\" rel=\"noreferrer noopener\">CPF na nota fiscal<\/a><\/strong>.<\/p>\n\n\n\n<h2 class=\"wp-block-heading\">Benef\u00edcios Financeiros Oferecidos por Programas de Nota Fiscal<\/h2>\n\n\n\n<p>Incluir o CPF nas notas fiscais \u00e9 uma maneira eficaz de obter retorno financeiro nos impostos pagos. O mais significativo entre os benef\u00edcios \u00e9 a possibilidade de receber de volta uma percentagem do valor pago em ICMS. Este retorno \u00e9 um incentivo para os consumidores, que podem receber at\u00e9 30% do imposto pago diretamente em uma conta vinculada ao programa.<\/p>\n\n\n\n<p>Os cr\u00e9ditos acumulados atrav\u00e9s das compras podem ser utilizados de diferentes maneiras. Uma das op\u00e7\u00f5es \u00e9 solicitar a transfer\u00eancia direta para a conta banc\u00e1ria. Alguns estados, como S\u00e3o Paulo, permitem que os consumidores solicitem essa transfer\u00eancia atrav\u00e9s de plataformas online, tornando o processo simples e acess\u00edvel.<\/p>\n\n\n\n<figure class=\"wp-block-image size-large\"><img loading=\"lazy\" decoding=\"async\" width=\"1024\" height=\"576\" src=\"https:\/\/www.em.com.br\/emfoco\/wp-content\/uploads\/2024\/12\/cpf_1735336911493-1024x576.jpg\" alt=\"Por que colocar o CPF na nota? Saiba como isso te beneficia!\" class=\"wp-image-7165\" srcset=\"https:\/\/www.em.com.br\/emfoco\/wp-content\/uploads\/2024\/12\/cpf_1735336911493-1024x576.jpg 1024w, https:\/\/www.em.com.br\/emfoco\/wp-content\/uploads\/2024\/12\/cpf_1735336911493-300x169.jpg 300w, https:\/\/www.em.com.br\/emfoco\/wp-content\/uploads\/2024\/12\/cpf_1735336911493-768x432.jpg 768w, https:\/\/www.em.com.br\/emfoco\/wp-content\/uploads\/2024\/12\/cpf_1735336911493-750x422.jpg 750w, https:\/\/www.em.com.br\/emfoco\/wp-content\/uploads\/2024\/12\/cpf_1735336911493-1140x641.jpg 1140w, https:\/\/www.em.com.br\/emfoco\/wp-content\/uploads\/2024\/12\/cpf_1735336911493.jpg 1280w\" sizes=\"auto, (max-width: 1024px) 100vw, 1024px\" \/><figcaption class=\"wp-element-caption\">Imagem Ilustrativa de CPF &#8211; Cr\u00e9ditos: depositphotos.com \/ Mehaniq<\/figcaption><\/figure>\n\n\n\n<h2 class=\"wp-block-heading\">Quais Outras Vantagens Est\u00e3o Dispon\u00edveis?<\/h2>\n\n\n\n<p>Al\u00e9m do retorno financeiro direto, os programas de nota fiscal oferecem flexibilidade na utiliza\u00e7\u00e3o dos cr\u00e9ditos acumulados. Em algumas regi\u00f5es, \u00e9 poss\u00edvel converter esses cr\u00e9ditos em recargas de celular, oferecendo uma economia significativa nas despesas mensais com telefonia.<\/p>\n\n\n\n<p>Outra op\u00e7\u00e3o dispon\u00edvel em determinados estados \u00e9 o abatimento dos cr\u00e9ditos no pagamento do <strong><a href=\"https:\/\/www.ipva.fazenda.sp.gov.br\/ipvanet_consulta\/consulta.aspx\" target=\"_blank\" rel=\"noreferrer noopener\">IPVA<\/a><\/strong>. Isso oferece uma conveni\u00eancia para os propriet\u00e1rios de ve\u00edculos, que podem reduzir seus custos no in\u00edcio do ano utilizando os cr\u00e9ditos acumulados ao longo do ano anterior.<\/p>\n\n\n\n<h2 class=\"wp-block-heading\">Participa\u00e7\u00e3o em Sorteios e Pr\u00eamios<\/h2>\n\n\n\n<p>Outra vantagem imperd\u00edvel \u00e9 a participa\u00e7\u00e3o autom\u00e1tica em sorteios ao acumular valores nas compras. Cada nota fiscal registrada pode se transformar em um bilhete para sorteios, com pr\u00eamios que frequentemente chegam a valores consider\u00e1veis. Esse aspecto do programa incentiva o consumo dentro da legalidade, aumentando as chances dos participantes de obter pr\u00eamios financeiros.<\/p>\n\n\n\n<p>Al\u00e9m dos sorteios, os programas podem oferecer outros tipos de recompensas, proporcionando ainda mais incentivos para aqueles que aderem \u00e0 pr\u00e1tica de incluir o CPF na nota fiscal.<\/p>\n\n\n\n<h2 class=\"wp-block-heading\">Como Participar dos Programas de Nota Fiscal?<\/h2>\n\n\n\n<p>Para come\u00e7ar a aproveitar essas vantagens, o consumidor deve primeiro se cadastrar no programa de nota fiscal de seu estado. Isso pode ser feito acessando o site da Secretaria da Fazenda, onde encontrar\u00e1 a se\u00e7\u00e3o apropriada para o cadastro. O processo inclui o preenchimento de um formul\u00e1rio com informa\u00e7\u00f5es pessoais, como nome completo e CPF.<\/p>\n\n\n\n<p>Ap\u00f3s o preenchimento e valida\u00e7\u00e3o dos dados, o sistema confirma o cadastro, permitindo que o consumidor comece a acumular cr\u00e9ditos. \u00c9 um processo simples que abre as portas para uma s\u00e9rie de benef\u00edcios tanto a curto quanto a longo prazo. Colaborar com a economia local, ao mesmo tempo que se beneficia financeiramente, \u00e9 uma proposta acess\u00edvel e vantajosa.<\/p>\n","protected":false},"excerpt":{"rendered":"<p>Incluir o CPF na nota fiscal \u00e9 uma pr\u00e1tica que pode proporcionar diversos benef\u00edcios para os consumidores. Al\u00e9m de auxiliar no controle tribut\u00e1rio, essa a\u00e7\u00e3o pode resultar em vantagens financeiras e recompensas oferecidas por programas estaduais e municipais. Para aqueles que pretendem aderir a essa pr\u00e1tica, \u00e9 importante entender as oportunidades que v\u00eam com a [&hellip;]<\/p>\n","protected":false},"author":5,"featured_media":10550,"comment_status":"open","ping_status":"open","sticky":false,"template":"","format":"standard","meta":{"jnews-multi-image_gallery":[],"jnews_single_post":{"format":"standard"},"jnews_primary_category":[],"jnews_social_meta":[],"jnews_override_counter":[],"footnotes":""},"categories":[28,1],"tags":[848,398,3134,2588,3444],"class_list":["post-10548","post","type-post","status-publish","format-standard","has-post-thumbnail","hentry","category-economia","category-noticias","tag-cpf","tag-cpf-na-nota","tag-cpf-na-nota-fiscal","tag-programa-cpf-na-nota","tag-vantagens"],"yoast_head":"<!-- This site is optimized with the Yoast SEO plugin v23.8 - https:\/\/yoast.com\/wordpress\/plugins\/seo\/ -->\n<title>Voc\u00ea Precisa Desbloquear a Chave para Benef\u00edcios Incr\u00edveis! - Estado de Minas - Em foco<\/title>\n<meta name=\"description\" content=\"Quer economizar dinheiro e ainda ajudar o seu estado? Inclua o CPF na nota fiscal e aproveite todos os benef\u00edcios.\" \/>\n<meta name=\"robots\" content=\"index, follow, max-snippet:-1, max-image-preview:large, max-video-preview:-1\" \/>\n<link rel=\"canonical\" href=\"https:\/\/www.em.com.br\/emfoco\/2025\/01\/21\/voce-precisa-desbloquear-a-chave-para-beneficios-incriveis\/\" \/>\n<meta property=\"og:locale\" content=\"pt_BR\" \/>\n<meta property=\"og:type\" content=\"article\" \/>\n<meta property=\"og:title\" content=\"Voc\u00ea Precisa Desbloquear a Chave para Benef\u00edcios Incr\u00edveis! - Estado de Minas - Em foco\" \/>\n<meta property=\"og:description\" content=\"Quer economizar dinheiro e ainda ajudar o seu estado? Inclua o CPF na nota fiscal e aproveite todos os benef\u00edcios.\" \/>\n<meta property=\"og:url\" content=\"https:\/\/www.em.com.br\/emfoco\/2025\/01\/21\/voce-precisa-desbloquear-a-chave-para-beneficios-incriveis\/\" \/>\n<meta property=\"og:site_name\" content=\"Estado de Minas - Em foco\" \/>\n<meta property=\"article:published_time\" content=\"2025-01-21T19:20:00+00:00\" \/>\n<meta property=\"article:modified_time\" content=\"2025-01-20T11:27:51+00:00\" \/>\n<meta property=\"og:image\" content=\"https:\/\/www.em.com.br\/emfoco\/wp-content\/uploads\/2025\/01\/Desbloquear_1736851796251.jpg\" \/>\n\t<meta property=\"og:image:width\" content=\"1279\" \/>\n\t<meta property=\"og:image:height\" content=\"720\" \/>\n\t<meta property=\"og:image:type\" content=\"image\/jpeg\" \/>\n<meta name=\"author\" content=\"N\u00fabia Rangel\" \/>\n<meta name=\"twitter:card\" content=\"summary_large_image\" \/>\n<meta name=\"twitter:label1\" content=\"Escrito por\" \/>\n\t<meta name=\"twitter:data1\" content=\"N\u00fabia Rangel\" \/>\n\t<meta name=\"twitter:label2\" content=\"Est. tempo de leitura\" \/>\n\t<meta name=\"twitter:data2\" content=\"4 minutos\" \/>\n<!-- \/ Yoast SEO plugin. -->","yoast_head_json":{"title":"Voc\u00ea Precisa Desbloquear a Chave para Benef\u00edcios Incr\u00edveis! - Estado de Minas - Em foco","description":"Quer economizar dinheiro e ainda ajudar o seu estado? Inclua o CPF na nota fiscal e aproveite todos os benef\u00edcios.","robots":{"index":"index","follow":"follow","max-snippet":"max-snippet:-1","max-image-preview":"max-image-preview:large","max-video-preview":"max-video-preview:-1"},"canonical":"https:\/\/www.em.com.br\/emfoco\/2025\/01\/21\/voce-precisa-desbloquear-a-chave-para-beneficios-incriveis\/","og_locale":"pt_BR","og_type":"article","og_title":"Voc\u00ea Precisa Desbloquear a Chave para Benef\u00edcios Incr\u00edveis! - Estado de Minas - Em foco","og_description":"Quer economizar dinheiro e ainda ajudar o seu estado? Inclua o CPF na nota fiscal e aproveite todos os benef\u00edcios.","og_url":"https:\/\/www.em.com.br\/emfoco\/2025\/01\/21\/voce-precisa-desbloquear-a-chave-para-beneficios-incriveis\/","og_site_name":"Estado de Minas - Em foco","article_published_time":"2025-01-21T19:20:00+00:00","article_modified_time":"2025-01-20T11:27:51+00:00","og_image":[{"width":1279,"height":720,"url":"https:\/\/www.em.com.br\/emfoco\/wp-content\/uploads\/2025\/01\/Desbloquear_1736851796251.jpg","type":"image\/jpeg"}],"author":"N\u00fabia Rangel","twitter_card":"summary_large_image","twitter_misc":{"Escrito por":"N\u00fabia Rangel","Est. tempo de leitura":"4 minutos"},"schema":{"@context":"https:\/\/schema.org","@graph":[{"@type":"WebPage","@id":"https:\/\/www.em.com.br\/emfoco\/2025\/01\/21\/voce-precisa-desbloquear-a-chave-para-beneficios-incriveis\/","url":"https:\/\/www.em.com.br\/emfoco\/2025\/01\/21\/voce-precisa-desbloquear-a-chave-para-beneficios-incriveis\/","name":"Voc\u00ea Precisa Desbloquear a Chave para Benef\u00edcios Incr\u00edveis! - Estado de Minas - Em foco","isPartOf":{"@id":"https:\/\/www.em.com.br\/emfoco\/#website"},"primaryImageOfPage":{"@id":"https:\/\/www.em.com.br\/emfoco\/2025\/01\/21\/voce-precisa-desbloquear-a-chave-para-beneficios-incriveis\/#primaryimage"},"image":{"@id":"https:\/\/www.em.com.br\/emfoco\/2025\/01\/21\/voce-precisa-desbloquear-a-chave-para-beneficios-incriveis\/#primaryimage"},"thumbnailUrl":"https:\/\/www.em.com.br\/emfoco\/wp-content\/uploads\/2025\/01\/Desbloquear_1736851796251.jpg","datePublished":"2025-01-21T19:20:00+00:00","dateModified":"2025-01-20T11:27:51+00:00","author":{"@id":"https:\/\/www.em.com.br\/emfoco\/#\/schema\/person\/524437ef54f8a5d32591b143307f2e20"},"description":"Quer economizar dinheiro e ainda ajudar o seu estado? Inclua o CPF na nota fiscal e aproveite todos os benef\u00edcios.","breadcrumb":{"@id":"https:\/\/www.em.com.br\/emfoco\/2025\/01\/21\/voce-precisa-desbloquear-a-chave-para-beneficios-incriveis\/#breadcrumb"},"inLanguage":"pt-BR","potentialAction":[{"@type":"ReadAction","target":["https:\/\/www.em.com.br\/emfoco\/2025\/01\/21\/voce-precisa-desbloquear-a-chave-para-beneficios-incriveis\/"]}]},{"@type":"ImageObject","inLanguage":"pt-BR","@id":"https:\/\/www.em.com.br\/emfoco\/2025\/01\/21\/voce-precisa-desbloquear-a-chave-para-beneficios-incriveis\/#primaryimage","url":"https:\/\/www.em.com.br\/emfoco\/wp-content\/uploads\/2025\/01\/Desbloquear_1736851796251.jpg","contentUrl":"https:\/\/www.em.com.br\/emfoco\/wp-content\/uploads\/2025\/01\/Desbloquear_1736851796251.jpg","width":1279,"height":720,"caption":"Imagem Ilustrativa de Desbloquear - Cr\u00e9ditos: depositphotos.com \/ Sashkin7"},{"@type":"BreadcrumbList","@id":"https:\/\/www.em.com.br\/emfoco\/2025\/01\/21\/voce-precisa-desbloquear-a-chave-para-beneficios-incriveis\/#breadcrumb","itemListElement":[{"@type":"ListItem","position":1,"name":"In\u00edcio","item":"https:\/\/www.em.com.br\/emfoco\/"},{"@type":"ListItem","position":2,"name":"Voc\u00ea Precisa Desbloquear a Chave para Benef\u00edcios Incr\u00edveis!"}]},{"@type":"WebSite","@id":"https:\/\/www.em.com.br\/emfoco\/#website","url":"https:\/\/www.em.com.br\/emfoco\/","name":"Estado de Minas - Em foco","description":"Acompanhe as \u00faltimas not\u00edcias e fique bem informado sobre tudo o que acontece em Minas Gerais, Brasil e no mundo.","potentialAction":[{"@type":"SearchAction","target":{"@type":"EntryPoint","urlTemplate":"https:\/\/www.em.com.br\/emfoco\/?s={search_term_string}"},"query-input":{"@type":"PropertyValueSpecification","valueRequired":true,"valueName":"search_term_string"}}],"inLanguage":"pt-BR"},{"@type":"Person","@id":"https:\/\/www.em.com.br\/emfoco\/#\/schema\/person\/524437ef54f8a5d32591b143307f2e20","name":"N\u00fabia Rangel","image":{"@type":"ImageObject","inLanguage":"pt-BR","@id":"https:\/\/www.em.com.br\/emfoco\/#\/schema\/person\/image\/","url":"https:\/\/secure.gravatar.com\/avatar\/47cff2827a5ba23c37e8068c86817ea4?s=96&d=mm&r=g","contentUrl":"https:\/\/secure.gravatar.com\/avatar\/47cff2827a5ba23c37e8068c86817ea4?s=96&d=mm&r=g","caption":"N\u00fabia Rangel"},"sameAs":["https:\/\/www.em.com.br\/emfoco\/"],"url":"https:\/\/www.em.com.br\/emfoco\/author\/nubiamyth\/"}]}},"_links":{"self":[{"href":"https:\/\/www.em.com.br\/emfoco\/wp-json\/wp\/v2\/posts\/10548","targetHints":{"allow":["GET"]}}],"collection":[{"href":"https:\/\/www.em.com.br\/emfoco\/wp-json\/wp\/v2\/posts"}],"about":[{"href":"https:\/\/www.em.com.br\/emfoco\/wp-json\/wp\/v2\/types\/post"}],"author":[{"embeddable":true,"href":"https:\/\/www.em.com.br\/emfoco\/wp-json\/wp\/v2\/users\/5"}],"replies":[{"embeddable":true,"href":"https:\/\/www.em.com.br\/emfoco\/wp-json\/wp\/v2\/comments?post=10548"}],"version-history":[{"count":2,"href":"https:\/\/www.em.com.br\/emfoco\/wp-json\/wp\/v2\/posts\/10548\/revisions"}],"predecessor-version":[{"id":10552,"href":"https:\/\/www.em.com.br\/emfoco\/wp-json\/wp\/v2\/posts\/10548\/revisions\/10552"}],"wp:featuredmedia":[{"embeddable":true,"href":"https:\/\/www.em.com.br\/emfoco\/wp-json\/wp\/v2\/media\/10550"}],"wp:attachment":[{"href":"https:\/\/www.em.com.br\/emfoco\/wp-json\/wp\/v2\/media?parent=10548"}],"wp:term":[{"taxonomy":"category","embeddable":true,"href":"https:\/\/www.em.com.br\/emfoco\/wp-json\/wp\/v2\/categories?post=10548"},{"taxonomy":"post_tag","embeddable":true,"href":"https:\/\/www.em.com.br\/emfoco\/wp-json\/wp\/v2\/tags?post=10548"}],"curies":[{"name":"wp","href":"https:\/\/api.w.org\/{rel}","templated":true}]}}