{"id":105438,"date":"2025-09-18T07:00:00","date_gmt":"2025-09-18T10:00:00","guid":{"rendered":"https:\/\/www.em.com.br\/emfoco\/?p=105438"},"modified":"2025-09-18T01:48:32","modified_gmt":"2025-09-18T04:48:32","slug":"este-fruto-promete-ajudar-e-regenerar-o-figado","status":"publish","type":"post","link":"https:\/\/www.em.com.br\/emfoco\/2025\/09\/18\/este-fruto-promete-ajudar-e-regenerar-o-figado\/","title":{"rendered":"Este fruto promete ajudar e regenerar o f\u00edgado"},"content":{"rendered":"\n<p>A <strong>N\u00easpera<\/strong>, conhecida cientificamente como\u00a0<em>Eriobotrya japonica<\/em>, tem ganhado destaque no mundo da sa\u00fade n\u00e3o apenas pelo seu sabor delicioso, mas tamb\u00e9m pelas suas propriedades terap\u00eauticas. Origin\u00e1ria da \u00c1sia, esta fruta tem sido amplamente utilizada na medicina tradicional devido \u00e0s suas caracter\u00edsticas \u00fanicas que apresentam benef\u00edcios significativos \u00e0 sa\u00fade humana.<\/p>\n\n\n\n<p>Recentemente, a ci\u00eancia moderna tem investigado as propriedades medicinais da N\u00easpera, confirmando que suas folhas, frutos e sementes cont\u00eam compostos bioativos poderosos. Como resultado, a fruta \u00e9 valorizada por suas potenciais capacidades antioxidantes, anti-inflamat\u00f3rias e hepatoprotetoras. Esses benef\u00edcios tornam a N\u00easpera uma valiosa adi\u00e7\u00e3o \u00e0 alimenta\u00e7\u00e3o e \u00e0 fitoterapia contempor\u00e2nea.<\/p>\n\n\n\n<h2 class=\"wp-block-heading\">N\u00easpera e seus benef\u00edcios antioxidantes<\/h2>\n\n\n\n<p>Os compostos presentes na N\u00easpera, como flavonoides, \u00e1cidos fen\u00f3licos e carotenoides, s\u00e3o respons\u00e1veis pelo seu forte efeito antioxidante. Esses componentes neutralizam os radicais livres no corpo, ajudando a reduzir o estresse oxidativo e protegendo as c\u00e9lulas do envelhecimento precoce. Pesquisas realizadas na China sugerem que os antioxidantes da N\u00easpera podem ainda desempenhar um papel na preven\u00e7\u00e3o de doen\u00e7as neurodegenerativas, ampliando seu valor terap\u00eautico.<\/p>\n\n\n<div class=\"wp-block-image\">\n<figure class=\"aligncenter size-large\"><img loading=\"lazy\" decoding=\"async\" width=\"1024\" height=\"576\" src=\"https:\/\/www.em.com.br\/emfoco\/wp-content\/uploads\/2025\/09\/loquat_1758169116441-1024x576.jpg\" alt=\"\" class=\"wp-image-105441\" srcset=\"https:\/\/www.em.com.br\/emfoco\/wp-content\/uploads\/2025\/09\/loquat_1758169116441-1024x576.jpg 1024w, https:\/\/www.em.com.br\/emfoco\/wp-content\/uploads\/2025\/09\/loquat_1758169116441-300x169.jpg 300w, https:\/\/www.em.com.br\/emfoco\/wp-content\/uploads\/2025\/09\/loquat_1758169116441-768x432.jpg 768w, https:\/\/www.em.com.br\/emfoco\/wp-content\/uploads\/2025\/09\/loquat_1758169116441-750x422.jpg 750w, https:\/\/www.em.com.br\/emfoco\/wp-content\/uploads\/2025\/09\/loquat_1758169116441-1140x641.jpg 1140w, https:\/\/www.em.com.br\/emfoco\/wp-content\/uploads\/2025\/09\/loquat_1758169116441.jpg 1280w\" sizes=\"auto, (max-width: 1024px) 100vw, 1024px\" \/><figcaption class=\"wp-element-caption\">N\u00easpera &#8211; Cr\u00e9ditos: depositphotos.com \/ mvw@tut.by<\/figcaption><\/figure><\/div>\n\n\n<h2 class=\"wp-block-heading\">Como a N\u00easpera contribui para o controle da inflama\u00e7\u00e3o?<\/h2>\n\n\n\n<p>As folhas da N\u00easpera s\u00e3o particularmente ricas em triterpenos, como \u00e1cido urs\u00f3lico e \u00e1cido olean\u00f3lico. Estudos indicam que esses compostos podem diminuir marcadores inflamat\u00f3rios no organismo, tornando a N\u00easpera eficaz em condi\u00e7\u00f5es como artrite e outras dores cr\u00f4nicas. Esses achados refor\u00e7am o uso medicinal tradicional da planta, que j\u00e1 reconhecia seus benef\u00edcios no al\u00edvio de inflama\u00e7\u00f5es persistentes.<\/p>\n\n\n\n<h2 class=\"wp-block-heading\">Qual o papel hepatoprotetor da N\u00easpera?<\/h2>\n\n\n\n<p>Um dos destaques das propriedades medicinais da N\u00easpera \u00e9 o seu efeito hepatoprotetor. Pesquisas internacionais mostram que extratos de N\u00easpera podem reduzir enzimas hep\u00e1ticas danosas e promover a regenera\u00e7\u00e3o de c\u00e9lulas do f\u00edgado. No Jap\u00e3o, estudos indicam que a fruta pode auxiliar na recupera\u00e7\u00e3o de les\u00f5es hep\u00e1ticas induzidas por medicamentos, fortalecendo ainda mais sua import\u00e2ncia como agente terap\u00eautico natural.<\/p>\n\n\n\n<h2 class=\"wp-block-heading\">Existem outros benef\u00edcios da N\u00easpera para a sa\u00fade?<\/h2>\n\n\n\n<p>Al\u00e9m de suas propriedades antioxidantes e anti-inflamat\u00f3rias, a N\u00easpera apresenta atividade antibacteriana e pode auxiliar no controle do diabetes. As folhas da planta cont\u00eam polissacar\u00eddeos e saponinas, subst\u00e2ncias que desempenham um papel no gerenciamento dos n\u00edveis de glicose no sangue. Contudo, \u00e9 essencial que o uso seja supervisionado por um profissional de sa\u00fade, uma vez que doses elevadas de seus compostos naturais podem levar a efeitos adversos.<\/p>\n\n\n\n<p>Em suma, a N\u00easpera, com sua rica composi\u00e7\u00e3o bioativa, \u00e9 uma aliada poderosa na promo\u00e7\u00e3o de um envelhecimento saud\u00e1vel, no fortalecimento do f\u00edgado e no equil\u00edbrio de processos <a href=\"https:\/\/www.correiobraziliense.com.br\/cbradar\/dra-lara-motta-este-som-melhora-seu-foco-em-10-minutos\/\" target=\"_blank\" rel=\"noreferrer noopener\">inflamat\u00f3rios<\/a>. Incorporar essa fruta na dieta, sob orienta\u00e7\u00e3o adequada, pode trazer in\u00fameros benef\u00edcios \u00e0 sa\u00fade geral.<\/p>\n\n\n<a href=\"https:\/\/www.instagram.com\/dra.annaluisabf\/\" target=\"_blank\" style=\"text-decoration: none; color: inherit;\">\n  <span style=\"display:inline-block; border:1px solid #ccc; border-radius:10px; padding:15px; max-width:550px; font-family:sans-serif; box-shadow:0 2px 5px rgba(0,0,0,0.1);\">\n    <span style=\"margin:0 0 15px 0; font-weight:bold; color:#2c3e50; text-align: center;\">Entre em contato:<\/span>\n\n    <span style=\"display:flex; align-items:center;\">\n      <img decoding=\"async\" src=\"https:\/\/www.correiobraziliense.com.br\/cbradar\/wp-content\/uploads\/2025\/08\/dra_anna_luisa.jpeg\" alt=\"Dra Anna Lu\u00edsa\" style=\"border-radius:50%; width:80px; height:80px; margin-right:15px;\">\n      <span style=\"flex:1;\">\n        <h3 style=\"margin:0 0 5px 0;\">Dra. Anna Lu\u00edsa Barbosa Fernandes<\/h3>\n        <p style=\"margin:0 0 10px 0;\">CRM-GO 33.271<\/p>\n        <span style=\"display:flex; gap:10px;\">\n          <img decoding=\"async\" src=\"https:\/\/cdn-icons-png.flaticon.com\/24\/1384\/1384063.png\" alt=\"Instagram\">\n        <\/span>\n      <\/span>\n    <\/span>\n  <\/span>\n<\/a>","protected":false},"excerpt":{"rendered":"<p>A N\u00easpera, conhecida cientificamente como\u00a0Eriobotrya japonica, tem ganhado destaque no mundo da sa\u00fade n\u00e3o apenas pelo seu sabor delicioso, mas tamb\u00e9m pelas suas propriedades terap\u00eauticas. Origin\u00e1ria da \u00c1sia, esta fruta tem sido amplamente utilizada na medicina tradicional devido \u00e0s suas caracter\u00edsticas \u00fanicas que apresentam benef\u00edcios significativos \u00e0 sa\u00fade humana. Recentemente, a ci\u00eancia moderna tem investigado [&hellip;]<\/p>\n","protected":false},"author":25,"featured_media":105439,"comment_status":"open","ping_status":"open","sticky":false,"template":"","format":"standard","meta":{"jnews-multi-image_gallery":[],"jnews_single_post":{"format":"standard"},"jnews_primary_category":[],"jnews_social_meta":[],"jnews_override_counter":[],"footnotes":""},"categories":[9053],"tags":[711,327,415,410],"class_list":["post-105438","post","type-post","status-publish","format-standard","has-post-thumbnail","hentry","category-saude","tag-bem-estar","tag-qualidade-de-vida","tag-saude","tag-saude-mental"],"yoast_head":"<!-- This site is optimized with the Yoast SEO plugin v23.8 - https:\/\/yoast.com\/wordpress\/plugins\/seo\/ -->\n<title>Este fruto promete ajudar e regenerar o f\u00edgado - Estado de Minas - Em foco<\/title>\n<meta name=\"description\" content=\"A n\u00easpera protege o f\u00edgado, combate inflama\u00e7\u00f5es e tem a\u00e7\u00e3o antioxidante. Conhe\u00e7a os benef\u00edcios dessa fruta para a sua sa\u00fade.\" \/>\n<meta name=\"robots\" content=\"index, follow, max-snippet:-1, max-image-preview:large, max-video-preview:-1\" \/>\n<link rel=\"canonical\" href=\"https:\/\/www.em.com.br\/emfoco\/2025\/09\/18\/este-fruto-promete-ajudar-e-regenerar-o-figado\/\" \/>\n<meta property=\"og:locale\" content=\"pt_BR\" \/>\n<meta property=\"og:type\" content=\"article\" \/>\n<meta property=\"og:title\" content=\"Este fruto promete ajudar e regenerar o f\u00edgado - Estado de Minas - Em foco\" \/>\n<meta property=\"og:description\" content=\"A n\u00easpera protege o f\u00edgado, combate inflama\u00e7\u00f5es e tem a\u00e7\u00e3o antioxidante. Conhe\u00e7a os benef\u00edcios dessa fruta para a sua sa\u00fade.\" \/>\n<meta property=\"og:url\" content=\"https:\/\/www.em.com.br\/emfoco\/2025\/09\/18\/este-fruto-promete-ajudar-e-regenerar-o-figado\/\" \/>\n<meta property=\"og:site_name\" content=\"Estado de Minas - Em foco\" \/>\n<meta property=\"article:published_time\" content=\"2025-09-18T10:00:00+00:00\" \/>\n<meta property=\"article:modified_time\" content=\"2025-09-18T04:48:32+00:00\" \/>\n<meta property=\"og:image\" content=\"https:\/\/www.em.com.br\/emfoco\/wp-content\/uploads\/2025\/09\/loquat_1758169089229.jpg\" \/>\n\t<meta property=\"og:image:width\" content=\"1280\" \/>\n\t<meta property=\"og:image:height\" content=\"720\" \/>\n\t<meta property=\"og:image:type\" content=\"image\/jpeg\" \/>\n<meta name=\"author\" content=\"Guilherme Lopes\" \/>\n<meta name=\"twitter:card\" content=\"summary_large_image\" \/>\n<meta name=\"twitter:label1\" content=\"Escrito por\" \/>\n\t<meta name=\"twitter:data1\" content=\"Guilherme Lopes\" \/>\n\t<meta name=\"twitter:label2\" content=\"Est. tempo de leitura\" \/>\n\t<meta name=\"twitter:data2\" content=\"4 minutos\" \/>\n<!-- \/ Yoast SEO plugin. -->","yoast_head_json":{"title":"Este fruto promete ajudar e regenerar o f\u00edgado - Estado de Minas - Em foco","description":"A n\u00easpera protege o f\u00edgado, combate inflama\u00e7\u00f5es e tem a\u00e7\u00e3o antioxidante. Conhe\u00e7a os benef\u00edcios dessa fruta para a sua sa\u00fade.","robots":{"index":"index","follow":"follow","max-snippet":"max-snippet:-1","max-image-preview":"max-image-preview:large","max-video-preview":"max-video-preview:-1"},"canonical":"https:\/\/www.em.com.br\/emfoco\/2025\/09\/18\/este-fruto-promete-ajudar-e-regenerar-o-figado\/","og_locale":"pt_BR","og_type":"article","og_title":"Este fruto promete ajudar e regenerar o f\u00edgado - Estado de Minas - Em foco","og_description":"A n\u00easpera protege o f\u00edgado, combate inflama\u00e7\u00f5es e tem a\u00e7\u00e3o antioxidante. Conhe\u00e7a os benef\u00edcios dessa fruta para a sua sa\u00fade.","og_url":"https:\/\/www.em.com.br\/emfoco\/2025\/09\/18\/este-fruto-promete-ajudar-e-regenerar-o-figado\/","og_site_name":"Estado de Minas - Em foco","article_published_time":"2025-09-18T10:00:00+00:00","article_modified_time":"2025-09-18T04:48:32+00:00","og_image":[{"width":1280,"height":720,"url":"https:\/\/www.em.com.br\/emfoco\/wp-content\/uploads\/2025\/09\/loquat_1758169089229.jpg","type":"image\/jpeg"}],"author":"Guilherme Lopes","twitter_card":"summary_large_image","twitter_misc":{"Escrito por":"Guilherme Lopes","Est. tempo de leitura":"4 minutos"},"schema":{"@context":"https:\/\/schema.org","@graph":[{"@type":"WebPage","@id":"https:\/\/www.em.com.br\/emfoco\/2025\/09\/18\/este-fruto-promete-ajudar-e-regenerar-o-figado\/","url":"https:\/\/www.em.com.br\/emfoco\/2025\/09\/18\/este-fruto-promete-ajudar-e-regenerar-o-figado\/","name":"Este fruto promete ajudar e regenerar o f\u00edgado - Estado de Minas - Em foco","isPartOf":{"@id":"https:\/\/www.em.com.br\/emfoco\/#website"},"primaryImageOfPage":{"@id":"https:\/\/www.em.com.br\/emfoco\/2025\/09\/18\/este-fruto-promete-ajudar-e-regenerar-o-figado\/#primaryimage"},"image":{"@id":"https:\/\/www.em.com.br\/emfoco\/2025\/09\/18\/este-fruto-promete-ajudar-e-regenerar-o-figado\/#primaryimage"},"thumbnailUrl":"https:\/\/www.em.com.br\/emfoco\/wp-content\/uploads\/2025\/09\/loquat_1758169089229.jpg","datePublished":"2025-09-18T10:00:00+00:00","dateModified":"2025-09-18T04:48:32+00:00","author":{"@id":"https:\/\/www.em.com.br\/emfoco\/#\/schema\/person\/f6eade2e287023da170a1b2b329f68e5"},"description":"A n\u00easpera protege o f\u00edgado, combate inflama\u00e7\u00f5es e tem a\u00e7\u00e3o antioxidante. Conhe\u00e7a os benef\u00edcios dessa fruta para a sua sa\u00fade.","breadcrumb":{"@id":"https:\/\/www.em.com.br\/emfoco\/2025\/09\/18\/este-fruto-promete-ajudar-e-regenerar-o-figado\/#breadcrumb"},"inLanguage":"pt-BR","potentialAction":[{"@type":"ReadAction","target":["https:\/\/www.em.com.br\/emfoco\/2025\/09\/18\/este-fruto-promete-ajudar-e-regenerar-o-figado\/"]}]},{"@type":"ImageObject","inLanguage":"pt-BR","@id":"https:\/\/www.em.com.br\/emfoco\/2025\/09\/18\/este-fruto-promete-ajudar-e-regenerar-o-figado\/#primaryimage","url":"https:\/\/www.em.com.br\/emfoco\/wp-content\/uploads\/2025\/09\/loquat_1758169089229.jpg","contentUrl":"https:\/\/www.em.com.br\/emfoco\/wp-content\/uploads\/2025\/09\/loquat_1758169089229.jpg","width":1280,"height":720,"caption":"N\u00easpera - Cr\u00e9ditos: depositphotos.com \/ francescomoufotografo"},{"@type":"BreadcrumbList","@id":"https:\/\/www.em.com.br\/emfoco\/2025\/09\/18\/este-fruto-promete-ajudar-e-regenerar-o-figado\/#breadcrumb","itemListElement":[{"@type":"ListItem","position":1,"name":"In\u00edcio","item":"https:\/\/www.em.com.br\/emfoco\/"},{"@type":"ListItem","position":2,"name":"Este fruto promete ajudar e regenerar o f\u00edgado"}]},{"@type":"WebSite","@id":"https:\/\/www.em.com.br\/emfoco\/#website","url":"https:\/\/www.em.com.br\/emfoco\/","name":"Estado de Minas - Em foco","description":"Acompanhe as \u00faltimas not\u00edcias e fique bem informado sobre tudo o que acontece em Minas Gerais, Brasil e no mundo.","potentialAction":[{"@type":"SearchAction","target":{"@type":"EntryPoint","urlTemplate":"https:\/\/www.em.com.br\/emfoco\/?s={search_term_string}"},"query-input":{"@type":"PropertyValueSpecification","valueRequired":true,"valueName":"search_term_string"}}],"inLanguage":"pt-BR"},{"@type":"Person","@id":"https:\/\/www.em.com.br\/emfoco\/#\/schema\/person\/f6eade2e287023da170a1b2b329f68e5","name":"Guilherme Lopes","image":{"@type":"ImageObject","inLanguage":"pt-BR","@id":"https:\/\/www.em.com.br\/emfoco\/#\/schema\/person\/image\/","url":"https:\/\/secure.gravatar.com\/avatar\/df9adfb835d344bc0af109d41756253f?s=96&d=mm&r=g","contentUrl":"https:\/\/secure.gravatar.com\/avatar\/df9adfb835d344bc0af109d41756253f?s=96&d=mm&r=g","caption":"Guilherme Lopes"},"url":"https:\/\/www.em.com.br\/emfoco\/author\/guilherme_saude\/"}]}},"_links":{"self":[{"href":"https:\/\/www.em.com.br\/emfoco\/wp-json\/wp\/v2\/posts\/105438","targetHints":{"allow":["GET"]}}],"collection":[{"href":"https:\/\/www.em.com.br\/emfoco\/wp-json\/wp\/v2\/posts"}],"about":[{"href":"https:\/\/www.em.com.br\/emfoco\/wp-json\/wp\/v2\/types\/post"}],"author":[{"embeddable":true,"href":"https:\/\/www.em.com.br\/emfoco\/wp-json\/wp\/v2\/users\/25"}],"replies":[{"embeddable":true,"href":"https:\/\/www.em.com.br\/emfoco\/wp-json\/wp\/v2\/comments?post=105438"}],"version-history":[{"count":1,"href":"https:\/\/www.em.com.br\/emfoco\/wp-json\/wp\/v2\/posts\/105438\/revisions"}],"predecessor-version":[{"id":105451,"href":"https:\/\/www.em.com.br\/emfoco\/wp-json\/wp\/v2\/posts\/105438\/revisions\/105451"}],"wp:featuredmedia":[{"embeddable":true,"href":"https:\/\/www.em.com.br\/emfoco\/wp-json\/wp\/v2\/media\/105439"}],"wp:attachment":[{"href":"https:\/\/www.em.com.br\/emfoco\/wp-json\/wp\/v2\/media?parent=105438"}],"wp:term":[{"taxonomy":"category","embeddable":true,"href":"https:\/\/www.em.com.br\/emfoco\/wp-json\/wp\/v2\/categories?post=105438"},{"taxonomy":"post_tag","embeddable":true,"href":"https:\/\/www.em.com.br\/emfoco\/wp-json\/wp\/v2\/tags?post=105438"}],"curies":[{"name":"wp","href":"https:\/\/api.w.org\/{rel}","templated":true}]}}