{"id":105345,"date":"2025-09-20T10:28:00","date_gmt":"2025-09-20T13:28:00","guid":{"rendered":"https:\/\/www.em.com.br\/emfoco\/?p=105345"},"modified":"2025-09-17T18:24:57","modified_gmt":"2025-09-17T21:24:57","slug":"tecnicas-rapidas-que-reduzem-a-ansiedade-em-apenas-5-minutos","status":"publish","type":"post","link":"https:\/\/www.em.com.br\/emfoco\/2025\/09\/20\/tecnicas-rapidas-que-reduzem-a-ansiedade-em-apenas-5-minutos\/","title":{"rendered":"T\u00e9cnicas r\u00e1pidas que reduzem a ansiedade em apenas 5 minutos"},"content":{"rendered":"\n<p>A ansiedade pode surgir em qualquer momento e atrapalhar o bem-estar. Felizmente, existem pr\u00e1ticas simples que ajudam a acalmar a mente e reduzir os sintomas em poucos minutos.<\/p>\n\n\n\n<ul class=\"wp-block-list\">\n<li>Respira\u00e7\u00e3o profunda controla batimentos e relaxa o corpo<\/li>\n\n\n\n<li>Movimento f\u00edsico leve libera tens\u00e3o acumulada<\/li>\n\n\n\n<li>Exerc\u00edcios mentais r\u00e1pidos trazem foco e equil\u00edbrio<\/li>\n<\/ul>\n\n\n\n<h2 class=\"wp-block-heading\">Como a respira\u00e7\u00e3o consciente ajuda a acalmar?<\/h2>\n\n\n\n<p><strong>Respirar profundamente por alguns minutos reduz a frequ\u00eancia card\u00edaca e promove relaxamento<\/strong>. Esse h\u00e1bito ativa o sistema nervoso parassimp\u00e1tico, respons\u00e1vel pela sensa\u00e7\u00e3o de calma e equil\u00edbrio.<\/p>\n\n\n\n<p>Uma t\u00e9cnica simples \u00e9 inspirar pelo nariz contando at\u00e9 quatro, segurar por dois segundos e expirar pela boca em seis. Essa pr\u00e1tica pode ser feita em qualquer lugar e gera al\u00edvio r\u00e1pido.<\/p>\n\n\n\n<figure class=\"wp-block-image size-large\"><img loading=\"lazy\" decoding=\"async\" width=\"1024\" height=\"576\" src=\"https:\/\/www.em.com.br\/emfoco\/wp-content\/uploads\/2025\/06\/deep-breath_1750092480996-1024x576.jpg\" alt=\"A respira\u00e7\u00e3o que m\u00e9dicos est\u00e3o recomendando para controlar a press\u00e3o\" class=\"wp-image-61655\" srcset=\"https:\/\/www.em.com.br\/emfoco\/wp-content\/uploads\/2025\/06\/deep-breath_1750092480996-1024x576.jpg 1024w, https:\/\/www.em.com.br\/emfoco\/wp-content\/uploads\/2025\/06\/deep-breath_1750092480996-300x169.jpg 300w, https:\/\/www.em.com.br\/emfoco\/wp-content\/uploads\/2025\/06\/deep-breath_1750092480996-768x432.jpg 768w, https:\/\/www.em.com.br\/emfoco\/wp-content\/uploads\/2025\/06\/deep-breath_1750092480996-750x422.jpg 750w, https:\/\/www.em.com.br\/emfoco\/wp-content\/uploads\/2025\/06\/deep-breath_1750092480996-1140x641.jpg 1140w, https:\/\/www.em.com.br\/emfoco\/wp-content\/uploads\/2025\/06\/deep-breath_1750092480996.jpg 1280w\" sizes=\"auto, (max-width: 1024px) 100vw, 1024px\" \/><figcaption class=\"wp-element-caption\">T\u00e9cnicas respirat\u00f3rias que ativam o sistema parassimp\u00e1tico &#8211; Cr\u00e9ditos: depositphotos.com \/ AntonioGuillemF<\/figcaption><\/figure>\n\n\n\n<h2 class=\"wp-block-heading\">Quais exerc\u00edcios f\u00edsicos podem reduzir a ansiedade?<\/h2>\n\n\n\n<p>Movimentar o corpo por alguns minutos ajuda a liberar endorfinas e reduzir a tens\u00e3o acumulada. Caminhar, alongar ou praticar pequenos movimentos j\u00e1 traz benef\u00edcios imediatos.<\/p>\n\n\n\n<ul class=\"wp-block-list\">\n<li>Alongamento leve melhora a circula\u00e7\u00e3o e relaxa m\u00fasculos<\/li>\n\n\n\n<li>Caminhada r\u00e1pida de 5 minutos reduz a agita\u00e7\u00e3o<\/li>\n\n\n\n<li>Movimentos de yoga restauram foco e respira\u00e7\u00e3o<\/li>\n<\/ul>\n\n\n\n<h2 class=\"wp-block-heading\">De que forma a t\u00e9cnica do grounding funciona?<\/h2>\n\n\n\n<p>O grounding \u00e9 um m\u00e9todo de ancoragem no presente que usa os cinco sentidos para <strong><a href=\"https:\/\/www.marceloparazzi.com.br\/blog\/crise-de-ansiedade-5-dicas-para-controlar-um-desequilibrio-subito\/\" target=\"_blank\" rel=\"noreferrer noopener\">reduzir crises de ansiedade<\/a><\/strong>. <strong>Ele ajuda a desviar a mente de pensamentos acelerados<\/strong> e traz foco imediato para o momento.<\/p>\n\n\n\n<p>Um exemplo \u00e9 identificar cinco coisas que voc\u00ea v\u00ea, quatro que pode tocar, tr\u00eas que ouve, duas que sente o cheiro e uma que pode saborear. Esse exerc\u00edcio simples estabiliza as emo\u00e7\u00f5es rapidamente.<\/p>\n\n\n\n<h2 class=\"wp-block-heading\">Por que escrever pensamentos reduz a press\u00e3o mental?<\/h2>\n\n\n\n<p><strong><a href=\"https:\/\/www.em.com.br\/emfoco\/2025\/07\/30\/3-beneficios-incriveis-do-journaling-que-voce-vai-sentir-na-pele-diariamente\/\" target=\"_blank\" rel=\"noreferrer noopener\">Colocar no papel o que causa preocupa\u00e7\u00e3o<\/a><\/strong> ajuda a organizar ideias e diminuir a intensidade emocional. <strong>Escrever por 5 minutos promove clareza e reduz o peso mental<\/strong>, liberando espa\u00e7o para racioc\u00ednio mais objetivo.<\/p>\n\n\n\n<p>Esse h\u00e1bito tamb\u00e9m permite identificar padr\u00f5es de pensamento que aumentam a ansiedade, funcionando como uma ferramenta de autoconhecimento e autocontrole.<\/p>\n\n\n\n<figure class=\"wp-block-image size-large\"><img loading=\"lazy\" decoding=\"async\" width=\"1024\" height=\"576\" src=\"https:\/\/www.em.com.br\/emfoco\/wp-content\/uploads\/2025\/06\/Journaling-_1750686296346-1024x576.jpg\" alt=\"Entenda como a pr\u00e1tica do journaling pode melhorar sua sa\u00fade mental e ajudar no sono\" class=\"wp-image-65471\" srcset=\"https:\/\/www.em.com.br\/emfoco\/wp-content\/uploads\/2025\/06\/Journaling-_1750686296346-1024x576.jpg 1024w, https:\/\/www.em.com.br\/emfoco\/wp-content\/uploads\/2025\/06\/Journaling-_1750686296346-300x169.jpg 300w, https:\/\/www.em.com.br\/emfoco\/wp-content\/uploads\/2025\/06\/Journaling-_1750686296346-768x432.jpg 768w, https:\/\/www.em.com.br\/emfoco\/wp-content\/uploads\/2025\/06\/Journaling-_1750686296346-750x422.jpg 750w, https:\/\/www.em.com.br\/emfoco\/wp-content\/uploads\/2025\/06\/Journaling-_1750686296346-1140x641.jpg 1140w, https:\/\/www.em.com.br\/emfoco\/wp-content\/uploads\/2025\/06\/Journaling-_1750686296346.jpg 1280w\" sizes=\"auto, (max-width: 1024px) 100vw, 1024px\" \/><figcaption class=\"wp-element-caption\">Escrita terap\u00eautica que organiza emo\u00e7\u00f5es e alivia o estresse &#8211; Cr\u00e9ditos: depositphotos.com \/ artursfoto1<\/figcaption><\/figure>\n\n\n\n<h2 class=\"wp-block-heading\">Quais truques r\u00e1pidos trazem al\u00edvio imediato?<\/h2>\n\n\n\n<p>Al\u00e9m das pr\u00e1ticas j\u00e1 citadas, pequenos ajustes no ambiente ou a\u00e7\u00f5es simples tamb\u00e9m reduzem o impacto da ansiedade em pouco tempo.<\/p>\n\n\n\n<ul class=\"wp-block-list\">\n<li>Beber \u00e1gua lentamente ajuda a regular a respira\u00e7\u00e3o<\/li>\n\n\n\n<li>Ouvir uma m\u00fasica calma diminui o ritmo dos pensamentos<\/li>\n\n\n\n<li>Praticar sorriso for\u00e7ado estimula a libera\u00e7\u00e3o de serotonina<\/li>\n<\/ul>\n","protected":false},"excerpt":{"rendered":"<p>A ansiedade pode surgir em qualquer momento e atrapalhar o bem-estar. Felizmente, existem pr\u00e1ticas simples que ajudam a acalmar a mente e reduzir os sintomas em poucos minutos. Como a respira\u00e7\u00e3o consciente ajuda a acalmar? Respirar profundamente por alguns minutos reduz a frequ\u00eancia card\u00edaca e promove relaxamento. Esse h\u00e1bito ativa o sistema nervoso parassimp\u00e1tico, respons\u00e1vel [&hellip;]<\/p>\n","protected":false},"author":13,"featured_media":67815,"comment_status":"open","ping_status":"open","sticky":false,"template":"","format":"standard","meta":{"jnews-multi-image_gallery":[],"jnews_single_post":{"format":"standard"},"jnews_primary_category":[],"jnews_social_meta":[],"jnews_override_counter":[],"footnotes":""},"categories":[9053],"tags":[4947,711,16167],"class_list":["post-105345","post","type-post","status-publish","format-standard","has-post-thumbnail","hentry","category-saude","tag-ansiedade","tag-bem-estar","tag-reduzir-ansiedade"],"yoast_head":"<!-- This site is optimized with the Yoast SEO plugin v23.8 - https:\/\/yoast.com\/wordpress\/plugins\/seo\/ -->\n<title>T\u00e9cnicas r\u00e1pidas que reduzem a ansiedade em apenas 5 minutos - Estado de Minas - Em foco<\/title>\n<meta name=\"description\" content=\"T\u00e9cnicas de respira\u00e7\u00e3o, grounding e escrita ajudam a aliviar a ansiedade de forma pr\u00e1tica. Veja como aplicar no dia a dia.\" \/>\n<meta name=\"robots\" content=\"index, follow, max-snippet:-1, max-image-preview:large, max-video-preview:-1\" \/>\n<link rel=\"canonical\" href=\"https:\/\/www.em.com.br\/emfoco\/2025\/09\/20\/tecnicas-rapidas-que-reduzem-a-ansiedade-em-apenas-5-minutos\/\" \/>\n<meta property=\"og:locale\" content=\"pt_BR\" \/>\n<meta property=\"og:type\" content=\"article\" \/>\n<meta property=\"og:title\" content=\"T\u00e9cnicas r\u00e1pidas que reduzem a ansiedade em apenas 5 minutos - Estado de Minas - Em foco\" \/>\n<meta property=\"og:description\" content=\"T\u00e9cnicas de respira\u00e7\u00e3o, grounding e escrita ajudam a aliviar a ansiedade de forma pr\u00e1tica. Veja como aplicar no dia a dia.\" \/>\n<meta property=\"og:url\" content=\"https:\/\/www.em.com.br\/emfoco\/2025\/09\/20\/tecnicas-rapidas-que-reduzem-a-ansiedade-em-apenas-5-minutos\/\" \/>\n<meta property=\"og:site_name\" content=\"Estado de Minas - Em foco\" \/>\n<meta property=\"article:published_time\" content=\"2025-09-20T13:28:00+00:00\" \/>\n<meta property=\"article:modified_time\" content=\"2025-09-17T21:24:57+00:00\" \/>\n<meta property=\"og:image\" content=\"https:\/\/www.em.com.br\/emfoco\/wp-content\/uploads\/2025\/06\/ansiedade_1751030812978.jpg\" \/>\n\t<meta property=\"og:image:width\" content=\"1280\" \/>\n\t<meta property=\"og:image:height\" content=\"720\" \/>\n\t<meta property=\"og:image:type\" content=\"image\/jpeg\" \/>\n<meta name=\"author\" content=\"Gabriel Martins\" \/>\n<meta name=\"twitter:card\" content=\"summary_large_image\" \/>\n<meta name=\"twitter:label1\" content=\"Escrito por\" \/>\n\t<meta name=\"twitter:data1\" content=\"Gabriel Martins\" \/>\n\t<meta name=\"twitter:label2\" content=\"Est. tempo de leitura\" \/>\n\t<meta name=\"twitter:data2\" content=\"3 minutos\" \/>\n<!-- \/ Yoast SEO plugin. -->","yoast_head_json":{"title":"T\u00e9cnicas r\u00e1pidas que reduzem a ansiedade em apenas 5 minutos - Estado de Minas - Em foco","description":"T\u00e9cnicas de respira\u00e7\u00e3o, grounding e escrita ajudam a aliviar a ansiedade de forma pr\u00e1tica. Veja como aplicar no dia a dia.","robots":{"index":"index","follow":"follow","max-snippet":"max-snippet:-1","max-image-preview":"max-image-preview:large","max-video-preview":"max-video-preview:-1"},"canonical":"https:\/\/www.em.com.br\/emfoco\/2025\/09\/20\/tecnicas-rapidas-que-reduzem-a-ansiedade-em-apenas-5-minutos\/","og_locale":"pt_BR","og_type":"article","og_title":"T\u00e9cnicas r\u00e1pidas que reduzem a ansiedade em apenas 5 minutos - Estado de Minas - Em foco","og_description":"T\u00e9cnicas de respira\u00e7\u00e3o, grounding e escrita ajudam a aliviar a ansiedade de forma pr\u00e1tica. Veja como aplicar no dia a dia.","og_url":"https:\/\/www.em.com.br\/emfoco\/2025\/09\/20\/tecnicas-rapidas-que-reduzem-a-ansiedade-em-apenas-5-minutos\/","og_site_name":"Estado de Minas - Em foco","article_published_time":"2025-09-20T13:28:00+00:00","article_modified_time":"2025-09-17T21:24:57+00:00","og_image":[{"width":1280,"height":720,"url":"https:\/\/www.em.com.br\/emfoco\/wp-content\/uploads\/2025\/06\/ansiedade_1751030812978.jpg","type":"image\/jpeg"}],"author":"Gabriel Martins","twitter_card":"summary_large_image","twitter_misc":{"Escrito por":"Gabriel Martins","Est. tempo de leitura":"3 minutos"},"schema":{"@context":"https:\/\/schema.org","@graph":[{"@type":"WebPage","@id":"https:\/\/www.em.com.br\/emfoco\/2025\/09\/20\/tecnicas-rapidas-que-reduzem-a-ansiedade-em-apenas-5-minutos\/","url":"https:\/\/www.em.com.br\/emfoco\/2025\/09\/20\/tecnicas-rapidas-que-reduzem-a-ansiedade-em-apenas-5-minutos\/","name":"T\u00e9cnicas r\u00e1pidas que reduzem a ansiedade em apenas 5 minutos - Estado de Minas - Em foco","isPartOf":{"@id":"https:\/\/www.em.com.br\/emfoco\/#website"},"primaryImageOfPage":{"@id":"https:\/\/www.em.com.br\/emfoco\/2025\/09\/20\/tecnicas-rapidas-que-reduzem-a-ansiedade-em-apenas-5-minutos\/#primaryimage"},"image":{"@id":"https:\/\/www.em.com.br\/emfoco\/2025\/09\/20\/tecnicas-rapidas-que-reduzem-a-ansiedade-em-apenas-5-minutos\/#primaryimage"},"thumbnailUrl":"https:\/\/www.em.com.br\/emfoco\/wp-content\/uploads\/2025\/06\/ansiedade_1751030812978.jpg","datePublished":"2025-09-20T13:28:00+00:00","dateModified":"2025-09-17T21:24:57+00:00","author":{"@id":"https:\/\/www.em.com.br\/emfoco\/#\/schema\/person\/1c9ddeab18b98abeffef834667bcf08a"},"description":"T\u00e9cnicas de respira\u00e7\u00e3o, grounding e escrita ajudam a aliviar a ansiedade de forma pr\u00e1tica. Veja como aplicar no dia a dia.","breadcrumb":{"@id":"https:\/\/www.em.com.br\/emfoco\/2025\/09\/20\/tecnicas-rapidas-que-reduzem-a-ansiedade-em-apenas-5-minutos\/#breadcrumb"},"inLanguage":"pt-BR","potentialAction":[{"@type":"ReadAction","target":["https:\/\/www.em.com.br\/emfoco\/2025\/09\/20\/tecnicas-rapidas-que-reduzem-a-ansiedade-em-apenas-5-minutos\/"]}]},{"@type":"ImageObject","inLanguage":"pt-BR","@id":"https:\/\/www.em.com.br\/emfoco\/2025\/09\/20\/tecnicas-rapidas-que-reduzem-a-ansiedade-em-apenas-5-minutos\/#primaryimage","url":"https:\/\/www.em.com.br\/emfoco\/wp-content\/uploads\/2025\/06\/ansiedade_1751030812978.jpg","contentUrl":"https:\/\/www.em.com.br\/emfoco\/wp-content\/uploads\/2025\/06\/ansiedade_1751030812978.jpg","width":1280,"height":720,"caption":"Exerc\u00edcios mentais que restauram o foco e reduzem a agita\u00e7\u00e3o - Cr\u00e9ditos: depositphotos.com \/ diego_cervo"},{"@type":"BreadcrumbList","@id":"https:\/\/www.em.com.br\/emfoco\/2025\/09\/20\/tecnicas-rapidas-que-reduzem-a-ansiedade-em-apenas-5-minutos\/#breadcrumb","itemListElement":[{"@type":"ListItem","position":1,"name":"In\u00edcio","item":"https:\/\/www.em.com.br\/emfoco\/"},{"@type":"ListItem","position":2,"name":"T\u00e9cnicas r\u00e1pidas que reduzem a ansiedade em apenas 5 minutos"}]},{"@type":"WebSite","@id":"https:\/\/www.em.com.br\/emfoco\/#website","url":"https:\/\/www.em.com.br\/emfoco\/","name":"Estado de Minas - Em foco","description":"Acompanhe as \u00faltimas not\u00edcias e fique bem informado sobre tudo o que acontece em Minas Gerais, Brasil e no mundo.","potentialAction":[{"@type":"SearchAction","target":{"@type":"EntryPoint","urlTemplate":"https:\/\/www.em.com.br\/emfoco\/?s={search_term_string}"},"query-input":{"@type":"PropertyValueSpecification","valueRequired":true,"valueName":"search_term_string"}}],"inLanguage":"pt-BR"},{"@type":"Person","@id":"https:\/\/www.em.com.br\/emfoco\/#\/schema\/person\/1c9ddeab18b98abeffef834667bcf08a","name":"Gabriel Martins","image":{"@type":"ImageObject","inLanguage":"pt-BR","@id":"https:\/\/www.em.com.br\/emfoco\/#\/schema\/person\/image\/","url":"https:\/\/secure.gravatar.com\/avatar\/f0f1e2efdfd88f1ad2cb08c5c2731e50?s=96&d=mm&r=g","contentUrl":"https:\/\/secure.gravatar.com\/avatar\/f0f1e2efdfd88f1ad2cb08c5c2731e50?s=96&d=mm&r=g","caption":"Gabriel Martins"},"sameAs":["https:\/\/www.em.com.br\/emfoco\/"],"url":"https:\/\/www.em.com.br\/emfoco\/author\/gabrielmartinsmyth\/"}]}},"_links":{"self":[{"href":"https:\/\/www.em.com.br\/emfoco\/wp-json\/wp\/v2\/posts\/105345","targetHints":{"allow":["GET"]}}],"collection":[{"href":"https:\/\/www.em.com.br\/emfoco\/wp-json\/wp\/v2\/posts"}],"about":[{"href":"https:\/\/www.em.com.br\/emfoco\/wp-json\/wp\/v2\/types\/post"}],"author":[{"embeddable":true,"href":"https:\/\/www.em.com.br\/emfoco\/wp-json\/wp\/v2\/users\/13"}],"replies":[{"embeddable":true,"href":"https:\/\/www.em.com.br\/emfoco\/wp-json\/wp\/v2\/comments?post=105345"}],"version-history":[{"count":2,"href":"https:\/\/www.em.com.br\/emfoco\/wp-json\/wp\/v2\/posts\/105345\/revisions"}],"predecessor-version":[{"id":105379,"href":"https:\/\/www.em.com.br\/emfoco\/wp-json\/wp\/v2\/posts\/105345\/revisions\/105379"}],"wp:featuredmedia":[{"embeddable":true,"href":"https:\/\/www.em.com.br\/emfoco\/wp-json\/wp\/v2\/media\/67815"}],"wp:attachment":[{"href":"https:\/\/www.em.com.br\/emfoco\/wp-json\/wp\/v2\/media?parent=105345"}],"wp:term":[{"taxonomy":"category","embeddable":true,"href":"https:\/\/www.em.com.br\/emfoco\/wp-json\/wp\/v2\/categories?post=105345"},{"taxonomy":"post_tag","embeddable":true,"href":"https:\/\/www.em.com.br\/emfoco\/wp-json\/wp\/v2\/tags?post=105345"}],"curies":[{"name":"wp","href":"https:\/\/api.w.org\/{rel}","templated":true}]}}