{"id":105287,"date":"2025-09-19T14:28:00","date_gmt":"2025-09-19T17:28:00","guid":{"rendered":"https:\/\/www.em.com.br\/emfoco\/?p=105287"},"modified":"2025-09-18T18:36:57","modified_gmt":"2025-09-18T21:36:57","slug":"caes-que-vivem-bem-em-apartamentos-e-surpreendem-pela-calma","status":"publish","type":"post","link":"https:\/\/www.em.com.br\/emfoco\/2025\/09\/19\/caes-que-vivem-bem-em-apartamentos-e-surpreendem-pela-calma\/","title":{"rendered":"C\u00e3es que vivem bem em apartamentos e surpreendem pela calma"},"content":{"rendered":"\n<p>Viver em um apartamento n\u00e3o significa abrir m\u00e3o da companhia de um cachorro. Algumas ra\u00e7as s\u00e3o ideais para espa\u00e7os menores e oferecem companheirismo sem demandar grandes \u00e1reas.<\/p>\n\n\n\n<ul class=\"wp-block-list\">\n<li>C\u00e3es de porte pequeno e temperamento tranquilo se adaptam melhor<\/li>\n\n\n\n<li>Ra\u00e7as menos agitadas reduzem o risco de estresse em ambientes compactos<\/li>\n\n\n\n<li>Companheirismo sem exigir quintais ou grandes \u00e1reas externas<\/li>\n<\/ul>\n\n\n\n<h2 class=\"wp-block-heading\">Por que algumas ra\u00e7as se adaptam melhor a apartamentos?<\/h2>\n\n\n\n<p><strong>Nem todo cachorro precisa de grandes espa\u00e7os para ser feliz<\/strong>. <strong><a href=\"https:\/\/www.petscare.com\/pt-br\/news\/post\/top-calmest-dog-breeds-guide\" target=\"_blank\" rel=\"noreferrer noopener\">Algumas ra\u00e7as t\u00eam perfil calmo<\/a><\/strong>, menor necessidade de exerc\u00edcios intensos e conseguem gastar energia em ambientes internos.<\/p>\n\n\n\n<p>Al\u00e9m do tamanho, fatores como comportamento, toler\u00e2ncia ao confinamento e baixo n\u00edvel de latidos influenciam diretamente na adapta\u00e7\u00e3o em apartamentos urbanos.<\/p>\n\n\n\n<figure class=\"wp-block-image size-large\"><img loading=\"lazy\" decoding=\"async\" width=\"1024\" height=\"576\" src=\"https:\/\/www.em.com.br\/emfoco\/wp-content\/uploads\/2025\/09\/Cachorro-focinho_1757086598852-1024x576.jpg\" alt=\"Como identificar se h\u00e1 algo errado com seu c\u00e3o pelo focinho\" class=\"wp-image-101197\" srcset=\"https:\/\/www.em.com.br\/emfoco\/wp-content\/uploads\/2025\/09\/Cachorro-focinho_1757086598852-1024x576.jpg 1024w, https:\/\/www.em.com.br\/emfoco\/wp-content\/uploads\/2025\/09\/Cachorro-focinho_1757086598852-300x169.jpg 300w, https:\/\/www.em.com.br\/emfoco\/wp-content\/uploads\/2025\/09\/Cachorro-focinho_1757086598852-768x432.jpg 768w, https:\/\/www.em.com.br\/emfoco\/wp-content\/uploads\/2025\/09\/Cachorro-focinho_1757086598852-750x422.jpg 750w, https:\/\/www.em.com.br\/emfoco\/wp-content\/uploads\/2025\/09\/Cachorro-focinho_1757086598852-1140x641.jpg 1140w, https:\/\/www.em.com.br\/emfoco\/wp-content\/uploads\/2025\/09\/Cachorro-focinho_1757086598852.jpg 1280w\" sizes=\"auto, (max-width: 1024px) 100vw, 1024px\" \/><figcaption class=\"wp-element-caption\">Temperamento calmo que favorece o bem-estar em espa\u00e7os reduzidos &#8211; Cr\u00e9ditos: depositphotos.com \/ Y-Boychenko<\/figcaption><\/figure>\n\n\n\n<h2 class=\"wp-block-heading\">Quais ra\u00e7as pequenas s\u00e3o mais indicadas para espa\u00e7os compactos?<\/h2>\n\n\n\n<p>C\u00e3es de pequeno porte geralmente s\u00e3o a primeira escolha para quem mora em apartamentos. Entre os mais recomendados est\u00e3o:<\/p>\n\n\n\n<ul class=\"wp-block-list\">\n<li>Shih Tzu: d\u00f3cil e independente<\/li>\n\n\n\n<li>Pug: brincalh\u00e3o e afetuoso<\/li>\n\n\n\n<li>Buldogue franc\u00eas: silencioso e adapt\u00e1vel<\/li>\n<\/ul>\n\n\n\n<figure class=\"wp-block-image size-large\"><img loading=\"lazy\" decoding=\"async\" width=\"1024\" height=\"576\" src=\"https:\/\/www.em.com.br\/emfoco\/wp-content\/uploads\/2025\/08\/Bulldog-Ingles_1755697169062-1024x576.jpg\" alt=\"As ra\u00e7as de cachorros que mais sofrem com o calor e exigem cuidados especiais\" class=\"wp-image-94036\" srcset=\"https:\/\/www.em.com.br\/emfoco\/wp-content\/uploads\/2025\/08\/Bulldog-Ingles_1755697169062-1024x576.jpg 1024w, https:\/\/www.em.com.br\/emfoco\/wp-content\/uploads\/2025\/08\/Bulldog-Ingles_1755697169062-300x169.jpg 300w, https:\/\/www.em.com.br\/emfoco\/wp-content\/uploads\/2025\/08\/Bulldog-Ingles_1755697169062-768x432.jpg 768w, https:\/\/www.em.com.br\/emfoco\/wp-content\/uploads\/2025\/08\/Bulldog-Ingles_1755697169062-750x422.jpg 750w, https:\/\/www.em.com.br\/emfoco\/wp-content\/uploads\/2025\/08\/Bulldog-Ingles_1755697169062-1140x641.jpg 1140w, https:\/\/www.em.com.br\/emfoco\/wp-content\/uploads\/2025\/08\/Bulldog-Ingles_1755697169062.jpg 1280w\" sizes=\"auto, (max-width: 1024px) 100vw, 1024px\" \/><figcaption class=\"wp-element-caption\">Porte pequeno que se adapta facilmente \u00e0 rotina urbana &#8211; Cr\u00e9ditos: depositphotos.com \/ willeecole<\/figcaption><\/figure>\n\n\n\n<h2 class=\"wp-block-heading\">Ra\u00e7as m\u00e9dias tamb\u00e9m podem viver bem em apartamentos?<\/h2>\n\n\n\n<p>Sim, alguns c\u00e3es de porte m\u00e9dio convivem de forma equilibrada em espa\u00e7os menores. <strong>O segredo est\u00e1 no temperamento calmo e na necessidade moderada de atividade f\u00edsica<\/strong>, que facilita a vida em ambientes internos.<\/p>\n\n\n\n<p>Exemplos como o Buldogue ingl\u00eas e o Cocker Spaniel mostram que, mesmo sem serem pequenos, podem ser felizes em apartamentos se houver passeios regulares.<\/p>\n\n\n\n<h2 class=\"wp-block-heading\">O temperamento do c\u00e3o influ\u00eancia mais que o tamanho?<\/h2>\n\n\n\n<p>Muitas vezes, sim. Um cachorro pequeno e muito agitado pode causar mais transtornos do que um m\u00e9dio mais tranquilo. <strong>O temperamento \u00e9 determinante para a adapta\u00e7\u00e3o em lares compactos<\/strong>, j\u00e1 que impacta no comportamento di\u00e1rio.<\/p>\n\n\n\n<p>Ra\u00e7as equilibradas convivem melhor com vizinhos e reduzem riscos de barulho excessivo, refor\u00e7ando a import\u00e2ncia de observar a personalidade al\u00e9m do porte.<\/p>\n\n\n\n<h2 class=\"wp-block-heading\">Quais cuidados extras ajudam na adapta\u00e7\u00e3o dentro do apartamento?<\/h2>\n\n\n\n<p>Algumas pr\u00e1ticas s\u00e3o essenciais para garantir <strong><a href=\"https:\/\/www.em.com.br\/emfoco\/2025\/09\/14\/os-sinais-de-que-seu-cachorro-pode-estar-com-problemas-de-saude\/\" target=\"_blank\" rel=\"noreferrer noopener\">bem-estar e qualidade de vida<\/a><\/strong> mesmo em ambientes pequenos:<\/p>\n\n\n\n<ul class=\"wp-block-list\">\n<li>Oferecer passeios regulares para gastar energia<\/li>\n\n\n\n<li>Usar brinquedos interativos que estimulam o c\u00e3o<\/li>\n\n\n\n<li>Manter rotina de higiene para evitar odores no lar<\/li>\n<\/ul>\n","protected":false},"excerpt":{"rendered":"<p>Viver em um apartamento n\u00e3o significa abrir m\u00e3o da companhia de um cachorro. Algumas ra\u00e7as s\u00e3o ideais para espa\u00e7os menores e oferecem companheirismo sem demandar grandes \u00e1reas. Por que algumas ra\u00e7as se adaptam melhor a apartamentos? Nem todo cachorro precisa de grandes espa\u00e7os para ser feliz. Algumas ra\u00e7as t\u00eam perfil calmo, menor necessidade de exerc\u00edcios [&hellip;]<\/p>\n","protected":false},"author":13,"featured_media":102705,"comment_status":"open","ping_status":"open","sticky":false,"template":"","format":"standard","meta":{"jnews-multi-image_gallery":[],"jnews_single_post":{"format":"standard"},"jnews_primary_category":[],"jnews_social_meta":[],"jnews_override_counter":[],"footnotes":""},"categories":[8819],"tags":[15522,10225,16155,13349],"class_list":["post-105287","post","type-post","status-publish","format-standard","has-post-thumbnail","hentry","category-curiosidades","tag-apartamentos","tag-cachorros","tag-caes-pequenos","tag-espacos-pequenos"],"yoast_head":"<!-- This site is optimized with the Yoast SEO plugin v23.8 - https:\/\/yoast.com\/wordpress\/plugins\/seo\/ -->\n<title>C\u00e3es que vivem bem em apartamentos e surpreendem pela calma - Estado de Minas - Em foco<\/title>\n<meta name=\"description\" content=\"C\u00e3es tranquilos e de pequeno porte podem ser \u00f3timos companheiros em apartamentos. Conhe\u00e7a as ra\u00e7as mais indicadas.\" \/>\n<meta name=\"robots\" content=\"index, follow, max-snippet:-1, max-image-preview:large, max-video-preview:-1\" \/>\n<link rel=\"canonical\" href=\"https:\/\/www.em.com.br\/emfoco\/2025\/09\/19\/caes-que-vivem-bem-em-apartamentos-e-surpreendem-pela-calma\/\" \/>\n<meta property=\"og:locale\" content=\"pt_BR\" \/>\n<meta property=\"og:type\" content=\"article\" \/>\n<meta property=\"og:title\" content=\"C\u00e3es que vivem bem em apartamentos e surpreendem pela calma - Estado de Minas - Em foco\" \/>\n<meta property=\"og:description\" content=\"C\u00e3es tranquilos e de pequeno porte podem ser \u00f3timos companheiros em apartamentos. Conhe\u00e7a as ra\u00e7as mais indicadas.\" \/>\n<meta property=\"og:url\" content=\"https:\/\/www.em.com.br\/emfoco\/2025\/09\/19\/caes-que-vivem-bem-em-apartamentos-e-surpreendem-pela-calma\/\" \/>\n<meta property=\"og:site_name\" content=\"Estado de Minas - Em foco\" \/>\n<meta property=\"article:published_time\" content=\"2025-09-19T17:28:00+00:00\" \/>\n<meta property=\"article:modified_time\" content=\"2025-09-18T21:36:57+00:00\" \/>\n<meta property=\"og:image\" content=\"https:\/\/www.em.com.br\/emfoco\/wp-content\/uploads\/2025\/09\/Shih-tzu_1757513009926.jpg\" \/>\n\t<meta property=\"og:image:width\" content=\"1280\" \/>\n\t<meta property=\"og:image:height\" content=\"720\" \/>\n\t<meta property=\"og:image:type\" content=\"image\/jpeg\" \/>\n<meta name=\"author\" content=\"Gabriel Martins\" \/>\n<meta name=\"twitter:card\" content=\"summary_large_image\" \/>\n<meta name=\"twitter:label1\" content=\"Escrito por\" \/>\n\t<meta name=\"twitter:data1\" content=\"Gabriel Martins\" \/>\n\t<meta name=\"twitter:label2\" content=\"Est. tempo de leitura\" \/>\n\t<meta name=\"twitter:data2\" content=\"3 minutos\" \/>\n<!-- \/ Yoast SEO plugin. -->","yoast_head_json":{"title":"C\u00e3es que vivem bem em apartamentos e surpreendem pela calma - Estado de Minas - Em foco","description":"C\u00e3es tranquilos e de pequeno porte podem ser \u00f3timos companheiros em apartamentos. Conhe\u00e7a as ra\u00e7as mais indicadas.","robots":{"index":"index","follow":"follow","max-snippet":"max-snippet:-1","max-image-preview":"max-image-preview:large","max-video-preview":"max-video-preview:-1"},"canonical":"https:\/\/www.em.com.br\/emfoco\/2025\/09\/19\/caes-que-vivem-bem-em-apartamentos-e-surpreendem-pela-calma\/","og_locale":"pt_BR","og_type":"article","og_title":"C\u00e3es que vivem bem em apartamentos e surpreendem pela calma - Estado de Minas - Em foco","og_description":"C\u00e3es tranquilos e de pequeno porte podem ser \u00f3timos companheiros em apartamentos. Conhe\u00e7a as ra\u00e7as mais indicadas.","og_url":"https:\/\/www.em.com.br\/emfoco\/2025\/09\/19\/caes-que-vivem-bem-em-apartamentos-e-surpreendem-pela-calma\/","og_site_name":"Estado de Minas - Em foco","article_published_time":"2025-09-19T17:28:00+00:00","article_modified_time":"2025-09-18T21:36:57+00:00","og_image":[{"width":1280,"height":720,"url":"https:\/\/www.em.com.br\/emfoco\/wp-content\/uploads\/2025\/09\/Shih-tzu_1757513009926.jpg","type":"image\/jpeg"}],"author":"Gabriel Martins","twitter_card":"summary_large_image","twitter_misc":{"Escrito por":"Gabriel Martins","Est. tempo de leitura":"3 minutos"},"schema":{"@context":"https:\/\/schema.org","@graph":[{"@type":"WebPage","@id":"https:\/\/www.em.com.br\/emfoco\/2025\/09\/19\/caes-que-vivem-bem-em-apartamentos-e-surpreendem-pela-calma\/","url":"https:\/\/www.em.com.br\/emfoco\/2025\/09\/19\/caes-que-vivem-bem-em-apartamentos-e-surpreendem-pela-calma\/","name":"C\u00e3es que vivem bem em apartamentos e surpreendem pela calma - Estado de Minas - Em foco","isPartOf":{"@id":"https:\/\/www.em.com.br\/emfoco\/#website"},"primaryImageOfPage":{"@id":"https:\/\/www.em.com.br\/emfoco\/2025\/09\/19\/caes-que-vivem-bem-em-apartamentos-e-surpreendem-pela-calma\/#primaryimage"},"image":{"@id":"https:\/\/www.em.com.br\/emfoco\/2025\/09\/19\/caes-que-vivem-bem-em-apartamentos-e-surpreendem-pela-calma\/#primaryimage"},"thumbnailUrl":"https:\/\/www.em.com.br\/emfoco\/wp-content\/uploads\/2025\/09\/Shih-tzu_1757513009926.jpg","datePublished":"2025-09-19T17:28:00+00:00","dateModified":"2025-09-18T21:36:57+00:00","author":{"@id":"https:\/\/www.em.com.br\/emfoco\/#\/schema\/person\/1c9ddeab18b98abeffef834667bcf08a"},"description":"C\u00e3es tranquilos e de pequeno porte podem ser \u00f3timos companheiros em apartamentos. Conhe\u00e7a as ra\u00e7as mais indicadas.","breadcrumb":{"@id":"https:\/\/www.em.com.br\/emfoco\/2025\/09\/19\/caes-que-vivem-bem-em-apartamentos-e-surpreendem-pela-calma\/#breadcrumb"},"inLanguage":"pt-BR","potentialAction":[{"@type":"ReadAction","target":["https:\/\/www.em.com.br\/emfoco\/2025\/09\/19\/caes-que-vivem-bem-em-apartamentos-e-surpreendem-pela-calma\/"]}]},{"@type":"ImageObject","inLanguage":"pt-BR","@id":"https:\/\/www.em.com.br\/emfoco\/2025\/09\/19\/caes-que-vivem-bem-em-apartamentos-e-surpreendem-pela-calma\/#primaryimage","url":"https:\/\/www.em.com.br\/emfoco\/wp-content\/uploads\/2025\/09\/Shih-tzu_1757513009926.jpg","contentUrl":"https:\/\/www.em.com.br\/emfoco\/wp-content\/uploads\/2025\/09\/Shih-tzu_1757513009926.jpg","width":1280,"height":720,"caption":"C\u00e3es tranquilos que dispensam quintal para gastar energia - Cr\u00e9ditos: depositphotos.com \/ thephotoguy"},{"@type":"BreadcrumbList","@id":"https:\/\/www.em.com.br\/emfoco\/2025\/09\/19\/caes-que-vivem-bem-em-apartamentos-e-surpreendem-pela-calma\/#breadcrumb","itemListElement":[{"@type":"ListItem","position":1,"name":"In\u00edcio","item":"https:\/\/www.em.com.br\/emfoco\/"},{"@type":"ListItem","position":2,"name":"C\u00e3es que vivem bem em apartamentos e surpreendem pela calma"}]},{"@type":"WebSite","@id":"https:\/\/www.em.com.br\/emfoco\/#website","url":"https:\/\/www.em.com.br\/emfoco\/","name":"Estado de Minas - Em foco","description":"Acompanhe as \u00faltimas not\u00edcias e fique bem informado sobre tudo o que acontece em Minas Gerais, Brasil e no mundo.","potentialAction":[{"@type":"SearchAction","target":{"@type":"EntryPoint","urlTemplate":"https:\/\/www.em.com.br\/emfoco\/?s={search_term_string}"},"query-input":{"@type":"PropertyValueSpecification","valueRequired":true,"valueName":"search_term_string"}}],"inLanguage":"pt-BR"},{"@type":"Person","@id":"https:\/\/www.em.com.br\/emfoco\/#\/schema\/person\/1c9ddeab18b98abeffef834667bcf08a","name":"Gabriel Martins","image":{"@type":"ImageObject","inLanguage":"pt-BR","@id":"https:\/\/www.em.com.br\/emfoco\/#\/schema\/person\/image\/","url":"https:\/\/secure.gravatar.com\/avatar\/f0f1e2efdfd88f1ad2cb08c5c2731e50?s=96&d=mm&r=g","contentUrl":"https:\/\/secure.gravatar.com\/avatar\/f0f1e2efdfd88f1ad2cb08c5c2731e50?s=96&d=mm&r=g","caption":"Gabriel Martins"},"sameAs":["https:\/\/www.em.com.br\/emfoco\/"],"url":"https:\/\/www.em.com.br\/emfoco\/author\/gabrielmartinsmyth\/"}]}},"_links":{"self":[{"href":"https:\/\/www.em.com.br\/emfoco\/wp-json\/wp\/v2\/posts\/105287","targetHints":{"allow":["GET"]}}],"collection":[{"href":"https:\/\/www.em.com.br\/emfoco\/wp-json\/wp\/v2\/posts"}],"about":[{"href":"https:\/\/www.em.com.br\/emfoco\/wp-json\/wp\/v2\/types\/post"}],"author":[{"embeddable":true,"href":"https:\/\/www.em.com.br\/emfoco\/wp-json\/wp\/v2\/users\/13"}],"replies":[{"embeddable":true,"href":"https:\/\/www.em.com.br\/emfoco\/wp-json\/wp\/v2\/comments?post=105287"}],"version-history":[{"count":2,"href":"https:\/\/www.em.com.br\/emfoco\/wp-json\/wp\/v2\/posts\/105287\/revisions"}],"predecessor-version":[{"id":105771,"href":"https:\/\/www.em.com.br\/emfoco\/wp-json\/wp\/v2\/posts\/105287\/revisions\/105771"}],"wp:featuredmedia":[{"embeddable":true,"href":"https:\/\/www.em.com.br\/emfoco\/wp-json\/wp\/v2\/media\/102705"}],"wp:attachment":[{"href":"https:\/\/www.em.com.br\/emfoco\/wp-json\/wp\/v2\/media?parent=105287"}],"wp:term":[{"taxonomy":"category","embeddable":true,"href":"https:\/\/www.em.com.br\/emfoco\/wp-json\/wp\/v2\/categories?post=105287"},{"taxonomy":"post_tag","embeddable":true,"href":"https:\/\/www.em.com.br\/emfoco\/wp-json\/wp\/v2\/tags?post=105287"}],"curies":[{"name":"wp","href":"https:\/\/api.w.org\/{rel}","templated":true}]}}