{"id":105250,"date":"2025-09-18T10:58:00","date_gmt":"2025-09-18T13:58:00","guid":{"rendered":"https:\/\/www.em.com.br\/emfoco\/?p=105250"},"modified":"2025-09-17T16:04:22","modified_gmt":"2025-09-17T19:04:22","slug":"a-forma-mais-segura-de-deixar-o-emprego-sem-perder-nenhum-direito","status":"publish","type":"post","link":"https:\/\/www.em.com.br\/emfoco\/2025\/09\/18\/a-forma-mais-segura-de-deixar-o-emprego-sem-perder-nenhum-direito\/","title":{"rendered":"A forma mais segura de deixar o emprego sem perder nenhum direito"},"content":{"rendered":"\n<p>Na esfera jur\u00eddica trabalhista brasileira, a rescis\u00e3o indireta serve como uma salvaguarda para o trabalhador, concedendo a ele a possibilidade de romper o contrato de trabalho devido a faltas graves cometidas pelo empregador. Este direito, assegurado pela <strong>Consolida\u00e7\u00e3o das Leis do Trabalho<\/strong> (CLT) <strong>no artigo 483<\/strong>, \u00e9 um recurso valioso que pode ser acionado em circunst\u00e2ncias onde o empregado se depara com transgress\u00f5es por parte da empresa, preservando, desse modo, os benef\u00edcios e direitos trabalhistas como se tivesse sido dispensado sem justa causa.<\/p>\n\n\n\n<p>Na pr\u00e1tica, a rescis\u00e3o indireta tem um papel semelhante \u00e0 demiss\u00e3o por justa causa, mas neste caso, quem toma a decis\u00e3o de encerrar o v\u00ednculo \u00e9 o pr\u00f3prio trabalhador. Situa\u00e7\u00f5es como atrasos no pagamento de sal\u00e1rios, aus\u00eancia de dep\u00f3sito do <strong>FGTS<\/strong>, ass\u00e9dio moral ou sexual, e descumprimento de obriga\u00e7\u00f5es contratuais pelo empregador s\u00e3o exemplos comuns em que o empregado pode buscar a rescis\u00e3o indireta. Al\u00e9m disso, a falta de pagamento de benef\u00edcios como vale-transporte e o n\u00e3o fornecimento de <strong>equipamentos de prote\u00e7\u00e3o individual<\/strong> (EPI) tamb\u00e9m configuram motivos suficientes para tal a\u00e7\u00e3o.<\/p>\n\n\n\n<h2 class=\"wp-block-heading\">Quais s\u00e3o os direitos garantidos na rescis\u00e3o indireta?<\/h2>\n\n\n<div class=\"wp-block-image\">\n<figure class=\"aligncenter size-large\"><img loading=\"lazy\" decoding=\"async\" width=\"1024\" height=\"576\" src=\"https:\/\/www.em.com.br\/emfoco\/wp-content\/uploads\/2025\/06\/FGTS_1749151209424-1024x576.jpg\" alt=\"Como proteger a sua fam\u00edlia de multas do FGTS\" class=\"wp-image-56495\" srcset=\"https:\/\/www.em.com.br\/emfoco\/wp-content\/uploads\/2025\/06\/FGTS_1749151209424-1024x576.jpg 1024w, https:\/\/www.em.com.br\/emfoco\/wp-content\/uploads\/2025\/06\/FGTS_1749151209424-300x169.jpg 300w, https:\/\/www.em.com.br\/emfoco\/wp-content\/uploads\/2025\/06\/FGTS_1749151209424-768x432.jpg 768w, https:\/\/www.em.com.br\/emfoco\/wp-content\/uploads\/2025\/06\/FGTS_1749151209424-750x422.jpg 750w, https:\/\/www.em.com.br\/emfoco\/wp-content\/uploads\/2025\/06\/FGTS_1749151209424-1140x641.jpg 1140w, https:\/\/www.em.com.br\/emfoco\/wp-content\/uploads\/2025\/06\/FGTS_1749151209424.jpg 1280w\" sizes=\"auto, (max-width: 1024px) 100vw, 1024px\" \/><figcaption class=\"wp-element-caption\">FGTS &#8211; Cr\u00e9ditos: depositphotos.com \/ rafapress<\/figcaption><\/figure><\/div>\n\n\n<p>Quando um trabalhador decide por uma rescis\u00e3o indireta, ele n\u00e3o s\u00f3 encerra o contrato de trabalho, como tamb\u00e9m resguarda uma s\u00e9rie de direitos importantes. Entre eles est\u00e3o o saque do <strong>Fundo de Garantia por Tempo de Servi\u00e7o<\/strong> (<a href=\"https:\/\/www.gov.br\/trabalho-e-emprego\/pt-br\/servicos\/empregador\/fgtsdigital\" target=\"_blank\" rel=\"noreferrer noopener\">FGTS<\/a>) com a <strong>multa de 40%<\/strong> sobre o saldo, aviso pr\u00e9vio, f\u00e9rias proporcionais e o 13\u00ba sal\u00e1rio, todos equivalentes \u00e0queles garantidos em uma dispensa sem justa causa. <\/p>\n\n\n\n<p>Essa paridade nos direitos visa proteger o trabalhador, compensando o ambiente prejudicial ou inadequado que tenha sido imposto a ele.<\/p>\n\n\n\n<h2 class=\"wp-block-heading\">Como proceder para efetivar a rescis\u00e3o indireta?<\/h2>\n\n\n\n<p>Iniciar uma rescis\u00e3o indireta requer inicialmente a notifica\u00e7\u00e3o ao empregador sobre as faltas cometidas. Este comunicado pode ser feito por diversos meios, incluindo mensagens de e-mail, aplicativos de mensagens instant\u00e2neas para o setor respons\u00e1vel, ou por meio de comunica\u00e7\u00f5es oficiais como cartas registradas e telegramas. <\/p>\n\n\n\n<p>Apesar de n\u00e3o ser um requisito obrigat\u00f3rio, essa notifica\u00e7\u00e3o auxilia na documenta\u00e7\u00e3o do caso. Mais crucial, no entanto, \u00e9 a coleta rigorosa de evid\u00eancias que sustentem as alega\u00e7\u00f5es, em especial nos casos de ass\u00e9dio ou condi\u00e7\u00f5es abusivas de trabalho.<\/p>\n\n\n\n<p>Leia mais: <a href=\"https:\/\/www.em.com.br\/emfoco\/2025\/09\/13\/justica-reforca-regras-do-aviso-previo-em-caso-de-demissao-voluntaria\/\" target=\"_blank\" rel=\"noreferrer noopener\">Justi\u00e7a refor\u00e7a regras do aviso-pr\u00e9vio em caso de demiss\u00e3o volunt\u00e1ria<\/a><\/p>\n\n\n\n<h2 class=\"wp-block-heading\">Quais s\u00e3o os desafios na comprova\u00e7\u00e3o das faltas do empregador?<\/h2>\n\n\n\n<p>A <strong>Justi\u00e7a trabalhista<\/strong> pode vir a inverter o \u00f4nus da prova em certos casos, como quando se trata de comprova\u00e7\u00e3o de pagamentos ou entrega de <strong>EPIs<\/strong>, transferindo a responsabilidade da prova para a empresa. Essa abordagem busca facilitar o julgamento em favor de uma resolu\u00e7\u00e3o justa, visto que o empregador det\u00e9m os registros necess\u00e1rios.<\/p>\n\n\n\n<p>Com situa\u00e7\u00f5es de rescis\u00e3o indireta sendo cada vez mais reconhecidas nos tribunais, a compreens\u00e3o dos direitos dos trabalhadores e dos procedimentos para sua efetiva\u00e7\u00e3o se torna essencial. Essa ferramenta jur\u00eddica contribui para equilibrar as rela\u00e7\u00f5es de trabalho, incentivando um ambiente mais justificado e equitativo. Aos trabalhadores, resta o dever de vigil\u00e2ncia e a busca por orienta\u00e7\u00e3o adequada para garantir que seus direitos sejam integralmente respeitados.<\/p>\n","protected":false},"excerpt":{"rendered":"<p>Na esfera jur\u00eddica trabalhista brasileira, a rescis\u00e3o indireta serve como uma salvaguarda para o trabalhador, concedendo a ele a possibilidade de romper o contrato de trabalho devido a faltas graves cometidas pelo empregador. Este direito, assegurado pela Consolida\u00e7\u00e3o das Leis do Trabalho (CLT) no artigo 483, \u00e9 um recurso valioso que pode ser acionado em [&hellip;]<\/p>\n","protected":false},"author":20,"featured_media":71514,"comment_status":"open","ping_status":"open","sticky":false,"template":"","format":"standard","meta":{"jnews-multi-image_gallery":[],"jnews_single_post":{"format":"standard"},"jnews_primary_category":[],"jnews_social_meta":[],"jnews_override_counter":[],"footnotes":""},"categories":[28,1],"tags":[1052,2287,16151],"class_list":["post-105250","post","type-post","status-publish","format-standard","has-post-thumbnail","hentry","category-economia","category-noticias","tag-clt","tag-demissao","tag-justa-causa"],"yoast_head":"<!-- This site is optimized with the Yoast SEO plugin v23.8 - https:\/\/yoast.com\/wordpress\/plugins\/seo\/ -->\n<title>A forma mais segura de deixar o emprego sem perder nenhum direito - Estado de Minas - Em foco<\/title>\n<meta name=\"description\" content=\"Sal\u00e1rio atrasado, ass\u00e9dio e falta de FGTS s\u00e3o motivos de rescis\u00e3o indireta. Conhe\u00e7a seus direitos e como sair do emprego sem perder benef\u00edcios.\" \/>\n<meta name=\"robots\" content=\"index, follow, max-snippet:-1, max-image-preview:large, max-video-preview:-1\" \/>\n<link rel=\"canonical\" href=\"https:\/\/www.em.com.br\/emfoco\/2025\/09\/18\/a-forma-mais-segura-de-deixar-o-emprego-sem-perder-nenhum-direito\/\" \/>\n<meta property=\"og:locale\" content=\"pt_BR\" \/>\n<meta property=\"og:type\" content=\"article\" \/>\n<meta property=\"og:title\" content=\"A forma mais segura de deixar o emprego sem perder nenhum direito - Estado de Minas - Em foco\" \/>\n<meta property=\"og:description\" content=\"Sal\u00e1rio atrasado, ass\u00e9dio e falta de FGTS s\u00e3o motivos de rescis\u00e3o indireta. Conhe\u00e7a seus direitos e como sair do emprego sem perder benef\u00edcios.\" \/>\n<meta property=\"og:url\" content=\"https:\/\/www.em.com.br\/emfoco\/2025\/09\/18\/a-forma-mais-segura-de-deixar-o-emprego-sem-perder-nenhum-direito\/\" \/>\n<meta property=\"og:site_name\" content=\"Estado de Minas - Em foco\" \/>\n<meta property=\"article:published_time\" content=\"2025-09-18T13:58:00+00:00\" \/>\n<meta property=\"article:modified_time\" content=\"2025-09-17T19:04:22+00:00\" \/>\n<meta property=\"og:image\" content=\"https:\/\/www.em.com.br\/emfoco\/wp-content\/uploads\/2025\/07\/emprestimo_1751653747306.jpg\" \/>\n\t<meta property=\"og:image:width\" content=\"1280\" \/>\n\t<meta property=\"og:image:height\" content=\"720\" \/>\n\t<meta property=\"og:image:type\" content=\"image\/jpeg\" \/>\n<meta name=\"author\" content=\"Ingrid Diniz\" \/>\n<meta name=\"twitter:card\" content=\"summary_large_image\" \/>\n<meta name=\"twitter:label1\" content=\"Escrito por\" \/>\n\t<meta name=\"twitter:data1\" content=\"Ingrid Diniz\" \/>\n\t<meta name=\"twitter:label2\" content=\"Est. tempo de leitura\" \/>\n\t<meta name=\"twitter:data2\" content=\"4 minutos\" \/>\n<!-- \/ Yoast SEO plugin. -->","yoast_head_json":{"title":"A forma mais segura de deixar o emprego sem perder nenhum direito - Estado de Minas - Em foco","description":"Sal\u00e1rio atrasado, ass\u00e9dio e falta de FGTS s\u00e3o motivos de rescis\u00e3o indireta. Conhe\u00e7a seus direitos e como sair do emprego sem perder benef\u00edcios.","robots":{"index":"index","follow":"follow","max-snippet":"max-snippet:-1","max-image-preview":"max-image-preview:large","max-video-preview":"max-video-preview:-1"},"canonical":"https:\/\/www.em.com.br\/emfoco\/2025\/09\/18\/a-forma-mais-segura-de-deixar-o-emprego-sem-perder-nenhum-direito\/","og_locale":"pt_BR","og_type":"article","og_title":"A forma mais segura de deixar o emprego sem perder nenhum direito - Estado de Minas - Em foco","og_description":"Sal\u00e1rio atrasado, ass\u00e9dio e falta de FGTS s\u00e3o motivos de rescis\u00e3o indireta. Conhe\u00e7a seus direitos e como sair do emprego sem perder benef\u00edcios.","og_url":"https:\/\/www.em.com.br\/emfoco\/2025\/09\/18\/a-forma-mais-segura-de-deixar-o-emprego-sem-perder-nenhum-direito\/","og_site_name":"Estado de Minas - Em foco","article_published_time":"2025-09-18T13:58:00+00:00","article_modified_time":"2025-09-17T19:04:22+00:00","og_image":[{"width":1280,"height":720,"url":"https:\/\/www.em.com.br\/emfoco\/wp-content\/uploads\/2025\/07\/emprestimo_1751653747306.jpg","type":"image\/jpeg"}],"author":"Ingrid Diniz","twitter_card":"summary_large_image","twitter_misc":{"Escrito por":"Ingrid Diniz","Est. tempo de leitura":"4 minutos"},"schema":{"@context":"https:\/\/schema.org","@graph":[{"@type":"WebPage","@id":"https:\/\/www.em.com.br\/emfoco\/2025\/09\/18\/a-forma-mais-segura-de-deixar-o-emprego-sem-perder-nenhum-direito\/","url":"https:\/\/www.em.com.br\/emfoco\/2025\/09\/18\/a-forma-mais-segura-de-deixar-o-emprego-sem-perder-nenhum-direito\/","name":"A forma mais segura de deixar o emprego sem perder nenhum direito - Estado de Minas - Em foco","isPartOf":{"@id":"https:\/\/www.em.com.br\/emfoco\/#website"},"primaryImageOfPage":{"@id":"https:\/\/www.em.com.br\/emfoco\/2025\/09\/18\/a-forma-mais-segura-de-deixar-o-emprego-sem-perder-nenhum-direito\/#primaryimage"},"image":{"@id":"https:\/\/www.em.com.br\/emfoco\/2025\/09\/18\/a-forma-mais-segura-de-deixar-o-emprego-sem-perder-nenhum-direito\/#primaryimage"},"thumbnailUrl":"https:\/\/www.em.com.br\/emfoco\/wp-content\/uploads\/2025\/07\/emprestimo_1751653747306.jpg","datePublished":"2025-09-18T13:58:00+00:00","dateModified":"2025-09-17T19:04:22+00:00","author":{"@id":"https:\/\/www.em.com.br\/emfoco\/#\/schema\/person\/649e610b4eb8fff87ff394e54fe17b2b"},"description":"Sal\u00e1rio atrasado, ass\u00e9dio e falta de FGTS s\u00e3o motivos de rescis\u00e3o indireta. Conhe\u00e7a seus direitos e como sair do emprego sem perder benef\u00edcios.","breadcrumb":{"@id":"https:\/\/www.em.com.br\/emfoco\/2025\/09\/18\/a-forma-mais-segura-de-deixar-o-emprego-sem-perder-nenhum-direito\/#breadcrumb"},"inLanguage":"pt-BR","potentialAction":[{"@type":"ReadAction","target":["https:\/\/www.em.com.br\/emfoco\/2025\/09\/18\/a-forma-mais-segura-de-deixar-o-emprego-sem-perder-nenhum-direito\/"]}]},{"@type":"ImageObject","inLanguage":"pt-BR","@id":"https:\/\/www.em.com.br\/emfoco\/2025\/09\/18\/a-forma-mais-segura-de-deixar-o-emprego-sem-perder-nenhum-direito\/#primaryimage","url":"https:\/\/www.em.com.br\/emfoco\/wp-content\/uploads\/2025\/07\/emprestimo_1751653747306.jpg","contentUrl":"https:\/\/www.em.com.br\/emfoco\/wp-content\/uploads\/2025\/07\/emprestimo_1751653747306.jpg","width":1280,"height":720,"caption":"Bolsa Fam\u00edlia de dezembro pode passar de R$ 900 - Cr\u00e9ditos: depositphotos.com \/ EdZbarzhyvetsky"},{"@type":"BreadcrumbList","@id":"https:\/\/www.em.com.br\/emfoco\/2025\/09\/18\/a-forma-mais-segura-de-deixar-o-emprego-sem-perder-nenhum-direito\/#breadcrumb","itemListElement":[{"@type":"ListItem","position":1,"name":"In\u00edcio","item":"https:\/\/www.em.com.br\/emfoco\/"},{"@type":"ListItem","position":2,"name":"A forma mais segura de deixar o emprego sem perder nenhum direito"}]},{"@type":"WebSite","@id":"https:\/\/www.em.com.br\/emfoco\/#website","url":"https:\/\/www.em.com.br\/emfoco\/","name":"Estado de Minas - Em foco","description":"Acompanhe as \u00faltimas not\u00edcias e fique bem informado sobre tudo o que acontece em Minas Gerais, Brasil e no mundo.","potentialAction":[{"@type":"SearchAction","target":{"@type":"EntryPoint","urlTemplate":"https:\/\/www.em.com.br\/emfoco\/?s={search_term_string}"},"query-input":{"@type":"PropertyValueSpecification","valueRequired":true,"valueName":"search_term_string"}}],"inLanguage":"pt-BR"},{"@type":"Person","@id":"https:\/\/www.em.com.br\/emfoco\/#\/schema\/person\/649e610b4eb8fff87ff394e54fe17b2b","name":"Ingrid Diniz","image":{"@type":"ImageObject","inLanguage":"pt-BR","@id":"https:\/\/www.em.com.br\/emfoco\/#\/schema\/person\/image\/","url":"https:\/\/secure.gravatar.com\/avatar\/a3baa1449ec5c39b4c42babc9d4f3951?s=96&d=mm&r=g","contentUrl":"https:\/\/secure.gravatar.com\/avatar\/a3baa1449ec5c39b4c42babc9d4f3951?s=96&d=mm&r=g","caption":"Ingrid Diniz"},"sameAs":["https:\/\/www.em.com.br\/"],"url":"https:\/\/www.em.com.br\/emfoco\/author\/ingridmyth\/"}]}},"_links":{"self":[{"href":"https:\/\/www.em.com.br\/emfoco\/wp-json\/wp\/v2\/posts\/105250","targetHints":{"allow":["GET"]}}],"collection":[{"href":"https:\/\/www.em.com.br\/emfoco\/wp-json\/wp\/v2\/posts"}],"about":[{"href":"https:\/\/www.em.com.br\/emfoco\/wp-json\/wp\/v2\/types\/post"}],"author":[{"embeddable":true,"href":"https:\/\/www.em.com.br\/emfoco\/wp-json\/wp\/v2\/users\/20"}],"replies":[{"embeddable":true,"href":"https:\/\/www.em.com.br\/emfoco\/wp-json\/wp\/v2\/comments?post=105250"}],"version-history":[{"count":1,"href":"https:\/\/www.em.com.br\/emfoco\/wp-json\/wp\/v2\/posts\/105250\/revisions"}],"predecessor-version":[{"id":105291,"href":"https:\/\/www.em.com.br\/emfoco\/wp-json\/wp\/v2\/posts\/105250\/revisions\/105291"}],"wp:featuredmedia":[{"embeddable":true,"href":"https:\/\/www.em.com.br\/emfoco\/wp-json\/wp\/v2\/media\/71514"}],"wp:attachment":[{"href":"https:\/\/www.em.com.br\/emfoco\/wp-json\/wp\/v2\/media?parent=105250"}],"wp:term":[{"taxonomy":"category","embeddable":true,"href":"https:\/\/www.em.com.br\/emfoco\/wp-json\/wp\/v2\/categories?post=105250"},{"taxonomy":"post_tag","embeddable":true,"href":"https:\/\/www.em.com.br\/emfoco\/wp-json\/wp\/v2\/tags?post=105250"}],"curies":[{"name":"wp","href":"https:\/\/api.w.org\/{rel}","templated":true}]}}